{"id":8318,"date":"2022-08-27T17:15:08","date_gmt":"2022-08-27T17:15:08","guid":{"rendered":"https:\/\/www.africa-press.net\/benin\/politique\/benin-le-capitaine-eric-yerima-nouveau-porte-parole-de-la-police-republicaine"},"modified":"2022-08-27T17:25:15","modified_gmt":"2022-08-27T17:25:15","slug":"benin-le-capitaine-eric-yerima-nouveau-porte-parole-de-la-police-republicaine","status":"publish","type":"post","link":"https:\/\/www.africa-press.net\/benin\/toutes-les-actualites\/benin-le-capitaine-eric-yerima-nouveau-porte-parole-de-la-police-republicaine","title":{"rendered":"B\u00e9nin: le capitaine \u00c9ric Y\u00e9rima, nouveau porte parole de la police r\u00e9publicaine"},"content":{"rendered":"<p><span style=\"color: #ff6600\"><strong>Africa-Press &#8211; Benin. <\/strong><\/span>La police r\u00e9publicaine a un nouveau porte parole. Il a pour nom Eric Y\u00e9rima. Il a \u00e9t\u00e9 nomm\u00e9 en remplacement de Dr Roger Tawes, promu chef de la direction de l\u2019\u00e9migration et de l\u2019immigration.<\/p>\n<p>Le commissaire du neuvi\u00e8me arrondissement de Cotonou, le capitaine Eric Y\u00e9rima portera d\u00e9sormais la voix de la police r\u00e9publicaine, nous apprend le quotidien \u00ab Les 4 V\u00e9rit\u00e9s \u00bb.<\/p>\n<p>Nomm\u00e9 par la hi\u00e9rarchie polici\u00e8re, il assure cette nouvelle fonction en remplacement de Roger Tawes \u00e0 la t\u00eate de la direction de l\u2019\u00e9migration et de l\u2019immigration (DEI). Ce dernier a \u00e9t\u00e9 nomm\u00e9 en effet en conseil des ministres en sa session du Mercredi 03 Ao\u00fbt 2022 pour succ\u00e9der \u00e0 Edgard Florent Agbo condamn\u00e9 par la cour de r\u00e9pression des infractions \u00e9conomiques et du terrorisme (CRIET) \u00e0 10 ans de prison.<\/p>\n<p>Avant d\u2019\u00eatre nomm\u00e9 commissaire du neuvi\u00e8me arrondissement \u00e0 la faveur de la r\u00e9forme qui a abouti \u00e0 la fusion de la police et de la gendarmerie, Eric Orou Y\u00e9rima \u00e9tait \u00e0 la brigade territoriale de gendarmerie de Tchaourou.<\/p>\n<p><strong>Pour plus d&rsquo;informations et d&rsquo;analyses sur la <a href=\"https:\/\/www.africa-press.net\/benin\">Benin<\/a>, suivez <a href=\"https:\/\/www.africa-press.net\/\">Africa-Press<\/a><\/strong><\/p>\n","protected":false},"excerpt":{"rendered":"<p>Africa-Press &#8211; Benin. La police r\u00e9publicaine a un nouveau porte parole. Il a pour nom Eric Y\u00e9rima. Il a \u00e9t\u00e9 nomm\u00e9 en remplacement de Dr Roger Tawes, promu chef de la direction de l\u2019\u00e9migration et de l\u2019immigration. Le commissaire du neuvi\u00e8me arrondissement de Cotonou, le capitaine Eric Y\u00e9rima portera d\u00e9sormais la voix de la police [&hellip;]<\/p>\n","protected":false},"author":82,"featured_media":8317,"comment_status":"open","ping_status":"closed","sticky":false,"template":"","format":"standard","meta":{"footnotes":""},"categories":[21,11,10],"tags":[36,50,45],"class_list":["post-8318","post","type-post","status-publish","format-standard","has-post-thumbnail","hentry","category-communaute","category-homepage-french","category-toutes-les-actualites","tag-africa-press","tag-africa-press-benin","tag-benin"],"yoast_head":"<!-- This site is optimized with the Yoast SEO Premium plugin v26.1 (Yoast SEO v27.0) - https:\/\/yoast.com\/product\/yoast-seo-premium-wordpress\/ -->\n<title>B\u00e9nin: le capitaine \u00c9ric Y\u00e9rima, nouveau porte parole de la police r\u00e9publicaine - B\u00e9nin<\/title>\n<meta name=\"description\" content=\"La police r\u00e9publicaine a un nouveau porte parole. Il a pour nom Eric Y\u00e9rima. Il a \u00e9t\u00e9 nomm\u00e9 en remplacement de Dr Roger ...\" \/>\n<meta name=\"robots\" content=\"index, follow, max-snippet:-1, max-image-preview:large, max-video-preview:-1\" \/>\n<link rel=\"canonical\" href=\"https:\/\/www.africa-press.net\/benin\/toutes-les-actualites\/benin-le-capitaine-eric-yerima-nouveau-porte-parole-de-la-police-republicaine\" \/>\n<meta property=\"og:locale\" content=\"fr_FR\" \/>\n<meta property=\"og:type\" content=\"article\" \/>\n<meta property=\"og:title\" content=\"B\u00e9nin: le capitaine \u00c9ric Y\u00e9rima, nouveau porte parole de la police r\u00e9publicaine\" \/>\n<meta property=\"og:description\" content=\"La police r\u00e9publicaine a un nouveau porte parole. Il a pour nom Eric Y\u00e9rima. Il a \u00e9t\u00e9 nomm\u00e9 en remplacement de Dr Roger ...\" \/>\n<meta property=\"og:url\" content=\"https:\/\/www.africa-press.net\/benin\/toutes-les-actualites\/benin-le-capitaine-eric-yerima-nouveau-porte-parole-de-la-police-republicaine\" \/>\n<meta property=\"og:site_name\" content=\"B\u00e9nin\" \/>\n<meta property=\"article:published_time\" content=\"2022-08-27T17:15:08+00:00\" \/>\n<meta property=\"article:modified_time\" content=\"2022-08-27T17:25:15+00:00\" \/>\n<meta property=\"og:image\" content=\"https:\/\/static.africa-press.net\/benin\/sites\/46\/2022\/08\/postQueueImg_11-630a535d2a4f8.jpg\" \/>\n\t<meta property=\"og:image:width\" content=\"1300\" \/>\n\t<meta property=\"og:image:height\" content=\"812\" \/>\n\t<meta property=\"og:image:type\" content=\"image\/jpeg\" \/>\n<meta name=\"author\" content=\"cfeditorfr\" \/>\n<meta name=\"twitter:card\" content=\"summary_large_image\" \/>\n<meta name=\"twitter:label1\" content=\"\u00c9crit par\" \/>\n\t<meta name=\"twitter:data1\" content=\"cfeditorfr\" \/>\n\t<meta name=\"twitter:label2\" content=\"Dur\u00e9e de lecture estim\u00e9e\" \/>\n\t<meta name=\"twitter:data2\" content=\"1 minute\" \/>\n<script type=\"application\/ld+json\" class=\"yoast-schema-graph\">{\"@context\":\"https:\/\/schema.org\",\"@graph\":[{\"@type\":\"Article\",\"@id\":\"https:\/\/www.africa-press.net\/benin\/toutes-les-actualites\/benin-le-capitaine-eric-yerima-nouveau-porte-parole-de-la-police-republicaine#article\",\"isPartOf\":{\"@id\":\"https:\/\/www.africa-press.net\/benin\/toutes-les-actualites\/benin-le-capitaine-eric-yerima-nouveau-porte-parole-de-la-police-republicaine\"},\"author\":{\"name\":\"cfeditorfr\",\"@id\":\"https:\/\/www.africa-press.net\/benin\/#\/schema\/person\/2b1cf3cd81a31e3cd26889ca66d677f1\"},\"headline\":\"B\u00e9nin: le capitaine \u00c9ric Y\u00e9rima, nouveau porte parole de la police r\u00e9publicaine\",\"datePublished\":\"2022-08-27T17:15:08+00:00\",\"dateModified\":\"2022-08-27T17:25:15+00:00\",\"mainEntityOfPage\":{\"@id\":\"https:\/\/www.africa-press.net\/benin\/toutes-les-actualites\/benin-le-capitaine-eric-yerima-nouveau-porte-parole-de-la-police-republicaine\"},\"wordCount\":210,\"commentCount\":0,\"image\":{\"@id\":\"https:\/\/www.africa-press.net\/benin\/toutes-les-actualites\/benin-le-capitaine-eric-yerima-nouveau-porte-parole-de-la-police-republicaine#primaryimage\"},\"thumbnailUrl\":\"https:\/\/static.africa-press.net\/benin\/sites\/46\/2022\/08\/postQueueImg_11-630a535d2a4f8.jpg\",\"keywords\":[\"Africa Press\",\"Africa Press-Benin\",\"B\u00e9nin\"],\"articleSection\":[\"Communaut\u00e9\",\"homepage-french\",\"Toutes les actualit\u00e9s\"],\"inLanguage\":\"fr-FR\",\"potentialAction\":[{\"@type\":\"CommentAction\",\"name\":\"Comment\",\"target\":[\"https:\/\/www.africa-press.net\/benin\/toutes-les-actualites\/benin-le-capitaine-eric-yerima-nouveau-porte-parole-de-la-police-republicaine#respond\"]}]},{\"@type\":\"WebPage\",\"@id\":\"https:\/\/www.africa-press.net\/benin\/toutes-les-actualites\/benin-le-capitaine-eric-yerima-nouveau-porte-parole-de-la-police-republicaine\",\"url\":\"https:\/\/www.africa-press.net\/benin\/toutes-les-actualites\/benin-le-capitaine-eric-yerima-nouveau-porte-parole-de-la-police-republicaine\",\"name\":\"B\u00e9nin: le capitaine \u00c9ric Y\u00e9rima, nouveau porte parole de la police r\u00e9publicaine - B\u00e9nin\",\"isPartOf\":{\"@id\":\"https:\/\/www.africa-press.net\/benin\/#website\"},\"primaryImageOfPage\":{\"@id\":\"https:\/\/www.africa-press.net\/benin\/toutes-les-actualites\/benin-le-capitaine-eric-yerima-nouveau-porte-parole-de-la-police-republicaine#primaryimage\"},\"image\":{\"@id\":\"https:\/\/www.africa-press.net\/benin\/toutes-les-actualites\/benin-le-capitaine-eric-yerima-nouveau-porte-parole-de-la-police-republicaine#primaryimage\"},\"thumbnailUrl\":\"https:\/\/static.africa-press.net\/benin\/sites\/46\/2022\/08\/postQueueImg_11-630a535d2a4f8.jpg\",\"datePublished\":\"2022-08-27T17:15:08+00:00\",\"dateModified\":\"2022-08-27T17:25:15+00:00\",\"author\":{\"@id\":\"https:\/\/www.africa-press.net\/benin\/#\/schema\/person\/2b1cf3cd81a31e3cd26889ca66d677f1\"},\"description\":\"La police r\u00e9publicaine a un nouveau porte parole. Il a pour nom Eric Y\u00e9rima. Il a \u00e9t\u00e9 nomm\u00e9 en remplacement de Dr Roger ...\",\"breadcrumb\":{\"@id\":\"https:\/\/www.africa-press.net\/benin\/toutes-les-actualites\/benin-le-capitaine-eric-yerima-nouveau-porte-parole-de-la-police-republicaine#breadcrumb\"},\"inLanguage\":\"fr-FR\",\"potentialAction\":[{\"@type\":\"ReadAction\",\"target\":[\"https:\/\/www.africa-press.net\/benin\/toutes-les-actualites\/benin-le-capitaine-eric-yerima-nouveau-porte-parole-de-la-police-republicaine\"]}]},{\"@type\":\"ImageObject\",\"inLanguage\":\"fr-FR\",\"@id\":\"https:\/\/www.africa-press.net\/benin\/toutes-les-actualites\/benin-le-capitaine-eric-yerima-nouveau-porte-parole-de-la-police-republicaine#primaryimage\",\"url\":\"https:\/\/static.africa-press.net\/benin\/sites\/46\/2022\/08\/postQueueImg_11-630a535d2a4f8.jpg\",\"contentUrl\":\"https:\/\/static.africa-press.net\/benin\/sites\/46\/2022\/08\/postQueueImg_11-630a535d2a4f8.jpg\",\"width\":1300,\"height\":812,\"caption\":\"B\u00e9nin: le capitaine \u00c9ric Y\u00e9rima, nouveau porte parole de la police r\u00e9publicaine\"},{\"@type\":\"BreadcrumbList\",\"@id\":\"https:\/\/www.africa-press.net\/benin\/toutes-les-actualites\/benin-le-capitaine-eric-yerima-nouveau-porte-parole-de-la-police-republicaine#breadcrumb\",\"itemListElement\":[{\"@type\":\"ListItem\",\"position\":1,\"name\":\"Accueil\",\"item\":\"https:\/\/www.africa-press.net\/benin\/\"},{\"@type\":\"ListItem\",\"position\":2,\"name\":\"B\u00e9nin: le capitaine \u00c9ric Y\u00e9rima, nouveau porte parole de la police r\u00e9publicaine\"}]},{\"@type\":\"WebSite\",\"@id\":\"https:\/\/www.africa-press.net\/benin\/#website\",\"url\":\"https:\/\/www.africa-press.net\/benin\/\",\"name\":\"B\u00e9nin\",\"description\":\"Just another Africa News Agency Sites site\",\"potentialAction\":[{\"@type\":\"SearchAction\",\"target\":{\"@type\":\"EntryPoint\",\"urlTemplate\":\"https:\/\/www.africa-press.net\/benin\/?s={search_term_string}\"},\"query-input\":{\"@type\":\"PropertyValueSpecification\",\"valueRequired\":true,\"valueName\":\"search_term_string\"}}],\"inLanguage\":\"fr-FR\"},{\"@type\":\"Person\",\"@id\":\"https:\/\/www.africa-press.net\/benin\/#\/schema\/person\/2b1cf3cd81a31e3cd26889ca66d677f1\",\"name\":\"cfeditorfr\"}]}<\/script>\n<!-- \/ Yoast SEO Premium plugin. -->","yoast_head_json":{"title":"B\u00e9nin: le capitaine \u00c9ric Y\u00e9rima, nouveau porte parole de la police r\u00e9publicaine - B\u00e9nin","description":"La police r\u00e9publicaine a un nouveau porte parole. Il a pour nom Eric Y\u00e9rima. Il a \u00e9t\u00e9 nomm\u00e9 en remplacement de Dr Roger ...","robots":{"index":"index","follow":"follow","max-snippet":"max-snippet:-1","max-image-preview":"max-image-preview:large","max-video-preview":"max-video-preview:-1"},"canonical":"https:\/\/www.africa-press.net\/benin\/toutes-les-actualites\/benin-le-capitaine-eric-yerima-nouveau-porte-parole-de-la-police-republicaine","og_locale":"fr_FR","og_type":"article","og_title":"B\u00e9nin: le capitaine \u00c9ric Y\u00e9rima, nouveau porte parole de la police r\u00e9publicaine","og_description":"La police r\u00e9publicaine a un nouveau porte parole. Il a pour nom Eric Y\u00e9rima. Il a \u00e9t\u00e9 nomm\u00e9 en remplacement de Dr Roger ...","og_url":"https:\/\/www.africa-press.net\/benin\/toutes-les-actualites\/benin-le-capitaine-eric-yerima-nouveau-porte-parole-de-la-police-republicaine","og_site_name":"B\u00e9nin","article_published_time":"2022-08-27T17:15:08+00:00","article_modified_time":"2022-08-27T17:25:15+00:00","og_image":[{"width":1300,"height":812,"url":"https:\/\/static.africa-press.net\/benin\/sites\/46\/2022\/08\/postQueueImg_11-630a535d2a4f8.jpg","type":"image\/jpeg"}],"author":"cfeditorfr","twitter_card":"summary_large_image","twitter_misc":{"\u00c9crit par":"cfeditorfr","Dur\u00e9e de lecture estim\u00e9e":"1 minute"},"schema":{"@context":"https:\/\/schema.org","@graph":[{"@type":"Article","@id":"https:\/\/www.africa-press.net\/benin\/toutes-les-actualites\/benin-le-capitaine-eric-yerima-nouveau-porte-parole-de-la-police-republicaine#article","isPartOf":{"@id":"https:\/\/www.africa-press.net\/benin\/toutes-les-actualites\/benin-le-capitaine-eric-yerima-nouveau-porte-parole-de-la-police-republicaine"},"author":{"name":"cfeditorfr","@id":"https:\/\/www.africa-press.net\/benin\/#\/schema\/person\/2b1cf3cd81a31e3cd26889ca66d677f1"},"headline":"B\u00e9nin: le capitaine \u00c9ric Y\u00e9rima, nouveau porte parole de la police r\u00e9publicaine","datePublished":"2022-08-27T17:15:08+00:00","dateModified":"2022-08-27T17:25:15+00:00","mainEntityOfPage":{"@id":"https:\/\/www.africa-press.net\/benin\/toutes-les-actualites\/benin-le-capitaine-eric-yerima-nouveau-porte-parole-de-la-police-republicaine"},"wordCount":210,"commentCount":0,"image":{"@id":"https:\/\/www.africa-press.net\/benin\/toutes-les-actualites\/benin-le-capitaine-eric-yerima-nouveau-porte-parole-de-la-police-republicaine#primaryimage"},"thumbnailUrl":"https:\/\/static.africa-press.net\/benin\/sites\/46\/2022\/08\/postQueueImg_11-630a535d2a4f8.jpg","keywords":["Africa Press","Africa Press-Benin","B\u00e9nin"],"articleSection":["Communaut\u00e9","homepage-french","Toutes les actualit\u00e9s"],"inLanguage":"fr-FR","potentialAction":[{"@type":"CommentAction","name":"Comment","target":["https:\/\/www.africa-press.net\/benin\/toutes-les-actualites\/benin-le-capitaine-eric-yerima-nouveau-porte-parole-de-la-police-republicaine#respond"]}]},{"@type":"WebPage","@id":"https:\/\/www.africa-press.net\/benin\/toutes-les-actualites\/benin-le-capitaine-eric-yerima-nouveau-porte-parole-de-la-police-republicaine","url":"https:\/\/www.africa-press.net\/benin\/toutes-les-actualites\/benin-le-capitaine-eric-yerima-nouveau-porte-parole-de-la-police-republicaine","name":"B\u00e9nin: le capitaine \u00c9ric Y\u00e9rima, nouveau porte parole de la police r\u00e9publicaine - B\u00e9nin","isPartOf":{"@id":"https:\/\/www.africa-press.net\/benin\/#website"},"primaryImageOfPage":{"@id":"https:\/\/www.africa-press.net\/benin\/toutes-les-actualites\/benin-le-capitaine-eric-yerima-nouveau-porte-parole-de-la-police-republicaine#primaryimage"},"image":{"@id":"https:\/\/www.africa-press.net\/benin\/toutes-les-actualites\/benin-le-capitaine-eric-yerima-nouveau-porte-parole-de-la-police-republicaine#primaryimage"},"thumbnailUrl":"https:\/\/static.africa-press.net\/benin\/sites\/46\/2022\/08\/postQueueImg_11-630a535d2a4f8.jpg","datePublished":"2022-08-27T17:15:08+00:00","dateModified":"2022-08-27T17:25:15+00:00","author":{"@id":"https:\/\/www.africa-press.net\/benin\/#\/schema\/person\/2b1cf3cd81a31e3cd26889ca66d677f1"},"description":"La police r\u00e9publicaine a un nouveau porte parole. Il a pour nom Eric Y\u00e9rima. Il a \u00e9t\u00e9 nomm\u00e9 en remplacement de Dr Roger ...","breadcrumb":{"@id":"https:\/\/www.africa-press.net\/benin\/toutes-les-actualites\/benin-le-capitaine-eric-yerima-nouveau-porte-parole-de-la-police-republicaine#breadcrumb"},"inLanguage":"fr-FR","potentialAction":[{"@type":"ReadAction","target":["https:\/\/www.africa-press.net\/benin\/toutes-les-actualites\/benin-le-capitaine-eric-yerima-nouveau-porte-parole-de-la-police-republicaine"]}]},{"@type":"ImageObject","inLanguage":"fr-FR","@id":"https:\/\/www.africa-press.net\/benin\/toutes-les-actualites\/benin-le-capitaine-eric-yerima-nouveau-porte-parole-de-la-police-republicaine#primaryimage","url":"https:\/\/static.africa-press.net\/benin\/sites\/46\/2022\/08\/postQueueImg_11-630a535d2a4f8.jpg","contentUrl":"https:\/\/static.africa-press.net\/benin\/sites\/46\/2022\/08\/postQueueImg_11-630a535d2a4f8.jpg","width":1300,"height":812,"caption":"B\u00e9nin: le capitaine \u00c9ric Y\u00e9rima, nouveau porte parole de la police r\u00e9publicaine"},{"@type":"BreadcrumbList","@id":"https:\/\/www.africa-press.net\/benin\/toutes-les-actualites\/benin-le-capitaine-eric-yerima-nouveau-porte-parole-de-la-police-republicaine#breadcrumb","itemListElement":[{"@type":"ListItem","position":1,"name":"Accueil","item":"https:\/\/www.africa-press.net\/benin\/"},{"@type":"ListItem","position":2,"name":"B\u00e9nin: le capitaine \u00c9ric Y\u00e9rima, nouveau porte parole de la police r\u00e9publicaine"}]},{"@type":"WebSite","@id":"https:\/\/www.africa-press.net\/benin\/#website","url":"https:\/\/www.africa-press.net\/benin\/","name":"B\u00e9nin","description":"Just another Africa News Agency Sites site","potentialAction":[{"@type":"SearchAction","target":{"@type":"EntryPoint","urlTemplate":"https:\/\/www.africa-press.net\/benin\/?s={search_term_string}"},"query-input":{"@type":"PropertyValueSpecification","valueRequired":true,"valueName":"search_term_string"}}],"inLanguage":"fr-FR"},{"@type":"Person","@id":"https:\/\/www.africa-press.net\/benin\/#\/schema\/person\/2b1cf3cd81a31e3cd26889ca66d677f1","name":"cfeditorfr"}]}},"_links":{"self":[{"href":"https:\/\/www.africa-press.net\/benin\/wp-json\/wp\/v2\/posts\/8318","targetHints":{"allow":["GET"]}}],"collection":[{"href":"https:\/\/www.africa-press.net\/benin\/wp-json\/wp\/v2\/posts"}],"about":[{"href":"https:\/\/www.africa-press.net\/benin\/wp-json\/wp\/v2\/types\/post"}],"author":[{"embeddable":true,"href":"https:\/\/www.africa-press.net\/benin\/wp-json\/wp\/v2\/users\/82"}],"replies":[{"embeddable":true,"href":"https:\/\/www.africa-press.net\/benin\/wp-json\/wp\/v2\/comments?post=8318"}],"version-history":[{"count":0,"href":"https:\/\/www.africa-press.net\/benin\/wp-json\/wp\/v2\/posts\/8318\/revisions"}],"wp:featuredmedia":[{"embeddable":true,"href":"https:\/\/www.africa-press.net\/benin\/wp-json\/wp\/v2\/media\/8317"}],"wp:attachment":[{"href":"https:\/\/www.africa-press.net\/benin\/wp-json\/wp\/v2\/media?parent=8318"}],"wp:term":[{"taxonomy":"category","embeddable":true,"href":"https:\/\/www.africa-press.net\/benin\/wp-json\/wp\/v2\/categories?post=8318"},{"taxonomy":"post_tag","embeddable":true,"href":"https:\/\/www.africa-press.net\/benin\/wp-json\/wp\/v2\/tags?post=8318"}],"curies":[{"name":"wp","href":"https:\/\/api.w.org\/{rel}","templated":true}]}}