{"id":8323,"date":"2022-08-27T17:15:21","date_gmt":"2022-08-27T17:15:21","guid":{"rendered":"https:\/\/www.africa-press.net\/benin\/politique\/benin-la-se-de-la-mairie-de-boukoumbe-demissionne-de-son-poste"},"modified":"2022-08-27T17:25:46","modified_gmt":"2022-08-27T17:25:46","slug":"benin-la-se-de-la-mairie-de-boukoumbe-demissionne-de-son-poste","status":"publish","type":"post","link":"https:\/\/www.africa-press.net\/benin\/politique\/benin-la-se-de-la-mairie-de-boukoumbe-demissionne-de-son-poste","title":{"rendered":"B\u00e9nin: la SE de la mairie de Boukoumb\u00e9 d\u00e9missionne de son poste"},"content":{"rendered":"<p><span style=\"color: #ff6600\"><strong>Africa-Press &#8211; Benin. <\/strong><\/span>La secr\u00e9taire ex\u00e9cutive de la commune de Boukoumb\u00e9 n\u2019est plus en poste dans l\u2019h\u00f4tel de ville. Il a d\u00e9pos\u00e9 au maire en d\u00e9but de semaine sa lettre de d\u00e9mission, nous apprend \u00ab Le Parakois \u00bb.<\/p>\n<p>Jocelyne Agb\u00e9ssi Djossou, la secr\u00e9taire ex\u00e9cutive de la commune de Boukoumb\u00e9 a d\u00e9pos\u00e9 sa d\u00e9mission seulement trois mois apr\u00e8s sa prise de fonction. Le bras technique de la mairie de Boukoumb\u00e9 pr\u00e9cise dans la lettre adress\u00e9e \u00e0 l\u2019autorit\u00e9 communale, qu\u2019elle d\u00e9missionne pour des raisons familiales.<\/p>\n<p>Ayant pris acte de la d\u00e9mission de Jocelyne Agb\u00e9ssi Djossou, la premi\u00e8re autorit\u00e9 de la Commune a proc\u00e9d\u00e9 \u00e0 la nomination d\u2019un int\u00e9rimaire en attendant la proc\u00e9dure de tirage au sort qui est le mode de d\u00e9signation des SE.<\/p>\n<p>Dans la lettre de d\u00e9mission, la d\u00e9sormais ex secr\u00e9taire ex\u00e9cutive de la mairie de Boukoumb\u00e9 a remerci\u00e9 tous ses collaborateurs, les \u00e9lus et les populations de Boukoumb\u00e9 pour leur franche collaborateur.<\/p>\n<p><strong>Pour plus d&rsquo;informations et d&rsquo;analyses sur la <a href=\"https:\/\/www.africa-press.net\/benin\">Benin<\/a>, suivez <a href=\"https:\/\/www.africa-press.net\/\">Africa-Press<\/a><\/strong><\/p>\n","protected":false},"excerpt":{"rendered":"<p>Africa-Press &#8211; Benin. La secr\u00e9taire ex\u00e9cutive de la commune de Boukoumb\u00e9 n\u2019est plus en poste dans l\u2019h\u00f4tel de ville. Il a d\u00e9pos\u00e9 au maire en d\u00e9but de semaine sa lettre de d\u00e9mission, nous apprend \u00ab Le Parakois \u00bb. Jocelyne Agb\u00e9ssi Djossou, la secr\u00e9taire ex\u00e9cutive de la commune de Boukoumb\u00e9 a d\u00e9pos\u00e9 sa d\u00e9mission seulement trois [&hellip;]<\/p>\n","protected":false},"author":82,"featured_media":8321,"comment_status":"open","ping_status":"closed","sticky":false,"template":"","format":"standard","meta":{"footnotes":""},"categories":[11,2,10],"tags":[36,50,45],"class_list":["post-8323","post","type-post","status-publish","format-standard","has-post-thumbnail","hentry","category-homepage-french","category-politique","category-toutes-les-actualites","tag-africa-press","tag-africa-press-benin","tag-benin"],"yoast_head":"<!-- This site is optimized with the Yoast SEO Premium plugin v26.1 (Yoast SEO v27.0) - https:\/\/yoast.com\/product\/yoast-seo-premium-wordpress\/ -->\n<title>B\u00e9nin: la SE de la mairie de Boukoumb\u00e9 d\u00e9missionne de son poste - B\u00e9nin<\/title>\n<meta name=\"description\" content=\"La secr\u00e9taire ex\u00e9cutive de la commune de Boukoumb\u00e9 n\u2019est plus en poste dans l\u2019h\u00f4tel de ville. Il a d\u00e9pos\u00e9 au maire en d\u00e9 ...\" \/>\n<meta name=\"robots\" content=\"index, follow, max-snippet:-1, max-image-preview:large, max-video-preview:-1\" \/>\n<link rel=\"canonical\" href=\"https:\/\/www.africa-press.net\/benin\/politique\/benin-la-se-de-la-mairie-de-boukoumbe-demissionne-de-son-poste\" \/>\n<meta property=\"og:locale\" content=\"fr_FR\" \/>\n<meta property=\"og:type\" content=\"article\" \/>\n<meta property=\"og:title\" content=\"B\u00e9nin: la SE de la mairie de Boukoumb\u00e9 d\u00e9missionne de son poste\" \/>\n<meta property=\"og:description\" content=\"La secr\u00e9taire ex\u00e9cutive de la commune de Boukoumb\u00e9 n\u2019est plus en poste dans l\u2019h\u00f4tel de ville. Il a d\u00e9pos\u00e9 au maire en d\u00e9 ...\" \/>\n<meta property=\"og:url\" content=\"https:\/\/www.africa-press.net\/benin\/politique\/benin-la-se-de-la-mairie-de-boukoumbe-demissionne-de-son-poste\" \/>\n<meta property=\"og:site_name\" content=\"B\u00e9nin\" \/>\n<meta property=\"article:published_time\" content=\"2022-08-27T17:15:21+00:00\" \/>\n<meta property=\"article:modified_time\" content=\"2022-08-27T17:25:46+00:00\" \/>\n<meta property=\"og:image\" content=\"https:\/\/static.africa-press.net\/benin\/sites\/46\/2022\/08\/postQueueImg_12-630a5382c8cc8.jpg\" \/>\n\t<meta property=\"og:image:width\" content=\"1500\" \/>\n\t<meta property=\"og:image:height\" content=\"800\" \/>\n\t<meta property=\"og:image:type\" content=\"image\/jpeg\" \/>\n<meta name=\"author\" content=\"cfeditorfr\" \/>\n<meta name=\"twitter:card\" content=\"summary_large_image\" \/>\n<meta name=\"twitter:label1\" content=\"\u00c9crit par\" \/>\n\t<meta name=\"twitter:data1\" content=\"cfeditorfr\" \/>\n\t<meta name=\"twitter:label2\" content=\"Dur\u00e9e de lecture estim\u00e9e\" \/>\n\t<meta name=\"twitter:data2\" content=\"1 minute\" \/>\n<script type=\"application\/ld+json\" class=\"yoast-schema-graph\">{\"@context\":\"https:\/\/schema.org\",\"@graph\":[{\"@type\":\"Article\",\"@id\":\"https:\/\/www.africa-press.net\/benin\/politique\/benin-la-se-de-la-mairie-de-boukoumbe-demissionne-de-son-poste#article\",\"isPartOf\":{\"@id\":\"https:\/\/www.africa-press.net\/benin\/politique\/benin-la-se-de-la-mairie-de-boukoumbe-demissionne-de-son-poste\"},\"author\":{\"name\":\"cfeditorfr\",\"@id\":\"https:\/\/www.africa-press.net\/benin\/#\/schema\/person\/2b1cf3cd81a31e3cd26889ca66d677f1\"},\"headline\":\"B\u00e9nin: la SE de la mairie de Boukoumb\u00e9 d\u00e9missionne de son poste\",\"datePublished\":\"2022-08-27T17:15:21+00:00\",\"dateModified\":\"2022-08-27T17:25:46+00:00\",\"mainEntityOfPage\":{\"@id\":\"https:\/\/www.africa-press.net\/benin\/politique\/benin-la-se-de-la-mairie-de-boukoumbe-demissionne-de-son-poste\"},\"wordCount\":206,\"commentCount\":0,\"image\":{\"@id\":\"https:\/\/www.africa-press.net\/benin\/politique\/benin-la-se-de-la-mairie-de-boukoumbe-demissionne-de-son-poste#primaryimage\"},\"thumbnailUrl\":\"https:\/\/static.africa-press.net\/benin\/sites\/46\/2022\/08\/postQueueImg_12-630a5382c8cc8.jpg\",\"keywords\":[\"Africa Press\",\"Africa Press-Benin\",\"B\u00e9nin\"],\"articleSection\":[\"homepage-french\",\"Politique\",\"Toutes les actualit\u00e9s\"],\"inLanguage\":\"fr-FR\",\"potentialAction\":[{\"@type\":\"CommentAction\",\"name\":\"Comment\",\"target\":[\"https:\/\/www.africa-press.net\/benin\/politique\/benin-la-se-de-la-mairie-de-boukoumbe-demissionne-de-son-poste#respond\"]}]},{\"@type\":\"WebPage\",\"@id\":\"https:\/\/www.africa-press.net\/benin\/politique\/benin-la-se-de-la-mairie-de-boukoumbe-demissionne-de-son-poste\",\"url\":\"https:\/\/www.africa-press.net\/benin\/politique\/benin-la-se-de-la-mairie-de-boukoumbe-demissionne-de-son-poste\",\"name\":\"B\u00e9nin: la SE de la mairie de Boukoumb\u00e9 d\u00e9missionne de son poste - B\u00e9nin\",\"isPartOf\":{\"@id\":\"https:\/\/www.africa-press.net\/benin\/#website\"},\"primaryImageOfPage\":{\"@id\":\"https:\/\/www.africa-press.net\/benin\/politique\/benin-la-se-de-la-mairie-de-boukoumbe-demissionne-de-son-poste#primaryimage\"},\"image\":{\"@id\":\"https:\/\/www.africa-press.net\/benin\/politique\/benin-la-se-de-la-mairie-de-boukoumbe-demissionne-de-son-poste#primaryimage\"},\"thumbnailUrl\":\"https:\/\/static.africa-press.net\/benin\/sites\/46\/2022\/08\/postQueueImg_12-630a5382c8cc8.jpg\",\"datePublished\":\"2022-08-27T17:15:21+00:00\",\"dateModified\":\"2022-08-27T17:25:46+00:00\",\"author\":{\"@id\":\"https:\/\/www.africa-press.net\/benin\/#\/schema\/person\/2b1cf3cd81a31e3cd26889ca66d677f1\"},\"description\":\"La secr\u00e9taire ex\u00e9cutive de la commune de Boukoumb\u00e9 n\u2019est plus en poste dans l\u2019h\u00f4tel de ville. Il a d\u00e9pos\u00e9 au maire en d\u00e9 ...\",\"breadcrumb\":{\"@id\":\"https:\/\/www.africa-press.net\/benin\/politique\/benin-la-se-de-la-mairie-de-boukoumbe-demissionne-de-son-poste#breadcrumb\"},\"inLanguage\":\"fr-FR\",\"potentialAction\":[{\"@type\":\"ReadAction\",\"target\":[\"https:\/\/www.africa-press.net\/benin\/politique\/benin-la-se-de-la-mairie-de-boukoumbe-demissionne-de-son-poste\"]}]},{\"@type\":\"ImageObject\",\"inLanguage\":\"fr-FR\",\"@id\":\"https:\/\/www.africa-press.net\/benin\/politique\/benin-la-se-de-la-mairie-de-boukoumbe-demissionne-de-son-poste#primaryimage\",\"url\":\"https:\/\/static.africa-press.net\/benin\/sites\/46\/2022\/08\/postQueueImg_12-630a5382c8cc8.jpg\",\"contentUrl\":\"https:\/\/static.africa-press.net\/benin\/sites\/46\/2022\/08\/postQueueImg_12-630a5382c8cc8.jpg\",\"width\":1500,\"height\":800,\"caption\":\"B\u00e9nin: la SE de la mairie de Boukoumb\u00e9 d\u00e9missionne de son poste\"},{\"@type\":\"BreadcrumbList\",\"@id\":\"https:\/\/www.africa-press.net\/benin\/politique\/benin-la-se-de-la-mairie-de-boukoumbe-demissionne-de-son-poste#breadcrumb\",\"itemListElement\":[{\"@type\":\"ListItem\",\"position\":1,\"name\":\"Accueil\",\"item\":\"https:\/\/www.africa-press.net\/benin\/\"},{\"@type\":\"ListItem\",\"position\":2,\"name\":\"B\u00e9nin: la SE de la mairie de Boukoumb\u00e9 d\u00e9missionne de son poste\"}]},{\"@type\":\"WebSite\",\"@id\":\"https:\/\/www.africa-press.net\/benin\/#website\",\"url\":\"https:\/\/www.africa-press.net\/benin\/\",\"name\":\"B\u00e9nin\",\"description\":\"Just another Africa News Agency Sites site\",\"potentialAction\":[{\"@type\":\"SearchAction\",\"target\":{\"@type\":\"EntryPoint\",\"urlTemplate\":\"https:\/\/www.africa-press.net\/benin\/?s={search_term_string}\"},\"query-input\":{\"@type\":\"PropertyValueSpecification\",\"valueRequired\":true,\"valueName\":\"search_term_string\"}}],\"inLanguage\":\"fr-FR\"},{\"@type\":\"Person\",\"@id\":\"https:\/\/www.africa-press.net\/benin\/#\/schema\/person\/2b1cf3cd81a31e3cd26889ca66d677f1\",\"name\":\"cfeditorfr\"}]}<\/script>\n<!-- \/ Yoast SEO Premium plugin. -->","yoast_head_json":{"title":"B\u00e9nin: la SE de la mairie de Boukoumb\u00e9 d\u00e9missionne de son poste - B\u00e9nin","description":"La secr\u00e9taire ex\u00e9cutive de la commune de Boukoumb\u00e9 n\u2019est plus en poste dans l\u2019h\u00f4tel de ville. Il a d\u00e9pos\u00e9 au maire en d\u00e9 ...","robots":{"index":"index","follow":"follow","max-snippet":"max-snippet:-1","max-image-preview":"max-image-preview:large","max-video-preview":"max-video-preview:-1"},"canonical":"https:\/\/www.africa-press.net\/benin\/politique\/benin-la-se-de-la-mairie-de-boukoumbe-demissionne-de-son-poste","og_locale":"fr_FR","og_type":"article","og_title":"B\u00e9nin: la SE de la mairie de Boukoumb\u00e9 d\u00e9missionne de son poste","og_description":"La secr\u00e9taire ex\u00e9cutive de la commune de Boukoumb\u00e9 n\u2019est plus en poste dans l\u2019h\u00f4tel de ville. Il a d\u00e9pos\u00e9 au maire en d\u00e9 ...","og_url":"https:\/\/www.africa-press.net\/benin\/politique\/benin-la-se-de-la-mairie-de-boukoumbe-demissionne-de-son-poste","og_site_name":"B\u00e9nin","article_published_time":"2022-08-27T17:15:21+00:00","article_modified_time":"2022-08-27T17:25:46+00:00","og_image":[{"width":1500,"height":800,"url":"https:\/\/static.africa-press.net\/benin\/sites\/46\/2022\/08\/postQueueImg_12-630a5382c8cc8.jpg","type":"image\/jpeg"}],"author":"cfeditorfr","twitter_card":"summary_large_image","twitter_misc":{"\u00c9crit par":"cfeditorfr","Dur\u00e9e de lecture estim\u00e9e":"1 minute"},"schema":{"@context":"https:\/\/schema.org","@graph":[{"@type":"Article","@id":"https:\/\/www.africa-press.net\/benin\/politique\/benin-la-se-de-la-mairie-de-boukoumbe-demissionne-de-son-poste#article","isPartOf":{"@id":"https:\/\/www.africa-press.net\/benin\/politique\/benin-la-se-de-la-mairie-de-boukoumbe-demissionne-de-son-poste"},"author":{"name":"cfeditorfr","@id":"https:\/\/www.africa-press.net\/benin\/#\/schema\/person\/2b1cf3cd81a31e3cd26889ca66d677f1"},"headline":"B\u00e9nin: la SE de la mairie de Boukoumb\u00e9 d\u00e9missionne de son poste","datePublished":"2022-08-27T17:15:21+00:00","dateModified":"2022-08-27T17:25:46+00:00","mainEntityOfPage":{"@id":"https:\/\/www.africa-press.net\/benin\/politique\/benin-la-se-de-la-mairie-de-boukoumbe-demissionne-de-son-poste"},"wordCount":206,"commentCount":0,"image":{"@id":"https:\/\/www.africa-press.net\/benin\/politique\/benin-la-se-de-la-mairie-de-boukoumbe-demissionne-de-son-poste#primaryimage"},"thumbnailUrl":"https:\/\/static.africa-press.net\/benin\/sites\/46\/2022\/08\/postQueueImg_12-630a5382c8cc8.jpg","keywords":["Africa Press","Africa Press-Benin","B\u00e9nin"],"articleSection":["homepage-french","Politique","Toutes les actualit\u00e9s"],"inLanguage":"fr-FR","potentialAction":[{"@type":"CommentAction","name":"Comment","target":["https:\/\/www.africa-press.net\/benin\/politique\/benin-la-se-de-la-mairie-de-boukoumbe-demissionne-de-son-poste#respond"]}]},{"@type":"WebPage","@id":"https:\/\/www.africa-press.net\/benin\/politique\/benin-la-se-de-la-mairie-de-boukoumbe-demissionne-de-son-poste","url":"https:\/\/www.africa-press.net\/benin\/politique\/benin-la-se-de-la-mairie-de-boukoumbe-demissionne-de-son-poste","name":"B\u00e9nin: la SE de la mairie de Boukoumb\u00e9 d\u00e9missionne de son poste - B\u00e9nin","isPartOf":{"@id":"https:\/\/www.africa-press.net\/benin\/#website"},"primaryImageOfPage":{"@id":"https:\/\/www.africa-press.net\/benin\/politique\/benin-la-se-de-la-mairie-de-boukoumbe-demissionne-de-son-poste#primaryimage"},"image":{"@id":"https:\/\/www.africa-press.net\/benin\/politique\/benin-la-se-de-la-mairie-de-boukoumbe-demissionne-de-son-poste#primaryimage"},"thumbnailUrl":"https:\/\/static.africa-press.net\/benin\/sites\/46\/2022\/08\/postQueueImg_12-630a5382c8cc8.jpg","datePublished":"2022-08-27T17:15:21+00:00","dateModified":"2022-08-27T17:25:46+00:00","author":{"@id":"https:\/\/www.africa-press.net\/benin\/#\/schema\/person\/2b1cf3cd81a31e3cd26889ca66d677f1"},"description":"La secr\u00e9taire ex\u00e9cutive de la commune de Boukoumb\u00e9 n\u2019est plus en poste dans l\u2019h\u00f4tel de ville. Il a d\u00e9pos\u00e9 au maire en d\u00e9 ...","breadcrumb":{"@id":"https:\/\/www.africa-press.net\/benin\/politique\/benin-la-se-de-la-mairie-de-boukoumbe-demissionne-de-son-poste#breadcrumb"},"inLanguage":"fr-FR","potentialAction":[{"@type":"ReadAction","target":["https:\/\/www.africa-press.net\/benin\/politique\/benin-la-se-de-la-mairie-de-boukoumbe-demissionne-de-son-poste"]}]},{"@type":"ImageObject","inLanguage":"fr-FR","@id":"https:\/\/www.africa-press.net\/benin\/politique\/benin-la-se-de-la-mairie-de-boukoumbe-demissionne-de-son-poste#primaryimage","url":"https:\/\/static.africa-press.net\/benin\/sites\/46\/2022\/08\/postQueueImg_12-630a5382c8cc8.jpg","contentUrl":"https:\/\/static.africa-press.net\/benin\/sites\/46\/2022\/08\/postQueueImg_12-630a5382c8cc8.jpg","width":1500,"height":800,"caption":"B\u00e9nin: la SE de la mairie de Boukoumb\u00e9 d\u00e9missionne de son poste"},{"@type":"BreadcrumbList","@id":"https:\/\/www.africa-press.net\/benin\/politique\/benin-la-se-de-la-mairie-de-boukoumbe-demissionne-de-son-poste#breadcrumb","itemListElement":[{"@type":"ListItem","position":1,"name":"Accueil","item":"https:\/\/www.africa-press.net\/benin\/"},{"@type":"ListItem","position":2,"name":"B\u00e9nin: la SE de la mairie de Boukoumb\u00e9 d\u00e9missionne de son poste"}]},{"@type":"WebSite","@id":"https:\/\/www.africa-press.net\/benin\/#website","url":"https:\/\/www.africa-press.net\/benin\/","name":"B\u00e9nin","description":"Just another Africa News Agency Sites site","potentialAction":[{"@type":"SearchAction","target":{"@type":"EntryPoint","urlTemplate":"https:\/\/www.africa-press.net\/benin\/?s={search_term_string}"},"query-input":{"@type":"PropertyValueSpecification","valueRequired":true,"valueName":"search_term_string"}}],"inLanguage":"fr-FR"},{"@type":"Person","@id":"https:\/\/www.africa-press.net\/benin\/#\/schema\/person\/2b1cf3cd81a31e3cd26889ca66d677f1","name":"cfeditorfr"}]}},"_links":{"self":[{"href":"https:\/\/www.africa-press.net\/benin\/wp-json\/wp\/v2\/posts\/8323","targetHints":{"allow":["GET"]}}],"collection":[{"href":"https:\/\/www.africa-press.net\/benin\/wp-json\/wp\/v2\/posts"}],"about":[{"href":"https:\/\/www.africa-press.net\/benin\/wp-json\/wp\/v2\/types\/post"}],"author":[{"embeddable":true,"href":"https:\/\/www.africa-press.net\/benin\/wp-json\/wp\/v2\/users\/82"}],"replies":[{"embeddable":true,"href":"https:\/\/www.africa-press.net\/benin\/wp-json\/wp\/v2\/comments?post=8323"}],"version-history":[{"count":0,"href":"https:\/\/www.africa-press.net\/benin\/wp-json\/wp\/v2\/posts\/8323\/revisions"}],"wp:featuredmedia":[{"embeddable":true,"href":"https:\/\/www.africa-press.net\/benin\/wp-json\/wp\/v2\/media\/8321"}],"wp:attachment":[{"href":"https:\/\/www.africa-press.net\/benin\/wp-json\/wp\/v2\/media?parent=8323"}],"wp:term":[{"taxonomy":"category","embeddable":true,"href":"https:\/\/www.africa-press.net\/benin\/wp-json\/wp\/v2\/categories?post=8323"},{"taxonomy":"post_tag","embeddable":true,"href":"https:\/\/www.africa-press.net\/benin\/wp-json\/wp\/v2\/tags?post=8323"}],"curies":[{"name":"wp","href":"https:\/\/api.w.org\/{rel}","templated":true}]}}