{"id":8327,"date":"2022-08-27T17:15:28","date_gmt":"2022-08-27T17:15:28","guid":{"rendered":"https:\/\/www.africa-press.net\/benin\/politique\/cour-supreme-le-recours-de-david-babalola-lex-dg-de-la-soneb-rejete"},"modified":"2022-08-27T17:26:58","modified_gmt":"2022-08-27T17:26:58","slug":"cour-supreme-le-recours-de-david-babalola-lex-dg-de-la-soneb-rejete","status":"publish","type":"post","link":"https:\/\/www.africa-press.net\/benin\/toutes-les-actualites\/cour-supreme-le-recours-de-david-babalola-lex-dg-de-la-soneb-rejete","title":{"rendered":"Cour supr\u00eame: le recours de David Babalola, l\u2019ex DG de la Soneb rejet\u00e9"},"content":{"rendered":"<p><span style=\"color: #ff6600\"><strong>Africa-Press &#8211; Benin. <\/strong><\/span>Accus\u00e9 de d\u00e9tournement de deniers publics et condamn\u00e9 \u00e0 10 ans de prison, le recours de l\u2019ancien directeur g\u00e9n\u00e9ral de la soci\u00e9t\u00e9 nationale des eaux du B\u00e9nin (soneb) devant la cour supr\u00eame n\u2019a pas prosp\u00e9r\u00e9.<\/p>\n<p>Examin\u00e9 ce vendredi 26 Ao\u00fbt \u00e0 l\u2019audience de la session p\u00e9nale de la chambre judiciaire de la Cour supr\u00eame du B\u00e9nin, le recours d\u00e9pos\u00e9 par les conseils de David Babalola a \u00e9t\u00e9 rejet\u00e9.<\/p>\n<p>Condamn\u00e9 \u00e0 36 mois par la cour d\u2019appel de Cotonou dans un dossier de d\u00e9tournement de denier public, David Babalola a vu sa peine cors\u00e9e par la cour de r\u00e9pression des infractions \u00e9conomiques et du terrorisme (criet) qui a \u00e9lev\u00e9 la peine \u00e0 10 ans de prison ferme.<\/p>\n<p>Le coll\u00e8ge de ses avocats, relevant certaines irr\u00e9gularit\u00e9s qu\u2019il consid\u00e8re comme une violation du principe de la loi a donc \u00e9lev\u00e9 un pourvoi en cassation devant la Cour supr\u00eame contre ces diff\u00e9rentes d\u00e9cisions et lui demande de les casser au nom de la loi.<\/p>\n<p>Mais au cours de la session p\u00e9nale de la chambre judiciaire de ce vendredi 26 Ao\u00fbt, la cour supr\u00eame apr\u00e8s en avoir d\u00e9lib\u00e9r\u00e9 conform\u00e9ment \u00e0 la loi, par ces motifs, re\u00e7oit en la forme, les pr\u00e9sents pourvois, les rejette quant au fond et met les frais \u00e0 la charge du tr\u00e9sor public. Elle confirme ainsi la d\u00e9cision rendue par la cour de r\u00e9pression des infractions \u00e9conomiques et du terrorisme.<\/p>\n<p><strong>Pour plus d&rsquo;informations et d&rsquo;analyses sur la <a href=\"https:\/\/www.africa-press.net\/benin\">Benin<\/a>, suivez <a href=\"https:\/\/www.africa-press.net\/\">Africa-Press<\/a><\/strong><\/p>\n","protected":false},"excerpt":{"rendered":"<p>Africa-Press &#8211; Benin. Accus\u00e9 de d\u00e9tournement de deniers publics et condamn\u00e9 \u00e0 10 ans de prison, le recours de l\u2019ancien directeur g\u00e9n\u00e9ral de la soci\u00e9t\u00e9 nationale des eaux du B\u00e9nin (soneb) devant la cour supr\u00eame n\u2019a pas prosp\u00e9r\u00e9. Examin\u00e9 ce vendredi 26 Ao\u00fbt \u00e0 l\u2019audience de la session p\u00e9nale de la chambre judiciaire de la [&hellip;]<\/p>\n","protected":false},"author":82,"featured_media":8326,"comment_status":"open","ping_status":"closed","sticky":false,"template":"","format":"standard","meta":{"footnotes":""},"categories":[21,11,10],"tags":[36,50,45],"class_list":["post-8327","post","type-post","status-publish","format-standard","has-post-thumbnail","hentry","category-communaute","category-homepage-french","category-toutes-les-actualites","tag-africa-press","tag-africa-press-benin","tag-benin"],"yoast_head":"<!-- This site is optimized with the Yoast SEO Premium plugin v26.1 (Yoast SEO v27.0) - https:\/\/yoast.com\/product\/yoast-seo-premium-wordpress\/ -->\n<title>Cour supr\u00eame: le recours de David Babalola, l\u2019ex DG de la Soneb rejet\u00e9 - B\u00e9nin<\/title>\n<meta name=\"description\" content=\"Accus\u00e9 de d\u00e9tournement de deniers publics et condamn\u00e9 \u00e0 10 ans de prison, le recours de l\u2019ancien directeur g\u00e9n\u00e9ral de la ...\" \/>\n<meta name=\"robots\" content=\"index, follow, max-snippet:-1, max-image-preview:large, max-video-preview:-1\" \/>\n<link rel=\"canonical\" href=\"https:\/\/www.africa-press.net\/benin\/toutes-les-actualites\/cour-supreme-le-recours-de-david-babalola-lex-dg-de-la-soneb-rejete\" \/>\n<meta property=\"og:locale\" content=\"fr_FR\" \/>\n<meta property=\"og:type\" content=\"article\" \/>\n<meta property=\"og:title\" content=\"Cour supr\u00eame: le recours de David Babalola, l\u2019ex DG de la Soneb rejet\u00e9\" \/>\n<meta property=\"og:description\" content=\"Accus\u00e9 de d\u00e9tournement de deniers publics et condamn\u00e9 \u00e0 10 ans de prison, le recours de l\u2019ancien directeur g\u00e9n\u00e9ral de la ...\" \/>\n<meta property=\"og:url\" content=\"https:\/\/www.africa-press.net\/benin\/toutes-les-actualites\/cour-supreme-le-recours-de-david-babalola-lex-dg-de-la-soneb-rejete\" \/>\n<meta property=\"og:site_name\" content=\"B\u00e9nin\" \/>\n<meta property=\"article:published_time\" content=\"2022-08-27T17:15:28+00:00\" \/>\n<meta property=\"article:modified_time\" content=\"2022-08-27T17:26:58+00:00\" \/>\n<meta property=\"og:image\" content=\"https:\/\/static.africa-press.net\/benin\/sites\/46\/2022\/08\/postQueueImg_13-630a53a10affe.jpg\" \/>\n\t<meta property=\"og:image:width\" content=\"1580\" \/>\n\t<meta property=\"og:image:height\" content=\"832\" \/>\n\t<meta property=\"og:image:type\" content=\"image\/jpeg\" \/>\n<meta name=\"author\" content=\"cfeditorfr\" \/>\n<meta name=\"twitter:card\" content=\"summary_large_image\" \/>\n<meta name=\"twitter:label1\" content=\"\u00c9crit par\" \/>\n\t<meta name=\"twitter:data1\" content=\"cfeditorfr\" \/>\n\t<meta name=\"twitter:label2\" content=\"Dur\u00e9e de lecture estim\u00e9e\" \/>\n\t<meta name=\"twitter:data2\" content=\"2 minutes\" \/>\n<script type=\"application\/ld+json\" class=\"yoast-schema-graph\">{\"@context\":\"https:\/\/schema.org\",\"@graph\":[{\"@type\":\"Article\",\"@id\":\"https:\/\/www.africa-press.net\/benin\/toutes-les-actualites\/cour-supreme-le-recours-de-david-babalola-lex-dg-de-la-soneb-rejete#article\",\"isPartOf\":{\"@id\":\"https:\/\/www.africa-press.net\/benin\/toutes-les-actualites\/cour-supreme-le-recours-de-david-babalola-lex-dg-de-la-soneb-rejete\"},\"author\":{\"name\":\"cfeditorfr\",\"@id\":\"https:\/\/www.africa-press.net\/benin\/#\/schema\/person\/2b1cf3cd81a31e3cd26889ca66d677f1\"},\"headline\":\"Cour supr\u00eame: le recours de David Babalola, l\u2019ex DG de la Soneb rejet\u00e9\",\"datePublished\":\"2022-08-27T17:15:28+00:00\",\"dateModified\":\"2022-08-27T17:26:58+00:00\",\"mainEntityOfPage\":{\"@id\":\"https:\/\/www.africa-press.net\/benin\/toutes-les-actualites\/cour-supreme-le-recours-de-david-babalola-lex-dg-de-la-soneb-rejete\"},\"wordCount\":287,\"commentCount\":0,\"image\":{\"@id\":\"https:\/\/www.africa-press.net\/benin\/toutes-les-actualites\/cour-supreme-le-recours-de-david-babalola-lex-dg-de-la-soneb-rejete#primaryimage\"},\"thumbnailUrl\":\"https:\/\/static.africa-press.net\/benin\/sites\/46\/2022\/08\/postQueueImg_13-630a53a10affe.jpg\",\"keywords\":[\"Africa Press\",\"Africa Press-Benin\",\"B\u00e9nin\"],\"articleSection\":[\"Communaut\u00e9\",\"homepage-french\",\"Toutes les actualit\u00e9s\"],\"inLanguage\":\"fr-FR\",\"potentialAction\":[{\"@type\":\"CommentAction\",\"name\":\"Comment\",\"target\":[\"https:\/\/www.africa-press.net\/benin\/toutes-les-actualites\/cour-supreme-le-recours-de-david-babalola-lex-dg-de-la-soneb-rejete#respond\"]}]},{\"@type\":\"WebPage\",\"@id\":\"https:\/\/www.africa-press.net\/benin\/toutes-les-actualites\/cour-supreme-le-recours-de-david-babalola-lex-dg-de-la-soneb-rejete\",\"url\":\"https:\/\/www.africa-press.net\/benin\/toutes-les-actualites\/cour-supreme-le-recours-de-david-babalola-lex-dg-de-la-soneb-rejete\",\"name\":\"Cour supr\u00eame: le recours de David Babalola, l\u2019ex DG de la Soneb rejet\u00e9 - B\u00e9nin\",\"isPartOf\":{\"@id\":\"https:\/\/www.africa-press.net\/benin\/#website\"},\"primaryImageOfPage\":{\"@id\":\"https:\/\/www.africa-press.net\/benin\/toutes-les-actualites\/cour-supreme-le-recours-de-david-babalola-lex-dg-de-la-soneb-rejete#primaryimage\"},\"image\":{\"@id\":\"https:\/\/www.africa-press.net\/benin\/toutes-les-actualites\/cour-supreme-le-recours-de-david-babalola-lex-dg-de-la-soneb-rejete#primaryimage\"},\"thumbnailUrl\":\"https:\/\/static.africa-press.net\/benin\/sites\/46\/2022\/08\/postQueueImg_13-630a53a10affe.jpg\",\"datePublished\":\"2022-08-27T17:15:28+00:00\",\"dateModified\":\"2022-08-27T17:26:58+00:00\",\"author\":{\"@id\":\"https:\/\/www.africa-press.net\/benin\/#\/schema\/person\/2b1cf3cd81a31e3cd26889ca66d677f1\"},\"description\":\"Accus\u00e9 de d\u00e9tournement de deniers publics et condamn\u00e9 \u00e0 10 ans de prison, le recours de l\u2019ancien directeur g\u00e9n\u00e9ral de la ...\",\"breadcrumb\":{\"@id\":\"https:\/\/www.africa-press.net\/benin\/toutes-les-actualites\/cour-supreme-le-recours-de-david-babalola-lex-dg-de-la-soneb-rejete#breadcrumb\"},\"inLanguage\":\"fr-FR\",\"potentialAction\":[{\"@type\":\"ReadAction\",\"target\":[\"https:\/\/www.africa-press.net\/benin\/toutes-les-actualites\/cour-supreme-le-recours-de-david-babalola-lex-dg-de-la-soneb-rejete\"]}]},{\"@type\":\"ImageObject\",\"inLanguage\":\"fr-FR\",\"@id\":\"https:\/\/www.africa-press.net\/benin\/toutes-les-actualites\/cour-supreme-le-recours-de-david-babalola-lex-dg-de-la-soneb-rejete#primaryimage\",\"url\":\"https:\/\/static.africa-press.net\/benin\/sites\/46\/2022\/08\/postQueueImg_13-630a53a10affe.jpg\",\"contentUrl\":\"https:\/\/static.africa-press.net\/benin\/sites\/46\/2022\/08\/postQueueImg_13-630a53a10affe.jpg\",\"width\":1580,\"height\":832,\"caption\":\"Cour supr\u00eame: le recours de David Babalola, l\u2019ex DG de la Soneb rejet\u00e9\"},{\"@type\":\"BreadcrumbList\",\"@id\":\"https:\/\/www.africa-press.net\/benin\/toutes-les-actualites\/cour-supreme-le-recours-de-david-babalola-lex-dg-de-la-soneb-rejete#breadcrumb\",\"itemListElement\":[{\"@type\":\"ListItem\",\"position\":1,\"name\":\"Accueil\",\"item\":\"https:\/\/www.africa-press.net\/benin\/\"},{\"@type\":\"ListItem\",\"position\":2,\"name\":\"Cour supr\u00eame: le recours de David Babalola, l\u2019ex DG de la Soneb rejet\u00e9\"}]},{\"@type\":\"WebSite\",\"@id\":\"https:\/\/www.africa-press.net\/benin\/#website\",\"url\":\"https:\/\/www.africa-press.net\/benin\/\",\"name\":\"B\u00e9nin\",\"description\":\"Just another Africa News Agency Sites site\",\"potentialAction\":[{\"@type\":\"SearchAction\",\"target\":{\"@type\":\"EntryPoint\",\"urlTemplate\":\"https:\/\/www.africa-press.net\/benin\/?s={search_term_string}\"},\"query-input\":{\"@type\":\"PropertyValueSpecification\",\"valueRequired\":true,\"valueName\":\"search_term_string\"}}],\"inLanguage\":\"fr-FR\"},{\"@type\":\"Person\",\"@id\":\"https:\/\/www.africa-press.net\/benin\/#\/schema\/person\/2b1cf3cd81a31e3cd26889ca66d677f1\",\"name\":\"cfeditorfr\"}]}<\/script>\n<!-- \/ Yoast SEO Premium plugin. -->","yoast_head_json":{"title":"Cour supr\u00eame: le recours de David Babalola, l\u2019ex DG de la Soneb rejet\u00e9 - B\u00e9nin","description":"Accus\u00e9 de d\u00e9tournement de deniers publics et condamn\u00e9 \u00e0 10 ans de prison, le recours de l\u2019ancien directeur g\u00e9n\u00e9ral de la ...","robots":{"index":"index","follow":"follow","max-snippet":"max-snippet:-1","max-image-preview":"max-image-preview:large","max-video-preview":"max-video-preview:-1"},"canonical":"https:\/\/www.africa-press.net\/benin\/toutes-les-actualites\/cour-supreme-le-recours-de-david-babalola-lex-dg-de-la-soneb-rejete","og_locale":"fr_FR","og_type":"article","og_title":"Cour supr\u00eame: le recours de David Babalola, l\u2019ex DG de la Soneb rejet\u00e9","og_description":"Accus\u00e9 de d\u00e9tournement de deniers publics et condamn\u00e9 \u00e0 10 ans de prison, le recours de l\u2019ancien directeur g\u00e9n\u00e9ral de la ...","og_url":"https:\/\/www.africa-press.net\/benin\/toutes-les-actualites\/cour-supreme-le-recours-de-david-babalola-lex-dg-de-la-soneb-rejete","og_site_name":"B\u00e9nin","article_published_time":"2022-08-27T17:15:28+00:00","article_modified_time":"2022-08-27T17:26:58+00:00","og_image":[{"width":1580,"height":832,"url":"https:\/\/static.africa-press.net\/benin\/sites\/46\/2022\/08\/postQueueImg_13-630a53a10affe.jpg","type":"image\/jpeg"}],"author":"cfeditorfr","twitter_card":"summary_large_image","twitter_misc":{"\u00c9crit par":"cfeditorfr","Dur\u00e9e de lecture estim\u00e9e":"2 minutes"},"schema":{"@context":"https:\/\/schema.org","@graph":[{"@type":"Article","@id":"https:\/\/www.africa-press.net\/benin\/toutes-les-actualites\/cour-supreme-le-recours-de-david-babalola-lex-dg-de-la-soneb-rejete#article","isPartOf":{"@id":"https:\/\/www.africa-press.net\/benin\/toutes-les-actualites\/cour-supreme-le-recours-de-david-babalola-lex-dg-de-la-soneb-rejete"},"author":{"name":"cfeditorfr","@id":"https:\/\/www.africa-press.net\/benin\/#\/schema\/person\/2b1cf3cd81a31e3cd26889ca66d677f1"},"headline":"Cour supr\u00eame: le recours de David Babalola, l\u2019ex DG de la Soneb rejet\u00e9","datePublished":"2022-08-27T17:15:28+00:00","dateModified":"2022-08-27T17:26:58+00:00","mainEntityOfPage":{"@id":"https:\/\/www.africa-press.net\/benin\/toutes-les-actualites\/cour-supreme-le-recours-de-david-babalola-lex-dg-de-la-soneb-rejete"},"wordCount":287,"commentCount":0,"image":{"@id":"https:\/\/www.africa-press.net\/benin\/toutes-les-actualites\/cour-supreme-le-recours-de-david-babalola-lex-dg-de-la-soneb-rejete#primaryimage"},"thumbnailUrl":"https:\/\/static.africa-press.net\/benin\/sites\/46\/2022\/08\/postQueueImg_13-630a53a10affe.jpg","keywords":["Africa Press","Africa Press-Benin","B\u00e9nin"],"articleSection":["Communaut\u00e9","homepage-french","Toutes les actualit\u00e9s"],"inLanguage":"fr-FR","potentialAction":[{"@type":"CommentAction","name":"Comment","target":["https:\/\/www.africa-press.net\/benin\/toutes-les-actualites\/cour-supreme-le-recours-de-david-babalola-lex-dg-de-la-soneb-rejete#respond"]}]},{"@type":"WebPage","@id":"https:\/\/www.africa-press.net\/benin\/toutes-les-actualites\/cour-supreme-le-recours-de-david-babalola-lex-dg-de-la-soneb-rejete","url":"https:\/\/www.africa-press.net\/benin\/toutes-les-actualites\/cour-supreme-le-recours-de-david-babalola-lex-dg-de-la-soneb-rejete","name":"Cour supr\u00eame: le recours de David Babalola, l\u2019ex DG de la Soneb rejet\u00e9 - B\u00e9nin","isPartOf":{"@id":"https:\/\/www.africa-press.net\/benin\/#website"},"primaryImageOfPage":{"@id":"https:\/\/www.africa-press.net\/benin\/toutes-les-actualites\/cour-supreme-le-recours-de-david-babalola-lex-dg-de-la-soneb-rejete#primaryimage"},"image":{"@id":"https:\/\/www.africa-press.net\/benin\/toutes-les-actualites\/cour-supreme-le-recours-de-david-babalola-lex-dg-de-la-soneb-rejete#primaryimage"},"thumbnailUrl":"https:\/\/static.africa-press.net\/benin\/sites\/46\/2022\/08\/postQueueImg_13-630a53a10affe.jpg","datePublished":"2022-08-27T17:15:28+00:00","dateModified":"2022-08-27T17:26:58+00:00","author":{"@id":"https:\/\/www.africa-press.net\/benin\/#\/schema\/person\/2b1cf3cd81a31e3cd26889ca66d677f1"},"description":"Accus\u00e9 de d\u00e9tournement de deniers publics et condamn\u00e9 \u00e0 10 ans de prison, le recours de l\u2019ancien directeur g\u00e9n\u00e9ral de la ...","breadcrumb":{"@id":"https:\/\/www.africa-press.net\/benin\/toutes-les-actualites\/cour-supreme-le-recours-de-david-babalola-lex-dg-de-la-soneb-rejete#breadcrumb"},"inLanguage":"fr-FR","potentialAction":[{"@type":"ReadAction","target":["https:\/\/www.africa-press.net\/benin\/toutes-les-actualites\/cour-supreme-le-recours-de-david-babalola-lex-dg-de-la-soneb-rejete"]}]},{"@type":"ImageObject","inLanguage":"fr-FR","@id":"https:\/\/www.africa-press.net\/benin\/toutes-les-actualites\/cour-supreme-le-recours-de-david-babalola-lex-dg-de-la-soneb-rejete#primaryimage","url":"https:\/\/static.africa-press.net\/benin\/sites\/46\/2022\/08\/postQueueImg_13-630a53a10affe.jpg","contentUrl":"https:\/\/static.africa-press.net\/benin\/sites\/46\/2022\/08\/postQueueImg_13-630a53a10affe.jpg","width":1580,"height":832,"caption":"Cour supr\u00eame: le recours de David Babalola, l\u2019ex DG de la Soneb rejet\u00e9"},{"@type":"BreadcrumbList","@id":"https:\/\/www.africa-press.net\/benin\/toutes-les-actualites\/cour-supreme-le-recours-de-david-babalola-lex-dg-de-la-soneb-rejete#breadcrumb","itemListElement":[{"@type":"ListItem","position":1,"name":"Accueil","item":"https:\/\/www.africa-press.net\/benin\/"},{"@type":"ListItem","position":2,"name":"Cour supr\u00eame: le recours de David Babalola, l\u2019ex DG de la Soneb rejet\u00e9"}]},{"@type":"WebSite","@id":"https:\/\/www.africa-press.net\/benin\/#website","url":"https:\/\/www.africa-press.net\/benin\/","name":"B\u00e9nin","description":"Just another Africa News Agency Sites site","potentialAction":[{"@type":"SearchAction","target":{"@type":"EntryPoint","urlTemplate":"https:\/\/www.africa-press.net\/benin\/?s={search_term_string}"},"query-input":{"@type":"PropertyValueSpecification","valueRequired":true,"valueName":"search_term_string"}}],"inLanguage":"fr-FR"},{"@type":"Person","@id":"https:\/\/www.africa-press.net\/benin\/#\/schema\/person\/2b1cf3cd81a31e3cd26889ca66d677f1","name":"cfeditorfr"}]}},"_links":{"self":[{"href":"https:\/\/www.africa-press.net\/benin\/wp-json\/wp\/v2\/posts\/8327","targetHints":{"allow":["GET"]}}],"collection":[{"href":"https:\/\/www.africa-press.net\/benin\/wp-json\/wp\/v2\/posts"}],"about":[{"href":"https:\/\/www.africa-press.net\/benin\/wp-json\/wp\/v2\/types\/post"}],"author":[{"embeddable":true,"href":"https:\/\/www.africa-press.net\/benin\/wp-json\/wp\/v2\/users\/82"}],"replies":[{"embeddable":true,"href":"https:\/\/www.africa-press.net\/benin\/wp-json\/wp\/v2\/comments?post=8327"}],"version-history":[{"count":0,"href":"https:\/\/www.africa-press.net\/benin\/wp-json\/wp\/v2\/posts\/8327\/revisions"}],"wp:featuredmedia":[{"embeddable":true,"href":"https:\/\/www.africa-press.net\/benin\/wp-json\/wp\/v2\/media\/8326"}],"wp:attachment":[{"href":"https:\/\/www.africa-press.net\/benin\/wp-json\/wp\/v2\/media?parent=8327"}],"wp:term":[{"taxonomy":"category","embeddable":true,"href":"https:\/\/www.africa-press.net\/benin\/wp-json\/wp\/v2\/categories?post=8327"},{"taxonomy":"post_tag","embeddable":true,"href":"https:\/\/www.africa-press.net\/benin\/wp-json\/wp\/v2\/tags?post=8327"}],"curies":[{"name":"wp","href":"https:\/\/api.w.org\/{rel}","templated":true}]}}