{"id":8330,"date":"2022-08-27T17:15:37","date_gmt":"2022-08-27T17:15:37","guid":{"rendered":"https:\/\/www.africa-press.net\/benin\/politique\/benin-lag-elective-de-lupmb-reportee-pour-troubles-a-lordre-public"},"modified":"2022-08-27T17:27:41","modified_gmt":"2022-08-27T17:27:41","slug":"benin-lag-elective-de-lupmb-reportee-pour-troubles-a-lordre-public","status":"publish","type":"post","link":"https:\/\/www.africa-press.net\/benin\/politique\/benin-lag-elective-de-lupmb-reportee-pour-troubles-a-lordre-public","title":{"rendered":"B\u00e9nin: l\u2019AG \u00e9lective de l\u2019UPMB report\u00e9e pour \u00ab\u00a0troubles \u00e0 l\u2019ordre public\u00a0\u00bb"},"content":{"rendered":"<p><span style=\"color: #ff6600\"><strong>Africa-Press &#8211; Benin. <\/strong><\/span>Report de l\u2019Assembl\u00e9e G\u00e9n\u00e9rale \u00c9lective (AGE) de l\u2019Union des Professionnels des M\u00e9dias du B\u00e9nin (UPMB), pr\u00e9alablement programm\u00e9e pour ce samedi 27 ao\u00fbt 2022. La d\u00e9cision a \u00e9t\u00e9 prise par le Comit\u00e9 d\u2019organisation en raison d\u2019un courrier adress\u00e9 au commissariat central de Cotonou par le Collectif \u00ab Dynamisons l\u2019union \u00bb qui \u00e9voque des raisons de troubles \u00e0 l\u2019ordre public.<\/p>\n<p>\u00ab Un groupe de journalistes du Collectif Dynamisons l\u2019union, dans une correspondance adress\u00e9e au commissariat central de Cotonou, a demand\u00e9 l\u2019annulation de cette rencontre statutaire en \u00e9voquant des raisons de troubles \u00e0 l\u2019ordre public \u00bb, a avanc\u00e9 le Comit\u00e9 d\u2019organisation pour justifier le report. L\u2019Assembl\u00e9e G\u00e9n\u00e9rale \u00c9lective de l\u2019UPMB se tiendra donc d\u00e9sormais le jeudi 1er septembre 2022 \u00e0 la Maison des M\u00e9dias \u00e0 Cotonou.<\/p>\n<p>Le Comit\u00e9 d\u2019organisation en prenant acte de la d\u00e9nonciation de ce groupe de journalistes, rassure les membres de l\u2019UPBM que des dispositions administratives et s\u00e9curitaires seront prises pour la bonne tenue de l\u2019Assembl\u00e9e G\u00e9n\u00e9rale \u00c9lective. \u00ab Le Comit\u00e9 d\u2019organisation en appelle au calme et \u00e0 la s\u00e9r\u00e9nit\u00e9 de tous les membres de l\u2019UPMB \u00bb<\/p>\n<p><b>Trois listes en comp\u00e9tition<\/b><\/p>\n<p>Dans le cadre de l\u2019Assembl\u00e9e G\u00e9n\u00e9rale \u00c9lective, trois (03) listes de candidature sont en comp\u00e9tition pour prendre en main la gestion de l\u2019UPMB. Il s\u2019agit de la liste conduite par la pr\u00e9sidente sortante Zakiath Latoundji, de \u00ab Restaurer l\u2019Union \u00bb de Fortun\u00e9 Sossa et de \u00ab Dynamisons l\u2019union \u00bb de Josu\u00e9 Mehouenou.<\/p>\n<p><strong>Pour plus d&rsquo;informations et d&rsquo;analyses sur la <a href=\"https:\/\/www.africa-press.net\/benin\">Benin<\/a>, suivez <a href=\"https:\/\/www.africa-press.net\/\">Africa-Press<\/a><\/strong><\/p>\n","protected":false},"excerpt":{"rendered":"<p>Africa-Press &#8211; Benin. Report de l\u2019Assembl\u00e9e G\u00e9n\u00e9rale \u00c9lective (AGE) de l\u2019Union des Professionnels des M\u00e9dias du B\u00e9nin (UPMB), pr\u00e9alablement programm\u00e9e pour ce samedi 27 ao\u00fbt 2022. La d\u00e9cision a \u00e9t\u00e9 prise par le Comit\u00e9 d\u2019organisation en raison d\u2019un courrier adress\u00e9 au commissariat central de Cotonou par le Collectif \u00ab Dynamisons l\u2019union \u00bb qui \u00e9voque des [&hellip;]<\/p>\n","protected":false},"author":82,"featured_media":8329,"comment_status":"open","ping_status":"closed","sticky":false,"template":"","format":"standard","meta":{"footnotes":""},"categories":[11,2,10],"tags":[36,50,45],"class_list":["post-8330","post","type-post","status-publish","format-standard","has-post-thumbnail","hentry","category-homepage-french","category-politique","category-toutes-les-actualites","tag-africa-press","tag-africa-press-benin","tag-benin"],"yoast_head":"<!-- This site is optimized with the Yoast SEO Premium plugin v26.1 (Yoast SEO v27.0) - https:\/\/yoast.com\/product\/yoast-seo-premium-wordpress\/ -->\n<title>B\u00e9nin: l\u2019AG \u00e9lective de l\u2019UPMB report\u00e9e pour \u00ab\u00a0troubles \u00e0 l\u2019ordre public\u00a0\u00bb - B\u00e9nin<\/title>\n<meta name=\"description\" content=\"Report de l\u2019Assembl\u00e9e G\u00e9n\u00e9rale \u00c9lective (AGE) de l\u2019Union des Professionnels des M\u00e9dias du B\u00e9nin (UPMB), pr\u00e9alablement pr ...\" \/>\n<meta name=\"robots\" content=\"index, follow, max-snippet:-1, max-image-preview:large, max-video-preview:-1\" \/>\n<link rel=\"canonical\" href=\"https:\/\/www.africa-press.net\/benin\/politique\/benin-lag-elective-de-lupmb-reportee-pour-troubles-a-lordre-public\" \/>\n<meta property=\"og:locale\" content=\"fr_FR\" \/>\n<meta property=\"og:type\" content=\"article\" \/>\n<meta property=\"og:title\" content=\"B\u00e9nin: l\u2019AG \u00e9lective de l\u2019UPMB report\u00e9e pour \u00ab\u00a0troubles \u00e0 l\u2019ordre public\u00a0\u00bb\" \/>\n<meta property=\"og:description\" content=\"Report de l\u2019Assembl\u00e9e G\u00e9n\u00e9rale \u00c9lective (AGE) de l\u2019Union des Professionnels des M\u00e9dias du B\u00e9nin (UPMB), pr\u00e9alablement pr ...\" \/>\n<meta property=\"og:url\" content=\"https:\/\/www.africa-press.net\/benin\/politique\/benin-lag-elective-de-lupmb-reportee-pour-troubles-a-lordre-public\" \/>\n<meta property=\"og:site_name\" content=\"B\u00e9nin\" \/>\n<meta property=\"article:published_time\" content=\"2022-08-27T17:15:37+00:00\" \/>\n<meta property=\"article:modified_time\" content=\"2022-08-27T17:27:41+00:00\" \/>\n<meta property=\"og:image\" content=\"https:\/\/static.africa-press.net\/benin\/sites\/46\/2022\/08\/postQueueImg_14-630a53e72217f.jpg\" \/>\n\t<meta property=\"og:image:width\" content=\"1280\" \/>\n\t<meta property=\"og:image:height\" content=\"720\" \/>\n\t<meta property=\"og:image:type\" content=\"image\/jpeg\" \/>\n<meta name=\"author\" content=\"cfeditorfr\" \/>\n<meta name=\"twitter:card\" content=\"summary_large_image\" \/>\n<meta name=\"twitter:label1\" content=\"\u00c9crit par\" \/>\n\t<meta name=\"twitter:data1\" content=\"cfeditorfr\" \/>\n\t<meta name=\"twitter:label2\" content=\"Dur\u00e9e de lecture estim\u00e9e\" \/>\n\t<meta name=\"twitter:data2\" content=\"2 minutes\" \/>\n<script type=\"application\/ld+json\" class=\"yoast-schema-graph\">{\"@context\":\"https:\/\/schema.org\",\"@graph\":[{\"@type\":\"Article\",\"@id\":\"https:\/\/www.africa-press.net\/benin\/politique\/benin-lag-elective-de-lupmb-reportee-pour-troubles-a-lordre-public#article\",\"isPartOf\":{\"@id\":\"https:\/\/www.africa-press.net\/benin\/politique\/benin-lag-elective-de-lupmb-reportee-pour-troubles-a-lordre-public\"},\"author\":{\"name\":\"cfeditorfr\",\"@id\":\"https:\/\/www.africa-press.net\/benin\/#\/schema\/person\/2b1cf3cd81a31e3cd26889ca66d677f1\"},\"headline\":\"B\u00e9nin: l\u2019AG \u00e9lective de l\u2019UPMB report\u00e9e pour \u00ab\u00a0troubles \u00e0 l\u2019ordre public\u00a0\u00bb\",\"datePublished\":\"2022-08-27T17:15:37+00:00\",\"dateModified\":\"2022-08-27T17:27:41+00:00\",\"mainEntityOfPage\":{\"@id\":\"https:\/\/www.africa-press.net\/benin\/politique\/benin-lag-elective-de-lupmb-reportee-pour-troubles-a-lordre-public\"},\"wordCount\":294,\"commentCount\":0,\"image\":{\"@id\":\"https:\/\/www.africa-press.net\/benin\/politique\/benin-lag-elective-de-lupmb-reportee-pour-troubles-a-lordre-public#primaryimage\"},\"thumbnailUrl\":\"https:\/\/static.africa-press.net\/benin\/sites\/46\/2022\/08\/postQueueImg_14-630a53e72217f.jpg\",\"keywords\":[\"Africa Press\",\"Africa Press-Benin\",\"B\u00e9nin\"],\"articleSection\":[\"homepage-french\",\"Politique\",\"Toutes les actualit\u00e9s\"],\"inLanguage\":\"fr-FR\",\"potentialAction\":[{\"@type\":\"CommentAction\",\"name\":\"Comment\",\"target\":[\"https:\/\/www.africa-press.net\/benin\/politique\/benin-lag-elective-de-lupmb-reportee-pour-troubles-a-lordre-public#respond\"]}]},{\"@type\":\"WebPage\",\"@id\":\"https:\/\/www.africa-press.net\/benin\/politique\/benin-lag-elective-de-lupmb-reportee-pour-troubles-a-lordre-public\",\"url\":\"https:\/\/www.africa-press.net\/benin\/politique\/benin-lag-elective-de-lupmb-reportee-pour-troubles-a-lordre-public\",\"name\":\"B\u00e9nin: l\u2019AG \u00e9lective de l\u2019UPMB report\u00e9e pour \u00ab\u00a0troubles \u00e0 l\u2019ordre public\u00a0\u00bb - B\u00e9nin\",\"isPartOf\":{\"@id\":\"https:\/\/www.africa-press.net\/benin\/#website\"},\"primaryImageOfPage\":{\"@id\":\"https:\/\/www.africa-press.net\/benin\/politique\/benin-lag-elective-de-lupmb-reportee-pour-troubles-a-lordre-public#primaryimage\"},\"image\":{\"@id\":\"https:\/\/www.africa-press.net\/benin\/politique\/benin-lag-elective-de-lupmb-reportee-pour-troubles-a-lordre-public#primaryimage\"},\"thumbnailUrl\":\"https:\/\/static.africa-press.net\/benin\/sites\/46\/2022\/08\/postQueueImg_14-630a53e72217f.jpg\",\"datePublished\":\"2022-08-27T17:15:37+00:00\",\"dateModified\":\"2022-08-27T17:27:41+00:00\",\"author\":{\"@id\":\"https:\/\/www.africa-press.net\/benin\/#\/schema\/person\/2b1cf3cd81a31e3cd26889ca66d677f1\"},\"description\":\"Report de l\u2019Assembl\u00e9e G\u00e9n\u00e9rale \u00c9lective (AGE) de l\u2019Union des Professionnels des M\u00e9dias du B\u00e9nin (UPMB), pr\u00e9alablement pr ...\",\"breadcrumb\":{\"@id\":\"https:\/\/www.africa-press.net\/benin\/politique\/benin-lag-elective-de-lupmb-reportee-pour-troubles-a-lordre-public#breadcrumb\"},\"inLanguage\":\"fr-FR\",\"potentialAction\":[{\"@type\":\"ReadAction\",\"target\":[\"https:\/\/www.africa-press.net\/benin\/politique\/benin-lag-elective-de-lupmb-reportee-pour-troubles-a-lordre-public\"]}]},{\"@type\":\"ImageObject\",\"inLanguage\":\"fr-FR\",\"@id\":\"https:\/\/www.africa-press.net\/benin\/politique\/benin-lag-elective-de-lupmb-reportee-pour-troubles-a-lordre-public#primaryimage\",\"url\":\"https:\/\/static.africa-press.net\/benin\/sites\/46\/2022\/08\/postQueueImg_14-630a53e72217f.jpg\",\"contentUrl\":\"https:\/\/static.africa-press.net\/benin\/sites\/46\/2022\/08\/postQueueImg_14-630a53e72217f.jpg\",\"width\":1280,\"height\":720,\"caption\":\"B\u00e9nin: l\u2019AG \u00e9lective de l\u2019UPMB report\u00e9e pour \u00ab\u00a0troubles \u00e0 l\u2019ordre public\u00a0\u00bb\"},{\"@type\":\"BreadcrumbList\",\"@id\":\"https:\/\/www.africa-press.net\/benin\/politique\/benin-lag-elective-de-lupmb-reportee-pour-troubles-a-lordre-public#breadcrumb\",\"itemListElement\":[{\"@type\":\"ListItem\",\"position\":1,\"name\":\"Accueil\",\"item\":\"https:\/\/www.africa-press.net\/benin\/\"},{\"@type\":\"ListItem\",\"position\":2,\"name\":\"B\u00e9nin: l\u2019AG \u00e9lective de l\u2019UPMB report\u00e9e pour \u00ab\u00a0troubles \u00e0 l\u2019ordre public\u00a0\u00bb\"}]},{\"@type\":\"WebSite\",\"@id\":\"https:\/\/www.africa-press.net\/benin\/#website\",\"url\":\"https:\/\/www.africa-press.net\/benin\/\",\"name\":\"B\u00e9nin\",\"description\":\"Just another Africa News Agency Sites site\",\"potentialAction\":[{\"@type\":\"SearchAction\",\"target\":{\"@type\":\"EntryPoint\",\"urlTemplate\":\"https:\/\/www.africa-press.net\/benin\/?s={search_term_string}\"},\"query-input\":{\"@type\":\"PropertyValueSpecification\",\"valueRequired\":true,\"valueName\":\"search_term_string\"}}],\"inLanguage\":\"fr-FR\"},{\"@type\":\"Person\",\"@id\":\"https:\/\/www.africa-press.net\/benin\/#\/schema\/person\/2b1cf3cd81a31e3cd26889ca66d677f1\",\"name\":\"cfeditorfr\"}]}<\/script>\n<!-- \/ Yoast SEO Premium plugin. -->","yoast_head_json":{"title":"B\u00e9nin: l\u2019AG \u00e9lective de l\u2019UPMB report\u00e9e pour \u00ab\u00a0troubles \u00e0 l\u2019ordre public\u00a0\u00bb - B\u00e9nin","description":"Report de l\u2019Assembl\u00e9e G\u00e9n\u00e9rale \u00c9lective (AGE) de l\u2019Union des Professionnels des M\u00e9dias du B\u00e9nin (UPMB), pr\u00e9alablement pr ...","robots":{"index":"index","follow":"follow","max-snippet":"max-snippet:-1","max-image-preview":"max-image-preview:large","max-video-preview":"max-video-preview:-1"},"canonical":"https:\/\/www.africa-press.net\/benin\/politique\/benin-lag-elective-de-lupmb-reportee-pour-troubles-a-lordre-public","og_locale":"fr_FR","og_type":"article","og_title":"B\u00e9nin: l\u2019AG \u00e9lective de l\u2019UPMB report\u00e9e pour \u00ab\u00a0troubles \u00e0 l\u2019ordre public\u00a0\u00bb","og_description":"Report de l\u2019Assembl\u00e9e G\u00e9n\u00e9rale \u00c9lective (AGE) de l\u2019Union des Professionnels des M\u00e9dias du B\u00e9nin (UPMB), pr\u00e9alablement pr ...","og_url":"https:\/\/www.africa-press.net\/benin\/politique\/benin-lag-elective-de-lupmb-reportee-pour-troubles-a-lordre-public","og_site_name":"B\u00e9nin","article_published_time":"2022-08-27T17:15:37+00:00","article_modified_time":"2022-08-27T17:27:41+00:00","og_image":[{"width":1280,"height":720,"url":"https:\/\/static.africa-press.net\/benin\/sites\/46\/2022\/08\/postQueueImg_14-630a53e72217f.jpg","type":"image\/jpeg"}],"author":"cfeditorfr","twitter_card":"summary_large_image","twitter_misc":{"\u00c9crit par":"cfeditorfr","Dur\u00e9e de lecture estim\u00e9e":"2 minutes"},"schema":{"@context":"https:\/\/schema.org","@graph":[{"@type":"Article","@id":"https:\/\/www.africa-press.net\/benin\/politique\/benin-lag-elective-de-lupmb-reportee-pour-troubles-a-lordre-public#article","isPartOf":{"@id":"https:\/\/www.africa-press.net\/benin\/politique\/benin-lag-elective-de-lupmb-reportee-pour-troubles-a-lordre-public"},"author":{"name":"cfeditorfr","@id":"https:\/\/www.africa-press.net\/benin\/#\/schema\/person\/2b1cf3cd81a31e3cd26889ca66d677f1"},"headline":"B\u00e9nin: l\u2019AG \u00e9lective de l\u2019UPMB report\u00e9e pour \u00ab\u00a0troubles \u00e0 l\u2019ordre public\u00a0\u00bb","datePublished":"2022-08-27T17:15:37+00:00","dateModified":"2022-08-27T17:27:41+00:00","mainEntityOfPage":{"@id":"https:\/\/www.africa-press.net\/benin\/politique\/benin-lag-elective-de-lupmb-reportee-pour-troubles-a-lordre-public"},"wordCount":294,"commentCount":0,"image":{"@id":"https:\/\/www.africa-press.net\/benin\/politique\/benin-lag-elective-de-lupmb-reportee-pour-troubles-a-lordre-public#primaryimage"},"thumbnailUrl":"https:\/\/static.africa-press.net\/benin\/sites\/46\/2022\/08\/postQueueImg_14-630a53e72217f.jpg","keywords":["Africa Press","Africa Press-Benin","B\u00e9nin"],"articleSection":["homepage-french","Politique","Toutes les actualit\u00e9s"],"inLanguage":"fr-FR","potentialAction":[{"@type":"CommentAction","name":"Comment","target":["https:\/\/www.africa-press.net\/benin\/politique\/benin-lag-elective-de-lupmb-reportee-pour-troubles-a-lordre-public#respond"]}]},{"@type":"WebPage","@id":"https:\/\/www.africa-press.net\/benin\/politique\/benin-lag-elective-de-lupmb-reportee-pour-troubles-a-lordre-public","url":"https:\/\/www.africa-press.net\/benin\/politique\/benin-lag-elective-de-lupmb-reportee-pour-troubles-a-lordre-public","name":"B\u00e9nin: l\u2019AG \u00e9lective de l\u2019UPMB report\u00e9e pour \u00ab\u00a0troubles \u00e0 l\u2019ordre public\u00a0\u00bb - B\u00e9nin","isPartOf":{"@id":"https:\/\/www.africa-press.net\/benin\/#website"},"primaryImageOfPage":{"@id":"https:\/\/www.africa-press.net\/benin\/politique\/benin-lag-elective-de-lupmb-reportee-pour-troubles-a-lordre-public#primaryimage"},"image":{"@id":"https:\/\/www.africa-press.net\/benin\/politique\/benin-lag-elective-de-lupmb-reportee-pour-troubles-a-lordre-public#primaryimage"},"thumbnailUrl":"https:\/\/static.africa-press.net\/benin\/sites\/46\/2022\/08\/postQueueImg_14-630a53e72217f.jpg","datePublished":"2022-08-27T17:15:37+00:00","dateModified":"2022-08-27T17:27:41+00:00","author":{"@id":"https:\/\/www.africa-press.net\/benin\/#\/schema\/person\/2b1cf3cd81a31e3cd26889ca66d677f1"},"description":"Report de l\u2019Assembl\u00e9e G\u00e9n\u00e9rale \u00c9lective (AGE) de l\u2019Union des Professionnels des M\u00e9dias du B\u00e9nin (UPMB), pr\u00e9alablement pr ...","breadcrumb":{"@id":"https:\/\/www.africa-press.net\/benin\/politique\/benin-lag-elective-de-lupmb-reportee-pour-troubles-a-lordre-public#breadcrumb"},"inLanguage":"fr-FR","potentialAction":[{"@type":"ReadAction","target":["https:\/\/www.africa-press.net\/benin\/politique\/benin-lag-elective-de-lupmb-reportee-pour-troubles-a-lordre-public"]}]},{"@type":"ImageObject","inLanguage":"fr-FR","@id":"https:\/\/www.africa-press.net\/benin\/politique\/benin-lag-elective-de-lupmb-reportee-pour-troubles-a-lordre-public#primaryimage","url":"https:\/\/static.africa-press.net\/benin\/sites\/46\/2022\/08\/postQueueImg_14-630a53e72217f.jpg","contentUrl":"https:\/\/static.africa-press.net\/benin\/sites\/46\/2022\/08\/postQueueImg_14-630a53e72217f.jpg","width":1280,"height":720,"caption":"B\u00e9nin: l\u2019AG \u00e9lective de l\u2019UPMB report\u00e9e pour \u00ab\u00a0troubles \u00e0 l\u2019ordre public\u00a0\u00bb"},{"@type":"BreadcrumbList","@id":"https:\/\/www.africa-press.net\/benin\/politique\/benin-lag-elective-de-lupmb-reportee-pour-troubles-a-lordre-public#breadcrumb","itemListElement":[{"@type":"ListItem","position":1,"name":"Accueil","item":"https:\/\/www.africa-press.net\/benin\/"},{"@type":"ListItem","position":2,"name":"B\u00e9nin: l\u2019AG \u00e9lective de l\u2019UPMB report\u00e9e pour \u00ab\u00a0troubles \u00e0 l\u2019ordre public\u00a0\u00bb"}]},{"@type":"WebSite","@id":"https:\/\/www.africa-press.net\/benin\/#website","url":"https:\/\/www.africa-press.net\/benin\/","name":"B\u00e9nin","description":"Just another Africa News Agency Sites site","potentialAction":[{"@type":"SearchAction","target":{"@type":"EntryPoint","urlTemplate":"https:\/\/www.africa-press.net\/benin\/?s={search_term_string}"},"query-input":{"@type":"PropertyValueSpecification","valueRequired":true,"valueName":"search_term_string"}}],"inLanguage":"fr-FR"},{"@type":"Person","@id":"https:\/\/www.africa-press.net\/benin\/#\/schema\/person\/2b1cf3cd81a31e3cd26889ca66d677f1","name":"cfeditorfr"}]}},"_links":{"self":[{"href":"https:\/\/www.africa-press.net\/benin\/wp-json\/wp\/v2\/posts\/8330","targetHints":{"allow":["GET"]}}],"collection":[{"href":"https:\/\/www.africa-press.net\/benin\/wp-json\/wp\/v2\/posts"}],"about":[{"href":"https:\/\/www.africa-press.net\/benin\/wp-json\/wp\/v2\/types\/post"}],"author":[{"embeddable":true,"href":"https:\/\/www.africa-press.net\/benin\/wp-json\/wp\/v2\/users\/82"}],"replies":[{"embeddable":true,"href":"https:\/\/www.africa-press.net\/benin\/wp-json\/wp\/v2\/comments?post=8330"}],"version-history":[{"count":0,"href":"https:\/\/www.africa-press.net\/benin\/wp-json\/wp\/v2\/posts\/8330\/revisions"}],"wp:featuredmedia":[{"embeddable":true,"href":"https:\/\/www.africa-press.net\/benin\/wp-json\/wp\/v2\/media\/8329"}],"wp:attachment":[{"href":"https:\/\/www.africa-press.net\/benin\/wp-json\/wp\/v2\/media?parent=8330"}],"wp:term":[{"taxonomy":"category","embeddable":true,"href":"https:\/\/www.africa-press.net\/benin\/wp-json\/wp\/v2\/categories?post=8330"},{"taxonomy":"post_tag","embeddable":true,"href":"https:\/\/www.africa-press.net\/benin\/wp-json\/wp\/v2\/tags?post=8330"}],"curies":[{"name":"wp","href":"https:\/\/api.w.org\/{rel}","templated":true}]}}