{"id":8366,"date":"2022-08-29T16:47:02","date_gmt":"2022-08-29T16:47:02","guid":{"rendered":"https:\/\/www.africa-press.net\/benin\/politique\/benin-le-gouvernement-reprend-service-ce-lundi"},"modified":"2022-08-29T17:03:50","modified_gmt":"2022-08-29T17:03:50","slug":"benin-le-gouvernement-reprend-service-ce-lundi","status":"publish","type":"post","link":"https:\/\/www.africa-press.net\/benin\/politique\/benin-le-gouvernement-reprend-service-ce-lundi","title":{"rendered":"B\u00e9nin: le gouvernement reprend service ce lundi"},"content":{"rendered":"<p><span style=\"color: #ff6600\"><strong>Africa-Press &#8211; Benin. <\/strong><\/span>En cong\u00e9s depuis plusieurs jours, le gouvernement reprend service ce jour. Les ministres reprennent donc le chemin de leurs bureaux \u00e0 compter de ce lundi 29 ao\u00fbt 2022.<\/p>\n<p>Fin de cong\u00e9s pour les membres du gouvernement. Ils sont tous attendus au poste ce lundi pour reprendre en main la gestion des affaires de leurs d\u00e9partements minist\u00e9riels respectifs.<\/p>\n<p>Le Conseil des ministres du mercredi 31 ao\u00fbt 2022 s\u2019annonce probablement fastidieux. Les dossiers mis en attente pendant les cong\u00e9s seront certainement \u00e0 l\u2019ordre du jour.<\/p>\n<p>Le gouvernement va peut-\u00eatre se pencher tr\u00e8s t\u00f4t sur la rentr\u00e9e scolaire pr\u00e9vue pour le 20 septembre prochain et la grogne des syndicalistes. Les partenaires ont d\u00e9nonc\u00e9 la chert\u00e9 de la vie qui selon eux, r\u00e9siste aux mesures prises par le gouvernement.<\/p>\n<p><strong>Pour plus d&rsquo;informations et d&rsquo;analyses sur la <a href=\"https:\/\/www.africa-press.net\/benin\">Benin<\/a>, suivez <a href=\"https:\/\/www.africa-press.net\/\">Africa-Press<\/a><\/strong><\/p>\n","protected":false},"excerpt":{"rendered":"<p>Africa-Press &#8211; Benin. En cong\u00e9s depuis plusieurs jours, le gouvernement reprend service ce jour. Les ministres reprennent donc le chemin de leurs bureaux \u00e0 compter de ce lundi 29 ao\u00fbt 2022. Fin de cong\u00e9s pour les membres du gouvernement. Ils sont tous attendus au poste ce lundi pour reprendre en main la gestion des affaires [&hellip;]<\/p>\n","protected":false},"author":82,"featured_media":8365,"comment_status":"open","ping_status":"closed","sticky":false,"template":"","format":"standard","meta":{"footnotes":""},"categories":[11,2,10],"tags":[36,50,45],"class_list":["post-8366","post","type-post","status-publish","format-standard","has-post-thumbnail","hentry","category-homepage-french","category-politique","category-toutes-les-actualites","tag-africa-press","tag-africa-press-benin","tag-benin"],"yoast_head":"<!-- This site is optimized with the Yoast SEO Premium plugin v26.1 (Yoast SEO v27.0) - https:\/\/yoast.com\/product\/yoast-seo-premium-wordpress\/ -->\n<title>B\u00e9nin: le gouvernement reprend service ce lundi - B\u00e9nin<\/title>\n<meta name=\"description\" content=\"En cong\u00e9s depuis plusieurs jours, le gouvernement reprend service ce jour. Les ministres reprennent donc le chemin de le ...\" \/>\n<meta name=\"robots\" content=\"index, follow, max-snippet:-1, max-image-preview:large, max-video-preview:-1\" \/>\n<link rel=\"canonical\" href=\"https:\/\/www.africa-press.net\/benin\/politique\/benin-le-gouvernement-reprend-service-ce-lundi\" \/>\n<meta property=\"og:locale\" content=\"fr_FR\" \/>\n<meta property=\"og:type\" content=\"article\" \/>\n<meta property=\"og:title\" content=\"B\u00e9nin: le gouvernement reprend service ce lundi\" \/>\n<meta property=\"og:description\" content=\"En cong\u00e9s depuis plusieurs jours, le gouvernement reprend service ce jour. Les ministres reprennent donc le chemin de le ...\" \/>\n<meta property=\"og:url\" content=\"https:\/\/www.africa-press.net\/benin\/politique\/benin-le-gouvernement-reprend-service-ce-lundi\" \/>\n<meta property=\"og:site_name\" content=\"B\u00e9nin\" \/>\n<meta property=\"article:published_time\" content=\"2022-08-29T16:47:02+00:00\" \/>\n<meta property=\"article:modified_time\" content=\"2022-08-29T17:03:50+00:00\" \/>\n<meta property=\"og:image\" content=\"https:\/\/static.africa-press.net\/benin\/sites\/46\/2022\/08\/postQueueImg_19-630cf157198ff.jpg\" \/>\n\t<meta property=\"og:image:width\" content=\"1520\" \/>\n\t<meta property=\"og:image:height\" content=\"1013\" \/>\n\t<meta property=\"og:image:type\" content=\"image\/jpeg\" \/>\n<meta name=\"author\" content=\"cfeditorfr\" \/>\n<meta name=\"twitter:card\" content=\"summary_large_image\" \/>\n<meta name=\"twitter:label1\" content=\"\u00c9crit par\" \/>\n\t<meta name=\"twitter:data1\" content=\"cfeditorfr\" \/>\n\t<meta name=\"twitter:label2\" content=\"Dur\u00e9e de lecture estim\u00e9e\" \/>\n\t<meta name=\"twitter:data2\" content=\"1 minute\" \/>\n<script type=\"application\/ld+json\" class=\"yoast-schema-graph\">{\"@context\":\"https:\/\/schema.org\",\"@graph\":[{\"@type\":\"Article\",\"@id\":\"https:\/\/www.africa-press.net\/benin\/politique\/benin-le-gouvernement-reprend-service-ce-lundi#article\",\"isPartOf\":{\"@id\":\"https:\/\/www.africa-press.net\/benin\/politique\/benin-le-gouvernement-reprend-service-ce-lundi\"},\"author\":{\"name\":\"cfeditorfr\",\"@id\":\"https:\/\/www.africa-press.net\/benin\/#\/schema\/person\/2b1cf3cd81a31e3cd26889ca66d677f1\"},\"headline\":\"B\u00e9nin: le gouvernement reprend service ce lundi\",\"datePublished\":\"2022-08-29T16:47:02+00:00\",\"dateModified\":\"2022-08-29T17:03:50+00:00\",\"mainEntityOfPage\":{\"@id\":\"https:\/\/www.africa-press.net\/benin\/politique\/benin-le-gouvernement-reprend-service-ce-lundi\"},\"wordCount\":157,\"commentCount\":0,\"image\":{\"@id\":\"https:\/\/www.africa-press.net\/benin\/politique\/benin-le-gouvernement-reprend-service-ce-lundi#primaryimage\"},\"thumbnailUrl\":\"https:\/\/static.africa-press.net\/benin\/sites\/46\/2022\/08\/postQueueImg_19-630cf157198ff.jpg\",\"keywords\":[\"Africa Press\",\"Africa Press-Benin\",\"B\u00e9nin\"],\"articleSection\":[\"homepage-french\",\"Politique\",\"Toutes les actualit\u00e9s\"],\"inLanguage\":\"fr-FR\",\"potentialAction\":[{\"@type\":\"CommentAction\",\"name\":\"Comment\",\"target\":[\"https:\/\/www.africa-press.net\/benin\/politique\/benin-le-gouvernement-reprend-service-ce-lundi#respond\"]}]},{\"@type\":\"WebPage\",\"@id\":\"https:\/\/www.africa-press.net\/benin\/politique\/benin-le-gouvernement-reprend-service-ce-lundi\",\"url\":\"https:\/\/www.africa-press.net\/benin\/politique\/benin-le-gouvernement-reprend-service-ce-lundi\",\"name\":\"B\u00e9nin: le gouvernement reprend service ce lundi - B\u00e9nin\",\"isPartOf\":{\"@id\":\"https:\/\/www.africa-press.net\/benin\/#website\"},\"primaryImageOfPage\":{\"@id\":\"https:\/\/www.africa-press.net\/benin\/politique\/benin-le-gouvernement-reprend-service-ce-lundi#primaryimage\"},\"image\":{\"@id\":\"https:\/\/www.africa-press.net\/benin\/politique\/benin-le-gouvernement-reprend-service-ce-lundi#primaryimage\"},\"thumbnailUrl\":\"https:\/\/static.africa-press.net\/benin\/sites\/46\/2022\/08\/postQueueImg_19-630cf157198ff.jpg\",\"datePublished\":\"2022-08-29T16:47:02+00:00\",\"dateModified\":\"2022-08-29T17:03:50+00:00\",\"author\":{\"@id\":\"https:\/\/www.africa-press.net\/benin\/#\/schema\/person\/2b1cf3cd81a31e3cd26889ca66d677f1\"},\"description\":\"En cong\u00e9s depuis plusieurs jours, le gouvernement reprend service ce jour. Les ministres reprennent donc le chemin de le ...\",\"breadcrumb\":{\"@id\":\"https:\/\/www.africa-press.net\/benin\/politique\/benin-le-gouvernement-reprend-service-ce-lundi#breadcrumb\"},\"inLanguage\":\"fr-FR\",\"potentialAction\":[{\"@type\":\"ReadAction\",\"target\":[\"https:\/\/www.africa-press.net\/benin\/politique\/benin-le-gouvernement-reprend-service-ce-lundi\"]}]},{\"@type\":\"ImageObject\",\"inLanguage\":\"fr-FR\",\"@id\":\"https:\/\/www.africa-press.net\/benin\/politique\/benin-le-gouvernement-reprend-service-ce-lundi#primaryimage\",\"url\":\"https:\/\/static.africa-press.net\/benin\/sites\/46\/2022\/08\/postQueueImg_19-630cf157198ff.jpg\",\"contentUrl\":\"https:\/\/static.africa-press.net\/benin\/sites\/46\/2022\/08\/postQueueImg_19-630cf157198ff.jpg\",\"width\":1520,\"height\":1013,\"caption\":\"B\u00e9nin: le gouvernement reprend service ce lundi\"},{\"@type\":\"BreadcrumbList\",\"@id\":\"https:\/\/www.africa-press.net\/benin\/politique\/benin-le-gouvernement-reprend-service-ce-lundi#breadcrumb\",\"itemListElement\":[{\"@type\":\"ListItem\",\"position\":1,\"name\":\"Accueil\",\"item\":\"https:\/\/www.africa-press.net\/benin\/\"},{\"@type\":\"ListItem\",\"position\":2,\"name\":\"B\u00e9nin: le gouvernement reprend service ce lundi\"}]},{\"@type\":\"WebSite\",\"@id\":\"https:\/\/www.africa-press.net\/benin\/#website\",\"url\":\"https:\/\/www.africa-press.net\/benin\/\",\"name\":\"B\u00e9nin\",\"description\":\"Just another Africa News Agency Sites site\",\"potentialAction\":[{\"@type\":\"SearchAction\",\"target\":{\"@type\":\"EntryPoint\",\"urlTemplate\":\"https:\/\/www.africa-press.net\/benin\/?s={search_term_string}\"},\"query-input\":{\"@type\":\"PropertyValueSpecification\",\"valueRequired\":true,\"valueName\":\"search_term_string\"}}],\"inLanguage\":\"fr-FR\"},{\"@type\":\"Person\",\"@id\":\"https:\/\/www.africa-press.net\/benin\/#\/schema\/person\/2b1cf3cd81a31e3cd26889ca66d677f1\",\"name\":\"cfeditorfr\"}]}<\/script>\n<!-- \/ Yoast SEO Premium plugin. -->","yoast_head_json":{"title":"B\u00e9nin: le gouvernement reprend service ce lundi - B\u00e9nin","description":"En cong\u00e9s depuis plusieurs jours, le gouvernement reprend service ce jour. Les ministres reprennent donc le chemin de le ...","robots":{"index":"index","follow":"follow","max-snippet":"max-snippet:-1","max-image-preview":"max-image-preview:large","max-video-preview":"max-video-preview:-1"},"canonical":"https:\/\/www.africa-press.net\/benin\/politique\/benin-le-gouvernement-reprend-service-ce-lundi","og_locale":"fr_FR","og_type":"article","og_title":"B\u00e9nin: le gouvernement reprend service ce lundi","og_description":"En cong\u00e9s depuis plusieurs jours, le gouvernement reprend service ce jour. Les ministres reprennent donc le chemin de le ...","og_url":"https:\/\/www.africa-press.net\/benin\/politique\/benin-le-gouvernement-reprend-service-ce-lundi","og_site_name":"B\u00e9nin","article_published_time":"2022-08-29T16:47:02+00:00","article_modified_time":"2022-08-29T17:03:50+00:00","og_image":[{"width":1520,"height":1013,"url":"https:\/\/static.africa-press.net\/benin\/sites\/46\/2022\/08\/postQueueImg_19-630cf157198ff.jpg","type":"image\/jpeg"}],"author":"cfeditorfr","twitter_card":"summary_large_image","twitter_misc":{"\u00c9crit par":"cfeditorfr","Dur\u00e9e de lecture estim\u00e9e":"1 minute"},"schema":{"@context":"https:\/\/schema.org","@graph":[{"@type":"Article","@id":"https:\/\/www.africa-press.net\/benin\/politique\/benin-le-gouvernement-reprend-service-ce-lundi#article","isPartOf":{"@id":"https:\/\/www.africa-press.net\/benin\/politique\/benin-le-gouvernement-reprend-service-ce-lundi"},"author":{"name":"cfeditorfr","@id":"https:\/\/www.africa-press.net\/benin\/#\/schema\/person\/2b1cf3cd81a31e3cd26889ca66d677f1"},"headline":"B\u00e9nin: le gouvernement reprend service ce lundi","datePublished":"2022-08-29T16:47:02+00:00","dateModified":"2022-08-29T17:03:50+00:00","mainEntityOfPage":{"@id":"https:\/\/www.africa-press.net\/benin\/politique\/benin-le-gouvernement-reprend-service-ce-lundi"},"wordCount":157,"commentCount":0,"image":{"@id":"https:\/\/www.africa-press.net\/benin\/politique\/benin-le-gouvernement-reprend-service-ce-lundi#primaryimage"},"thumbnailUrl":"https:\/\/static.africa-press.net\/benin\/sites\/46\/2022\/08\/postQueueImg_19-630cf157198ff.jpg","keywords":["Africa Press","Africa Press-Benin","B\u00e9nin"],"articleSection":["homepage-french","Politique","Toutes les actualit\u00e9s"],"inLanguage":"fr-FR","potentialAction":[{"@type":"CommentAction","name":"Comment","target":["https:\/\/www.africa-press.net\/benin\/politique\/benin-le-gouvernement-reprend-service-ce-lundi#respond"]}]},{"@type":"WebPage","@id":"https:\/\/www.africa-press.net\/benin\/politique\/benin-le-gouvernement-reprend-service-ce-lundi","url":"https:\/\/www.africa-press.net\/benin\/politique\/benin-le-gouvernement-reprend-service-ce-lundi","name":"B\u00e9nin: le gouvernement reprend service ce lundi - B\u00e9nin","isPartOf":{"@id":"https:\/\/www.africa-press.net\/benin\/#website"},"primaryImageOfPage":{"@id":"https:\/\/www.africa-press.net\/benin\/politique\/benin-le-gouvernement-reprend-service-ce-lundi#primaryimage"},"image":{"@id":"https:\/\/www.africa-press.net\/benin\/politique\/benin-le-gouvernement-reprend-service-ce-lundi#primaryimage"},"thumbnailUrl":"https:\/\/static.africa-press.net\/benin\/sites\/46\/2022\/08\/postQueueImg_19-630cf157198ff.jpg","datePublished":"2022-08-29T16:47:02+00:00","dateModified":"2022-08-29T17:03:50+00:00","author":{"@id":"https:\/\/www.africa-press.net\/benin\/#\/schema\/person\/2b1cf3cd81a31e3cd26889ca66d677f1"},"description":"En cong\u00e9s depuis plusieurs jours, le gouvernement reprend service ce jour. Les ministres reprennent donc le chemin de le ...","breadcrumb":{"@id":"https:\/\/www.africa-press.net\/benin\/politique\/benin-le-gouvernement-reprend-service-ce-lundi#breadcrumb"},"inLanguage":"fr-FR","potentialAction":[{"@type":"ReadAction","target":["https:\/\/www.africa-press.net\/benin\/politique\/benin-le-gouvernement-reprend-service-ce-lundi"]}]},{"@type":"ImageObject","inLanguage":"fr-FR","@id":"https:\/\/www.africa-press.net\/benin\/politique\/benin-le-gouvernement-reprend-service-ce-lundi#primaryimage","url":"https:\/\/static.africa-press.net\/benin\/sites\/46\/2022\/08\/postQueueImg_19-630cf157198ff.jpg","contentUrl":"https:\/\/static.africa-press.net\/benin\/sites\/46\/2022\/08\/postQueueImg_19-630cf157198ff.jpg","width":1520,"height":1013,"caption":"B\u00e9nin: le gouvernement reprend service ce lundi"},{"@type":"BreadcrumbList","@id":"https:\/\/www.africa-press.net\/benin\/politique\/benin-le-gouvernement-reprend-service-ce-lundi#breadcrumb","itemListElement":[{"@type":"ListItem","position":1,"name":"Accueil","item":"https:\/\/www.africa-press.net\/benin\/"},{"@type":"ListItem","position":2,"name":"B\u00e9nin: le gouvernement reprend service ce lundi"}]},{"@type":"WebSite","@id":"https:\/\/www.africa-press.net\/benin\/#website","url":"https:\/\/www.africa-press.net\/benin\/","name":"B\u00e9nin","description":"Just another Africa News Agency Sites site","potentialAction":[{"@type":"SearchAction","target":{"@type":"EntryPoint","urlTemplate":"https:\/\/www.africa-press.net\/benin\/?s={search_term_string}"},"query-input":{"@type":"PropertyValueSpecification","valueRequired":true,"valueName":"search_term_string"}}],"inLanguage":"fr-FR"},{"@type":"Person","@id":"https:\/\/www.africa-press.net\/benin\/#\/schema\/person\/2b1cf3cd81a31e3cd26889ca66d677f1","name":"cfeditorfr"}]}},"_links":{"self":[{"href":"https:\/\/www.africa-press.net\/benin\/wp-json\/wp\/v2\/posts\/8366","targetHints":{"allow":["GET"]}}],"collection":[{"href":"https:\/\/www.africa-press.net\/benin\/wp-json\/wp\/v2\/posts"}],"about":[{"href":"https:\/\/www.africa-press.net\/benin\/wp-json\/wp\/v2\/types\/post"}],"author":[{"embeddable":true,"href":"https:\/\/www.africa-press.net\/benin\/wp-json\/wp\/v2\/users\/82"}],"replies":[{"embeddable":true,"href":"https:\/\/www.africa-press.net\/benin\/wp-json\/wp\/v2\/comments?post=8366"}],"version-history":[{"count":0,"href":"https:\/\/www.africa-press.net\/benin\/wp-json\/wp\/v2\/posts\/8366\/revisions"}],"wp:featuredmedia":[{"embeddable":true,"href":"https:\/\/www.africa-press.net\/benin\/wp-json\/wp\/v2\/media\/8365"}],"wp:attachment":[{"href":"https:\/\/www.africa-press.net\/benin\/wp-json\/wp\/v2\/media?parent=8366"}],"wp:term":[{"taxonomy":"category","embeddable":true,"href":"https:\/\/www.africa-press.net\/benin\/wp-json\/wp\/v2\/categories?post=8366"},{"taxonomy":"post_tag","embeddable":true,"href":"https:\/\/www.africa-press.net\/benin\/wp-json\/wp\/v2\/tags?post=8366"}],"curies":[{"name":"wp","href":"https:\/\/api.w.org\/{rel}","templated":true}]}}