{"id":8369,"date":"2022-08-29T16:47:09","date_gmt":"2022-08-29T16:47:09","guid":{"rendered":"https:\/\/www.africa-press.net\/benin\/politique\/joseph-djogbenou-et-valentin-aditi-houde-le-rapprochement-se-dessine"},"modified":"2022-08-29T17:04:25","modified_gmt":"2022-08-29T17:04:25","slug":"joseph-djogbenou-et-valentin-aditi-houde-le-rapprochement-se-dessine","status":"publish","type":"post","link":"https:\/\/www.africa-press.net\/benin\/politique\/joseph-djogbenou-et-valentin-aditi-houde-le-rapprochement-se-dessine","title":{"rendered":"Joseph Djogb\u00e9nou et Valentin Aditi Houd\u00e9: le rapprochement se dessine"},"content":{"rendered":"<p><span style=\"color: #ff6600\"><strong>Africa-Press &#8211; Benin. <\/strong><\/span>L\u2019information du rapprochement du pr\u00e9sident du parti DUD \u00e0 la mouvance au pouvoir se confirme de plus en plus. Ce weekend, le pr\u00e9sident du parti union progressiste le renouveau, le professeur Joseph Djogb\u00e9nou est per\u00e7u aux c\u00f4t\u00e9s du pr\u00e9sident de la Dynamique unitaire pour le d\u00e9veloppement, Valentin Aditi Houd\u00e9.<\/p>\n<p>Il y a quelques jours, des m\u00e9dias locaux ont annonc\u00e9 que le parti Dynamique unitaire pour le d\u00e9veloppement (DUD) de Valentin Aditi Houd\u00e9 se pr\u00e9pare pour entrer dans l\u2019un des deux blocs politiques soutenant l\u2019action du chef de l\u2019Etat. La rumeur se confirme de plus en plus et le parti de l\u2019ancien questeur de l\u2019assembl\u00e9e nationale va bient\u00f4t rallier le parti union progressiste le renouveau n\u00e9 de la fusion du PRD et de l\u2019UP.<\/p>\n<p>Selon des indiscr\u00e9tions, les discussions ont beaucoup \u00e9volu\u00e9 entre les responsables des deux partis politiques. C\u2019est peut-\u00eatre ce qui justifie la pr\u00e9sence le dimanche 28 Ao\u00fbt 2022, du professeur Joseph Djogb\u00e9nou et plusieurs autres membres du bureau politique du parti union progressiste le renouveau aux c\u00f4t\u00e9s du pr\u00e9sident de la DUD, l\u2019honorable Valentin Aditi Houd\u00e9.<\/p>\n<p>C\u2019\u00e9tait \u00e0 l\u2019occasion de la messe d\u2019action de gr\u00e2ce de la 7\u00e8me \u00e9dition de ZEXWE organis\u00e9e dans le cadre de la f\u00eate des retrouvailles des fils et filles de la commune de Z\u00e8, commune native de Valentin Houd\u00e9. Au cours de cette f\u00eate identitaire, l\u2019ex questeur de l\u2019assembl\u00e9e nationale septi\u00e8me l\u00e9gislature \u00e9tait entour\u00e9 des responsables du parti UPR. Une image qui parle encore plus fort que les indiscr\u00e9tions et qui veut simplement dire que les discussions sont quasi finies et que le parti de Valentin Houd\u00e9 est entrain de rompre les amarres avec l\u2019opposition pour faire son entr\u00e9e dans la mouvance au pouvoir.<\/p>\n<p>Ainsi, apr\u00e8s le d\u00e9partement de l\u2019Ou\u00e9m\u00e9 et du Plateau avec le ralliement du PRD et de l\u2019ancien maire de la Commune d\u2019Adja-Ou\u00e8r\u00e8, c\u2019est l\u2019axe de la sixi\u00e8me circonscription \u00e9lectorale que le professeur Joseph Djogb\u00e9nou est entrain de conqu\u00e9rir avec l\u2019entr\u00e9e prochaine du parti de valentin Houd\u00e9 \u00e0 la mouvance.<\/p>\n<p>Faut-il le rappeler, le parti de Valentin Houd\u00e9 avait rat\u00e9 les rendez-vous des \u00e9lections l\u00e9gislatives de 2019 et les \u00e9lections communales et municipales de 2020 et figure donc sur la liste des partis politiques menac\u00e9s de disparition au regard de certaines dispositions de la nouvelle loi sur les partis politiques.<\/p>\n<p><strong>Pour plus d&rsquo;informations et d&rsquo;analyses sur la <a href=\"https:\/\/www.africa-press.net\/benin\">Benin<\/a>, suivez <a href=\"https:\/\/www.africa-press.net\/\">Africa-Press<\/a><\/strong><\/p>\n","protected":false},"excerpt":{"rendered":"<p>Africa-Press &#8211; Benin. L\u2019information du rapprochement du pr\u00e9sident du parti DUD \u00e0 la mouvance au pouvoir se confirme de plus en plus. Ce weekend, le pr\u00e9sident du parti union progressiste le renouveau, le professeur Joseph Djogb\u00e9nou est per\u00e7u aux c\u00f4t\u00e9s du pr\u00e9sident de la Dynamique unitaire pour le d\u00e9veloppement, Valentin Aditi Houd\u00e9. Il y a [&hellip;]<\/p>\n","protected":false},"author":82,"featured_media":8368,"comment_status":"open","ping_status":"closed","sticky":false,"template":"","format":"standard","meta":{"footnotes":""},"categories":[11,4,2,10],"tags":[36,50,45],"class_list":["post-8369","post","type-post","status-publish","format-standard","has-post-thumbnail","hentry","category-homepage-french","category-parties","category-politique","category-toutes-les-actualites","tag-africa-press","tag-africa-press-benin","tag-benin"],"yoast_head":"<!-- This site is optimized with the Yoast SEO Premium plugin v26.1 (Yoast SEO v27.0) - https:\/\/yoast.com\/product\/yoast-seo-premium-wordpress\/ -->\n<title>Joseph Djogb\u00e9nou et Valentin Aditi Houd\u00e9: le rapprochement se dessine - B\u00e9nin<\/title>\n<meta name=\"description\" content=\"L\u2019information du rapprochement du pr\u00e9sident du parti DUD \u00e0 la mouvance au pouvoir se confirme de plus en plus. Ce weeken ...\" \/>\n<meta name=\"robots\" content=\"index, follow, max-snippet:-1, max-image-preview:large, max-video-preview:-1\" \/>\n<link rel=\"canonical\" href=\"https:\/\/www.africa-press.net\/benin\/politique\/joseph-djogbenou-et-valentin-aditi-houde-le-rapprochement-se-dessine\" \/>\n<meta property=\"og:locale\" content=\"fr_FR\" \/>\n<meta property=\"og:type\" content=\"article\" \/>\n<meta property=\"og:title\" content=\"Joseph Djogb\u00e9nou et Valentin Aditi Houd\u00e9: le rapprochement se dessine\" \/>\n<meta property=\"og:description\" content=\"L\u2019information du rapprochement du pr\u00e9sident du parti DUD \u00e0 la mouvance au pouvoir se confirme de plus en plus. Ce weeken ...\" \/>\n<meta property=\"og:url\" content=\"https:\/\/www.africa-press.net\/benin\/politique\/joseph-djogbenou-et-valentin-aditi-houde-le-rapprochement-se-dessine\" \/>\n<meta property=\"og:site_name\" content=\"B\u00e9nin\" \/>\n<meta property=\"article:published_time\" content=\"2022-08-29T16:47:09+00:00\" \/>\n<meta property=\"article:modified_time\" content=\"2022-08-29T17:04:25+00:00\" \/>\n<meta property=\"og:image\" content=\"https:\/\/static.africa-press.net\/benin\/sites\/46\/2022\/08\/postQueueImg_20-630cf17d5c4aa.jpg\" \/>\n\t<meta property=\"og:image:width\" content=\"1200\" \/>\n\t<meta property=\"og:image:height\" content=\"675\" \/>\n\t<meta property=\"og:image:type\" content=\"image\/jpeg\" \/>\n<meta name=\"author\" content=\"cfeditorfr\" \/>\n<meta name=\"twitter:card\" content=\"summary_large_image\" \/>\n<meta name=\"twitter:label1\" content=\"\u00c9crit par\" \/>\n\t<meta name=\"twitter:data1\" content=\"cfeditorfr\" \/>\n\t<meta name=\"twitter:label2\" content=\"Dur\u00e9e de lecture estim\u00e9e\" \/>\n\t<meta name=\"twitter:data2\" content=\"3 minutes\" \/>\n<script type=\"application\/ld+json\" class=\"yoast-schema-graph\">{\"@context\":\"https:\/\/schema.org\",\"@graph\":[{\"@type\":\"Article\",\"@id\":\"https:\/\/www.africa-press.net\/benin\/politique\/joseph-djogbenou-et-valentin-aditi-houde-le-rapprochement-se-dessine#article\",\"isPartOf\":{\"@id\":\"https:\/\/www.africa-press.net\/benin\/politique\/joseph-djogbenou-et-valentin-aditi-houde-le-rapprochement-se-dessine\"},\"author\":{\"name\":\"cfeditorfr\",\"@id\":\"https:\/\/www.africa-press.net\/benin\/#\/schema\/person\/2b1cf3cd81a31e3cd26889ca66d677f1\"},\"headline\":\"Joseph Djogb\u00e9nou et Valentin Aditi Houd\u00e9: le rapprochement se dessine\",\"datePublished\":\"2022-08-29T16:47:09+00:00\",\"dateModified\":\"2022-08-29T17:04:25+00:00\",\"mainEntityOfPage\":{\"@id\":\"https:\/\/www.africa-press.net\/benin\/politique\/joseph-djogbenou-et-valentin-aditi-houde-le-rapprochement-se-dessine\"},\"wordCount\":460,\"commentCount\":0,\"image\":{\"@id\":\"https:\/\/www.africa-press.net\/benin\/politique\/joseph-djogbenou-et-valentin-aditi-houde-le-rapprochement-se-dessine#primaryimage\"},\"thumbnailUrl\":\"https:\/\/static.africa-press.net\/benin\/sites\/46\/2022\/08\/postQueueImg_20-630cf17d5c4aa.jpg\",\"keywords\":[\"Africa Press\",\"Africa Press-Benin\",\"B\u00e9nin\"],\"articleSection\":[\"homepage-french\",\"Parties\",\"Politique\",\"Toutes les actualit\u00e9s\"],\"inLanguage\":\"fr-FR\",\"potentialAction\":[{\"@type\":\"CommentAction\",\"name\":\"Comment\",\"target\":[\"https:\/\/www.africa-press.net\/benin\/politique\/joseph-djogbenou-et-valentin-aditi-houde-le-rapprochement-se-dessine#respond\"]}]},{\"@type\":\"WebPage\",\"@id\":\"https:\/\/www.africa-press.net\/benin\/politique\/joseph-djogbenou-et-valentin-aditi-houde-le-rapprochement-se-dessine\",\"url\":\"https:\/\/www.africa-press.net\/benin\/politique\/joseph-djogbenou-et-valentin-aditi-houde-le-rapprochement-se-dessine\",\"name\":\"Joseph Djogb\u00e9nou et Valentin Aditi Houd\u00e9: le rapprochement se dessine - B\u00e9nin\",\"isPartOf\":{\"@id\":\"https:\/\/www.africa-press.net\/benin\/#website\"},\"primaryImageOfPage\":{\"@id\":\"https:\/\/www.africa-press.net\/benin\/politique\/joseph-djogbenou-et-valentin-aditi-houde-le-rapprochement-se-dessine#primaryimage\"},\"image\":{\"@id\":\"https:\/\/www.africa-press.net\/benin\/politique\/joseph-djogbenou-et-valentin-aditi-houde-le-rapprochement-se-dessine#primaryimage\"},\"thumbnailUrl\":\"https:\/\/static.africa-press.net\/benin\/sites\/46\/2022\/08\/postQueueImg_20-630cf17d5c4aa.jpg\",\"datePublished\":\"2022-08-29T16:47:09+00:00\",\"dateModified\":\"2022-08-29T17:04:25+00:00\",\"author\":{\"@id\":\"https:\/\/www.africa-press.net\/benin\/#\/schema\/person\/2b1cf3cd81a31e3cd26889ca66d677f1\"},\"description\":\"L\u2019information du rapprochement du pr\u00e9sident du parti DUD \u00e0 la mouvance au pouvoir se confirme de plus en plus. Ce weeken ...\",\"breadcrumb\":{\"@id\":\"https:\/\/www.africa-press.net\/benin\/politique\/joseph-djogbenou-et-valentin-aditi-houde-le-rapprochement-se-dessine#breadcrumb\"},\"inLanguage\":\"fr-FR\",\"potentialAction\":[{\"@type\":\"ReadAction\",\"target\":[\"https:\/\/www.africa-press.net\/benin\/politique\/joseph-djogbenou-et-valentin-aditi-houde-le-rapprochement-se-dessine\"]}]},{\"@type\":\"ImageObject\",\"inLanguage\":\"fr-FR\",\"@id\":\"https:\/\/www.africa-press.net\/benin\/politique\/joseph-djogbenou-et-valentin-aditi-houde-le-rapprochement-se-dessine#primaryimage\",\"url\":\"https:\/\/static.africa-press.net\/benin\/sites\/46\/2022\/08\/postQueueImg_20-630cf17d5c4aa.jpg\",\"contentUrl\":\"https:\/\/static.africa-press.net\/benin\/sites\/46\/2022\/08\/postQueueImg_20-630cf17d5c4aa.jpg\",\"width\":1200,\"height\":675,\"caption\":\"Joseph Djogb\u00e9nou et Valentin Aditi Houd\u00e9: le rapprochement se dessine\"},{\"@type\":\"BreadcrumbList\",\"@id\":\"https:\/\/www.africa-press.net\/benin\/politique\/joseph-djogbenou-et-valentin-aditi-houde-le-rapprochement-se-dessine#breadcrumb\",\"itemListElement\":[{\"@type\":\"ListItem\",\"position\":1,\"name\":\"Accueil\",\"item\":\"https:\/\/www.africa-press.net\/benin\/\"},{\"@type\":\"ListItem\",\"position\":2,\"name\":\"Joseph Djogb\u00e9nou et Valentin Aditi Houd\u00e9: le rapprochement se dessine\"}]},{\"@type\":\"WebSite\",\"@id\":\"https:\/\/www.africa-press.net\/benin\/#website\",\"url\":\"https:\/\/www.africa-press.net\/benin\/\",\"name\":\"B\u00e9nin\",\"description\":\"Just another Africa News Agency Sites site\",\"potentialAction\":[{\"@type\":\"SearchAction\",\"target\":{\"@type\":\"EntryPoint\",\"urlTemplate\":\"https:\/\/www.africa-press.net\/benin\/?s={search_term_string}\"},\"query-input\":{\"@type\":\"PropertyValueSpecification\",\"valueRequired\":true,\"valueName\":\"search_term_string\"}}],\"inLanguage\":\"fr-FR\"},{\"@type\":\"Person\",\"@id\":\"https:\/\/www.africa-press.net\/benin\/#\/schema\/person\/2b1cf3cd81a31e3cd26889ca66d677f1\",\"name\":\"cfeditorfr\"}]}<\/script>\n<!-- \/ Yoast SEO Premium plugin. -->","yoast_head_json":{"title":"Joseph Djogb\u00e9nou et Valentin Aditi Houd\u00e9: le rapprochement se dessine - B\u00e9nin","description":"L\u2019information du rapprochement du pr\u00e9sident du parti DUD \u00e0 la mouvance au pouvoir se confirme de plus en plus. Ce weeken ...","robots":{"index":"index","follow":"follow","max-snippet":"max-snippet:-1","max-image-preview":"max-image-preview:large","max-video-preview":"max-video-preview:-1"},"canonical":"https:\/\/www.africa-press.net\/benin\/politique\/joseph-djogbenou-et-valentin-aditi-houde-le-rapprochement-se-dessine","og_locale":"fr_FR","og_type":"article","og_title":"Joseph Djogb\u00e9nou et Valentin Aditi Houd\u00e9: le rapprochement se dessine","og_description":"L\u2019information du rapprochement du pr\u00e9sident du parti DUD \u00e0 la mouvance au pouvoir se confirme de plus en plus. Ce weeken ...","og_url":"https:\/\/www.africa-press.net\/benin\/politique\/joseph-djogbenou-et-valentin-aditi-houde-le-rapprochement-se-dessine","og_site_name":"B\u00e9nin","article_published_time":"2022-08-29T16:47:09+00:00","article_modified_time":"2022-08-29T17:04:25+00:00","og_image":[{"width":1200,"height":675,"url":"https:\/\/static.africa-press.net\/benin\/sites\/46\/2022\/08\/postQueueImg_20-630cf17d5c4aa.jpg","type":"image\/jpeg"}],"author":"cfeditorfr","twitter_card":"summary_large_image","twitter_misc":{"\u00c9crit par":"cfeditorfr","Dur\u00e9e de lecture estim\u00e9e":"3 minutes"},"schema":{"@context":"https:\/\/schema.org","@graph":[{"@type":"Article","@id":"https:\/\/www.africa-press.net\/benin\/politique\/joseph-djogbenou-et-valentin-aditi-houde-le-rapprochement-se-dessine#article","isPartOf":{"@id":"https:\/\/www.africa-press.net\/benin\/politique\/joseph-djogbenou-et-valentin-aditi-houde-le-rapprochement-se-dessine"},"author":{"name":"cfeditorfr","@id":"https:\/\/www.africa-press.net\/benin\/#\/schema\/person\/2b1cf3cd81a31e3cd26889ca66d677f1"},"headline":"Joseph Djogb\u00e9nou et Valentin Aditi Houd\u00e9: le rapprochement se dessine","datePublished":"2022-08-29T16:47:09+00:00","dateModified":"2022-08-29T17:04:25+00:00","mainEntityOfPage":{"@id":"https:\/\/www.africa-press.net\/benin\/politique\/joseph-djogbenou-et-valentin-aditi-houde-le-rapprochement-se-dessine"},"wordCount":460,"commentCount":0,"image":{"@id":"https:\/\/www.africa-press.net\/benin\/politique\/joseph-djogbenou-et-valentin-aditi-houde-le-rapprochement-se-dessine#primaryimage"},"thumbnailUrl":"https:\/\/static.africa-press.net\/benin\/sites\/46\/2022\/08\/postQueueImg_20-630cf17d5c4aa.jpg","keywords":["Africa Press","Africa Press-Benin","B\u00e9nin"],"articleSection":["homepage-french","Parties","Politique","Toutes les actualit\u00e9s"],"inLanguage":"fr-FR","potentialAction":[{"@type":"CommentAction","name":"Comment","target":["https:\/\/www.africa-press.net\/benin\/politique\/joseph-djogbenou-et-valentin-aditi-houde-le-rapprochement-se-dessine#respond"]}]},{"@type":"WebPage","@id":"https:\/\/www.africa-press.net\/benin\/politique\/joseph-djogbenou-et-valentin-aditi-houde-le-rapprochement-se-dessine","url":"https:\/\/www.africa-press.net\/benin\/politique\/joseph-djogbenou-et-valentin-aditi-houde-le-rapprochement-se-dessine","name":"Joseph Djogb\u00e9nou et Valentin Aditi Houd\u00e9: le rapprochement se dessine - B\u00e9nin","isPartOf":{"@id":"https:\/\/www.africa-press.net\/benin\/#website"},"primaryImageOfPage":{"@id":"https:\/\/www.africa-press.net\/benin\/politique\/joseph-djogbenou-et-valentin-aditi-houde-le-rapprochement-se-dessine#primaryimage"},"image":{"@id":"https:\/\/www.africa-press.net\/benin\/politique\/joseph-djogbenou-et-valentin-aditi-houde-le-rapprochement-se-dessine#primaryimage"},"thumbnailUrl":"https:\/\/static.africa-press.net\/benin\/sites\/46\/2022\/08\/postQueueImg_20-630cf17d5c4aa.jpg","datePublished":"2022-08-29T16:47:09+00:00","dateModified":"2022-08-29T17:04:25+00:00","author":{"@id":"https:\/\/www.africa-press.net\/benin\/#\/schema\/person\/2b1cf3cd81a31e3cd26889ca66d677f1"},"description":"L\u2019information du rapprochement du pr\u00e9sident du parti DUD \u00e0 la mouvance au pouvoir se confirme de plus en plus. Ce weeken ...","breadcrumb":{"@id":"https:\/\/www.africa-press.net\/benin\/politique\/joseph-djogbenou-et-valentin-aditi-houde-le-rapprochement-se-dessine#breadcrumb"},"inLanguage":"fr-FR","potentialAction":[{"@type":"ReadAction","target":["https:\/\/www.africa-press.net\/benin\/politique\/joseph-djogbenou-et-valentin-aditi-houde-le-rapprochement-se-dessine"]}]},{"@type":"ImageObject","inLanguage":"fr-FR","@id":"https:\/\/www.africa-press.net\/benin\/politique\/joseph-djogbenou-et-valentin-aditi-houde-le-rapprochement-se-dessine#primaryimage","url":"https:\/\/static.africa-press.net\/benin\/sites\/46\/2022\/08\/postQueueImg_20-630cf17d5c4aa.jpg","contentUrl":"https:\/\/static.africa-press.net\/benin\/sites\/46\/2022\/08\/postQueueImg_20-630cf17d5c4aa.jpg","width":1200,"height":675,"caption":"Joseph Djogb\u00e9nou et Valentin Aditi Houd\u00e9: le rapprochement se dessine"},{"@type":"BreadcrumbList","@id":"https:\/\/www.africa-press.net\/benin\/politique\/joseph-djogbenou-et-valentin-aditi-houde-le-rapprochement-se-dessine#breadcrumb","itemListElement":[{"@type":"ListItem","position":1,"name":"Accueil","item":"https:\/\/www.africa-press.net\/benin\/"},{"@type":"ListItem","position":2,"name":"Joseph Djogb\u00e9nou et Valentin Aditi Houd\u00e9: le rapprochement se dessine"}]},{"@type":"WebSite","@id":"https:\/\/www.africa-press.net\/benin\/#website","url":"https:\/\/www.africa-press.net\/benin\/","name":"B\u00e9nin","description":"Just another Africa News Agency Sites site","potentialAction":[{"@type":"SearchAction","target":{"@type":"EntryPoint","urlTemplate":"https:\/\/www.africa-press.net\/benin\/?s={search_term_string}"},"query-input":{"@type":"PropertyValueSpecification","valueRequired":true,"valueName":"search_term_string"}}],"inLanguage":"fr-FR"},{"@type":"Person","@id":"https:\/\/www.africa-press.net\/benin\/#\/schema\/person\/2b1cf3cd81a31e3cd26889ca66d677f1","name":"cfeditorfr"}]}},"_links":{"self":[{"href":"https:\/\/www.africa-press.net\/benin\/wp-json\/wp\/v2\/posts\/8369","targetHints":{"allow":["GET"]}}],"collection":[{"href":"https:\/\/www.africa-press.net\/benin\/wp-json\/wp\/v2\/posts"}],"about":[{"href":"https:\/\/www.africa-press.net\/benin\/wp-json\/wp\/v2\/types\/post"}],"author":[{"embeddable":true,"href":"https:\/\/www.africa-press.net\/benin\/wp-json\/wp\/v2\/users\/82"}],"replies":[{"embeddable":true,"href":"https:\/\/www.africa-press.net\/benin\/wp-json\/wp\/v2\/comments?post=8369"}],"version-history":[{"count":0,"href":"https:\/\/www.africa-press.net\/benin\/wp-json\/wp\/v2\/posts\/8369\/revisions"}],"wp:featuredmedia":[{"embeddable":true,"href":"https:\/\/www.africa-press.net\/benin\/wp-json\/wp\/v2\/media\/8368"}],"wp:attachment":[{"href":"https:\/\/www.africa-press.net\/benin\/wp-json\/wp\/v2\/media?parent=8369"}],"wp:term":[{"taxonomy":"category","embeddable":true,"href":"https:\/\/www.africa-press.net\/benin\/wp-json\/wp\/v2\/categories?post=8369"},{"taxonomy":"post_tag","embeddable":true,"href":"https:\/\/www.africa-press.net\/benin\/wp-json\/wp\/v2\/tags?post=8369"}],"curies":[{"name":"wp","href":"https:\/\/api.w.org\/{rel}","templated":true}]}}