{"id":8372,"date":"2022-08-29T16:47:21","date_gmt":"2022-08-29T16:47:21","guid":{"rendered":"https:\/\/www.africa-press.net\/benin\/politique\/rentree-2022-2023-liste-officielle-des-fournitures-scolaires"},"modified":"2022-08-29T17:05:05","modified_gmt":"2022-08-29T17:05:05","slug":"rentree-2022-2023-liste-officielle-des-fournitures-scolaires","status":"publish","type":"post","link":"https:\/\/www.africa-press.net\/benin\/toutes-les-actualites\/rentree-2022-2023-liste-officielle-des-fournitures-scolaires","title":{"rendered":"Rentr\u00e9e 2022-2023: liste officielle des fournitures scolaires"},"content":{"rendered":"<p><span style=\"color: #ff6600\"><strong>Africa-Press &#8211; Benin. <\/strong><\/span>La rentr\u00e9e scolaire et universitaire 2022-2023 aura lieu selon le calendrier officiel, le 19 Septembre prochain sauf une \u00e9ventuelle modification de derni\u00e8re heure. La liste officielle des fournitures scolaires dans le cadre de cette nouvelle rentr\u00e9e est d\u00e9j\u00e0 rendue publique.<\/p>\n<p>Les autorit\u00e9s b\u00e9ninoises ont rendu public la liste des fournitures scolaires au programme pour le compte de l\u2019ann\u00e9e scolaire et acad\u00e9mique 2022-2023. Selon le calendrier de la programmation des activit\u00e9s p\u00e9dagogiques sorti par les minist\u00e8res en charges des trois ordres de l\u2019\u00e9ducation, la prochaine rentr\u00e9e des classes est fix\u00e9e au 19 Septembre.<\/p>\n<p>Au titre de cette ann\u00e9e scolaire et acad\u00e9mique, les ouvrages inscrits au programme et la liste des fournitures scolaires par promotion se pr\u00e9sentent comme suit :<\/p>\n<p>Liste des fournitures scolaires\u2026<\/p>\n<p><strong>Pour plus d&rsquo;informations et d&rsquo;analyses sur la <a href=\"https:\/\/www.africa-press.net\/benin\">Benin<\/a>, suivez <a href=\"https:\/\/www.africa-press.net\/\">Africa-Press<\/a><\/strong><\/p>\n","protected":false},"excerpt":{"rendered":"<p>Africa-Press &#8211; Benin. La rentr\u00e9e scolaire et universitaire 2022-2023 aura lieu selon le calendrier officiel, le 19 Septembre prochain sauf une \u00e9ventuelle modification de derni\u00e8re heure. La liste officielle des fournitures scolaires dans le cadre de cette nouvelle rentr\u00e9e est d\u00e9j\u00e0 rendue publique. Les autorit\u00e9s b\u00e9ninoises ont rendu public la liste des fournitures scolaires au [&hellip;]<\/p>\n","protected":false},"author":82,"featured_media":8371,"comment_status":"open","ping_status":"closed","sticky":false,"template":"","format":"standard","meta":{"footnotes":""},"categories":[21,11,10],"tags":[36,50,45],"class_list":["post-8372","post","type-post","status-publish","format-standard","has-post-thumbnail","hentry","category-communaute","category-homepage-french","category-toutes-les-actualites","tag-africa-press","tag-africa-press-benin","tag-benin"],"yoast_head":"<!-- This site is optimized with the Yoast SEO Premium plugin v26.1 (Yoast SEO v27.0) - https:\/\/yoast.com\/product\/yoast-seo-premium-wordpress\/ -->\n<title>Rentr\u00e9e 2022-2023: liste officielle des fournitures scolaires - B\u00e9nin<\/title>\n<meta name=\"description\" content=\"La rentr\u00e9e scolaire et universitaire 2022-2023 aura lieu selon le calendrier officiel, le 19 Septembre prochain sauf une ...\" \/>\n<meta name=\"robots\" content=\"index, follow, max-snippet:-1, max-image-preview:large, max-video-preview:-1\" \/>\n<link rel=\"canonical\" href=\"https:\/\/www.africa-press.net\/benin\/toutes-les-actualites\/rentree-2022-2023-liste-officielle-des-fournitures-scolaires\" \/>\n<meta property=\"og:locale\" content=\"fr_FR\" \/>\n<meta property=\"og:type\" content=\"article\" \/>\n<meta property=\"og:title\" content=\"Rentr\u00e9e 2022-2023: liste officielle des fournitures scolaires\" \/>\n<meta property=\"og:description\" content=\"La rentr\u00e9e scolaire et universitaire 2022-2023 aura lieu selon le calendrier officiel, le 19 Septembre prochain sauf une ...\" \/>\n<meta property=\"og:url\" content=\"https:\/\/www.africa-press.net\/benin\/toutes-les-actualites\/rentree-2022-2023-liste-officielle-des-fournitures-scolaires\" \/>\n<meta property=\"og:site_name\" content=\"B\u00e9nin\" \/>\n<meta property=\"article:published_time\" content=\"2022-08-29T16:47:21+00:00\" \/>\n<meta property=\"article:modified_time\" content=\"2022-08-29T17:05:05+00:00\" \/>\n<meta property=\"og:image\" content=\"https:\/\/static.africa-press.net\/benin\/sites\/46\/2022\/08\/postQueueImg_21-630cf19ff061c.jpg\" \/>\n\t<meta property=\"og:image:width\" content=\"1280\" \/>\n\t<meta property=\"og:image:height\" content=\"720\" \/>\n\t<meta property=\"og:image:type\" content=\"image\/jpeg\" \/>\n<meta name=\"author\" content=\"cfeditorfr\" \/>\n<meta name=\"twitter:card\" content=\"summary_large_image\" \/>\n<meta name=\"twitter:label1\" content=\"\u00c9crit par\" \/>\n\t<meta name=\"twitter:data1\" content=\"cfeditorfr\" \/>\n\t<meta name=\"twitter:label2\" content=\"Dur\u00e9e de lecture estim\u00e9e\" \/>\n\t<meta name=\"twitter:data2\" content=\"1 minute\" \/>\n<script type=\"application\/ld+json\" class=\"yoast-schema-graph\">{\"@context\":\"https:\/\/schema.org\",\"@graph\":[{\"@type\":\"Article\",\"@id\":\"https:\/\/www.africa-press.net\/benin\/toutes-les-actualites\/rentree-2022-2023-liste-officielle-des-fournitures-scolaires#article\",\"isPartOf\":{\"@id\":\"https:\/\/www.africa-press.net\/benin\/toutes-les-actualites\/rentree-2022-2023-liste-officielle-des-fournitures-scolaires\"},\"author\":{\"name\":\"cfeditorfr\",\"@id\":\"https:\/\/www.africa-press.net\/benin\/#\/schema\/person\/2b1cf3cd81a31e3cd26889ca66d677f1\"},\"headline\":\"Rentr\u00e9e 2022-2023: liste officielle des fournitures scolaires\",\"datePublished\":\"2022-08-29T16:47:21+00:00\",\"dateModified\":\"2022-08-29T17:05:05+00:00\",\"mainEntityOfPage\":{\"@id\":\"https:\/\/www.africa-press.net\/benin\/toutes-les-actualites\/rentree-2022-2023-liste-officielle-des-fournitures-scolaires\"},\"wordCount\":160,\"commentCount\":0,\"image\":{\"@id\":\"https:\/\/www.africa-press.net\/benin\/toutes-les-actualites\/rentree-2022-2023-liste-officielle-des-fournitures-scolaires#primaryimage\"},\"thumbnailUrl\":\"https:\/\/static.africa-press.net\/benin\/sites\/46\/2022\/08\/postQueueImg_21-630cf19ff061c.jpg\",\"keywords\":[\"Africa Press\",\"Africa Press-Benin\",\"B\u00e9nin\"],\"articleSection\":[\"Communaut\u00e9\",\"homepage-french\",\"Toutes les actualit\u00e9s\"],\"inLanguage\":\"fr-FR\",\"potentialAction\":[{\"@type\":\"CommentAction\",\"name\":\"Comment\",\"target\":[\"https:\/\/www.africa-press.net\/benin\/toutes-les-actualites\/rentree-2022-2023-liste-officielle-des-fournitures-scolaires#respond\"]}]},{\"@type\":\"WebPage\",\"@id\":\"https:\/\/www.africa-press.net\/benin\/toutes-les-actualites\/rentree-2022-2023-liste-officielle-des-fournitures-scolaires\",\"url\":\"https:\/\/www.africa-press.net\/benin\/toutes-les-actualites\/rentree-2022-2023-liste-officielle-des-fournitures-scolaires\",\"name\":\"Rentr\u00e9e 2022-2023: liste officielle des fournitures scolaires - B\u00e9nin\",\"isPartOf\":{\"@id\":\"https:\/\/www.africa-press.net\/benin\/#website\"},\"primaryImageOfPage\":{\"@id\":\"https:\/\/www.africa-press.net\/benin\/toutes-les-actualites\/rentree-2022-2023-liste-officielle-des-fournitures-scolaires#primaryimage\"},\"image\":{\"@id\":\"https:\/\/www.africa-press.net\/benin\/toutes-les-actualites\/rentree-2022-2023-liste-officielle-des-fournitures-scolaires#primaryimage\"},\"thumbnailUrl\":\"https:\/\/static.africa-press.net\/benin\/sites\/46\/2022\/08\/postQueueImg_21-630cf19ff061c.jpg\",\"datePublished\":\"2022-08-29T16:47:21+00:00\",\"dateModified\":\"2022-08-29T17:05:05+00:00\",\"author\":{\"@id\":\"https:\/\/www.africa-press.net\/benin\/#\/schema\/person\/2b1cf3cd81a31e3cd26889ca66d677f1\"},\"description\":\"La rentr\u00e9e scolaire et universitaire 2022-2023 aura lieu selon le calendrier officiel, le 19 Septembre prochain sauf une ...\",\"breadcrumb\":{\"@id\":\"https:\/\/www.africa-press.net\/benin\/toutes-les-actualites\/rentree-2022-2023-liste-officielle-des-fournitures-scolaires#breadcrumb\"},\"inLanguage\":\"fr-FR\",\"potentialAction\":[{\"@type\":\"ReadAction\",\"target\":[\"https:\/\/www.africa-press.net\/benin\/toutes-les-actualites\/rentree-2022-2023-liste-officielle-des-fournitures-scolaires\"]}]},{\"@type\":\"ImageObject\",\"inLanguage\":\"fr-FR\",\"@id\":\"https:\/\/www.africa-press.net\/benin\/toutes-les-actualites\/rentree-2022-2023-liste-officielle-des-fournitures-scolaires#primaryimage\",\"url\":\"https:\/\/static.africa-press.net\/benin\/sites\/46\/2022\/08\/postQueueImg_21-630cf19ff061c.jpg\",\"contentUrl\":\"https:\/\/static.africa-press.net\/benin\/sites\/46\/2022\/08\/postQueueImg_21-630cf19ff061c.jpg\",\"width\":1280,\"height\":720,\"caption\":\"Rentr\u00e9e 2022-2023: liste officielle des fournitures scolaires\"},{\"@type\":\"BreadcrumbList\",\"@id\":\"https:\/\/www.africa-press.net\/benin\/toutes-les-actualites\/rentree-2022-2023-liste-officielle-des-fournitures-scolaires#breadcrumb\",\"itemListElement\":[{\"@type\":\"ListItem\",\"position\":1,\"name\":\"Accueil\",\"item\":\"https:\/\/www.africa-press.net\/benin\/\"},{\"@type\":\"ListItem\",\"position\":2,\"name\":\"Rentr\u00e9e 2022-2023: liste officielle des fournitures scolaires\"}]},{\"@type\":\"WebSite\",\"@id\":\"https:\/\/www.africa-press.net\/benin\/#website\",\"url\":\"https:\/\/www.africa-press.net\/benin\/\",\"name\":\"B\u00e9nin\",\"description\":\"Just another Africa News Agency Sites site\",\"potentialAction\":[{\"@type\":\"SearchAction\",\"target\":{\"@type\":\"EntryPoint\",\"urlTemplate\":\"https:\/\/www.africa-press.net\/benin\/?s={search_term_string}\"},\"query-input\":{\"@type\":\"PropertyValueSpecification\",\"valueRequired\":true,\"valueName\":\"search_term_string\"}}],\"inLanguage\":\"fr-FR\"},{\"@type\":\"Person\",\"@id\":\"https:\/\/www.africa-press.net\/benin\/#\/schema\/person\/2b1cf3cd81a31e3cd26889ca66d677f1\",\"name\":\"cfeditorfr\"}]}<\/script>\n<!-- \/ Yoast SEO Premium plugin. -->","yoast_head_json":{"title":"Rentr\u00e9e 2022-2023: liste officielle des fournitures scolaires - B\u00e9nin","description":"La rentr\u00e9e scolaire et universitaire 2022-2023 aura lieu selon le calendrier officiel, le 19 Septembre prochain sauf une ...","robots":{"index":"index","follow":"follow","max-snippet":"max-snippet:-1","max-image-preview":"max-image-preview:large","max-video-preview":"max-video-preview:-1"},"canonical":"https:\/\/www.africa-press.net\/benin\/toutes-les-actualites\/rentree-2022-2023-liste-officielle-des-fournitures-scolaires","og_locale":"fr_FR","og_type":"article","og_title":"Rentr\u00e9e 2022-2023: liste officielle des fournitures scolaires","og_description":"La rentr\u00e9e scolaire et universitaire 2022-2023 aura lieu selon le calendrier officiel, le 19 Septembre prochain sauf une ...","og_url":"https:\/\/www.africa-press.net\/benin\/toutes-les-actualites\/rentree-2022-2023-liste-officielle-des-fournitures-scolaires","og_site_name":"B\u00e9nin","article_published_time":"2022-08-29T16:47:21+00:00","article_modified_time":"2022-08-29T17:05:05+00:00","og_image":[{"width":1280,"height":720,"url":"https:\/\/static.africa-press.net\/benin\/sites\/46\/2022\/08\/postQueueImg_21-630cf19ff061c.jpg","type":"image\/jpeg"}],"author":"cfeditorfr","twitter_card":"summary_large_image","twitter_misc":{"\u00c9crit par":"cfeditorfr","Dur\u00e9e de lecture estim\u00e9e":"1 minute"},"schema":{"@context":"https:\/\/schema.org","@graph":[{"@type":"Article","@id":"https:\/\/www.africa-press.net\/benin\/toutes-les-actualites\/rentree-2022-2023-liste-officielle-des-fournitures-scolaires#article","isPartOf":{"@id":"https:\/\/www.africa-press.net\/benin\/toutes-les-actualites\/rentree-2022-2023-liste-officielle-des-fournitures-scolaires"},"author":{"name":"cfeditorfr","@id":"https:\/\/www.africa-press.net\/benin\/#\/schema\/person\/2b1cf3cd81a31e3cd26889ca66d677f1"},"headline":"Rentr\u00e9e 2022-2023: liste officielle des fournitures scolaires","datePublished":"2022-08-29T16:47:21+00:00","dateModified":"2022-08-29T17:05:05+00:00","mainEntityOfPage":{"@id":"https:\/\/www.africa-press.net\/benin\/toutes-les-actualites\/rentree-2022-2023-liste-officielle-des-fournitures-scolaires"},"wordCount":160,"commentCount":0,"image":{"@id":"https:\/\/www.africa-press.net\/benin\/toutes-les-actualites\/rentree-2022-2023-liste-officielle-des-fournitures-scolaires#primaryimage"},"thumbnailUrl":"https:\/\/static.africa-press.net\/benin\/sites\/46\/2022\/08\/postQueueImg_21-630cf19ff061c.jpg","keywords":["Africa Press","Africa Press-Benin","B\u00e9nin"],"articleSection":["Communaut\u00e9","homepage-french","Toutes les actualit\u00e9s"],"inLanguage":"fr-FR","potentialAction":[{"@type":"CommentAction","name":"Comment","target":["https:\/\/www.africa-press.net\/benin\/toutes-les-actualites\/rentree-2022-2023-liste-officielle-des-fournitures-scolaires#respond"]}]},{"@type":"WebPage","@id":"https:\/\/www.africa-press.net\/benin\/toutes-les-actualites\/rentree-2022-2023-liste-officielle-des-fournitures-scolaires","url":"https:\/\/www.africa-press.net\/benin\/toutes-les-actualites\/rentree-2022-2023-liste-officielle-des-fournitures-scolaires","name":"Rentr\u00e9e 2022-2023: liste officielle des fournitures scolaires - B\u00e9nin","isPartOf":{"@id":"https:\/\/www.africa-press.net\/benin\/#website"},"primaryImageOfPage":{"@id":"https:\/\/www.africa-press.net\/benin\/toutes-les-actualites\/rentree-2022-2023-liste-officielle-des-fournitures-scolaires#primaryimage"},"image":{"@id":"https:\/\/www.africa-press.net\/benin\/toutes-les-actualites\/rentree-2022-2023-liste-officielle-des-fournitures-scolaires#primaryimage"},"thumbnailUrl":"https:\/\/static.africa-press.net\/benin\/sites\/46\/2022\/08\/postQueueImg_21-630cf19ff061c.jpg","datePublished":"2022-08-29T16:47:21+00:00","dateModified":"2022-08-29T17:05:05+00:00","author":{"@id":"https:\/\/www.africa-press.net\/benin\/#\/schema\/person\/2b1cf3cd81a31e3cd26889ca66d677f1"},"description":"La rentr\u00e9e scolaire et universitaire 2022-2023 aura lieu selon le calendrier officiel, le 19 Septembre prochain sauf une ...","breadcrumb":{"@id":"https:\/\/www.africa-press.net\/benin\/toutes-les-actualites\/rentree-2022-2023-liste-officielle-des-fournitures-scolaires#breadcrumb"},"inLanguage":"fr-FR","potentialAction":[{"@type":"ReadAction","target":["https:\/\/www.africa-press.net\/benin\/toutes-les-actualites\/rentree-2022-2023-liste-officielle-des-fournitures-scolaires"]}]},{"@type":"ImageObject","inLanguage":"fr-FR","@id":"https:\/\/www.africa-press.net\/benin\/toutes-les-actualites\/rentree-2022-2023-liste-officielle-des-fournitures-scolaires#primaryimage","url":"https:\/\/static.africa-press.net\/benin\/sites\/46\/2022\/08\/postQueueImg_21-630cf19ff061c.jpg","contentUrl":"https:\/\/static.africa-press.net\/benin\/sites\/46\/2022\/08\/postQueueImg_21-630cf19ff061c.jpg","width":1280,"height":720,"caption":"Rentr\u00e9e 2022-2023: liste officielle des fournitures scolaires"},{"@type":"BreadcrumbList","@id":"https:\/\/www.africa-press.net\/benin\/toutes-les-actualites\/rentree-2022-2023-liste-officielle-des-fournitures-scolaires#breadcrumb","itemListElement":[{"@type":"ListItem","position":1,"name":"Accueil","item":"https:\/\/www.africa-press.net\/benin\/"},{"@type":"ListItem","position":2,"name":"Rentr\u00e9e 2022-2023: liste officielle des fournitures scolaires"}]},{"@type":"WebSite","@id":"https:\/\/www.africa-press.net\/benin\/#website","url":"https:\/\/www.africa-press.net\/benin\/","name":"B\u00e9nin","description":"Just another Africa News Agency Sites site","potentialAction":[{"@type":"SearchAction","target":{"@type":"EntryPoint","urlTemplate":"https:\/\/www.africa-press.net\/benin\/?s={search_term_string}"},"query-input":{"@type":"PropertyValueSpecification","valueRequired":true,"valueName":"search_term_string"}}],"inLanguage":"fr-FR"},{"@type":"Person","@id":"https:\/\/www.africa-press.net\/benin\/#\/schema\/person\/2b1cf3cd81a31e3cd26889ca66d677f1","name":"cfeditorfr"}]}},"_links":{"self":[{"href":"https:\/\/www.africa-press.net\/benin\/wp-json\/wp\/v2\/posts\/8372","targetHints":{"allow":["GET"]}}],"collection":[{"href":"https:\/\/www.africa-press.net\/benin\/wp-json\/wp\/v2\/posts"}],"about":[{"href":"https:\/\/www.africa-press.net\/benin\/wp-json\/wp\/v2\/types\/post"}],"author":[{"embeddable":true,"href":"https:\/\/www.africa-press.net\/benin\/wp-json\/wp\/v2\/users\/82"}],"replies":[{"embeddable":true,"href":"https:\/\/www.africa-press.net\/benin\/wp-json\/wp\/v2\/comments?post=8372"}],"version-history":[{"count":0,"href":"https:\/\/www.africa-press.net\/benin\/wp-json\/wp\/v2\/posts\/8372\/revisions"}],"wp:featuredmedia":[{"embeddable":true,"href":"https:\/\/www.africa-press.net\/benin\/wp-json\/wp\/v2\/media\/8371"}],"wp:attachment":[{"href":"https:\/\/www.africa-press.net\/benin\/wp-json\/wp\/v2\/media?parent=8372"}],"wp:term":[{"taxonomy":"category","embeddable":true,"href":"https:\/\/www.africa-press.net\/benin\/wp-json\/wp\/v2\/categories?post=8372"},{"taxonomy":"post_tag","embeddable":true,"href":"https:\/\/www.africa-press.net\/benin\/wp-json\/wp\/v2\/tags?post=8372"}],"curies":[{"name":"wp","href":"https:\/\/api.w.org\/{rel}","templated":true}]}}