{"id":8377,"date":"2022-08-29T16:47:31","date_gmt":"2022-08-29T16:47:31","guid":{"rendered":"https:\/\/www.africa-press.net\/benin\/politique\/benin-plusieurs-personnes-interpellees-lors-dune-operation-policiere-a-abomey"},"modified":"2022-08-29T17:05:40","modified_gmt":"2022-08-29T17:05:40","slug":"benin-plusieurs-personnes-interpellees-lors-dune-operation-policiere-a-abomey","status":"publish","type":"post","link":"https:\/\/www.africa-press.net\/benin\/toutes-les-actualites\/benin-plusieurs-personnes-interpellees-lors-dune-operation-policiere-a-abomey","title":{"rendered":"B\u00e9nin: plusieurs personnes interpell\u00e9es lors d\u2019une op\u00e9ration polici\u00e8re \u00e0 Abomey"},"content":{"rendered":"<p><span style=\"color: #ff6600\"><strong>Africa-Press &#8211; Benin. <\/strong><\/span>La police r\u00e9publicaine a organis\u00e9 en fin de semaine \u00e9coul\u00e9e une op\u00e9ration dans un ghetto \u00e0 Dj\u00e8gb\u00e9, dans la Commune d\u2019Abomey. Plusieurs personnes ont \u00e9t\u00e9 interpell\u00e9es au cours de l\u2019op\u00e9ration et d\u2019importantes quantit\u00e9s de chanvre indien saisies.<\/p>\n<p>Cette op\u00e9ration polici\u00e8re \u00e9tait orient\u00e9e vers un r\u00e9seau de malfaiteurs qui a \u00e9tabli leur ghetto dans l\u2019un des quartiers de Dj\u00e8gb\u00e9. Plusieurs personnes ont \u00e9t\u00e9 interpell\u00e9es au cours de l\u2019op\u00e9ration mais le cerveau de ce r\u00e9seau de malfaiteur est actuellement en cavale. En dehors des arrestations, la police lors de sa fouille a saisi une quantit\u00e9 importante de chanvre-indien.<\/p>\n<p>Les personnes arr\u00eat\u00e9es par les \u00e9l\u00e9ments de la police r\u00e9publicaine du d\u00e9partement du Zou seront pr\u00e9sent\u00e9es au procureur de la R\u00e9publique qui donnera une orientation \u00e0 ce dossier. Il faut dire qu\u2019un peu partout dans toutes les Communes, la police r\u00e9publicaine s\u2019active au d\u00e9mant\u00e8lement des ghettos afin d\u2019assurer aux populations, la s\u00e9curit\u00e9 de leurs biens et de leur personne.<\/p>\n<p><strong>Pour plus d&rsquo;informations et d&rsquo;analyses sur la <a href=\"https:\/\/www.africa-press.net\/benin\">Benin<\/a>, suivez <a href=\"https:\/\/www.africa-press.net\/\">Africa-Press<\/a><\/strong><\/p>\n","protected":false},"excerpt":{"rendered":"<p>Africa-Press &#8211; Benin. La police r\u00e9publicaine a organis\u00e9 en fin de semaine \u00e9coul\u00e9e une op\u00e9ration dans un ghetto \u00e0 Dj\u00e8gb\u00e9, dans la Commune d\u2019Abomey. Plusieurs personnes ont \u00e9t\u00e9 interpell\u00e9es au cours de l\u2019op\u00e9ration et d\u2019importantes quantit\u00e9s de chanvre indien saisies. Cette op\u00e9ration polici\u00e8re \u00e9tait orient\u00e9e vers un r\u00e9seau de malfaiteurs qui a \u00e9tabli leur ghetto [&hellip;]<\/p>\n","protected":false},"author":82,"featured_media":8374,"comment_status":"open","ping_status":"closed","sticky":false,"template":"","format":"standard","meta":{"footnotes":""},"categories":[21,11,10],"tags":[36,50,45],"class_list":["post-8377","post","type-post","status-publish","format-standard","has-post-thumbnail","hentry","category-communaute","category-homepage-french","category-toutes-les-actualites","tag-africa-press","tag-africa-press-benin","tag-benin"],"yoast_head":"<!-- This site is optimized with the Yoast SEO Premium plugin v26.1 (Yoast SEO v27.0) - https:\/\/yoast.com\/product\/yoast-seo-premium-wordpress\/ -->\n<title>B\u00e9nin: plusieurs personnes interpell\u00e9es lors d\u2019une op\u00e9ration polici\u00e8re \u00e0 Abomey - B\u00e9nin<\/title>\n<meta name=\"description\" content=\"La police r\u00e9publicaine a organis\u00e9 en fin de semaine \u00e9coul\u00e9e une op\u00e9ration dans un ghetto \u00e0 Dj\u00e8gb\u00e9, dans la Commune d\u2019Abo ...\" \/>\n<meta name=\"robots\" content=\"index, follow, max-snippet:-1, max-image-preview:large, max-video-preview:-1\" \/>\n<link rel=\"canonical\" href=\"https:\/\/www.africa-press.net\/benin\/toutes-les-actualites\/benin-plusieurs-personnes-interpellees-lors-dune-operation-policiere-a-abomey\" \/>\n<meta property=\"og:locale\" content=\"fr_FR\" \/>\n<meta property=\"og:type\" content=\"article\" \/>\n<meta property=\"og:title\" content=\"B\u00e9nin: plusieurs personnes interpell\u00e9es lors d\u2019une op\u00e9ration polici\u00e8re \u00e0 Abomey\" \/>\n<meta property=\"og:description\" content=\"La police r\u00e9publicaine a organis\u00e9 en fin de semaine \u00e9coul\u00e9e une op\u00e9ration dans un ghetto \u00e0 Dj\u00e8gb\u00e9, dans la Commune d\u2019Abo ...\" \/>\n<meta property=\"og:url\" content=\"https:\/\/www.africa-press.net\/benin\/toutes-les-actualites\/benin-plusieurs-personnes-interpellees-lors-dune-operation-policiere-a-abomey\" \/>\n<meta property=\"og:site_name\" content=\"B\u00e9nin\" \/>\n<meta property=\"article:published_time\" content=\"2022-08-29T16:47:31+00:00\" \/>\n<meta property=\"article:modified_time\" content=\"2022-08-29T17:05:40+00:00\" \/>\n<meta property=\"og:image\" content=\"https:\/\/static.africa-press.net\/benin\/sites\/46\/2022\/08\/postQueueImg_22-630cf1c566660.jpg\" \/>\n\t<meta property=\"og:image:width\" content=\"1200\" \/>\n\t<meta property=\"og:image:height\" content=\"686\" \/>\n\t<meta property=\"og:image:type\" content=\"image\/jpeg\" \/>\n<meta name=\"author\" content=\"cfeditorfr\" \/>\n<meta name=\"twitter:card\" content=\"summary_large_image\" \/>\n<meta name=\"twitter:label1\" content=\"\u00c9crit par\" \/>\n\t<meta name=\"twitter:data1\" content=\"cfeditorfr\" \/>\n\t<meta name=\"twitter:label2\" content=\"Dur\u00e9e de lecture estim\u00e9e\" \/>\n\t<meta name=\"twitter:data2\" content=\"1 minute\" \/>\n<script type=\"application\/ld+json\" class=\"yoast-schema-graph\">{\"@context\":\"https:\/\/schema.org\",\"@graph\":[{\"@type\":\"Article\",\"@id\":\"https:\/\/www.africa-press.net\/benin\/toutes-les-actualites\/benin-plusieurs-personnes-interpellees-lors-dune-operation-policiere-a-abomey#article\",\"isPartOf\":{\"@id\":\"https:\/\/www.africa-press.net\/benin\/toutes-les-actualites\/benin-plusieurs-personnes-interpellees-lors-dune-operation-policiere-a-abomey\"},\"author\":{\"name\":\"cfeditorfr\",\"@id\":\"https:\/\/www.africa-press.net\/benin\/#\/schema\/person\/2b1cf3cd81a31e3cd26889ca66d677f1\"},\"headline\":\"B\u00e9nin: plusieurs personnes interpell\u00e9es lors d\u2019une op\u00e9ration polici\u00e8re \u00e0 Abomey\",\"datePublished\":\"2022-08-29T16:47:31+00:00\",\"dateModified\":\"2022-08-29T17:05:40+00:00\",\"mainEntityOfPage\":{\"@id\":\"https:\/\/www.africa-press.net\/benin\/toutes-les-actualites\/benin-plusieurs-personnes-interpellees-lors-dune-operation-policiere-a-abomey\"},\"wordCount\":217,\"commentCount\":0,\"image\":{\"@id\":\"https:\/\/www.africa-press.net\/benin\/toutes-les-actualites\/benin-plusieurs-personnes-interpellees-lors-dune-operation-policiere-a-abomey#primaryimage\"},\"thumbnailUrl\":\"https:\/\/static.africa-press.net\/benin\/sites\/46\/2022\/08\/postQueueImg_22-630cf1c566660.jpg\",\"keywords\":[\"Africa Press\",\"Africa Press-Benin\",\"B\u00e9nin\"],\"articleSection\":[\"Communaut\u00e9\",\"homepage-french\",\"Toutes les actualit\u00e9s\"],\"inLanguage\":\"fr-FR\",\"potentialAction\":[{\"@type\":\"CommentAction\",\"name\":\"Comment\",\"target\":[\"https:\/\/www.africa-press.net\/benin\/toutes-les-actualites\/benin-plusieurs-personnes-interpellees-lors-dune-operation-policiere-a-abomey#respond\"]}]},{\"@type\":\"WebPage\",\"@id\":\"https:\/\/www.africa-press.net\/benin\/toutes-les-actualites\/benin-plusieurs-personnes-interpellees-lors-dune-operation-policiere-a-abomey\",\"url\":\"https:\/\/www.africa-press.net\/benin\/toutes-les-actualites\/benin-plusieurs-personnes-interpellees-lors-dune-operation-policiere-a-abomey\",\"name\":\"B\u00e9nin: plusieurs personnes interpell\u00e9es lors d\u2019une op\u00e9ration polici\u00e8re \u00e0 Abomey - B\u00e9nin\",\"isPartOf\":{\"@id\":\"https:\/\/www.africa-press.net\/benin\/#website\"},\"primaryImageOfPage\":{\"@id\":\"https:\/\/www.africa-press.net\/benin\/toutes-les-actualites\/benin-plusieurs-personnes-interpellees-lors-dune-operation-policiere-a-abomey#primaryimage\"},\"image\":{\"@id\":\"https:\/\/www.africa-press.net\/benin\/toutes-les-actualites\/benin-plusieurs-personnes-interpellees-lors-dune-operation-policiere-a-abomey#primaryimage\"},\"thumbnailUrl\":\"https:\/\/static.africa-press.net\/benin\/sites\/46\/2022\/08\/postQueueImg_22-630cf1c566660.jpg\",\"datePublished\":\"2022-08-29T16:47:31+00:00\",\"dateModified\":\"2022-08-29T17:05:40+00:00\",\"author\":{\"@id\":\"https:\/\/www.africa-press.net\/benin\/#\/schema\/person\/2b1cf3cd81a31e3cd26889ca66d677f1\"},\"description\":\"La police r\u00e9publicaine a organis\u00e9 en fin de semaine \u00e9coul\u00e9e une op\u00e9ration dans un ghetto \u00e0 Dj\u00e8gb\u00e9, dans la Commune d\u2019Abo ...\",\"breadcrumb\":{\"@id\":\"https:\/\/www.africa-press.net\/benin\/toutes-les-actualites\/benin-plusieurs-personnes-interpellees-lors-dune-operation-policiere-a-abomey#breadcrumb\"},\"inLanguage\":\"fr-FR\",\"potentialAction\":[{\"@type\":\"ReadAction\",\"target\":[\"https:\/\/www.africa-press.net\/benin\/toutes-les-actualites\/benin-plusieurs-personnes-interpellees-lors-dune-operation-policiere-a-abomey\"]}]},{\"@type\":\"ImageObject\",\"inLanguage\":\"fr-FR\",\"@id\":\"https:\/\/www.africa-press.net\/benin\/toutes-les-actualites\/benin-plusieurs-personnes-interpellees-lors-dune-operation-policiere-a-abomey#primaryimage\",\"url\":\"https:\/\/static.africa-press.net\/benin\/sites\/46\/2022\/08\/postQueueImg_22-630cf1c566660.jpg\",\"contentUrl\":\"https:\/\/static.africa-press.net\/benin\/sites\/46\/2022\/08\/postQueueImg_22-630cf1c566660.jpg\",\"width\":1200,\"height\":686,\"caption\":\"B\u00e9nin: plusieurs personnes interpell\u00e9es lors d\u2019une op\u00e9ration polici\u00e8re \u00e0 Abomey\"},{\"@type\":\"BreadcrumbList\",\"@id\":\"https:\/\/www.africa-press.net\/benin\/toutes-les-actualites\/benin-plusieurs-personnes-interpellees-lors-dune-operation-policiere-a-abomey#breadcrumb\",\"itemListElement\":[{\"@type\":\"ListItem\",\"position\":1,\"name\":\"Accueil\",\"item\":\"https:\/\/www.africa-press.net\/benin\/\"},{\"@type\":\"ListItem\",\"position\":2,\"name\":\"B\u00e9nin: plusieurs personnes interpell\u00e9es lors d\u2019une op\u00e9ration polici\u00e8re \u00e0 Abomey\"}]},{\"@type\":\"WebSite\",\"@id\":\"https:\/\/www.africa-press.net\/benin\/#website\",\"url\":\"https:\/\/www.africa-press.net\/benin\/\",\"name\":\"B\u00e9nin\",\"description\":\"Just another Africa News Agency Sites site\",\"potentialAction\":[{\"@type\":\"SearchAction\",\"target\":{\"@type\":\"EntryPoint\",\"urlTemplate\":\"https:\/\/www.africa-press.net\/benin\/?s={search_term_string}\"},\"query-input\":{\"@type\":\"PropertyValueSpecification\",\"valueRequired\":true,\"valueName\":\"search_term_string\"}}],\"inLanguage\":\"fr-FR\"},{\"@type\":\"Person\",\"@id\":\"https:\/\/www.africa-press.net\/benin\/#\/schema\/person\/2b1cf3cd81a31e3cd26889ca66d677f1\",\"name\":\"cfeditorfr\"}]}<\/script>\n<!-- \/ Yoast SEO Premium plugin. -->","yoast_head_json":{"title":"B\u00e9nin: plusieurs personnes interpell\u00e9es lors d\u2019une op\u00e9ration polici\u00e8re \u00e0 Abomey - B\u00e9nin","description":"La police r\u00e9publicaine a organis\u00e9 en fin de semaine \u00e9coul\u00e9e une op\u00e9ration dans un ghetto \u00e0 Dj\u00e8gb\u00e9, dans la Commune d\u2019Abo ...","robots":{"index":"index","follow":"follow","max-snippet":"max-snippet:-1","max-image-preview":"max-image-preview:large","max-video-preview":"max-video-preview:-1"},"canonical":"https:\/\/www.africa-press.net\/benin\/toutes-les-actualites\/benin-plusieurs-personnes-interpellees-lors-dune-operation-policiere-a-abomey","og_locale":"fr_FR","og_type":"article","og_title":"B\u00e9nin: plusieurs personnes interpell\u00e9es lors d\u2019une op\u00e9ration polici\u00e8re \u00e0 Abomey","og_description":"La police r\u00e9publicaine a organis\u00e9 en fin de semaine \u00e9coul\u00e9e une op\u00e9ration dans un ghetto \u00e0 Dj\u00e8gb\u00e9, dans la Commune d\u2019Abo ...","og_url":"https:\/\/www.africa-press.net\/benin\/toutes-les-actualites\/benin-plusieurs-personnes-interpellees-lors-dune-operation-policiere-a-abomey","og_site_name":"B\u00e9nin","article_published_time":"2022-08-29T16:47:31+00:00","article_modified_time":"2022-08-29T17:05:40+00:00","og_image":[{"width":1200,"height":686,"url":"https:\/\/static.africa-press.net\/benin\/sites\/46\/2022\/08\/postQueueImg_22-630cf1c566660.jpg","type":"image\/jpeg"}],"author":"cfeditorfr","twitter_card":"summary_large_image","twitter_misc":{"\u00c9crit par":"cfeditorfr","Dur\u00e9e de lecture estim\u00e9e":"1 minute"},"schema":{"@context":"https:\/\/schema.org","@graph":[{"@type":"Article","@id":"https:\/\/www.africa-press.net\/benin\/toutes-les-actualites\/benin-plusieurs-personnes-interpellees-lors-dune-operation-policiere-a-abomey#article","isPartOf":{"@id":"https:\/\/www.africa-press.net\/benin\/toutes-les-actualites\/benin-plusieurs-personnes-interpellees-lors-dune-operation-policiere-a-abomey"},"author":{"name":"cfeditorfr","@id":"https:\/\/www.africa-press.net\/benin\/#\/schema\/person\/2b1cf3cd81a31e3cd26889ca66d677f1"},"headline":"B\u00e9nin: plusieurs personnes interpell\u00e9es lors d\u2019une op\u00e9ration polici\u00e8re \u00e0 Abomey","datePublished":"2022-08-29T16:47:31+00:00","dateModified":"2022-08-29T17:05:40+00:00","mainEntityOfPage":{"@id":"https:\/\/www.africa-press.net\/benin\/toutes-les-actualites\/benin-plusieurs-personnes-interpellees-lors-dune-operation-policiere-a-abomey"},"wordCount":217,"commentCount":0,"image":{"@id":"https:\/\/www.africa-press.net\/benin\/toutes-les-actualites\/benin-plusieurs-personnes-interpellees-lors-dune-operation-policiere-a-abomey#primaryimage"},"thumbnailUrl":"https:\/\/static.africa-press.net\/benin\/sites\/46\/2022\/08\/postQueueImg_22-630cf1c566660.jpg","keywords":["Africa Press","Africa Press-Benin","B\u00e9nin"],"articleSection":["Communaut\u00e9","homepage-french","Toutes les actualit\u00e9s"],"inLanguage":"fr-FR","potentialAction":[{"@type":"CommentAction","name":"Comment","target":["https:\/\/www.africa-press.net\/benin\/toutes-les-actualites\/benin-plusieurs-personnes-interpellees-lors-dune-operation-policiere-a-abomey#respond"]}]},{"@type":"WebPage","@id":"https:\/\/www.africa-press.net\/benin\/toutes-les-actualites\/benin-plusieurs-personnes-interpellees-lors-dune-operation-policiere-a-abomey","url":"https:\/\/www.africa-press.net\/benin\/toutes-les-actualites\/benin-plusieurs-personnes-interpellees-lors-dune-operation-policiere-a-abomey","name":"B\u00e9nin: plusieurs personnes interpell\u00e9es lors d\u2019une op\u00e9ration polici\u00e8re \u00e0 Abomey - B\u00e9nin","isPartOf":{"@id":"https:\/\/www.africa-press.net\/benin\/#website"},"primaryImageOfPage":{"@id":"https:\/\/www.africa-press.net\/benin\/toutes-les-actualites\/benin-plusieurs-personnes-interpellees-lors-dune-operation-policiere-a-abomey#primaryimage"},"image":{"@id":"https:\/\/www.africa-press.net\/benin\/toutes-les-actualites\/benin-plusieurs-personnes-interpellees-lors-dune-operation-policiere-a-abomey#primaryimage"},"thumbnailUrl":"https:\/\/static.africa-press.net\/benin\/sites\/46\/2022\/08\/postQueueImg_22-630cf1c566660.jpg","datePublished":"2022-08-29T16:47:31+00:00","dateModified":"2022-08-29T17:05:40+00:00","author":{"@id":"https:\/\/www.africa-press.net\/benin\/#\/schema\/person\/2b1cf3cd81a31e3cd26889ca66d677f1"},"description":"La police r\u00e9publicaine a organis\u00e9 en fin de semaine \u00e9coul\u00e9e une op\u00e9ration dans un ghetto \u00e0 Dj\u00e8gb\u00e9, dans la Commune d\u2019Abo ...","breadcrumb":{"@id":"https:\/\/www.africa-press.net\/benin\/toutes-les-actualites\/benin-plusieurs-personnes-interpellees-lors-dune-operation-policiere-a-abomey#breadcrumb"},"inLanguage":"fr-FR","potentialAction":[{"@type":"ReadAction","target":["https:\/\/www.africa-press.net\/benin\/toutes-les-actualites\/benin-plusieurs-personnes-interpellees-lors-dune-operation-policiere-a-abomey"]}]},{"@type":"ImageObject","inLanguage":"fr-FR","@id":"https:\/\/www.africa-press.net\/benin\/toutes-les-actualites\/benin-plusieurs-personnes-interpellees-lors-dune-operation-policiere-a-abomey#primaryimage","url":"https:\/\/static.africa-press.net\/benin\/sites\/46\/2022\/08\/postQueueImg_22-630cf1c566660.jpg","contentUrl":"https:\/\/static.africa-press.net\/benin\/sites\/46\/2022\/08\/postQueueImg_22-630cf1c566660.jpg","width":1200,"height":686,"caption":"B\u00e9nin: plusieurs personnes interpell\u00e9es lors d\u2019une op\u00e9ration polici\u00e8re \u00e0 Abomey"},{"@type":"BreadcrumbList","@id":"https:\/\/www.africa-press.net\/benin\/toutes-les-actualites\/benin-plusieurs-personnes-interpellees-lors-dune-operation-policiere-a-abomey#breadcrumb","itemListElement":[{"@type":"ListItem","position":1,"name":"Accueil","item":"https:\/\/www.africa-press.net\/benin\/"},{"@type":"ListItem","position":2,"name":"B\u00e9nin: plusieurs personnes interpell\u00e9es lors d\u2019une op\u00e9ration polici\u00e8re \u00e0 Abomey"}]},{"@type":"WebSite","@id":"https:\/\/www.africa-press.net\/benin\/#website","url":"https:\/\/www.africa-press.net\/benin\/","name":"B\u00e9nin","description":"Just another Africa News Agency Sites site","potentialAction":[{"@type":"SearchAction","target":{"@type":"EntryPoint","urlTemplate":"https:\/\/www.africa-press.net\/benin\/?s={search_term_string}"},"query-input":{"@type":"PropertyValueSpecification","valueRequired":true,"valueName":"search_term_string"}}],"inLanguage":"fr-FR"},{"@type":"Person","@id":"https:\/\/www.africa-press.net\/benin\/#\/schema\/person\/2b1cf3cd81a31e3cd26889ca66d677f1","name":"cfeditorfr"}]}},"_links":{"self":[{"href":"https:\/\/www.africa-press.net\/benin\/wp-json\/wp\/v2\/posts\/8377","targetHints":{"allow":["GET"]}}],"collection":[{"href":"https:\/\/www.africa-press.net\/benin\/wp-json\/wp\/v2\/posts"}],"about":[{"href":"https:\/\/www.africa-press.net\/benin\/wp-json\/wp\/v2\/types\/post"}],"author":[{"embeddable":true,"href":"https:\/\/www.africa-press.net\/benin\/wp-json\/wp\/v2\/users\/82"}],"replies":[{"embeddable":true,"href":"https:\/\/www.africa-press.net\/benin\/wp-json\/wp\/v2\/comments?post=8377"}],"version-history":[{"count":0,"href":"https:\/\/www.africa-press.net\/benin\/wp-json\/wp\/v2\/posts\/8377\/revisions"}],"wp:featuredmedia":[{"embeddable":true,"href":"https:\/\/www.africa-press.net\/benin\/wp-json\/wp\/v2\/media\/8374"}],"wp:attachment":[{"href":"https:\/\/www.africa-press.net\/benin\/wp-json\/wp\/v2\/media?parent=8377"}],"wp:term":[{"taxonomy":"category","embeddable":true,"href":"https:\/\/www.africa-press.net\/benin\/wp-json\/wp\/v2\/categories?post=8377"},{"taxonomy":"post_tag","embeddable":true,"href":"https:\/\/www.africa-press.net\/benin\/wp-json\/wp\/v2\/tags?post=8377"}],"curies":[{"name":"wp","href":"https:\/\/api.w.org\/{rel}","templated":true}]}}