{"id":8381,"date":"2022-08-29T16:48:41","date_gmt":"2022-08-29T16:48:41","guid":{"rendered":"https:\/\/www.africa-press.net\/benin\/politique\/benin-04-griefs-de-ludbn-contre-le-bloc-republicain"},"modified":"2022-08-29T17:06:19","modified_gmt":"2022-08-29T17:06:19","slug":"benin-04-griefs-de-ludbn-contre-le-bloc-republicain","status":"publish","type":"post","link":"https:\/\/www.africa-press.net\/benin\/politique\/benin-04-griefs-de-ludbn-contre-le-bloc-republicain","title":{"rendered":"B\u00e9nin: 04 griefs de l\u2019UDBN contre le Bloc R\u00e9publicain"},"content":{"rendered":"<p><span style=\"color: #ff6600\"><strong>Africa-Press &#8211; Benin. <\/strong><\/span>A travers un courrier adress\u00e9 au Secr\u00e9taire g\u00e9n\u00e9ral national (SGN) du Bloc R\u00e9publicain (BR) ce lundi 29 ao\u00fbt, l\u2019Union D\u00e9mocratique pour un B\u00e9nin Nouveau (UDBN) a mis d\u00e9finitivement met \u00e0 sa collaboration avec le \u00ab cheval cabr\u00e9 \u00bb.<\/p>\n<p>Apr\u00e8s la suspension notifi\u00e9e au SGN Abdoulaye Bio Tchan\u00e9, l\u2019UDBN vient de sceller d\u00e9finitivement le sort de son accord de mise ensemble avec le Bloc R\u00e9publicain. Pour justifier cette d\u00e9cision, l\u2019UDBN porte quatre (04) griefs contre son ex-alli\u00e9.<\/p>\n<p>Dans sa correspondance sign\u00e9e pour ordre, par le B\u00e2tonnier Cyrille Yaovi Djikui, l\u2019UDBN \u00e9voque :<\/p>\n<p>Ces quatre points justifient, selon le parti, son retrait d\u00e9finitif de l\u2019accord de mise ensemble.<\/p>\n<p>L\u2019UDBN n\u2019a pas disparu dans le BR<\/p>\n<p>Contrairement \u00e0 l\u2019id\u00e9e v\u00e9hicul\u00e9e par le parti Bloc R\u00e9publicain qui veut faire croire que le parti l\u2019UDBN n\u2019existe plus, Me Cyrille Djikui tient \u00e0 clarifier que l\u2019accord politique entre les deux partis politiques parle de mis ensemble et non d\u2019adh\u00e9sion ou de fusion.<\/p>\n<p>Selon le premier vice-pr\u00e9sident du parti UDBN la mise ensemble de deux formations politiques ne signifie que l\u2019une d\u2019elle dispara\u00eet automatique. Cyrille Djikui conclut en affirmant que l\u2019UDBN existe toujours comme entit\u00e9 politique \u00e0 part enti\u00e8re car <b>\u00ab aucune notification statutaire n\u2019est port\u00e9e dans le dossier UDBN \u00bb<\/b>.<\/p>\n<p><strong>Pour plus d&rsquo;informations et d&rsquo;analyses sur la <a href=\"https:\/\/www.africa-press.net\/benin\">Benin<\/a>, suivez <a href=\"https:\/\/www.africa-press.net\/\">Africa-Press<\/a><\/strong><\/p>\n","protected":false},"excerpt":{"rendered":"<p>Africa-Press &#8211; Benin. A travers un courrier adress\u00e9 au Secr\u00e9taire g\u00e9n\u00e9ral national (SGN) du Bloc R\u00e9publicain (BR) ce lundi 29 ao\u00fbt, l\u2019Union D\u00e9mocratique pour un B\u00e9nin Nouveau (UDBN) a mis d\u00e9finitivement met \u00e0 sa collaboration avec le \u00ab cheval cabr\u00e9 \u00bb. Apr\u00e8s la suspension notifi\u00e9e au SGN Abdoulaye Bio Tchan\u00e9, l\u2019UDBN vient de sceller d\u00e9finitivement [&hellip;]<\/p>\n","protected":false},"author":82,"featured_media":8380,"comment_status":"open","ping_status":"closed","sticky":false,"template":"","format":"standard","meta":{"footnotes":""},"categories":[11,2,10],"tags":[36,50,45],"class_list":["post-8381","post","type-post","status-publish","format-standard","has-post-thumbnail","hentry","category-homepage-french","category-politique","category-toutes-les-actualites","tag-africa-press","tag-africa-press-benin","tag-benin"],"yoast_head":"<!-- This site is optimized with the Yoast SEO Premium plugin v26.1 (Yoast SEO v27.0) - https:\/\/yoast.com\/product\/yoast-seo-premium-wordpress\/ -->\n<title>B\u00e9nin: 04 griefs de l\u2019UDBN contre le Bloc R\u00e9publicain - B\u00e9nin<\/title>\n<meta name=\"description\" content=\"A travers un courrier adress\u00e9 au Secr\u00e9taire g\u00e9n\u00e9ral national (SGN) du Bloc R\u00e9publicain (BR) ce lundi 29 ao\u00fbt, l\u2019Union D\u00e9 ...\" \/>\n<meta name=\"robots\" content=\"index, follow, max-snippet:-1, max-image-preview:large, max-video-preview:-1\" \/>\n<link rel=\"canonical\" href=\"https:\/\/www.africa-press.net\/benin\/politique\/benin-04-griefs-de-ludbn-contre-le-bloc-republicain\" \/>\n<meta property=\"og:locale\" content=\"fr_FR\" \/>\n<meta property=\"og:type\" content=\"article\" \/>\n<meta property=\"og:title\" content=\"B\u00e9nin: 04 griefs de l\u2019UDBN contre le Bloc R\u00e9publicain\" \/>\n<meta property=\"og:description\" content=\"A travers un courrier adress\u00e9 au Secr\u00e9taire g\u00e9n\u00e9ral national (SGN) du Bloc R\u00e9publicain (BR) ce lundi 29 ao\u00fbt, l\u2019Union D\u00e9 ...\" \/>\n<meta property=\"og:url\" content=\"https:\/\/www.africa-press.net\/benin\/politique\/benin-04-griefs-de-ludbn-contre-le-bloc-republicain\" \/>\n<meta property=\"og:site_name\" content=\"B\u00e9nin\" \/>\n<meta property=\"article:published_time\" content=\"2022-08-29T16:48:41+00:00\" \/>\n<meta property=\"article:modified_time\" content=\"2022-08-29T17:06:19+00:00\" \/>\n<meta property=\"og:image\" content=\"https:\/\/static.africa-press.net\/benin\/sites\/46\/2022\/08\/postQueueImg_23-630cf1ec07718.jpg\" \/>\n\t<meta property=\"og:image:width\" content=\"1200\" \/>\n\t<meta property=\"og:image:height\" content=\"675\" \/>\n\t<meta property=\"og:image:type\" content=\"image\/jpeg\" \/>\n<meta name=\"author\" content=\"cfeditorfr\" \/>\n<meta name=\"twitter:card\" content=\"summary_large_image\" \/>\n<meta name=\"twitter:label1\" content=\"\u00c9crit par\" \/>\n\t<meta name=\"twitter:data1\" content=\"cfeditorfr\" \/>\n\t<meta name=\"twitter:label2\" content=\"Dur\u00e9e de lecture estim\u00e9e\" \/>\n\t<meta name=\"twitter:data2\" content=\"2 minutes\" \/>\n<script type=\"application\/ld+json\" class=\"yoast-schema-graph\">{\"@context\":\"https:\/\/schema.org\",\"@graph\":[{\"@type\":\"Article\",\"@id\":\"https:\/\/www.africa-press.net\/benin\/politique\/benin-04-griefs-de-ludbn-contre-le-bloc-republicain#article\",\"isPartOf\":{\"@id\":\"https:\/\/www.africa-press.net\/benin\/politique\/benin-04-griefs-de-ludbn-contre-le-bloc-republicain\"},\"author\":{\"name\":\"cfeditorfr\",\"@id\":\"https:\/\/www.africa-press.net\/benin\/#\/schema\/person\/2b1cf3cd81a31e3cd26889ca66d677f1\"},\"headline\":\"B\u00e9nin: 04 griefs de l\u2019UDBN contre le Bloc R\u00e9publicain\",\"datePublished\":\"2022-08-29T16:48:41+00:00\",\"dateModified\":\"2022-08-29T17:06:19+00:00\",\"mainEntityOfPage\":{\"@id\":\"https:\/\/www.africa-press.net\/benin\/politique\/benin-04-griefs-de-ludbn-contre-le-bloc-republicain\"},\"wordCount\":260,\"commentCount\":0,\"image\":{\"@id\":\"https:\/\/www.africa-press.net\/benin\/politique\/benin-04-griefs-de-ludbn-contre-le-bloc-republicain#primaryimage\"},\"thumbnailUrl\":\"https:\/\/static.africa-press.net\/benin\/sites\/46\/2022\/08\/postQueueImg_23-630cf1ec07718.jpg\",\"keywords\":[\"Africa Press\",\"Africa Press-Benin\",\"B\u00e9nin\"],\"articleSection\":[\"homepage-french\",\"Politique\",\"Toutes les actualit\u00e9s\"],\"inLanguage\":\"fr-FR\",\"potentialAction\":[{\"@type\":\"CommentAction\",\"name\":\"Comment\",\"target\":[\"https:\/\/www.africa-press.net\/benin\/politique\/benin-04-griefs-de-ludbn-contre-le-bloc-republicain#respond\"]}]},{\"@type\":\"WebPage\",\"@id\":\"https:\/\/www.africa-press.net\/benin\/politique\/benin-04-griefs-de-ludbn-contre-le-bloc-republicain\",\"url\":\"https:\/\/www.africa-press.net\/benin\/politique\/benin-04-griefs-de-ludbn-contre-le-bloc-republicain\",\"name\":\"B\u00e9nin: 04 griefs de l\u2019UDBN contre le Bloc R\u00e9publicain - B\u00e9nin\",\"isPartOf\":{\"@id\":\"https:\/\/www.africa-press.net\/benin\/#website\"},\"primaryImageOfPage\":{\"@id\":\"https:\/\/www.africa-press.net\/benin\/politique\/benin-04-griefs-de-ludbn-contre-le-bloc-republicain#primaryimage\"},\"image\":{\"@id\":\"https:\/\/www.africa-press.net\/benin\/politique\/benin-04-griefs-de-ludbn-contre-le-bloc-republicain#primaryimage\"},\"thumbnailUrl\":\"https:\/\/static.africa-press.net\/benin\/sites\/46\/2022\/08\/postQueueImg_23-630cf1ec07718.jpg\",\"datePublished\":\"2022-08-29T16:48:41+00:00\",\"dateModified\":\"2022-08-29T17:06:19+00:00\",\"author\":{\"@id\":\"https:\/\/www.africa-press.net\/benin\/#\/schema\/person\/2b1cf3cd81a31e3cd26889ca66d677f1\"},\"description\":\"A travers un courrier adress\u00e9 au Secr\u00e9taire g\u00e9n\u00e9ral national (SGN) du Bloc R\u00e9publicain (BR) ce lundi 29 ao\u00fbt, l\u2019Union D\u00e9 ...\",\"breadcrumb\":{\"@id\":\"https:\/\/www.africa-press.net\/benin\/politique\/benin-04-griefs-de-ludbn-contre-le-bloc-republicain#breadcrumb\"},\"inLanguage\":\"fr-FR\",\"potentialAction\":[{\"@type\":\"ReadAction\",\"target\":[\"https:\/\/www.africa-press.net\/benin\/politique\/benin-04-griefs-de-ludbn-contre-le-bloc-republicain\"]}]},{\"@type\":\"ImageObject\",\"inLanguage\":\"fr-FR\",\"@id\":\"https:\/\/www.africa-press.net\/benin\/politique\/benin-04-griefs-de-ludbn-contre-le-bloc-republicain#primaryimage\",\"url\":\"https:\/\/static.africa-press.net\/benin\/sites\/46\/2022\/08\/postQueueImg_23-630cf1ec07718.jpg\",\"contentUrl\":\"https:\/\/static.africa-press.net\/benin\/sites\/46\/2022\/08\/postQueueImg_23-630cf1ec07718.jpg\",\"width\":1200,\"height\":675,\"caption\":\"B\u00e9nin: 04 griefs de l\u2019UDBN contre le Bloc R\u00e9publicain\"},{\"@type\":\"BreadcrumbList\",\"@id\":\"https:\/\/www.africa-press.net\/benin\/politique\/benin-04-griefs-de-ludbn-contre-le-bloc-republicain#breadcrumb\",\"itemListElement\":[{\"@type\":\"ListItem\",\"position\":1,\"name\":\"Accueil\",\"item\":\"https:\/\/www.africa-press.net\/benin\/\"},{\"@type\":\"ListItem\",\"position\":2,\"name\":\"B\u00e9nin: 04 griefs de l\u2019UDBN contre le Bloc R\u00e9publicain\"}]},{\"@type\":\"WebSite\",\"@id\":\"https:\/\/www.africa-press.net\/benin\/#website\",\"url\":\"https:\/\/www.africa-press.net\/benin\/\",\"name\":\"B\u00e9nin\",\"description\":\"Just another Africa News Agency Sites site\",\"potentialAction\":[{\"@type\":\"SearchAction\",\"target\":{\"@type\":\"EntryPoint\",\"urlTemplate\":\"https:\/\/www.africa-press.net\/benin\/?s={search_term_string}\"},\"query-input\":{\"@type\":\"PropertyValueSpecification\",\"valueRequired\":true,\"valueName\":\"search_term_string\"}}],\"inLanguage\":\"fr-FR\"},{\"@type\":\"Person\",\"@id\":\"https:\/\/www.africa-press.net\/benin\/#\/schema\/person\/2b1cf3cd81a31e3cd26889ca66d677f1\",\"name\":\"cfeditorfr\"}]}<\/script>\n<!-- \/ Yoast SEO Premium plugin. -->","yoast_head_json":{"title":"B\u00e9nin: 04 griefs de l\u2019UDBN contre le Bloc R\u00e9publicain - B\u00e9nin","description":"A travers un courrier adress\u00e9 au Secr\u00e9taire g\u00e9n\u00e9ral national (SGN) du Bloc R\u00e9publicain (BR) ce lundi 29 ao\u00fbt, l\u2019Union D\u00e9 ...","robots":{"index":"index","follow":"follow","max-snippet":"max-snippet:-1","max-image-preview":"max-image-preview:large","max-video-preview":"max-video-preview:-1"},"canonical":"https:\/\/www.africa-press.net\/benin\/politique\/benin-04-griefs-de-ludbn-contre-le-bloc-republicain","og_locale":"fr_FR","og_type":"article","og_title":"B\u00e9nin: 04 griefs de l\u2019UDBN contre le Bloc R\u00e9publicain","og_description":"A travers un courrier adress\u00e9 au Secr\u00e9taire g\u00e9n\u00e9ral national (SGN) du Bloc R\u00e9publicain (BR) ce lundi 29 ao\u00fbt, l\u2019Union D\u00e9 ...","og_url":"https:\/\/www.africa-press.net\/benin\/politique\/benin-04-griefs-de-ludbn-contre-le-bloc-republicain","og_site_name":"B\u00e9nin","article_published_time":"2022-08-29T16:48:41+00:00","article_modified_time":"2022-08-29T17:06:19+00:00","og_image":[{"width":1200,"height":675,"url":"https:\/\/static.africa-press.net\/benin\/sites\/46\/2022\/08\/postQueueImg_23-630cf1ec07718.jpg","type":"image\/jpeg"}],"author":"cfeditorfr","twitter_card":"summary_large_image","twitter_misc":{"\u00c9crit par":"cfeditorfr","Dur\u00e9e de lecture estim\u00e9e":"2 minutes"},"schema":{"@context":"https:\/\/schema.org","@graph":[{"@type":"Article","@id":"https:\/\/www.africa-press.net\/benin\/politique\/benin-04-griefs-de-ludbn-contre-le-bloc-republicain#article","isPartOf":{"@id":"https:\/\/www.africa-press.net\/benin\/politique\/benin-04-griefs-de-ludbn-contre-le-bloc-republicain"},"author":{"name":"cfeditorfr","@id":"https:\/\/www.africa-press.net\/benin\/#\/schema\/person\/2b1cf3cd81a31e3cd26889ca66d677f1"},"headline":"B\u00e9nin: 04 griefs de l\u2019UDBN contre le Bloc R\u00e9publicain","datePublished":"2022-08-29T16:48:41+00:00","dateModified":"2022-08-29T17:06:19+00:00","mainEntityOfPage":{"@id":"https:\/\/www.africa-press.net\/benin\/politique\/benin-04-griefs-de-ludbn-contre-le-bloc-republicain"},"wordCount":260,"commentCount":0,"image":{"@id":"https:\/\/www.africa-press.net\/benin\/politique\/benin-04-griefs-de-ludbn-contre-le-bloc-republicain#primaryimage"},"thumbnailUrl":"https:\/\/static.africa-press.net\/benin\/sites\/46\/2022\/08\/postQueueImg_23-630cf1ec07718.jpg","keywords":["Africa Press","Africa Press-Benin","B\u00e9nin"],"articleSection":["homepage-french","Politique","Toutes les actualit\u00e9s"],"inLanguage":"fr-FR","potentialAction":[{"@type":"CommentAction","name":"Comment","target":["https:\/\/www.africa-press.net\/benin\/politique\/benin-04-griefs-de-ludbn-contre-le-bloc-republicain#respond"]}]},{"@type":"WebPage","@id":"https:\/\/www.africa-press.net\/benin\/politique\/benin-04-griefs-de-ludbn-contre-le-bloc-republicain","url":"https:\/\/www.africa-press.net\/benin\/politique\/benin-04-griefs-de-ludbn-contre-le-bloc-republicain","name":"B\u00e9nin: 04 griefs de l\u2019UDBN contre le Bloc R\u00e9publicain - B\u00e9nin","isPartOf":{"@id":"https:\/\/www.africa-press.net\/benin\/#website"},"primaryImageOfPage":{"@id":"https:\/\/www.africa-press.net\/benin\/politique\/benin-04-griefs-de-ludbn-contre-le-bloc-republicain#primaryimage"},"image":{"@id":"https:\/\/www.africa-press.net\/benin\/politique\/benin-04-griefs-de-ludbn-contre-le-bloc-republicain#primaryimage"},"thumbnailUrl":"https:\/\/static.africa-press.net\/benin\/sites\/46\/2022\/08\/postQueueImg_23-630cf1ec07718.jpg","datePublished":"2022-08-29T16:48:41+00:00","dateModified":"2022-08-29T17:06:19+00:00","author":{"@id":"https:\/\/www.africa-press.net\/benin\/#\/schema\/person\/2b1cf3cd81a31e3cd26889ca66d677f1"},"description":"A travers un courrier adress\u00e9 au Secr\u00e9taire g\u00e9n\u00e9ral national (SGN) du Bloc R\u00e9publicain (BR) ce lundi 29 ao\u00fbt, l\u2019Union D\u00e9 ...","breadcrumb":{"@id":"https:\/\/www.africa-press.net\/benin\/politique\/benin-04-griefs-de-ludbn-contre-le-bloc-republicain#breadcrumb"},"inLanguage":"fr-FR","potentialAction":[{"@type":"ReadAction","target":["https:\/\/www.africa-press.net\/benin\/politique\/benin-04-griefs-de-ludbn-contre-le-bloc-republicain"]}]},{"@type":"ImageObject","inLanguage":"fr-FR","@id":"https:\/\/www.africa-press.net\/benin\/politique\/benin-04-griefs-de-ludbn-contre-le-bloc-republicain#primaryimage","url":"https:\/\/static.africa-press.net\/benin\/sites\/46\/2022\/08\/postQueueImg_23-630cf1ec07718.jpg","contentUrl":"https:\/\/static.africa-press.net\/benin\/sites\/46\/2022\/08\/postQueueImg_23-630cf1ec07718.jpg","width":1200,"height":675,"caption":"B\u00e9nin: 04 griefs de l\u2019UDBN contre le Bloc R\u00e9publicain"},{"@type":"BreadcrumbList","@id":"https:\/\/www.africa-press.net\/benin\/politique\/benin-04-griefs-de-ludbn-contre-le-bloc-republicain#breadcrumb","itemListElement":[{"@type":"ListItem","position":1,"name":"Accueil","item":"https:\/\/www.africa-press.net\/benin\/"},{"@type":"ListItem","position":2,"name":"B\u00e9nin: 04 griefs de l\u2019UDBN contre le Bloc R\u00e9publicain"}]},{"@type":"WebSite","@id":"https:\/\/www.africa-press.net\/benin\/#website","url":"https:\/\/www.africa-press.net\/benin\/","name":"B\u00e9nin","description":"Just another Africa News Agency Sites site","potentialAction":[{"@type":"SearchAction","target":{"@type":"EntryPoint","urlTemplate":"https:\/\/www.africa-press.net\/benin\/?s={search_term_string}"},"query-input":{"@type":"PropertyValueSpecification","valueRequired":true,"valueName":"search_term_string"}}],"inLanguage":"fr-FR"},{"@type":"Person","@id":"https:\/\/www.africa-press.net\/benin\/#\/schema\/person\/2b1cf3cd81a31e3cd26889ca66d677f1","name":"cfeditorfr"}]}},"_links":{"self":[{"href":"https:\/\/www.africa-press.net\/benin\/wp-json\/wp\/v2\/posts\/8381","targetHints":{"allow":["GET"]}}],"collection":[{"href":"https:\/\/www.africa-press.net\/benin\/wp-json\/wp\/v2\/posts"}],"about":[{"href":"https:\/\/www.africa-press.net\/benin\/wp-json\/wp\/v2\/types\/post"}],"author":[{"embeddable":true,"href":"https:\/\/www.africa-press.net\/benin\/wp-json\/wp\/v2\/users\/82"}],"replies":[{"embeddable":true,"href":"https:\/\/www.africa-press.net\/benin\/wp-json\/wp\/v2\/comments?post=8381"}],"version-history":[{"count":0,"href":"https:\/\/www.africa-press.net\/benin\/wp-json\/wp\/v2\/posts\/8381\/revisions"}],"wp:featuredmedia":[{"embeddable":true,"href":"https:\/\/www.africa-press.net\/benin\/wp-json\/wp\/v2\/media\/8380"}],"wp:attachment":[{"href":"https:\/\/www.africa-press.net\/benin\/wp-json\/wp\/v2\/media?parent=8381"}],"wp:term":[{"taxonomy":"category","embeddable":true,"href":"https:\/\/www.africa-press.net\/benin\/wp-json\/wp\/v2\/categories?post=8381"},{"taxonomy":"post_tag","embeddable":true,"href":"https:\/\/www.africa-press.net\/benin\/wp-json\/wp\/v2\/tags?post=8381"}],"curies":[{"name":"wp","href":"https:\/\/api.w.org\/{rel}","templated":true}]}}