{"id":8384,"date":"2022-08-29T16:48:53","date_gmt":"2022-08-29T16:48:53","guid":{"rendered":"https:\/\/www.africa-press.net\/benin\/politique\/creation-de-lupr-lallegorie-de-guy-mitokpe-ne-cadre-pas-avec-la-realite"},"modified":"2022-08-29T17:06:47","modified_gmt":"2022-08-29T17:06:47","slug":"creation-de-lupr-lallegorie-de-guy-mitokpe-ne-cadre-pas-avec-la-realite","status":"publish","type":"post","link":"https:\/\/www.africa-press.net\/benin\/politique\/creation-de-lupr-lallegorie-de-guy-mitokpe-ne-cadre-pas-avec-la-realite","title":{"rendered":"Cr\u00e9ation de l\u2019UPR: \u00ab\u00a0l\u2019all\u00e9gorie de Guy Mitokp\u00e8 ne cadre pas avec la r\u00e9alit\u00e9\u00a0\u00bb"},"content":{"rendered":"<p><span style=\"color: #ff6600\"><strong>Africa-Press &#8211; Benin. <\/strong><\/span>Le mariage entre le parti du renouveau d\u00e9mocratique de Me Adrien Houngb\u00e9dji et le parti union progressiste est qualifi\u00e9 d\u2019union entre dr\u00e9panocytaires par l\u2019ancien d\u00e9put\u00e9 Guy Mitokp\u00e8. Au cours d\u2019un entretien ce weekend, un responsable du parti du professeur Joseph Djogb\u00e9nou a r\u00e9pondu \u00e0 l\u2019ancien d\u00e9put\u00e9.<\/p>\n<p>Sur l\u2019\u00e9mission \u00ab L\u2019Entretien \u00bb, Ernest Sossou, membre du bureau politique du parti union progressiste le renouveau (UPR) a r\u00e9pondu \u00e0 l\u2019ancien secr\u00e9taire g\u00e9n\u00e9ral du parti restaurer l\u2019Espoir. L\u2019ancien d\u00e9put\u00e9 avait en effet qualifi\u00e9 la fusion entre le parti union progressiste et le parti du renouveau d\u00e9mocratique comme l\u2019union entre deux dr\u00e9panocytaires.<\/p>\n<p>Sur l\u2019\u00e9mission \u00ab L\u2019Entretien \u00bb, Ernest Sossou, membre du bureau politique du parti union progressiste le renouveau a fait savoir que l\u2019ancien parlementaire s\u2019est tromp\u00e9 dans le choix de son all\u00e9gorie. \u00ab <b>L\u2019all\u00e9gorie qui consiste \u00e0 dire que c\u2019est un mariage entre deux dr\u00e9panocytaires, ne m\u2019a pas plus<\/b>\u00ab , a confi\u00e9 le Directeur de Cabinet du ministre des sports. Pour lui, \u00bb <b>l\u2019all\u00e9gorie est mal choisie. Elle ne cadre pas du tout avec la r\u00e9alit\u00e9<\/b>\u00ab .<\/p>\n<p>dans son d\u00e9veloppement, le responsable politique de l\u2019UPR a rappel\u00e9 \u00e0 l\u2019ancien d\u00e9put\u00e9 que la fusion entre le parti du renouveau d\u00e9mocratique et le parti union progressiste r\u00e9pond \u00e0 une exigence, celle des r\u00e9formes politiques. C\u2019est en restant dans l\u2019esprit de cette r\u00e9forme, pr\u00e9cise Ernest Sossou que les deux formations politiques ont pris l\u2019initiative de se mettre ensemble. L\u2019acteur politique de la mouvance invite son fr\u00e8re de l\u2019opposition \u00e0 apprendre \u00e0 s\u2019adapter aux nouvelles r\u00e9alit\u00e9s et \u00e0 quitter le pass\u00e9.<\/p>\n<p>Selon Ernest Sossou, \u00ab <b>Il ne faut plus sur la base des querelles intestines, des querelles de personnes, manquer le rendez-vous de l\u2019histoire. Nous, \u00e0 l\u2019Union progressiste le Renouveau, nous avons d\u00e9cid\u00e9 de faire face \u00e0 l\u2018histoire, d\u2019\u00e9crire la page de l\u2019histoire politique de notre pays<\/b>\u00ab .<\/p>\n<p>D\u00e9put\u00e9 de la septi\u00e8me l\u00e9gislature, l\u2019honorable Guy Mitokp\u00e8 \u00e9tait le secr\u00e9taire g\u00e9n\u00e9ral du parti Restaurer l\u2019Espoir de l\u2019ancien ministre Candide Azanna\u00ef, un parti qui a d\u2019ailleurs contribu\u00e9 \u00e0 l\u2019\u00e9lection en 2016 de l\u2019actuel locataire de la Marina. L\u2019ancien parlementaire a r\u00e9cemment d\u00e9missionn\u00e9 de son parti et n\u00e9gocie actuellement avec des partis politiques de l\u2019opposition en vue d\u2019un positionnement pour les l\u00e9gislatives de 2023.<\/p>\n<p><strong>Pour plus d&rsquo;informations et d&rsquo;analyses sur la <a href=\"https:\/\/www.africa-press.net\/benin\">Benin<\/a>, suivez <a href=\"https:\/\/www.africa-press.net\/\">Africa-Press<\/a><\/strong><\/p>\n","protected":false},"excerpt":{"rendered":"<p>Africa-Press &#8211; Benin. Le mariage entre le parti du renouveau d\u00e9mocratique de Me Adrien Houngb\u00e9dji et le parti union progressiste est qualifi\u00e9 d\u2019union entre dr\u00e9panocytaires par l\u2019ancien d\u00e9put\u00e9 Guy Mitokp\u00e8. Au cours d\u2019un entretien ce weekend, un responsable du parti du professeur Joseph Djogb\u00e9nou a r\u00e9pondu \u00e0 l\u2019ancien d\u00e9put\u00e9. Sur l\u2019\u00e9mission \u00ab L\u2019Entretien \u00bb, Ernest [&hellip;]<\/p>\n","protected":false},"author":82,"featured_media":8383,"comment_status":"open","ping_status":"closed","sticky":false,"template":"","format":"standard","meta":{"footnotes":""},"categories":[11,2,10],"tags":[36,50,45],"class_list":["post-8384","post","type-post","status-publish","format-standard","has-post-thumbnail","hentry","category-homepage-french","category-politique","category-toutes-les-actualites","tag-africa-press","tag-africa-press-benin","tag-benin"],"yoast_head":"<!-- This site is optimized with the Yoast SEO Premium plugin v26.1 (Yoast SEO v27.0) - https:\/\/yoast.com\/product\/yoast-seo-premium-wordpress\/ -->\n<title>Cr\u00e9ation de l\u2019UPR: \u00ab\u00a0l\u2019all\u00e9gorie de Guy Mitokp\u00e8 ne cadre pas avec la r\u00e9alit\u00e9\u00a0\u00bb - B\u00e9nin<\/title>\n<meta name=\"description\" content=\"Le mariage entre le parti du renouveau d\u00e9mocratique de Me Adrien Houngb\u00e9dji et le parti union progressiste est qualifi\u00e9 ...\" \/>\n<meta name=\"robots\" content=\"index, follow, max-snippet:-1, max-image-preview:large, max-video-preview:-1\" \/>\n<link rel=\"canonical\" href=\"https:\/\/www.africa-press.net\/benin\/politique\/creation-de-lupr-lallegorie-de-guy-mitokpe-ne-cadre-pas-avec-la-realite\" \/>\n<meta property=\"og:locale\" content=\"fr_FR\" \/>\n<meta property=\"og:type\" content=\"article\" \/>\n<meta property=\"og:title\" content=\"Cr\u00e9ation de l\u2019UPR: \u00ab\u00a0l\u2019all\u00e9gorie de Guy Mitokp\u00e8 ne cadre pas avec la r\u00e9alit\u00e9\u00a0\u00bb\" \/>\n<meta property=\"og:description\" content=\"Le mariage entre le parti du renouveau d\u00e9mocratique de Me Adrien Houngb\u00e9dji et le parti union progressiste est qualifi\u00e9 ...\" \/>\n<meta property=\"og:url\" content=\"https:\/\/www.africa-press.net\/benin\/politique\/creation-de-lupr-lallegorie-de-guy-mitokpe-ne-cadre-pas-avec-la-realite\" \/>\n<meta property=\"og:site_name\" content=\"B\u00e9nin\" \/>\n<meta property=\"article:published_time\" content=\"2022-08-29T16:48:53+00:00\" \/>\n<meta property=\"article:modified_time\" content=\"2022-08-29T17:06:47+00:00\" \/>\n<meta property=\"og:image\" content=\"https:\/\/static.africa-press.net\/benin\/sites\/46\/2022\/08\/postQueueImg_24-630cf2111204a.jpg\" \/>\n\t<meta property=\"og:image:width\" content=\"1627\" \/>\n\t<meta property=\"og:image:height\" content=\"985\" \/>\n\t<meta property=\"og:image:type\" content=\"image\/jpeg\" \/>\n<meta name=\"author\" content=\"cfeditorfr\" \/>\n<meta name=\"twitter:card\" content=\"summary_large_image\" \/>\n<meta name=\"twitter:label1\" content=\"\u00c9crit par\" \/>\n\t<meta name=\"twitter:data1\" content=\"cfeditorfr\" \/>\n\t<meta name=\"twitter:label2\" content=\"Dur\u00e9e de lecture estim\u00e9e\" \/>\n\t<meta name=\"twitter:data2\" content=\"2 minutes\" \/>\n<script type=\"application\/ld+json\" class=\"yoast-schema-graph\">{\"@context\":\"https:\/\/schema.org\",\"@graph\":[{\"@type\":\"Article\",\"@id\":\"https:\/\/www.africa-press.net\/benin\/politique\/creation-de-lupr-lallegorie-de-guy-mitokpe-ne-cadre-pas-avec-la-realite#article\",\"isPartOf\":{\"@id\":\"https:\/\/www.africa-press.net\/benin\/politique\/creation-de-lupr-lallegorie-de-guy-mitokpe-ne-cadre-pas-avec-la-realite\"},\"author\":{\"name\":\"cfeditorfr\",\"@id\":\"https:\/\/www.africa-press.net\/benin\/#\/schema\/person\/2b1cf3cd81a31e3cd26889ca66d677f1\"},\"headline\":\"Cr\u00e9ation de l\u2019UPR: \u00ab\u00a0l\u2019all\u00e9gorie de Guy Mitokp\u00e8 ne cadre pas avec la r\u00e9alit\u00e9\u00a0\u00bb\",\"datePublished\":\"2022-08-29T16:48:53+00:00\",\"dateModified\":\"2022-08-29T17:06:47+00:00\",\"mainEntityOfPage\":{\"@id\":\"https:\/\/www.africa-press.net\/benin\/politique\/creation-de-lupr-lallegorie-de-guy-mitokpe-ne-cadre-pas-avec-la-realite\"},\"wordCount\":454,\"commentCount\":0,\"image\":{\"@id\":\"https:\/\/www.africa-press.net\/benin\/politique\/creation-de-lupr-lallegorie-de-guy-mitokpe-ne-cadre-pas-avec-la-realite#primaryimage\"},\"thumbnailUrl\":\"https:\/\/static.africa-press.net\/benin\/sites\/46\/2022\/08\/postQueueImg_24-630cf2111204a.jpg\",\"keywords\":[\"Africa Press\",\"Africa Press-Benin\",\"B\u00e9nin\"],\"articleSection\":[\"homepage-french\",\"Politique\",\"Toutes les actualit\u00e9s\"],\"inLanguage\":\"fr-FR\",\"potentialAction\":[{\"@type\":\"CommentAction\",\"name\":\"Comment\",\"target\":[\"https:\/\/www.africa-press.net\/benin\/politique\/creation-de-lupr-lallegorie-de-guy-mitokpe-ne-cadre-pas-avec-la-realite#respond\"]}]},{\"@type\":\"WebPage\",\"@id\":\"https:\/\/www.africa-press.net\/benin\/politique\/creation-de-lupr-lallegorie-de-guy-mitokpe-ne-cadre-pas-avec-la-realite\",\"url\":\"https:\/\/www.africa-press.net\/benin\/politique\/creation-de-lupr-lallegorie-de-guy-mitokpe-ne-cadre-pas-avec-la-realite\",\"name\":\"Cr\u00e9ation de l\u2019UPR: \u00ab\u00a0l\u2019all\u00e9gorie de Guy Mitokp\u00e8 ne cadre pas avec la r\u00e9alit\u00e9\u00a0\u00bb - B\u00e9nin\",\"isPartOf\":{\"@id\":\"https:\/\/www.africa-press.net\/benin\/#website\"},\"primaryImageOfPage\":{\"@id\":\"https:\/\/www.africa-press.net\/benin\/politique\/creation-de-lupr-lallegorie-de-guy-mitokpe-ne-cadre-pas-avec-la-realite#primaryimage\"},\"image\":{\"@id\":\"https:\/\/www.africa-press.net\/benin\/politique\/creation-de-lupr-lallegorie-de-guy-mitokpe-ne-cadre-pas-avec-la-realite#primaryimage\"},\"thumbnailUrl\":\"https:\/\/static.africa-press.net\/benin\/sites\/46\/2022\/08\/postQueueImg_24-630cf2111204a.jpg\",\"datePublished\":\"2022-08-29T16:48:53+00:00\",\"dateModified\":\"2022-08-29T17:06:47+00:00\",\"author\":{\"@id\":\"https:\/\/www.africa-press.net\/benin\/#\/schema\/person\/2b1cf3cd81a31e3cd26889ca66d677f1\"},\"description\":\"Le mariage entre le parti du renouveau d\u00e9mocratique de Me Adrien Houngb\u00e9dji et le parti union progressiste est qualifi\u00e9 ...\",\"breadcrumb\":{\"@id\":\"https:\/\/www.africa-press.net\/benin\/politique\/creation-de-lupr-lallegorie-de-guy-mitokpe-ne-cadre-pas-avec-la-realite#breadcrumb\"},\"inLanguage\":\"fr-FR\",\"potentialAction\":[{\"@type\":\"ReadAction\",\"target\":[\"https:\/\/www.africa-press.net\/benin\/politique\/creation-de-lupr-lallegorie-de-guy-mitokpe-ne-cadre-pas-avec-la-realite\"]}]},{\"@type\":\"ImageObject\",\"inLanguage\":\"fr-FR\",\"@id\":\"https:\/\/www.africa-press.net\/benin\/politique\/creation-de-lupr-lallegorie-de-guy-mitokpe-ne-cadre-pas-avec-la-realite#primaryimage\",\"url\":\"https:\/\/static.africa-press.net\/benin\/sites\/46\/2022\/08\/postQueueImg_24-630cf2111204a.jpg\",\"contentUrl\":\"https:\/\/static.africa-press.net\/benin\/sites\/46\/2022\/08\/postQueueImg_24-630cf2111204a.jpg\",\"width\":1627,\"height\":985,\"caption\":\"Cr\u00e9ation de l\u2019UPR: \u00ab\u00a0l\u2019all\u00e9gorie de Guy Mitokp\u00e8 ne cadre pas avec la r\u00e9alit\u00e9\u00a0\u00bb\"},{\"@type\":\"BreadcrumbList\",\"@id\":\"https:\/\/www.africa-press.net\/benin\/politique\/creation-de-lupr-lallegorie-de-guy-mitokpe-ne-cadre-pas-avec-la-realite#breadcrumb\",\"itemListElement\":[{\"@type\":\"ListItem\",\"position\":1,\"name\":\"Accueil\",\"item\":\"https:\/\/www.africa-press.net\/benin\/\"},{\"@type\":\"ListItem\",\"position\":2,\"name\":\"Cr\u00e9ation de l\u2019UPR: \u00ab\u00a0l\u2019all\u00e9gorie de Guy Mitokp\u00e8 ne cadre pas avec la r\u00e9alit\u00e9\u00a0\u00bb\"}]},{\"@type\":\"WebSite\",\"@id\":\"https:\/\/www.africa-press.net\/benin\/#website\",\"url\":\"https:\/\/www.africa-press.net\/benin\/\",\"name\":\"B\u00e9nin\",\"description\":\"Just another Africa News Agency Sites site\",\"potentialAction\":[{\"@type\":\"SearchAction\",\"target\":{\"@type\":\"EntryPoint\",\"urlTemplate\":\"https:\/\/www.africa-press.net\/benin\/?s={search_term_string}\"},\"query-input\":{\"@type\":\"PropertyValueSpecification\",\"valueRequired\":true,\"valueName\":\"search_term_string\"}}],\"inLanguage\":\"fr-FR\"},{\"@type\":\"Person\",\"@id\":\"https:\/\/www.africa-press.net\/benin\/#\/schema\/person\/2b1cf3cd81a31e3cd26889ca66d677f1\",\"name\":\"cfeditorfr\"}]}<\/script>\n<!-- \/ Yoast SEO Premium plugin. -->","yoast_head_json":{"title":"Cr\u00e9ation de l\u2019UPR: \u00ab\u00a0l\u2019all\u00e9gorie de Guy Mitokp\u00e8 ne cadre pas avec la r\u00e9alit\u00e9\u00a0\u00bb - B\u00e9nin","description":"Le mariage entre le parti du renouveau d\u00e9mocratique de Me Adrien Houngb\u00e9dji et le parti union progressiste est qualifi\u00e9 ...","robots":{"index":"index","follow":"follow","max-snippet":"max-snippet:-1","max-image-preview":"max-image-preview:large","max-video-preview":"max-video-preview:-1"},"canonical":"https:\/\/www.africa-press.net\/benin\/politique\/creation-de-lupr-lallegorie-de-guy-mitokpe-ne-cadre-pas-avec-la-realite","og_locale":"fr_FR","og_type":"article","og_title":"Cr\u00e9ation de l\u2019UPR: \u00ab\u00a0l\u2019all\u00e9gorie de Guy Mitokp\u00e8 ne cadre pas avec la r\u00e9alit\u00e9\u00a0\u00bb","og_description":"Le mariage entre le parti du renouveau d\u00e9mocratique de Me Adrien Houngb\u00e9dji et le parti union progressiste est qualifi\u00e9 ...","og_url":"https:\/\/www.africa-press.net\/benin\/politique\/creation-de-lupr-lallegorie-de-guy-mitokpe-ne-cadre-pas-avec-la-realite","og_site_name":"B\u00e9nin","article_published_time":"2022-08-29T16:48:53+00:00","article_modified_time":"2022-08-29T17:06:47+00:00","og_image":[{"width":1627,"height":985,"url":"https:\/\/static.africa-press.net\/benin\/sites\/46\/2022\/08\/postQueueImg_24-630cf2111204a.jpg","type":"image\/jpeg"}],"author":"cfeditorfr","twitter_card":"summary_large_image","twitter_misc":{"\u00c9crit par":"cfeditorfr","Dur\u00e9e de lecture estim\u00e9e":"2 minutes"},"schema":{"@context":"https:\/\/schema.org","@graph":[{"@type":"Article","@id":"https:\/\/www.africa-press.net\/benin\/politique\/creation-de-lupr-lallegorie-de-guy-mitokpe-ne-cadre-pas-avec-la-realite#article","isPartOf":{"@id":"https:\/\/www.africa-press.net\/benin\/politique\/creation-de-lupr-lallegorie-de-guy-mitokpe-ne-cadre-pas-avec-la-realite"},"author":{"name":"cfeditorfr","@id":"https:\/\/www.africa-press.net\/benin\/#\/schema\/person\/2b1cf3cd81a31e3cd26889ca66d677f1"},"headline":"Cr\u00e9ation de l\u2019UPR: \u00ab\u00a0l\u2019all\u00e9gorie de Guy Mitokp\u00e8 ne cadre pas avec la r\u00e9alit\u00e9\u00a0\u00bb","datePublished":"2022-08-29T16:48:53+00:00","dateModified":"2022-08-29T17:06:47+00:00","mainEntityOfPage":{"@id":"https:\/\/www.africa-press.net\/benin\/politique\/creation-de-lupr-lallegorie-de-guy-mitokpe-ne-cadre-pas-avec-la-realite"},"wordCount":454,"commentCount":0,"image":{"@id":"https:\/\/www.africa-press.net\/benin\/politique\/creation-de-lupr-lallegorie-de-guy-mitokpe-ne-cadre-pas-avec-la-realite#primaryimage"},"thumbnailUrl":"https:\/\/static.africa-press.net\/benin\/sites\/46\/2022\/08\/postQueueImg_24-630cf2111204a.jpg","keywords":["Africa Press","Africa Press-Benin","B\u00e9nin"],"articleSection":["homepage-french","Politique","Toutes les actualit\u00e9s"],"inLanguage":"fr-FR","potentialAction":[{"@type":"CommentAction","name":"Comment","target":["https:\/\/www.africa-press.net\/benin\/politique\/creation-de-lupr-lallegorie-de-guy-mitokpe-ne-cadre-pas-avec-la-realite#respond"]}]},{"@type":"WebPage","@id":"https:\/\/www.africa-press.net\/benin\/politique\/creation-de-lupr-lallegorie-de-guy-mitokpe-ne-cadre-pas-avec-la-realite","url":"https:\/\/www.africa-press.net\/benin\/politique\/creation-de-lupr-lallegorie-de-guy-mitokpe-ne-cadre-pas-avec-la-realite","name":"Cr\u00e9ation de l\u2019UPR: \u00ab\u00a0l\u2019all\u00e9gorie de Guy Mitokp\u00e8 ne cadre pas avec la r\u00e9alit\u00e9\u00a0\u00bb - B\u00e9nin","isPartOf":{"@id":"https:\/\/www.africa-press.net\/benin\/#website"},"primaryImageOfPage":{"@id":"https:\/\/www.africa-press.net\/benin\/politique\/creation-de-lupr-lallegorie-de-guy-mitokpe-ne-cadre-pas-avec-la-realite#primaryimage"},"image":{"@id":"https:\/\/www.africa-press.net\/benin\/politique\/creation-de-lupr-lallegorie-de-guy-mitokpe-ne-cadre-pas-avec-la-realite#primaryimage"},"thumbnailUrl":"https:\/\/static.africa-press.net\/benin\/sites\/46\/2022\/08\/postQueueImg_24-630cf2111204a.jpg","datePublished":"2022-08-29T16:48:53+00:00","dateModified":"2022-08-29T17:06:47+00:00","author":{"@id":"https:\/\/www.africa-press.net\/benin\/#\/schema\/person\/2b1cf3cd81a31e3cd26889ca66d677f1"},"description":"Le mariage entre le parti du renouveau d\u00e9mocratique de Me Adrien Houngb\u00e9dji et le parti union progressiste est qualifi\u00e9 ...","breadcrumb":{"@id":"https:\/\/www.africa-press.net\/benin\/politique\/creation-de-lupr-lallegorie-de-guy-mitokpe-ne-cadre-pas-avec-la-realite#breadcrumb"},"inLanguage":"fr-FR","potentialAction":[{"@type":"ReadAction","target":["https:\/\/www.africa-press.net\/benin\/politique\/creation-de-lupr-lallegorie-de-guy-mitokpe-ne-cadre-pas-avec-la-realite"]}]},{"@type":"ImageObject","inLanguage":"fr-FR","@id":"https:\/\/www.africa-press.net\/benin\/politique\/creation-de-lupr-lallegorie-de-guy-mitokpe-ne-cadre-pas-avec-la-realite#primaryimage","url":"https:\/\/static.africa-press.net\/benin\/sites\/46\/2022\/08\/postQueueImg_24-630cf2111204a.jpg","contentUrl":"https:\/\/static.africa-press.net\/benin\/sites\/46\/2022\/08\/postQueueImg_24-630cf2111204a.jpg","width":1627,"height":985,"caption":"Cr\u00e9ation de l\u2019UPR: \u00ab\u00a0l\u2019all\u00e9gorie de Guy Mitokp\u00e8 ne cadre pas avec la r\u00e9alit\u00e9\u00a0\u00bb"},{"@type":"BreadcrumbList","@id":"https:\/\/www.africa-press.net\/benin\/politique\/creation-de-lupr-lallegorie-de-guy-mitokpe-ne-cadre-pas-avec-la-realite#breadcrumb","itemListElement":[{"@type":"ListItem","position":1,"name":"Accueil","item":"https:\/\/www.africa-press.net\/benin\/"},{"@type":"ListItem","position":2,"name":"Cr\u00e9ation de l\u2019UPR: \u00ab\u00a0l\u2019all\u00e9gorie de Guy Mitokp\u00e8 ne cadre pas avec la r\u00e9alit\u00e9\u00a0\u00bb"}]},{"@type":"WebSite","@id":"https:\/\/www.africa-press.net\/benin\/#website","url":"https:\/\/www.africa-press.net\/benin\/","name":"B\u00e9nin","description":"Just another Africa News Agency Sites site","potentialAction":[{"@type":"SearchAction","target":{"@type":"EntryPoint","urlTemplate":"https:\/\/www.africa-press.net\/benin\/?s={search_term_string}"},"query-input":{"@type":"PropertyValueSpecification","valueRequired":true,"valueName":"search_term_string"}}],"inLanguage":"fr-FR"},{"@type":"Person","@id":"https:\/\/www.africa-press.net\/benin\/#\/schema\/person\/2b1cf3cd81a31e3cd26889ca66d677f1","name":"cfeditorfr"}]}},"_links":{"self":[{"href":"https:\/\/www.africa-press.net\/benin\/wp-json\/wp\/v2\/posts\/8384","targetHints":{"allow":["GET"]}}],"collection":[{"href":"https:\/\/www.africa-press.net\/benin\/wp-json\/wp\/v2\/posts"}],"about":[{"href":"https:\/\/www.africa-press.net\/benin\/wp-json\/wp\/v2\/types\/post"}],"author":[{"embeddable":true,"href":"https:\/\/www.africa-press.net\/benin\/wp-json\/wp\/v2\/users\/82"}],"replies":[{"embeddable":true,"href":"https:\/\/www.africa-press.net\/benin\/wp-json\/wp\/v2\/comments?post=8384"}],"version-history":[{"count":0,"href":"https:\/\/www.africa-press.net\/benin\/wp-json\/wp\/v2\/posts\/8384\/revisions"}],"wp:featuredmedia":[{"embeddable":true,"href":"https:\/\/www.africa-press.net\/benin\/wp-json\/wp\/v2\/media\/8383"}],"wp:attachment":[{"href":"https:\/\/www.africa-press.net\/benin\/wp-json\/wp\/v2\/media?parent=8384"}],"wp:term":[{"taxonomy":"category","embeddable":true,"href":"https:\/\/www.africa-press.net\/benin\/wp-json\/wp\/v2\/categories?post=8384"},{"taxonomy":"post_tag","embeddable":true,"href":"https:\/\/www.africa-press.net\/benin\/wp-json\/wp\/v2\/tags?post=8384"}],"curies":[{"name":"wp","href":"https:\/\/api.w.org\/{rel}","templated":true}]}}