{"id":8387,"date":"2022-08-29T16:49:08","date_gmt":"2022-08-29T16:49:08","guid":{"rendered":"https:\/\/www.africa-press.net\/benin\/politique\/benin-remise-dequipements-de-patrouille-au-misp-par-loim-et-lambassade-du-japon"},"modified":"2022-08-29T17:07:20","modified_gmt":"2022-08-29T17:07:20","slug":"benin-remise-dequipements-de-patrouille-au-misp-par-loim-et-lambassade-du-japon","status":"publish","type":"post","link":"https:\/\/www.africa-press.net\/benin\/politique\/benin-remise-dequipements-de-patrouille-au-misp-par-loim-et-lambassade-du-japon","title":{"rendered":"B\u00e9nin: remise d\u2019\u00e9quipements de patrouille au MISP par l\u2019OIM et l\u2019Ambassade du Japon"},"content":{"rendered":"<p><span style=\"color: #ff6600\"><strong>Africa-Press &#8211; Benin. <\/strong><\/span>Dans le cadre du projet de renforcement de la s\u00e9curit\u00e9 aux fronti\u00e8res Nord-Ouest du B\u00e9nin, l\u2019Organisation internationale pour les migrations (OIM) et l\u2019ambassade du Japon pr\u00e8s le B\u00e9nin ont proc\u00e9d\u00e9 \u00e0 la remise de fourniture d\u2019\u00e9quipements de patrouille aux officiers de la police r\u00e9publicaine ce vendredi 26 ao\u00fbt 2022 \u00e0 Cotonou.<\/p>\n<p>C\u2019est avec un nouveau don de 14 motos, d\u2019appareils photo et de d\u00e9tecteurs de m\u00e9taux que l\u2019organisation internationale pour les Migrations et le Gouvernement du Japon ont r\u00e9affirm\u00e9 au gouvernement b\u00e9ninois leur volont\u00e9 \u00e0 contribuer au renforcement des capacit\u00e9s techniques et op\u00e9rationnelles de gestions des postes frontaliers au nord du B\u00e9nin.<\/p>\n<p>La c\u00e9r\u00e9monie de remise de ces \u00e9quipements suivie de la remise des attestations de formation sanctionnant le renforcement des capacit\u00e9s des officiers de l\u2019immigration sur l\u2019utilisation du syst\u00e8me MIDAS s\u2019est tenue ce vendredi \u00e0 Cotonou, sous la pr\u00e9sidence du Directeur de Cabinet du Ministre de l\u2019Int\u00e9rieur et de la S\u00e9curit\u00e9 publique et en pr\u00e9sence de l\u2019Ambassadeur du Japon aupr\u00e8s du B\u00e9nin. <b>\u00ab J\u2019ose esp\u00e9rer que ces \u00e9quipements vous seront utiles dans l\u2019exercice de vos fonctions dont la s\u00e9curisation des espaces frontaliers \u00bb<\/b>, a souhait\u00e9 Mame Diarra Kane, charg\u00e9e de projet \u00e0 l\u2019OIM B\u00e9nin.<\/p>\n<p>Avec l\u2019autorisation du Directeur de Cabinet du Minist\u00e8re de l\u2019Int\u00e9rieur et de la S\u00e9curit\u00e9 publique, Mame Diarra Kane a r\u00e9it\u00e9r\u00e9 au gouvernement du Japon la reconnaissance de l\u2019OIM pour leurs divers soutiens dans le cadre de leurs interventions et pour la confiance renouvel\u00e9e.<\/p>\n<p>Des menaces et d\u00e9fis s\u00e9curitaires<\/p>\n<p>La remise officielle des lots d\u2019\u00e9quipements de patrouille au profit des forces de s\u00e9curit\u00e9 publique, a \u00e9t\u00e9 lanc\u00e9e par le Directeur de cabinet du Ministre de l\u2019Int\u00e9rieur et de la S\u00e9curit\u00e9 publique, Monsieur Abass Olossoumar\u00e9. Selon lui, ce projet d\u2019un budget d\u2019environ 634 000 dollars financ\u00e9 par le gouvernement du Japon vient \u00e0 point nomm\u00e9 au moment o\u00f9 les espaces frontaliers du B\u00e9nin font face \u00e0 des menaces et d\u00e9ficits s\u00e9curitaires.<\/p>\n<p><b>\u00ab Ce lot de mat\u00e9riels fait suite \u00e0 celui d\u00e9j\u00e0 r\u00e9ceptionn\u00e9 au profit de la Police r\u00e9publicaine le 28 avril 2022 et dont la c\u00e9r\u00e9monie de r\u00e9ception avait \u00e9t\u00e9 pr\u00e9sid\u00e9e par le Ministre de l\u2019int\u00e9rieur et de la s\u00e9curit\u00e9 publique en personne \u00bb<\/b>, a-t-il rappel\u00e9. <b>\u00ab Je voudrais saisir cette opportunit\u00e9 pour demander aux agents en fonction aux postes frontaliers de Ouak\u00e9 et de Porga, b\u00e9n\u00e9ficiaires de ces \u00e9quipements \u00e0 en faire un bon usage conform\u00e9ment aux objectifs du projet \u00bb<\/b>, a-t-il insist\u00e9.<\/p>\n<p>Pour l\u2019ambassadeur du Japon pr\u00e8s le B\u00e9nin, Son Excellence Monsieur Tsugawa Takahisa, dans le contexte actuel de crises partout dans le monde , la s\u00e9curit\u00e9 des fronti\u00e8res est une pr\u00e9occupation majeure pour toutes les nations. Ainsi, dit-il, la mise en place d\u2019un dispositif ad\u00e9quat au niveau des fronti\u00e8res devient imp\u00e9rative.<\/p>\n<p>A l\u2019en croire, c\u2019est pour cette raison que le Japon a financ\u00e9 ce projet qui vise non seulement \u00e0 renforcer les capacit\u00e9s personnelles et techniques des structures et des acteurs en charge de la gestion des fronti\u00e8res mais aussi \u00e0 consolider la collaboration entre les forces de s\u00e9curit\u00e9 et les populations frontali\u00e8res. Renforcement de la s\u00e9curit\u00e9 aux fronti\u00e8res Nord-Ouest du B\u00e9nin Depuis son installation au B\u00e9nin, le bureau de l\u2019Organisation internationale pour les migrations et ses partenaires m\u00e8nent des projets et programmes visant \u00e0 appuyer le gouvernement du B\u00e9nin dans les d\u00e9fis aussi bien migratoires que s\u00e9curitaires auxquels il fait face.<\/p>\n<p>A ce titre, l\u2019OIM met en \u0153uvre depuis 2021 avec le soutien du gouvernement du Japon, le projet intitul\u00e9 <b>\u00ab renforcement de la s\u00e9curit\u00e9 aux fronti\u00e8res Nord-Ouest du B\u00e9nin \u00bb<\/b> dont l\u2019objectif principal est de contribuer \u00e0 l\u2019am\u00e9lioration de la s\u00e9curit\u00e9 en renfor\u00e7ant les capacit\u00e9s techniques et op\u00e9rationnelles de gestion des fronti\u00e8res particuli\u00e8rement les fronti\u00e8res Nord-Ouest. Ce projet intervient particuli\u00e8rement au poste fronti\u00e8re de Porga et celui de Ouak\u00e9 o\u00f9 les travaux de r\u00e9novation incluant l\u2019installation de source d\u2019\u00e9nergie renouvelable et l\u2019installation du syst\u00e8me d\u2019information et d\u2019analyse des Flux Migratoires (Midas), sont en cours.<\/p>\n<p><strong>Pour plus d&rsquo;informations et d&rsquo;analyses sur la <a href=\"https:\/\/www.africa-press.net\/benin\">Benin<\/a>, suivez <a href=\"https:\/\/www.africa-press.net\/\">Africa-Press<\/a><\/strong><\/p>\n","protected":false},"excerpt":{"rendered":"<p>Africa-Press &#8211; Benin. Dans le cadre du projet de renforcement de la s\u00e9curit\u00e9 aux fronti\u00e8res Nord-Ouest du B\u00e9nin, l\u2019Organisation internationale pour les migrations (OIM) et l\u2019ambassade du Japon pr\u00e8s le B\u00e9nin ont proc\u00e9d\u00e9 \u00e0 la remise de fourniture d\u2019\u00e9quipements de patrouille aux officiers de la police r\u00e9publicaine ce vendredi 26 ao\u00fbt 2022 \u00e0 Cotonou. C\u2019est [&hellip;]<\/p>\n","protected":false},"author":82,"featured_media":8386,"comment_status":"open","ping_status":"closed","sticky":false,"template":"","format":"standard","meta":{"footnotes":""},"categories":[11,2,10],"tags":[36,50,45],"class_list":["post-8387","post","type-post","status-publish","format-standard","has-post-thumbnail","hentry","category-homepage-french","category-politique","category-toutes-les-actualites","tag-africa-press","tag-africa-press-benin","tag-benin"],"yoast_head":"<!-- This site is optimized with the Yoast SEO Premium plugin v26.1 (Yoast SEO v27.0) - https:\/\/yoast.com\/product\/yoast-seo-premium-wordpress\/ -->\n<title>B\u00e9nin: remise d\u2019\u00e9quipements de patrouille au MISP par l\u2019OIM et l\u2019Ambassade du Japon - B\u00e9nin<\/title>\n<meta name=\"description\" content=\"Dans le cadre du projet de renforcement de la s\u00e9curit\u00e9 aux fronti\u00e8res Nord-Ouest du B\u00e9nin, l\u2019Organisation internationale ...\" \/>\n<meta name=\"robots\" content=\"index, follow, max-snippet:-1, max-image-preview:large, max-video-preview:-1\" \/>\n<link rel=\"canonical\" href=\"https:\/\/www.africa-press.net\/benin\/politique\/benin-remise-dequipements-de-patrouille-au-misp-par-loim-et-lambassade-du-japon\" \/>\n<meta property=\"og:locale\" content=\"fr_FR\" \/>\n<meta property=\"og:type\" content=\"article\" \/>\n<meta property=\"og:title\" content=\"B\u00e9nin: remise d\u2019\u00e9quipements de patrouille au MISP par l\u2019OIM et l\u2019Ambassade du Japon\" \/>\n<meta property=\"og:description\" content=\"Dans le cadre du projet de renforcement de la s\u00e9curit\u00e9 aux fronti\u00e8res Nord-Ouest du B\u00e9nin, l\u2019Organisation internationale ...\" \/>\n<meta property=\"og:url\" content=\"https:\/\/www.africa-press.net\/benin\/politique\/benin-remise-dequipements-de-patrouille-au-misp-par-loim-et-lambassade-du-japon\" \/>\n<meta property=\"og:site_name\" content=\"B\u00e9nin\" \/>\n<meta property=\"article:published_time\" content=\"2022-08-29T16:49:08+00:00\" \/>\n<meta property=\"article:modified_time\" content=\"2022-08-29T17:07:20+00:00\" \/>\n<meta property=\"og:image\" content=\"https:\/\/static.africa-press.net\/benin\/sites\/46\/2022\/08\/postQueueImg_25-630cf22d2479b.jpg\" \/>\n\t<meta property=\"og:image:width\" content=\"1200\" \/>\n\t<meta property=\"og:image:height\" content=\"800\" \/>\n\t<meta property=\"og:image:type\" content=\"image\/jpeg\" \/>\n<meta name=\"author\" content=\"cfeditorfr\" \/>\n<meta name=\"twitter:card\" content=\"summary_large_image\" \/>\n<meta name=\"twitter:label1\" content=\"\u00c9crit par\" \/>\n\t<meta name=\"twitter:data1\" content=\"cfeditorfr\" \/>\n\t<meta name=\"twitter:label2\" content=\"Dur\u00e9e de lecture estim\u00e9e\" \/>\n\t<meta name=\"twitter:data2\" content=\"4 minutes\" \/>\n<script type=\"application\/ld+json\" class=\"yoast-schema-graph\">{\"@context\":\"https:\/\/schema.org\",\"@graph\":[{\"@type\":\"Article\",\"@id\":\"https:\/\/www.africa-press.net\/benin\/politique\/benin-remise-dequipements-de-patrouille-au-misp-par-loim-et-lambassade-du-japon#article\",\"isPartOf\":{\"@id\":\"https:\/\/www.africa-press.net\/benin\/politique\/benin-remise-dequipements-de-patrouille-au-misp-par-loim-et-lambassade-du-japon\"},\"author\":{\"name\":\"cfeditorfr\",\"@id\":\"https:\/\/www.africa-press.net\/benin\/#\/schema\/person\/2b1cf3cd81a31e3cd26889ca66d677f1\"},\"headline\":\"B\u00e9nin: remise d\u2019\u00e9quipements de patrouille au MISP par l\u2019OIM et l\u2019Ambassade du Japon\",\"datePublished\":\"2022-08-29T16:49:08+00:00\",\"dateModified\":\"2022-08-29T17:07:20+00:00\",\"mainEntityOfPage\":{\"@id\":\"https:\/\/www.africa-press.net\/benin\/politique\/benin-remise-dequipements-de-patrouille-au-misp-par-loim-et-lambassade-du-japon\"},\"wordCount\":772,\"commentCount\":0,\"image\":{\"@id\":\"https:\/\/www.africa-press.net\/benin\/politique\/benin-remise-dequipements-de-patrouille-au-misp-par-loim-et-lambassade-du-japon#primaryimage\"},\"thumbnailUrl\":\"https:\/\/static.africa-press.net\/benin\/sites\/46\/2022\/08\/postQueueImg_25-630cf22d2479b.jpg\",\"keywords\":[\"Africa Press\",\"Africa Press-Benin\",\"B\u00e9nin\"],\"articleSection\":[\"homepage-french\",\"Politique\",\"Toutes les actualit\u00e9s\"],\"inLanguage\":\"fr-FR\",\"potentialAction\":[{\"@type\":\"CommentAction\",\"name\":\"Comment\",\"target\":[\"https:\/\/www.africa-press.net\/benin\/politique\/benin-remise-dequipements-de-patrouille-au-misp-par-loim-et-lambassade-du-japon#respond\"]}]},{\"@type\":\"WebPage\",\"@id\":\"https:\/\/www.africa-press.net\/benin\/politique\/benin-remise-dequipements-de-patrouille-au-misp-par-loim-et-lambassade-du-japon\",\"url\":\"https:\/\/www.africa-press.net\/benin\/politique\/benin-remise-dequipements-de-patrouille-au-misp-par-loim-et-lambassade-du-japon\",\"name\":\"B\u00e9nin: remise d\u2019\u00e9quipements de patrouille au MISP par l\u2019OIM et l\u2019Ambassade du Japon - B\u00e9nin\",\"isPartOf\":{\"@id\":\"https:\/\/www.africa-press.net\/benin\/#website\"},\"primaryImageOfPage\":{\"@id\":\"https:\/\/www.africa-press.net\/benin\/politique\/benin-remise-dequipements-de-patrouille-au-misp-par-loim-et-lambassade-du-japon#primaryimage\"},\"image\":{\"@id\":\"https:\/\/www.africa-press.net\/benin\/politique\/benin-remise-dequipements-de-patrouille-au-misp-par-loim-et-lambassade-du-japon#primaryimage\"},\"thumbnailUrl\":\"https:\/\/static.africa-press.net\/benin\/sites\/46\/2022\/08\/postQueueImg_25-630cf22d2479b.jpg\",\"datePublished\":\"2022-08-29T16:49:08+00:00\",\"dateModified\":\"2022-08-29T17:07:20+00:00\",\"author\":{\"@id\":\"https:\/\/www.africa-press.net\/benin\/#\/schema\/person\/2b1cf3cd81a31e3cd26889ca66d677f1\"},\"description\":\"Dans le cadre du projet de renforcement de la s\u00e9curit\u00e9 aux fronti\u00e8res Nord-Ouest du B\u00e9nin, l\u2019Organisation internationale ...\",\"breadcrumb\":{\"@id\":\"https:\/\/www.africa-press.net\/benin\/politique\/benin-remise-dequipements-de-patrouille-au-misp-par-loim-et-lambassade-du-japon#breadcrumb\"},\"inLanguage\":\"fr-FR\",\"potentialAction\":[{\"@type\":\"ReadAction\",\"target\":[\"https:\/\/www.africa-press.net\/benin\/politique\/benin-remise-dequipements-de-patrouille-au-misp-par-loim-et-lambassade-du-japon\"]}]},{\"@type\":\"ImageObject\",\"inLanguage\":\"fr-FR\",\"@id\":\"https:\/\/www.africa-press.net\/benin\/politique\/benin-remise-dequipements-de-patrouille-au-misp-par-loim-et-lambassade-du-japon#primaryimage\",\"url\":\"https:\/\/static.africa-press.net\/benin\/sites\/46\/2022\/08\/postQueueImg_25-630cf22d2479b.jpg\",\"contentUrl\":\"https:\/\/static.africa-press.net\/benin\/sites\/46\/2022\/08\/postQueueImg_25-630cf22d2479b.jpg\",\"width\":1200,\"height\":800,\"caption\":\"B\u00e9nin: remise d\u2019\u00e9quipements de patrouille au MISP par l\u2019OIM et l\u2019Ambassade du Japon\"},{\"@type\":\"BreadcrumbList\",\"@id\":\"https:\/\/www.africa-press.net\/benin\/politique\/benin-remise-dequipements-de-patrouille-au-misp-par-loim-et-lambassade-du-japon#breadcrumb\",\"itemListElement\":[{\"@type\":\"ListItem\",\"position\":1,\"name\":\"Accueil\",\"item\":\"https:\/\/www.africa-press.net\/benin\/\"},{\"@type\":\"ListItem\",\"position\":2,\"name\":\"B\u00e9nin: remise d\u2019\u00e9quipements de patrouille au MISP par l\u2019OIM et l\u2019Ambassade du Japon\"}]},{\"@type\":\"WebSite\",\"@id\":\"https:\/\/www.africa-press.net\/benin\/#website\",\"url\":\"https:\/\/www.africa-press.net\/benin\/\",\"name\":\"B\u00e9nin\",\"description\":\"Just another Africa News Agency Sites site\",\"potentialAction\":[{\"@type\":\"SearchAction\",\"target\":{\"@type\":\"EntryPoint\",\"urlTemplate\":\"https:\/\/www.africa-press.net\/benin\/?s={search_term_string}\"},\"query-input\":{\"@type\":\"PropertyValueSpecification\",\"valueRequired\":true,\"valueName\":\"search_term_string\"}}],\"inLanguage\":\"fr-FR\"},{\"@type\":\"Person\",\"@id\":\"https:\/\/www.africa-press.net\/benin\/#\/schema\/person\/2b1cf3cd81a31e3cd26889ca66d677f1\",\"name\":\"cfeditorfr\"}]}<\/script>\n<!-- \/ Yoast SEO Premium plugin. -->","yoast_head_json":{"title":"B\u00e9nin: remise d\u2019\u00e9quipements de patrouille au MISP par l\u2019OIM et l\u2019Ambassade du Japon - B\u00e9nin","description":"Dans le cadre du projet de renforcement de la s\u00e9curit\u00e9 aux fronti\u00e8res Nord-Ouest du B\u00e9nin, l\u2019Organisation internationale ...","robots":{"index":"index","follow":"follow","max-snippet":"max-snippet:-1","max-image-preview":"max-image-preview:large","max-video-preview":"max-video-preview:-1"},"canonical":"https:\/\/www.africa-press.net\/benin\/politique\/benin-remise-dequipements-de-patrouille-au-misp-par-loim-et-lambassade-du-japon","og_locale":"fr_FR","og_type":"article","og_title":"B\u00e9nin: remise d\u2019\u00e9quipements de patrouille au MISP par l\u2019OIM et l\u2019Ambassade du Japon","og_description":"Dans le cadre du projet de renforcement de la s\u00e9curit\u00e9 aux fronti\u00e8res Nord-Ouest du B\u00e9nin, l\u2019Organisation internationale ...","og_url":"https:\/\/www.africa-press.net\/benin\/politique\/benin-remise-dequipements-de-patrouille-au-misp-par-loim-et-lambassade-du-japon","og_site_name":"B\u00e9nin","article_published_time":"2022-08-29T16:49:08+00:00","article_modified_time":"2022-08-29T17:07:20+00:00","og_image":[{"width":1200,"height":800,"url":"https:\/\/static.africa-press.net\/benin\/sites\/46\/2022\/08\/postQueueImg_25-630cf22d2479b.jpg","type":"image\/jpeg"}],"author":"cfeditorfr","twitter_card":"summary_large_image","twitter_misc":{"\u00c9crit par":"cfeditorfr","Dur\u00e9e de lecture estim\u00e9e":"4 minutes"},"schema":{"@context":"https:\/\/schema.org","@graph":[{"@type":"Article","@id":"https:\/\/www.africa-press.net\/benin\/politique\/benin-remise-dequipements-de-patrouille-au-misp-par-loim-et-lambassade-du-japon#article","isPartOf":{"@id":"https:\/\/www.africa-press.net\/benin\/politique\/benin-remise-dequipements-de-patrouille-au-misp-par-loim-et-lambassade-du-japon"},"author":{"name":"cfeditorfr","@id":"https:\/\/www.africa-press.net\/benin\/#\/schema\/person\/2b1cf3cd81a31e3cd26889ca66d677f1"},"headline":"B\u00e9nin: remise d\u2019\u00e9quipements de patrouille au MISP par l\u2019OIM et l\u2019Ambassade du Japon","datePublished":"2022-08-29T16:49:08+00:00","dateModified":"2022-08-29T17:07:20+00:00","mainEntityOfPage":{"@id":"https:\/\/www.africa-press.net\/benin\/politique\/benin-remise-dequipements-de-patrouille-au-misp-par-loim-et-lambassade-du-japon"},"wordCount":772,"commentCount":0,"image":{"@id":"https:\/\/www.africa-press.net\/benin\/politique\/benin-remise-dequipements-de-patrouille-au-misp-par-loim-et-lambassade-du-japon#primaryimage"},"thumbnailUrl":"https:\/\/static.africa-press.net\/benin\/sites\/46\/2022\/08\/postQueueImg_25-630cf22d2479b.jpg","keywords":["Africa Press","Africa Press-Benin","B\u00e9nin"],"articleSection":["homepage-french","Politique","Toutes les actualit\u00e9s"],"inLanguage":"fr-FR","potentialAction":[{"@type":"CommentAction","name":"Comment","target":["https:\/\/www.africa-press.net\/benin\/politique\/benin-remise-dequipements-de-patrouille-au-misp-par-loim-et-lambassade-du-japon#respond"]}]},{"@type":"WebPage","@id":"https:\/\/www.africa-press.net\/benin\/politique\/benin-remise-dequipements-de-patrouille-au-misp-par-loim-et-lambassade-du-japon","url":"https:\/\/www.africa-press.net\/benin\/politique\/benin-remise-dequipements-de-patrouille-au-misp-par-loim-et-lambassade-du-japon","name":"B\u00e9nin: remise d\u2019\u00e9quipements de patrouille au MISP par l\u2019OIM et l\u2019Ambassade du Japon - B\u00e9nin","isPartOf":{"@id":"https:\/\/www.africa-press.net\/benin\/#website"},"primaryImageOfPage":{"@id":"https:\/\/www.africa-press.net\/benin\/politique\/benin-remise-dequipements-de-patrouille-au-misp-par-loim-et-lambassade-du-japon#primaryimage"},"image":{"@id":"https:\/\/www.africa-press.net\/benin\/politique\/benin-remise-dequipements-de-patrouille-au-misp-par-loim-et-lambassade-du-japon#primaryimage"},"thumbnailUrl":"https:\/\/static.africa-press.net\/benin\/sites\/46\/2022\/08\/postQueueImg_25-630cf22d2479b.jpg","datePublished":"2022-08-29T16:49:08+00:00","dateModified":"2022-08-29T17:07:20+00:00","author":{"@id":"https:\/\/www.africa-press.net\/benin\/#\/schema\/person\/2b1cf3cd81a31e3cd26889ca66d677f1"},"description":"Dans le cadre du projet de renforcement de la s\u00e9curit\u00e9 aux fronti\u00e8res Nord-Ouest du B\u00e9nin, l\u2019Organisation internationale ...","breadcrumb":{"@id":"https:\/\/www.africa-press.net\/benin\/politique\/benin-remise-dequipements-de-patrouille-au-misp-par-loim-et-lambassade-du-japon#breadcrumb"},"inLanguage":"fr-FR","potentialAction":[{"@type":"ReadAction","target":["https:\/\/www.africa-press.net\/benin\/politique\/benin-remise-dequipements-de-patrouille-au-misp-par-loim-et-lambassade-du-japon"]}]},{"@type":"ImageObject","inLanguage":"fr-FR","@id":"https:\/\/www.africa-press.net\/benin\/politique\/benin-remise-dequipements-de-patrouille-au-misp-par-loim-et-lambassade-du-japon#primaryimage","url":"https:\/\/static.africa-press.net\/benin\/sites\/46\/2022\/08\/postQueueImg_25-630cf22d2479b.jpg","contentUrl":"https:\/\/static.africa-press.net\/benin\/sites\/46\/2022\/08\/postQueueImg_25-630cf22d2479b.jpg","width":1200,"height":800,"caption":"B\u00e9nin: remise d\u2019\u00e9quipements de patrouille au MISP par l\u2019OIM et l\u2019Ambassade du Japon"},{"@type":"BreadcrumbList","@id":"https:\/\/www.africa-press.net\/benin\/politique\/benin-remise-dequipements-de-patrouille-au-misp-par-loim-et-lambassade-du-japon#breadcrumb","itemListElement":[{"@type":"ListItem","position":1,"name":"Accueil","item":"https:\/\/www.africa-press.net\/benin\/"},{"@type":"ListItem","position":2,"name":"B\u00e9nin: remise d\u2019\u00e9quipements de patrouille au MISP par l\u2019OIM et l\u2019Ambassade du Japon"}]},{"@type":"WebSite","@id":"https:\/\/www.africa-press.net\/benin\/#website","url":"https:\/\/www.africa-press.net\/benin\/","name":"B\u00e9nin","description":"Just another Africa News Agency Sites site","potentialAction":[{"@type":"SearchAction","target":{"@type":"EntryPoint","urlTemplate":"https:\/\/www.africa-press.net\/benin\/?s={search_term_string}"},"query-input":{"@type":"PropertyValueSpecification","valueRequired":true,"valueName":"search_term_string"}}],"inLanguage":"fr-FR"},{"@type":"Person","@id":"https:\/\/www.africa-press.net\/benin\/#\/schema\/person\/2b1cf3cd81a31e3cd26889ca66d677f1","name":"cfeditorfr"}]}},"_links":{"self":[{"href":"https:\/\/www.africa-press.net\/benin\/wp-json\/wp\/v2\/posts\/8387","targetHints":{"allow":["GET"]}}],"collection":[{"href":"https:\/\/www.africa-press.net\/benin\/wp-json\/wp\/v2\/posts"}],"about":[{"href":"https:\/\/www.africa-press.net\/benin\/wp-json\/wp\/v2\/types\/post"}],"author":[{"embeddable":true,"href":"https:\/\/www.africa-press.net\/benin\/wp-json\/wp\/v2\/users\/82"}],"replies":[{"embeddable":true,"href":"https:\/\/www.africa-press.net\/benin\/wp-json\/wp\/v2\/comments?post=8387"}],"version-history":[{"count":0,"href":"https:\/\/www.africa-press.net\/benin\/wp-json\/wp\/v2\/posts\/8387\/revisions"}],"wp:featuredmedia":[{"embeddable":true,"href":"https:\/\/www.africa-press.net\/benin\/wp-json\/wp\/v2\/media\/8386"}],"wp:attachment":[{"href":"https:\/\/www.africa-press.net\/benin\/wp-json\/wp\/v2\/media?parent=8387"}],"wp:term":[{"taxonomy":"category","embeddable":true,"href":"https:\/\/www.africa-press.net\/benin\/wp-json\/wp\/v2\/categories?post=8387"},{"taxonomy":"post_tag","embeddable":true,"href":"https:\/\/www.africa-press.net\/benin\/wp-json\/wp\/v2\/tags?post=8387"}],"curies":[{"name":"wp","href":"https:\/\/api.w.org\/{rel}","templated":true}]}}