{"id":8390,"date":"2022-08-29T16:50:22","date_gmt":"2022-08-29T16:50:22","guid":{"rendered":"https:\/\/www.africa-press.net\/benin\/politique\/laref22-patrice-talon-conferencier-face-aux-entrepreneurs-francais"},"modified":"2022-08-29T17:07:50","modified_gmt":"2022-08-29T17:07:50","slug":"laref22-patrice-talon-conferencier-face-aux-entrepreneurs-francais","status":"publish","type":"post","link":"https:\/\/www.africa-press.net\/benin\/politique\/laref22-patrice-talon-conferencier-face-aux-entrepreneurs-francais","title":{"rendered":"LaREF22: Patrice Talon, conf\u00e9rencier face aux entrepreneurs fran\u00e7ais"},"content":{"rendered":"<p><span style=\"color: #ff6600\"><strong>Africa-Press &#8211; Benin. <\/strong><\/span>Le pr\u00e9sident Patrice Talon est attendu en France ce lundi 29 ao\u00fbt 2022. Le Chef d\u2019Etat b\u00e9ninois est annonc\u00e9 dans une conf\u00e9rence face aux entrepreneurs fran\u00e7ais demain mardi 30 ao\u00fbt. Cette activit\u00e9 s\u2019inscrit dans le cadre de l\u2019\u00e9dition 2022, de La Rencontre des Entrepreneurs de France (LaREF22).<\/p>\n<p>Patrice Talon va s\u2019entretenir avec les entrepreneurs fran\u00e7ais ce mardi \u00e0 Paris. Conf\u00e9rencier de circonstance, le pr\u00e9sident b\u00e9ninois abordera les relations entre l\u2019Afrique et l\u2019Europe. La Cheffe du gouvernement de la Tunisie, Najla Bouden Romdhane sera \u00e9galement de la partie.<\/p>\n<p>LaREF22, c\u2019est plus de 150 intervenants, 30 d\u00e9bats et keynotes programm\u00e9s dans le cadre a\u00e9r\u00e9 de l\u2019Hippodrome Longchamp. Le th\u00e8me central de cette \u00e9dition est intitul\u00e9 \u00ab Euro Visions \u00bb.<\/p>\n<p><b>\u00ab Face aux mod\u00e8les am\u00e9ricains, chinois, russe, l\u2019Europe peut-elle s\u2019affirmer et croire en son destin ? A l\u2019heure o\u00f9 un conflit arm\u00e9 est \u00e0 nos portes, o\u00f9 l\u2019inflation revient, o\u00f9 la question de l\u2019approvisionnement \u00e9nerg\u00e9tique fragilise nos \u00e9conomies, quelle Europe voulons-nous ? Comment l\u2019Europe peut-elle \u00eatre souveraine ? Quel avenir pour nos d\u00e9mocraties lib\u00e9rales ? \u00bb<\/b>, il s\u2019agit l\u00e0 de quelques questions qui ont motiv\u00e9 l\u2019organisation de LaREF22 par le Mouvement des entreprises de France (Medef).<\/p>\n<p><strong>Pour plus d&rsquo;informations et d&rsquo;analyses sur la <a href=\"https:\/\/www.africa-press.net\/benin\">Benin<\/a>, suivez <a href=\"https:\/\/www.africa-press.net\/\">Africa-Press<\/a><\/strong><\/p>\n","protected":false},"excerpt":{"rendered":"<p>Africa-Press &#8211; Benin. Le pr\u00e9sident Patrice Talon est attendu en France ce lundi 29 ao\u00fbt 2022. Le Chef d\u2019Etat b\u00e9ninois est annonc\u00e9 dans une conf\u00e9rence face aux entrepreneurs fran\u00e7ais demain mardi 30 ao\u00fbt. Cette activit\u00e9 s\u2019inscrit dans le cadre de l\u2019\u00e9dition 2022, de La Rencontre des Entrepreneurs de France (LaREF22). Patrice Talon va s\u2019entretenir avec [&hellip;]<\/p>\n","protected":false},"author":82,"featured_media":8389,"comment_status":"open","ping_status":"closed","sticky":false,"template":"","format":"standard","meta":{"footnotes":""},"categories":[11,2,10],"tags":[36,50,45],"class_list":["post-8390","post","type-post","status-publish","format-standard","has-post-thumbnail","hentry","category-homepage-french","category-politique","category-toutes-les-actualites","tag-africa-press","tag-africa-press-benin","tag-benin"],"yoast_head":"<!-- This site is optimized with the Yoast SEO Premium plugin v26.1 (Yoast SEO v27.0) - https:\/\/yoast.com\/product\/yoast-seo-premium-wordpress\/ -->\n<title>LaREF22: Patrice Talon, conf\u00e9rencier face aux entrepreneurs fran\u00e7ais - B\u00e9nin<\/title>\n<meta name=\"description\" content=\"Le pr\u00e9sident Patrice Talon est attendu en France ce lundi 29 ao\u00fbt 2022. Le Chef d\u2019Etat b\u00e9ninois est annonc\u00e9 dans une con ...\" \/>\n<meta name=\"robots\" content=\"index, follow, max-snippet:-1, max-image-preview:large, max-video-preview:-1\" \/>\n<link rel=\"canonical\" href=\"https:\/\/www.africa-press.net\/benin\/politique\/laref22-patrice-talon-conferencier-face-aux-entrepreneurs-francais\" \/>\n<meta property=\"og:locale\" content=\"fr_FR\" \/>\n<meta property=\"og:type\" content=\"article\" \/>\n<meta property=\"og:title\" content=\"LaREF22: Patrice Talon, conf\u00e9rencier face aux entrepreneurs fran\u00e7ais\" \/>\n<meta property=\"og:description\" content=\"Le pr\u00e9sident Patrice Talon est attendu en France ce lundi 29 ao\u00fbt 2022. Le Chef d\u2019Etat b\u00e9ninois est annonc\u00e9 dans une con ...\" \/>\n<meta property=\"og:url\" content=\"https:\/\/www.africa-press.net\/benin\/politique\/laref22-patrice-talon-conferencier-face-aux-entrepreneurs-francais\" \/>\n<meta property=\"og:site_name\" content=\"B\u00e9nin\" \/>\n<meta property=\"article:published_time\" content=\"2022-08-29T16:50:22+00:00\" \/>\n<meta property=\"article:modified_time\" content=\"2022-08-29T17:07:50+00:00\" \/>\n<meta property=\"og:image\" content=\"https:\/\/static.africa-press.net\/benin\/sites\/46\/2022\/08\/postQueueImg_26-630cf24e28489.jpg\" \/>\n\t<meta property=\"og:image:width\" content=\"1200\" \/>\n\t<meta property=\"og:image:height\" content=\"800\" \/>\n\t<meta property=\"og:image:type\" content=\"image\/jpeg\" \/>\n<meta name=\"author\" content=\"cfeditorfr\" \/>\n<meta name=\"twitter:card\" content=\"summary_large_image\" \/>\n<meta name=\"twitter:label1\" content=\"\u00c9crit par\" \/>\n\t<meta name=\"twitter:data1\" content=\"cfeditorfr\" \/>\n\t<meta name=\"twitter:label2\" content=\"Dur\u00e9e de lecture estim\u00e9e\" \/>\n\t<meta name=\"twitter:data2\" content=\"2 minutes\" \/>\n<script type=\"application\/ld+json\" class=\"yoast-schema-graph\">{\"@context\":\"https:\/\/schema.org\",\"@graph\":[{\"@type\":\"Article\",\"@id\":\"https:\/\/www.africa-press.net\/benin\/politique\/laref22-patrice-talon-conferencier-face-aux-entrepreneurs-francais#article\",\"isPartOf\":{\"@id\":\"https:\/\/www.africa-press.net\/benin\/politique\/laref22-patrice-talon-conferencier-face-aux-entrepreneurs-francais\"},\"author\":{\"name\":\"cfeditorfr\",\"@id\":\"https:\/\/www.africa-press.net\/benin\/#\/schema\/person\/2b1cf3cd81a31e3cd26889ca66d677f1\"},\"headline\":\"LaREF22: Patrice Talon, conf\u00e9rencier face aux entrepreneurs fran\u00e7ais\",\"datePublished\":\"2022-08-29T16:50:22+00:00\",\"dateModified\":\"2022-08-29T17:07:50+00:00\",\"mainEntityOfPage\":{\"@id\":\"https:\/\/www.africa-press.net\/benin\/politique\/laref22-patrice-talon-conferencier-face-aux-entrepreneurs-francais\"},\"wordCount\":237,\"commentCount\":0,\"image\":{\"@id\":\"https:\/\/www.africa-press.net\/benin\/politique\/laref22-patrice-talon-conferencier-face-aux-entrepreneurs-francais#primaryimage\"},\"thumbnailUrl\":\"https:\/\/static.africa-press.net\/benin\/sites\/46\/2022\/08\/postQueueImg_26-630cf24e28489.jpg\",\"keywords\":[\"Africa Press\",\"Africa Press-Benin\",\"B\u00e9nin\"],\"articleSection\":[\"homepage-french\",\"Politique\",\"Toutes les actualit\u00e9s\"],\"inLanguage\":\"fr-FR\",\"potentialAction\":[{\"@type\":\"CommentAction\",\"name\":\"Comment\",\"target\":[\"https:\/\/www.africa-press.net\/benin\/politique\/laref22-patrice-talon-conferencier-face-aux-entrepreneurs-francais#respond\"]}]},{\"@type\":\"WebPage\",\"@id\":\"https:\/\/www.africa-press.net\/benin\/politique\/laref22-patrice-talon-conferencier-face-aux-entrepreneurs-francais\",\"url\":\"https:\/\/www.africa-press.net\/benin\/politique\/laref22-patrice-talon-conferencier-face-aux-entrepreneurs-francais\",\"name\":\"LaREF22: Patrice Talon, conf\u00e9rencier face aux entrepreneurs fran\u00e7ais - B\u00e9nin\",\"isPartOf\":{\"@id\":\"https:\/\/www.africa-press.net\/benin\/#website\"},\"primaryImageOfPage\":{\"@id\":\"https:\/\/www.africa-press.net\/benin\/politique\/laref22-patrice-talon-conferencier-face-aux-entrepreneurs-francais#primaryimage\"},\"image\":{\"@id\":\"https:\/\/www.africa-press.net\/benin\/politique\/laref22-patrice-talon-conferencier-face-aux-entrepreneurs-francais#primaryimage\"},\"thumbnailUrl\":\"https:\/\/static.africa-press.net\/benin\/sites\/46\/2022\/08\/postQueueImg_26-630cf24e28489.jpg\",\"datePublished\":\"2022-08-29T16:50:22+00:00\",\"dateModified\":\"2022-08-29T17:07:50+00:00\",\"author\":{\"@id\":\"https:\/\/www.africa-press.net\/benin\/#\/schema\/person\/2b1cf3cd81a31e3cd26889ca66d677f1\"},\"description\":\"Le pr\u00e9sident Patrice Talon est attendu en France ce lundi 29 ao\u00fbt 2022. Le Chef d\u2019Etat b\u00e9ninois est annonc\u00e9 dans une con ...\",\"breadcrumb\":{\"@id\":\"https:\/\/www.africa-press.net\/benin\/politique\/laref22-patrice-talon-conferencier-face-aux-entrepreneurs-francais#breadcrumb\"},\"inLanguage\":\"fr-FR\",\"potentialAction\":[{\"@type\":\"ReadAction\",\"target\":[\"https:\/\/www.africa-press.net\/benin\/politique\/laref22-patrice-talon-conferencier-face-aux-entrepreneurs-francais\"]}]},{\"@type\":\"ImageObject\",\"inLanguage\":\"fr-FR\",\"@id\":\"https:\/\/www.africa-press.net\/benin\/politique\/laref22-patrice-talon-conferencier-face-aux-entrepreneurs-francais#primaryimage\",\"url\":\"https:\/\/static.africa-press.net\/benin\/sites\/46\/2022\/08\/postQueueImg_26-630cf24e28489.jpg\",\"contentUrl\":\"https:\/\/static.africa-press.net\/benin\/sites\/46\/2022\/08\/postQueueImg_26-630cf24e28489.jpg\",\"width\":1200,\"height\":800,\"caption\":\"LaREF22: Patrice Talon, conf\u00e9rencier face aux entrepreneurs fran\u00e7ais\"},{\"@type\":\"BreadcrumbList\",\"@id\":\"https:\/\/www.africa-press.net\/benin\/politique\/laref22-patrice-talon-conferencier-face-aux-entrepreneurs-francais#breadcrumb\",\"itemListElement\":[{\"@type\":\"ListItem\",\"position\":1,\"name\":\"Accueil\",\"item\":\"https:\/\/www.africa-press.net\/benin\/\"},{\"@type\":\"ListItem\",\"position\":2,\"name\":\"LaREF22: Patrice Talon, conf\u00e9rencier face aux entrepreneurs fran\u00e7ais\"}]},{\"@type\":\"WebSite\",\"@id\":\"https:\/\/www.africa-press.net\/benin\/#website\",\"url\":\"https:\/\/www.africa-press.net\/benin\/\",\"name\":\"B\u00e9nin\",\"description\":\"Just another Africa News Agency Sites site\",\"potentialAction\":[{\"@type\":\"SearchAction\",\"target\":{\"@type\":\"EntryPoint\",\"urlTemplate\":\"https:\/\/www.africa-press.net\/benin\/?s={search_term_string}\"},\"query-input\":{\"@type\":\"PropertyValueSpecification\",\"valueRequired\":true,\"valueName\":\"search_term_string\"}}],\"inLanguage\":\"fr-FR\"},{\"@type\":\"Person\",\"@id\":\"https:\/\/www.africa-press.net\/benin\/#\/schema\/person\/2b1cf3cd81a31e3cd26889ca66d677f1\",\"name\":\"cfeditorfr\"}]}<\/script>\n<!-- \/ Yoast SEO Premium plugin. -->","yoast_head_json":{"title":"LaREF22: Patrice Talon, conf\u00e9rencier face aux entrepreneurs fran\u00e7ais - B\u00e9nin","description":"Le pr\u00e9sident Patrice Talon est attendu en France ce lundi 29 ao\u00fbt 2022. Le Chef d\u2019Etat b\u00e9ninois est annonc\u00e9 dans une con ...","robots":{"index":"index","follow":"follow","max-snippet":"max-snippet:-1","max-image-preview":"max-image-preview:large","max-video-preview":"max-video-preview:-1"},"canonical":"https:\/\/www.africa-press.net\/benin\/politique\/laref22-patrice-talon-conferencier-face-aux-entrepreneurs-francais","og_locale":"fr_FR","og_type":"article","og_title":"LaREF22: Patrice Talon, conf\u00e9rencier face aux entrepreneurs fran\u00e7ais","og_description":"Le pr\u00e9sident Patrice Talon est attendu en France ce lundi 29 ao\u00fbt 2022. Le Chef d\u2019Etat b\u00e9ninois est annonc\u00e9 dans une con ...","og_url":"https:\/\/www.africa-press.net\/benin\/politique\/laref22-patrice-talon-conferencier-face-aux-entrepreneurs-francais","og_site_name":"B\u00e9nin","article_published_time":"2022-08-29T16:50:22+00:00","article_modified_time":"2022-08-29T17:07:50+00:00","og_image":[{"width":1200,"height":800,"url":"https:\/\/static.africa-press.net\/benin\/sites\/46\/2022\/08\/postQueueImg_26-630cf24e28489.jpg","type":"image\/jpeg"}],"author":"cfeditorfr","twitter_card":"summary_large_image","twitter_misc":{"\u00c9crit par":"cfeditorfr","Dur\u00e9e de lecture estim\u00e9e":"2 minutes"},"schema":{"@context":"https:\/\/schema.org","@graph":[{"@type":"Article","@id":"https:\/\/www.africa-press.net\/benin\/politique\/laref22-patrice-talon-conferencier-face-aux-entrepreneurs-francais#article","isPartOf":{"@id":"https:\/\/www.africa-press.net\/benin\/politique\/laref22-patrice-talon-conferencier-face-aux-entrepreneurs-francais"},"author":{"name":"cfeditorfr","@id":"https:\/\/www.africa-press.net\/benin\/#\/schema\/person\/2b1cf3cd81a31e3cd26889ca66d677f1"},"headline":"LaREF22: Patrice Talon, conf\u00e9rencier face aux entrepreneurs fran\u00e7ais","datePublished":"2022-08-29T16:50:22+00:00","dateModified":"2022-08-29T17:07:50+00:00","mainEntityOfPage":{"@id":"https:\/\/www.africa-press.net\/benin\/politique\/laref22-patrice-talon-conferencier-face-aux-entrepreneurs-francais"},"wordCount":237,"commentCount":0,"image":{"@id":"https:\/\/www.africa-press.net\/benin\/politique\/laref22-patrice-talon-conferencier-face-aux-entrepreneurs-francais#primaryimage"},"thumbnailUrl":"https:\/\/static.africa-press.net\/benin\/sites\/46\/2022\/08\/postQueueImg_26-630cf24e28489.jpg","keywords":["Africa Press","Africa Press-Benin","B\u00e9nin"],"articleSection":["homepage-french","Politique","Toutes les actualit\u00e9s"],"inLanguage":"fr-FR","potentialAction":[{"@type":"CommentAction","name":"Comment","target":["https:\/\/www.africa-press.net\/benin\/politique\/laref22-patrice-talon-conferencier-face-aux-entrepreneurs-francais#respond"]}]},{"@type":"WebPage","@id":"https:\/\/www.africa-press.net\/benin\/politique\/laref22-patrice-talon-conferencier-face-aux-entrepreneurs-francais","url":"https:\/\/www.africa-press.net\/benin\/politique\/laref22-patrice-talon-conferencier-face-aux-entrepreneurs-francais","name":"LaREF22: Patrice Talon, conf\u00e9rencier face aux entrepreneurs fran\u00e7ais - B\u00e9nin","isPartOf":{"@id":"https:\/\/www.africa-press.net\/benin\/#website"},"primaryImageOfPage":{"@id":"https:\/\/www.africa-press.net\/benin\/politique\/laref22-patrice-talon-conferencier-face-aux-entrepreneurs-francais#primaryimage"},"image":{"@id":"https:\/\/www.africa-press.net\/benin\/politique\/laref22-patrice-talon-conferencier-face-aux-entrepreneurs-francais#primaryimage"},"thumbnailUrl":"https:\/\/static.africa-press.net\/benin\/sites\/46\/2022\/08\/postQueueImg_26-630cf24e28489.jpg","datePublished":"2022-08-29T16:50:22+00:00","dateModified":"2022-08-29T17:07:50+00:00","author":{"@id":"https:\/\/www.africa-press.net\/benin\/#\/schema\/person\/2b1cf3cd81a31e3cd26889ca66d677f1"},"description":"Le pr\u00e9sident Patrice Talon est attendu en France ce lundi 29 ao\u00fbt 2022. Le Chef d\u2019Etat b\u00e9ninois est annonc\u00e9 dans une con ...","breadcrumb":{"@id":"https:\/\/www.africa-press.net\/benin\/politique\/laref22-patrice-talon-conferencier-face-aux-entrepreneurs-francais#breadcrumb"},"inLanguage":"fr-FR","potentialAction":[{"@type":"ReadAction","target":["https:\/\/www.africa-press.net\/benin\/politique\/laref22-patrice-talon-conferencier-face-aux-entrepreneurs-francais"]}]},{"@type":"ImageObject","inLanguage":"fr-FR","@id":"https:\/\/www.africa-press.net\/benin\/politique\/laref22-patrice-talon-conferencier-face-aux-entrepreneurs-francais#primaryimage","url":"https:\/\/static.africa-press.net\/benin\/sites\/46\/2022\/08\/postQueueImg_26-630cf24e28489.jpg","contentUrl":"https:\/\/static.africa-press.net\/benin\/sites\/46\/2022\/08\/postQueueImg_26-630cf24e28489.jpg","width":1200,"height":800,"caption":"LaREF22: Patrice Talon, conf\u00e9rencier face aux entrepreneurs fran\u00e7ais"},{"@type":"BreadcrumbList","@id":"https:\/\/www.africa-press.net\/benin\/politique\/laref22-patrice-talon-conferencier-face-aux-entrepreneurs-francais#breadcrumb","itemListElement":[{"@type":"ListItem","position":1,"name":"Accueil","item":"https:\/\/www.africa-press.net\/benin\/"},{"@type":"ListItem","position":2,"name":"LaREF22: Patrice Talon, conf\u00e9rencier face aux entrepreneurs fran\u00e7ais"}]},{"@type":"WebSite","@id":"https:\/\/www.africa-press.net\/benin\/#website","url":"https:\/\/www.africa-press.net\/benin\/","name":"B\u00e9nin","description":"Just another Africa News Agency Sites site","potentialAction":[{"@type":"SearchAction","target":{"@type":"EntryPoint","urlTemplate":"https:\/\/www.africa-press.net\/benin\/?s={search_term_string}"},"query-input":{"@type":"PropertyValueSpecification","valueRequired":true,"valueName":"search_term_string"}}],"inLanguage":"fr-FR"},{"@type":"Person","@id":"https:\/\/www.africa-press.net\/benin\/#\/schema\/person\/2b1cf3cd81a31e3cd26889ca66d677f1","name":"cfeditorfr"}]}},"_links":{"self":[{"href":"https:\/\/www.africa-press.net\/benin\/wp-json\/wp\/v2\/posts\/8390","targetHints":{"allow":["GET"]}}],"collection":[{"href":"https:\/\/www.africa-press.net\/benin\/wp-json\/wp\/v2\/posts"}],"about":[{"href":"https:\/\/www.africa-press.net\/benin\/wp-json\/wp\/v2\/types\/post"}],"author":[{"embeddable":true,"href":"https:\/\/www.africa-press.net\/benin\/wp-json\/wp\/v2\/users\/82"}],"replies":[{"embeddable":true,"href":"https:\/\/www.africa-press.net\/benin\/wp-json\/wp\/v2\/comments?post=8390"}],"version-history":[{"count":0,"href":"https:\/\/www.africa-press.net\/benin\/wp-json\/wp\/v2\/posts\/8390\/revisions"}],"wp:featuredmedia":[{"embeddable":true,"href":"https:\/\/www.africa-press.net\/benin\/wp-json\/wp\/v2\/media\/8389"}],"wp:attachment":[{"href":"https:\/\/www.africa-press.net\/benin\/wp-json\/wp\/v2\/media?parent=8390"}],"wp:term":[{"taxonomy":"category","embeddable":true,"href":"https:\/\/www.africa-press.net\/benin\/wp-json\/wp\/v2\/categories?post=8390"},{"taxonomy":"post_tag","embeddable":true,"href":"https:\/\/www.africa-press.net\/benin\/wp-json\/wp\/v2\/tags?post=8390"}],"curies":[{"name":"wp","href":"https:\/\/api.w.org\/{rel}","templated":true}]}}