{"id":8417,"date":"2022-08-30T17:23:34","date_gmt":"2022-08-30T17:23:34","guid":{"rendered":"https:\/\/www.africa-press.net\/benin\/politique\/benin-une-petite-fille-repechee-morte-dun-puits-de-5-metres-a-savalou"},"modified":"2022-08-30T17:49:19","modified_gmt":"2022-08-30T17:49:19","slug":"benin-une-petite-fille-repechee-morte-dun-puits-de-5-metres-a-savalou","status":"publish","type":"post","link":"https:\/\/www.africa-press.net\/benin\/toutes-les-actualites\/benin-une-petite-fille-repechee-morte-dun-puits-de-5-metres-a-savalou","title":{"rendered":"B\u00e9nin: une petite fille rep\u00each\u00e9e morte d\u2019un puits de 5 m\u00e8tres \u00e0 Savalou"},"content":{"rendered":"<p><span style=\"color: #ff6600\"><strong>Africa-Press &#8211; Benin. <\/strong><\/span>Une petite fille \u00e2g\u00e9e de 7 ans en classe de CP est morte noy\u00e9e dans un puits de cinq m\u00e8tres. le drame est survenu dans la localit\u00e9 de Sato dans la Commune de Savalou.<\/p>\n<p>Le corps d\u2019une petite fille de 7 ans a \u00e9t\u00e9 rep\u00each\u00e9 d\u2019un puits de cinq m\u00e8tres de profondeur le vendredi 26 Ao\u00fbt dernier. Selon les informations de Frissons radio, le drame est survenu dans la localit\u00e9 de Sato dans la Commune de Savalou.<\/p>\n<p>Les sapeurs pompiers alert\u00e9s apr\u00e8s la d\u00e9couverte ont r\u00e9ussi \u00e0 extirper le corps sans vie de la petite fille. Apr\u00e8s l\u2019examen m\u00e9dical et l\u2019autopsie d\u2019un infirmier du service d\u2019urgence de l\u2019h\u00f4pital de zone de Savalou, le corps de la petite fille fut remis aux parents pour inhumation.<\/p>\n<p><strong>Pour plus d&rsquo;informations et d&rsquo;analyses sur la <a href=\"https:\/\/www.africa-press.net\/benin\">Benin<\/a>, suivez <a href=\"https:\/\/www.africa-press.net\/\">Africa-Press<\/a><\/strong><\/p>\n","protected":false},"excerpt":{"rendered":"<p>Africa-Press &#8211; Benin. Une petite fille \u00e2g\u00e9e de 7 ans en classe de CP est morte noy\u00e9e dans un puits de cinq m\u00e8tres. le drame est survenu dans la localit\u00e9 de Sato dans la Commune de Savalou. Le corps d\u2019une petite fille de 7 ans a \u00e9t\u00e9 rep\u00each\u00e9 d\u2019un puits de cinq m\u00e8tres de profondeur [&hellip;]<\/p>\n","protected":false},"author":82,"featured_media":8416,"comment_status":"open","ping_status":"closed","sticky":false,"template":"","format":"standard","meta":{"footnotes":""},"categories":[21,11,10],"tags":[36,50,45],"class_list":["post-8417","post","type-post","status-publish","format-standard","has-post-thumbnail","hentry","category-communaute","category-homepage-french","category-toutes-les-actualites","tag-africa-press","tag-africa-press-benin","tag-benin"],"yoast_head":"<!-- This site is optimized with the Yoast SEO Premium plugin v26.1 (Yoast SEO v27.0) - https:\/\/yoast.com\/product\/yoast-seo-premium-wordpress\/ -->\n<title>B\u00e9nin: une petite fille rep\u00each\u00e9e morte d\u2019un puits de 5 m\u00e8tres \u00e0 Savalou - B\u00e9nin<\/title>\n<meta name=\"description\" content=\"Une petite fille \u00e2g\u00e9e de 7 ans en classe de CP est morte noy\u00e9e dans un puits de cinq m\u00e8tres. le drame est survenu dans l ...\" \/>\n<meta name=\"robots\" content=\"index, follow, max-snippet:-1, max-image-preview:large, max-video-preview:-1\" \/>\n<link rel=\"canonical\" href=\"https:\/\/www.africa-press.net\/benin\/toutes-les-actualites\/benin-une-petite-fille-repechee-morte-dun-puits-de-5-metres-a-savalou\" \/>\n<meta property=\"og:locale\" content=\"fr_FR\" \/>\n<meta property=\"og:type\" content=\"article\" \/>\n<meta property=\"og:title\" content=\"B\u00e9nin: une petite fille rep\u00each\u00e9e morte d\u2019un puits de 5 m\u00e8tres \u00e0 Savalou\" \/>\n<meta property=\"og:description\" content=\"Une petite fille \u00e2g\u00e9e de 7 ans en classe de CP est morte noy\u00e9e dans un puits de cinq m\u00e8tres. le drame est survenu dans l ...\" \/>\n<meta property=\"og:url\" content=\"https:\/\/www.africa-press.net\/benin\/toutes-les-actualites\/benin-une-petite-fille-repechee-morte-dun-puits-de-5-metres-a-savalou\" \/>\n<meta property=\"og:site_name\" content=\"B\u00e9nin\" \/>\n<meta property=\"article:published_time\" content=\"2022-08-30T17:23:34+00:00\" \/>\n<meta property=\"article:modified_time\" content=\"2022-08-30T17:49:19+00:00\" \/>\n<meta property=\"og:image\" content=\"https:\/\/static.africa-press.net\/benin\/sites\/46\/2022\/08\/postQueueImg_17-630e4d83dd962.jpg\" \/>\n\t<meta property=\"og:image:width\" content=\"1200\" \/>\n\t<meta property=\"og:image:height\" content=\"686\" \/>\n\t<meta property=\"og:image:type\" content=\"image\/jpeg\" \/>\n<meta name=\"author\" content=\"cfeditorfr\" \/>\n<meta name=\"twitter:card\" content=\"summary_large_image\" \/>\n<meta name=\"twitter:label1\" content=\"\u00c9crit par\" \/>\n\t<meta name=\"twitter:data1\" content=\"cfeditorfr\" \/>\n\t<meta name=\"twitter:label2\" content=\"Dur\u00e9e de lecture estim\u00e9e\" \/>\n\t<meta name=\"twitter:data2\" content=\"1 minute\" \/>\n<script type=\"application\/ld+json\" class=\"yoast-schema-graph\">{\"@context\":\"https:\/\/schema.org\",\"@graph\":[{\"@type\":\"Article\",\"@id\":\"https:\/\/www.africa-press.net\/benin\/toutes-les-actualites\/benin-une-petite-fille-repechee-morte-dun-puits-de-5-metres-a-savalou#article\",\"isPartOf\":{\"@id\":\"https:\/\/www.africa-press.net\/benin\/toutes-les-actualites\/benin-une-petite-fille-repechee-morte-dun-puits-de-5-metres-a-savalou\"},\"author\":{\"name\":\"cfeditorfr\",\"@id\":\"https:\/\/www.africa-press.net\/benin\/#\/schema\/person\/2b1cf3cd81a31e3cd26889ca66d677f1\"},\"headline\":\"B\u00e9nin: une petite fille rep\u00each\u00e9e morte d\u2019un puits de 5 m\u00e8tres \u00e0 Savalou\",\"datePublished\":\"2022-08-30T17:23:34+00:00\",\"dateModified\":\"2022-08-30T17:49:19+00:00\",\"mainEntityOfPage\":{\"@id\":\"https:\/\/www.africa-press.net\/benin\/toutes-les-actualites\/benin-une-petite-fille-repechee-morte-dun-puits-de-5-metres-a-savalou\"},\"wordCount\":171,\"commentCount\":0,\"image\":{\"@id\":\"https:\/\/www.africa-press.net\/benin\/toutes-les-actualites\/benin-une-petite-fille-repechee-morte-dun-puits-de-5-metres-a-savalou#primaryimage\"},\"thumbnailUrl\":\"https:\/\/static.africa-press.net\/benin\/sites\/46\/2022\/08\/postQueueImg_17-630e4d83dd962.jpg\",\"keywords\":[\"Africa Press\",\"Africa Press-Benin\",\"B\u00e9nin\"],\"articleSection\":[\"Communaut\u00e9\",\"homepage-french\",\"Toutes les actualit\u00e9s\"],\"inLanguage\":\"fr-FR\",\"potentialAction\":[{\"@type\":\"CommentAction\",\"name\":\"Comment\",\"target\":[\"https:\/\/www.africa-press.net\/benin\/toutes-les-actualites\/benin-une-petite-fille-repechee-morte-dun-puits-de-5-metres-a-savalou#respond\"]}]},{\"@type\":\"WebPage\",\"@id\":\"https:\/\/www.africa-press.net\/benin\/toutes-les-actualites\/benin-une-petite-fille-repechee-morte-dun-puits-de-5-metres-a-savalou\",\"url\":\"https:\/\/www.africa-press.net\/benin\/toutes-les-actualites\/benin-une-petite-fille-repechee-morte-dun-puits-de-5-metres-a-savalou\",\"name\":\"B\u00e9nin: une petite fille rep\u00each\u00e9e morte d\u2019un puits de 5 m\u00e8tres \u00e0 Savalou - B\u00e9nin\",\"isPartOf\":{\"@id\":\"https:\/\/www.africa-press.net\/benin\/#website\"},\"primaryImageOfPage\":{\"@id\":\"https:\/\/www.africa-press.net\/benin\/toutes-les-actualites\/benin-une-petite-fille-repechee-morte-dun-puits-de-5-metres-a-savalou#primaryimage\"},\"image\":{\"@id\":\"https:\/\/www.africa-press.net\/benin\/toutes-les-actualites\/benin-une-petite-fille-repechee-morte-dun-puits-de-5-metres-a-savalou#primaryimage\"},\"thumbnailUrl\":\"https:\/\/static.africa-press.net\/benin\/sites\/46\/2022\/08\/postQueueImg_17-630e4d83dd962.jpg\",\"datePublished\":\"2022-08-30T17:23:34+00:00\",\"dateModified\":\"2022-08-30T17:49:19+00:00\",\"author\":{\"@id\":\"https:\/\/www.africa-press.net\/benin\/#\/schema\/person\/2b1cf3cd81a31e3cd26889ca66d677f1\"},\"description\":\"Une petite fille \u00e2g\u00e9e de 7 ans en classe de CP est morte noy\u00e9e dans un puits de cinq m\u00e8tres. le drame est survenu dans l ...\",\"breadcrumb\":{\"@id\":\"https:\/\/www.africa-press.net\/benin\/toutes-les-actualites\/benin-une-petite-fille-repechee-morte-dun-puits-de-5-metres-a-savalou#breadcrumb\"},\"inLanguage\":\"fr-FR\",\"potentialAction\":[{\"@type\":\"ReadAction\",\"target\":[\"https:\/\/www.africa-press.net\/benin\/toutes-les-actualites\/benin-une-petite-fille-repechee-morte-dun-puits-de-5-metres-a-savalou\"]}]},{\"@type\":\"ImageObject\",\"inLanguage\":\"fr-FR\",\"@id\":\"https:\/\/www.africa-press.net\/benin\/toutes-les-actualites\/benin-une-petite-fille-repechee-morte-dun-puits-de-5-metres-a-savalou#primaryimage\",\"url\":\"https:\/\/static.africa-press.net\/benin\/sites\/46\/2022\/08\/postQueueImg_17-630e4d83dd962.jpg\",\"contentUrl\":\"https:\/\/static.africa-press.net\/benin\/sites\/46\/2022\/08\/postQueueImg_17-630e4d83dd962.jpg\",\"width\":1200,\"height\":686,\"caption\":\"B\u00e9nin: une petite fille rep\u00each\u00e9e morte d\u2019un puits de 5 m\u00e8tres \u00e0 Savalou\"},{\"@type\":\"BreadcrumbList\",\"@id\":\"https:\/\/www.africa-press.net\/benin\/toutes-les-actualites\/benin-une-petite-fille-repechee-morte-dun-puits-de-5-metres-a-savalou#breadcrumb\",\"itemListElement\":[{\"@type\":\"ListItem\",\"position\":1,\"name\":\"Accueil\",\"item\":\"https:\/\/www.africa-press.net\/benin\/\"},{\"@type\":\"ListItem\",\"position\":2,\"name\":\"B\u00e9nin: une petite fille rep\u00each\u00e9e morte d\u2019un puits de 5 m\u00e8tres \u00e0 Savalou\"}]},{\"@type\":\"WebSite\",\"@id\":\"https:\/\/www.africa-press.net\/benin\/#website\",\"url\":\"https:\/\/www.africa-press.net\/benin\/\",\"name\":\"B\u00e9nin\",\"description\":\"Just another Africa News Agency Sites site\",\"potentialAction\":[{\"@type\":\"SearchAction\",\"target\":{\"@type\":\"EntryPoint\",\"urlTemplate\":\"https:\/\/www.africa-press.net\/benin\/?s={search_term_string}\"},\"query-input\":{\"@type\":\"PropertyValueSpecification\",\"valueRequired\":true,\"valueName\":\"search_term_string\"}}],\"inLanguage\":\"fr-FR\"},{\"@type\":\"Person\",\"@id\":\"https:\/\/www.africa-press.net\/benin\/#\/schema\/person\/2b1cf3cd81a31e3cd26889ca66d677f1\",\"name\":\"cfeditorfr\"}]}<\/script>\n<!-- \/ Yoast SEO Premium plugin. -->","yoast_head_json":{"title":"B\u00e9nin: une petite fille rep\u00each\u00e9e morte d\u2019un puits de 5 m\u00e8tres \u00e0 Savalou - B\u00e9nin","description":"Une petite fille \u00e2g\u00e9e de 7 ans en classe de CP est morte noy\u00e9e dans un puits de cinq m\u00e8tres. le drame est survenu dans l ...","robots":{"index":"index","follow":"follow","max-snippet":"max-snippet:-1","max-image-preview":"max-image-preview:large","max-video-preview":"max-video-preview:-1"},"canonical":"https:\/\/www.africa-press.net\/benin\/toutes-les-actualites\/benin-une-petite-fille-repechee-morte-dun-puits-de-5-metres-a-savalou","og_locale":"fr_FR","og_type":"article","og_title":"B\u00e9nin: une petite fille rep\u00each\u00e9e morte d\u2019un puits de 5 m\u00e8tres \u00e0 Savalou","og_description":"Une petite fille \u00e2g\u00e9e de 7 ans en classe de CP est morte noy\u00e9e dans un puits de cinq m\u00e8tres. le drame est survenu dans l ...","og_url":"https:\/\/www.africa-press.net\/benin\/toutes-les-actualites\/benin-une-petite-fille-repechee-morte-dun-puits-de-5-metres-a-savalou","og_site_name":"B\u00e9nin","article_published_time":"2022-08-30T17:23:34+00:00","article_modified_time":"2022-08-30T17:49:19+00:00","og_image":[{"width":1200,"height":686,"url":"https:\/\/static.africa-press.net\/benin\/sites\/46\/2022\/08\/postQueueImg_17-630e4d83dd962.jpg","type":"image\/jpeg"}],"author":"cfeditorfr","twitter_card":"summary_large_image","twitter_misc":{"\u00c9crit par":"cfeditorfr","Dur\u00e9e de lecture estim\u00e9e":"1 minute"},"schema":{"@context":"https:\/\/schema.org","@graph":[{"@type":"Article","@id":"https:\/\/www.africa-press.net\/benin\/toutes-les-actualites\/benin-une-petite-fille-repechee-morte-dun-puits-de-5-metres-a-savalou#article","isPartOf":{"@id":"https:\/\/www.africa-press.net\/benin\/toutes-les-actualites\/benin-une-petite-fille-repechee-morte-dun-puits-de-5-metres-a-savalou"},"author":{"name":"cfeditorfr","@id":"https:\/\/www.africa-press.net\/benin\/#\/schema\/person\/2b1cf3cd81a31e3cd26889ca66d677f1"},"headline":"B\u00e9nin: une petite fille rep\u00each\u00e9e morte d\u2019un puits de 5 m\u00e8tres \u00e0 Savalou","datePublished":"2022-08-30T17:23:34+00:00","dateModified":"2022-08-30T17:49:19+00:00","mainEntityOfPage":{"@id":"https:\/\/www.africa-press.net\/benin\/toutes-les-actualites\/benin-une-petite-fille-repechee-morte-dun-puits-de-5-metres-a-savalou"},"wordCount":171,"commentCount":0,"image":{"@id":"https:\/\/www.africa-press.net\/benin\/toutes-les-actualites\/benin-une-petite-fille-repechee-morte-dun-puits-de-5-metres-a-savalou#primaryimage"},"thumbnailUrl":"https:\/\/static.africa-press.net\/benin\/sites\/46\/2022\/08\/postQueueImg_17-630e4d83dd962.jpg","keywords":["Africa Press","Africa Press-Benin","B\u00e9nin"],"articleSection":["Communaut\u00e9","homepage-french","Toutes les actualit\u00e9s"],"inLanguage":"fr-FR","potentialAction":[{"@type":"CommentAction","name":"Comment","target":["https:\/\/www.africa-press.net\/benin\/toutes-les-actualites\/benin-une-petite-fille-repechee-morte-dun-puits-de-5-metres-a-savalou#respond"]}]},{"@type":"WebPage","@id":"https:\/\/www.africa-press.net\/benin\/toutes-les-actualites\/benin-une-petite-fille-repechee-morte-dun-puits-de-5-metres-a-savalou","url":"https:\/\/www.africa-press.net\/benin\/toutes-les-actualites\/benin-une-petite-fille-repechee-morte-dun-puits-de-5-metres-a-savalou","name":"B\u00e9nin: une petite fille rep\u00each\u00e9e morte d\u2019un puits de 5 m\u00e8tres \u00e0 Savalou - B\u00e9nin","isPartOf":{"@id":"https:\/\/www.africa-press.net\/benin\/#website"},"primaryImageOfPage":{"@id":"https:\/\/www.africa-press.net\/benin\/toutes-les-actualites\/benin-une-petite-fille-repechee-morte-dun-puits-de-5-metres-a-savalou#primaryimage"},"image":{"@id":"https:\/\/www.africa-press.net\/benin\/toutes-les-actualites\/benin-une-petite-fille-repechee-morte-dun-puits-de-5-metres-a-savalou#primaryimage"},"thumbnailUrl":"https:\/\/static.africa-press.net\/benin\/sites\/46\/2022\/08\/postQueueImg_17-630e4d83dd962.jpg","datePublished":"2022-08-30T17:23:34+00:00","dateModified":"2022-08-30T17:49:19+00:00","author":{"@id":"https:\/\/www.africa-press.net\/benin\/#\/schema\/person\/2b1cf3cd81a31e3cd26889ca66d677f1"},"description":"Une petite fille \u00e2g\u00e9e de 7 ans en classe de CP est morte noy\u00e9e dans un puits de cinq m\u00e8tres. le drame est survenu dans l ...","breadcrumb":{"@id":"https:\/\/www.africa-press.net\/benin\/toutes-les-actualites\/benin-une-petite-fille-repechee-morte-dun-puits-de-5-metres-a-savalou#breadcrumb"},"inLanguage":"fr-FR","potentialAction":[{"@type":"ReadAction","target":["https:\/\/www.africa-press.net\/benin\/toutes-les-actualites\/benin-une-petite-fille-repechee-morte-dun-puits-de-5-metres-a-savalou"]}]},{"@type":"ImageObject","inLanguage":"fr-FR","@id":"https:\/\/www.africa-press.net\/benin\/toutes-les-actualites\/benin-une-petite-fille-repechee-morte-dun-puits-de-5-metres-a-savalou#primaryimage","url":"https:\/\/static.africa-press.net\/benin\/sites\/46\/2022\/08\/postQueueImg_17-630e4d83dd962.jpg","contentUrl":"https:\/\/static.africa-press.net\/benin\/sites\/46\/2022\/08\/postQueueImg_17-630e4d83dd962.jpg","width":1200,"height":686,"caption":"B\u00e9nin: une petite fille rep\u00each\u00e9e morte d\u2019un puits de 5 m\u00e8tres \u00e0 Savalou"},{"@type":"BreadcrumbList","@id":"https:\/\/www.africa-press.net\/benin\/toutes-les-actualites\/benin-une-petite-fille-repechee-morte-dun-puits-de-5-metres-a-savalou#breadcrumb","itemListElement":[{"@type":"ListItem","position":1,"name":"Accueil","item":"https:\/\/www.africa-press.net\/benin\/"},{"@type":"ListItem","position":2,"name":"B\u00e9nin: une petite fille rep\u00each\u00e9e morte d\u2019un puits de 5 m\u00e8tres \u00e0 Savalou"}]},{"@type":"WebSite","@id":"https:\/\/www.africa-press.net\/benin\/#website","url":"https:\/\/www.africa-press.net\/benin\/","name":"B\u00e9nin","description":"Just another Africa News Agency Sites site","potentialAction":[{"@type":"SearchAction","target":{"@type":"EntryPoint","urlTemplate":"https:\/\/www.africa-press.net\/benin\/?s={search_term_string}"},"query-input":{"@type":"PropertyValueSpecification","valueRequired":true,"valueName":"search_term_string"}}],"inLanguage":"fr-FR"},{"@type":"Person","@id":"https:\/\/www.africa-press.net\/benin\/#\/schema\/person\/2b1cf3cd81a31e3cd26889ca66d677f1","name":"cfeditorfr"}]}},"_links":{"self":[{"href":"https:\/\/www.africa-press.net\/benin\/wp-json\/wp\/v2\/posts\/8417","targetHints":{"allow":["GET"]}}],"collection":[{"href":"https:\/\/www.africa-press.net\/benin\/wp-json\/wp\/v2\/posts"}],"about":[{"href":"https:\/\/www.africa-press.net\/benin\/wp-json\/wp\/v2\/types\/post"}],"author":[{"embeddable":true,"href":"https:\/\/www.africa-press.net\/benin\/wp-json\/wp\/v2\/users\/82"}],"replies":[{"embeddable":true,"href":"https:\/\/www.africa-press.net\/benin\/wp-json\/wp\/v2\/comments?post=8417"}],"version-history":[{"count":0,"href":"https:\/\/www.africa-press.net\/benin\/wp-json\/wp\/v2\/posts\/8417\/revisions"}],"wp:featuredmedia":[{"embeddable":true,"href":"https:\/\/www.africa-press.net\/benin\/wp-json\/wp\/v2\/media\/8416"}],"wp:attachment":[{"href":"https:\/\/www.africa-press.net\/benin\/wp-json\/wp\/v2\/media?parent=8417"}],"wp:term":[{"taxonomy":"category","embeddable":true,"href":"https:\/\/www.africa-press.net\/benin\/wp-json\/wp\/v2\/categories?post=8417"},{"taxonomy":"post_tag","embeddable":true,"href":"https:\/\/www.africa-press.net\/benin\/wp-json\/wp\/v2\/tags?post=8417"}],"curies":[{"name":"wp","href":"https:\/\/api.w.org\/{rel}","templated":true}]}}