{"id":8420,"date":"2022-08-30T17:23:48","date_gmt":"2022-08-30T17:23:48","guid":{"rendered":"https:\/\/www.africa-press.net\/benin\/politique\/montee-des-eaux-au-benin-le-gouvernement-insiste-sur-les-mesures-a-respecter"},"modified":"2022-08-30T17:49:48","modified_gmt":"2022-08-30T17:49:48","slug":"montee-des-eaux-au-benin-le-gouvernement-insiste-sur-les-mesures-a-respecter","status":"publish","type":"post","link":"https:\/\/www.africa-press.net\/benin\/toutes-les-actualites\/montee-des-eaux-au-benin-le-gouvernement-insiste-sur-les-mesures-a-respecter","title":{"rendered":"Mont\u00e9e des eaux au B\u00e9nin: le gouvernement insiste sur les mesures \u00e0 respecter"},"content":{"rendered":"<p><span style=\"color: #ff6600\"><strong>Africa-Press &#8211; Benin. <\/strong><\/span>La mont\u00e9e des eaux du fleuve Ou\u00e9m\u00e9 et mono a d\u00e9j\u00e0 fait ses premi\u00e8res victimes. Face aux menaces que constitue la situation, le gouvernement tire la sonnette d\u2019alarme et rappelle les mesures urgentes \u00e0 respecter.<\/p>\n<p>Les populations de certaines communes du B\u00e9nin font face depuis un moment \u00e0 la crue. Ce d\u00e9bordement des eaux dans les bassins des fleuves a d\u00e9j\u00e0 fait deux morts par noyade. En effet, les eaux qui sont sorties de leur lit ont envahi plusieurs communes d\u00e9logeant les populations desdites communes.<\/p>\n<p>Face \u00e0 l\u2019urgence de la situation, le ministre de l\u2019int\u00e9rieur et de la s\u00e9curit\u00e9 publique, Alassane S\u00e9idou \u00e0 travers un communiqu\u00e9 en date du lundi 29 Ao\u00fbt 2022 rappelle aux populations menac\u00e9es par l\u2019inondation, les mesures \u00e0 prendre pour \u00e9viter le pire.<\/p>\n<p>Dans ledit communiqu\u00e9, le ministre Alassane S\u00e9\u00efdou demande aux populations de ces zones \u00e0 risque d\u2019\u00e9viter de vivre dans les maisons mena\u00e7ant de ruine, susceptibles de s\u2019\u00e9crouler par l\u2019effet des eaux ; d\u2019\u00e9viter les transports fluviaux nocturnes ; d\u2019\u00e9viter de se baigner dans les cours d\u2019eaux.<\/p>\n<p>L\u2019autorit\u00e9 invite par ailleurs les populations \u00e0 \u00ab respecter les mesures de protection civile prises par les autorit\u00e9s politico administratives et les pairs \u00e9ducateurs et secouristes, notamment les mesures d\u2019\u00e9vacuation \u00e0 temps des personnes et des biens vers des familles d\u2019accueil plut\u00f4t que sur les sites d\u2019accueil \u00bb. Selon le communiqu\u00e9 du ministre, un num\u00e9ro secours (166) est rendu disponible pour appeler \u00e0 l\u2019aide ou d\u00e9noncer tout comportement \u00e0 risques.<\/p>\n<p><strong>Pour plus d&rsquo;informations et d&rsquo;analyses sur la <a href=\"https:\/\/www.africa-press.net\/benin\">Benin<\/a>, suivez <a href=\"https:\/\/www.africa-press.net\/\">Africa-Press<\/a><\/strong><\/p>\n","protected":false},"excerpt":{"rendered":"<p>Africa-Press &#8211; Benin. La mont\u00e9e des eaux du fleuve Ou\u00e9m\u00e9 et mono a d\u00e9j\u00e0 fait ses premi\u00e8res victimes. Face aux menaces que constitue la situation, le gouvernement tire la sonnette d\u2019alarme et rappelle les mesures urgentes \u00e0 respecter. Les populations de certaines communes du B\u00e9nin font face depuis un moment \u00e0 la crue. Ce d\u00e9bordement [&hellip;]<\/p>\n","protected":false},"author":82,"featured_media":8419,"comment_status":"open","ping_status":"closed","sticky":false,"template":"","format":"standard","meta":{"footnotes":""},"categories":[21,11,10],"tags":[36,50,45],"class_list":["post-8420","post","type-post","status-publish","format-standard","has-post-thumbnail","hentry","category-communaute","category-homepage-french","category-toutes-les-actualites","tag-africa-press","tag-africa-press-benin","tag-benin"],"yoast_head":"<!-- This site is optimized with the Yoast SEO Premium plugin v26.1 (Yoast SEO v27.0) - https:\/\/yoast.com\/product\/yoast-seo-premium-wordpress\/ -->\n<title>Mont\u00e9e des eaux au B\u00e9nin: le gouvernement insiste sur les mesures \u00e0 respecter - B\u00e9nin<\/title>\n<meta name=\"description\" content=\"La mont\u00e9e des eaux du fleuve Ou\u00e9m\u00e9 et mono a d\u00e9j\u00e0 fait ses premi\u00e8res victimes. Face aux menaces que constitue la situati ...\" \/>\n<meta name=\"robots\" content=\"index, follow, max-snippet:-1, max-image-preview:large, max-video-preview:-1\" \/>\n<link rel=\"canonical\" href=\"https:\/\/www.africa-press.net\/benin\/toutes-les-actualites\/montee-des-eaux-au-benin-le-gouvernement-insiste-sur-les-mesures-a-respecter\" \/>\n<meta property=\"og:locale\" content=\"fr_FR\" \/>\n<meta property=\"og:type\" content=\"article\" \/>\n<meta property=\"og:title\" content=\"Mont\u00e9e des eaux au B\u00e9nin: le gouvernement insiste sur les mesures \u00e0 respecter\" \/>\n<meta property=\"og:description\" content=\"La mont\u00e9e des eaux du fleuve Ou\u00e9m\u00e9 et mono a d\u00e9j\u00e0 fait ses premi\u00e8res victimes. Face aux menaces que constitue la situati ...\" \/>\n<meta property=\"og:url\" content=\"https:\/\/www.africa-press.net\/benin\/toutes-les-actualites\/montee-des-eaux-au-benin-le-gouvernement-insiste-sur-les-mesures-a-respecter\" \/>\n<meta property=\"og:site_name\" content=\"B\u00e9nin\" \/>\n<meta property=\"article:published_time\" content=\"2022-08-30T17:23:48+00:00\" \/>\n<meta property=\"article:modified_time\" content=\"2022-08-30T17:49:48+00:00\" \/>\n<meta property=\"og:image\" content=\"https:\/\/static.africa-press.net\/benin\/sites\/46\/2022\/08\/postQueueImg_18-630e4da629bfd.jpg\" \/>\n\t<meta property=\"og:image:width\" content=\"1300\" \/>\n\t<meta property=\"og:image:height\" content=\"871\" \/>\n\t<meta property=\"og:image:type\" content=\"image\/jpeg\" \/>\n<meta name=\"author\" content=\"cfeditorfr\" \/>\n<meta name=\"twitter:card\" content=\"summary_large_image\" \/>\n<meta name=\"twitter:label1\" content=\"\u00c9crit par\" \/>\n\t<meta name=\"twitter:data1\" content=\"cfeditorfr\" \/>\n\t<meta name=\"twitter:label2\" content=\"Dur\u00e9e de lecture estim\u00e9e\" \/>\n\t<meta name=\"twitter:data2\" content=\"2 minutes\" \/>\n<script type=\"application\/ld+json\" class=\"yoast-schema-graph\">{\"@context\":\"https:\/\/schema.org\",\"@graph\":[{\"@type\":\"Article\",\"@id\":\"https:\/\/www.africa-press.net\/benin\/toutes-les-actualites\/montee-des-eaux-au-benin-le-gouvernement-insiste-sur-les-mesures-a-respecter#article\",\"isPartOf\":{\"@id\":\"https:\/\/www.africa-press.net\/benin\/toutes-les-actualites\/montee-des-eaux-au-benin-le-gouvernement-insiste-sur-les-mesures-a-respecter\"},\"author\":{\"name\":\"cfeditorfr\",\"@id\":\"https:\/\/www.africa-press.net\/benin\/#\/schema\/person\/2b1cf3cd81a31e3cd26889ca66d677f1\"},\"headline\":\"Mont\u00e9e des eaux au B\u00e9nin: le gouvernement insiste sur les mesures \u00e0 respecter\",\"datePublished\":\"2022-08-30T17:23:48+00:00\",\"dateModified\":\"2022-08-30T17:49:48+00:00\",\"mainEntityOfPage\":{\"@id\":\"https:\/\/www.africa-press.net\/benin\/toutes-les-actualites\/montee-des-eaux-au-benin-le-gouvernement-insiste-sur-les-mesures-a-respecter\"},\"wordCount\":289,\"commentCount\":0,\"image\":{\"@id\":\"https:\/\/www.africa-press.net\/benin\/toutes-les-actualites\/montee-des-eaux-au-benin-le-gouvernement-insiste-sur-les-mesures-a-respecter#primaryimage\"},\"thumbnailUrl\":\"https:\/\/static.africa-press.net\/benin\/sites\/46\/2022\/08\/postQueueImg_18-630e4da629bfd.jpg\",\"keywords\":[\"Africa Press\",\"Africa Press-Benin\",\"B\u00e9nin\"],\"articleSection\":[\"Communaut\u00e9\",\"homepage-french\",\"Toutes les actualit\u00e9s\"],\"inLanguage\":\"fr-FR\",\"potentialAction\":[{\"@type\":\"CommentAction\",\"name\":\"Comment\",\"target\":[\"https:\/\/www.africa-press.net\/benin\/toutes-les-actualites\/montee-des-eaux-au-benin-le-gouvernement-insiste-sur-les-mesures-a-respecter#respond\"]}]},{\"@type\":\"WebPage\",\"@id\":\"https:\/\/www.africa-press.net\/benin\/toutes-les-actualites\/montee-des-eaux-au-benin-le-gouvernement-insiste-sur-les-mesures-a-respecter\",\"url\":\"https:\/\/www.africa-press.net\/benin\/toutes-les-actualites\/montee-des-eaux-au-benin-le-gouvernement-insiste-sur-les-mesures-a-respecter\",\"name\":\"Mont\u00e9e des eaux au B\u00e9nin: le gouvernement insiste sur les mesures \u00e0 respecter - B\u00e9nin\",\"isPartOf\":{\"@id\":\"https:\/\/www.africa-press.net\/benin\/#website\"},\"primaryImageOfPage\":{\"@id\":\"https:\/\/www.africa-press.net\/benin\/toutes-les-actualites\/montee-des-eaux-au-benin-le-gouvernement-insiste-sur-les-mesures-a-respecter#primaryimage\"},\"image\":{\"@id\":\"https:\/\/www.africa-press.net\/benin\/toutes-les-actualites\/montee-des-eaux-au-benin-le-gouvernement-insiste-sur-les-mesures-a-respecter#primaryimage\"},\"thumbnailUrl\":\"https:\/\/static.africa-press.net\/benin\/sites\/46\/2022\/08\/postQueueImg_18-630e4da629bfd.jpg\",\"datePublished\":\"2022-08-30T17:23:48+00:00\",\"dateModified\":\"2022-08-30T17:49:48+00:00\",\"author\":{\"@id\":\"https:\/\/www.africa-press.net\/benin\/#\/schema\/person\/2b1cf3cd81a31e3cd26889ca66d677f1\"},\"description\":\"La mont\u00e9e des eaux du fleuve Ou\u00e9m\u00e9 et mono a d\u00e9j\u00e0 fait ses premi\u00e8res victimes. Face aux menaces que constitue la situati ...\",\"breadcrumb\":{\"@id\":\"https:\/\/www.africa-press.net\/benin\/toutes-les-actualites\/montee-des-eaux-au-benin-le-gouvernement-insiste-sur-les-mesures-a-respecter#breadcrumb\"},\"inLanguage\":\"fr-FR\",\"potentialAction\":[{\"@type\":\"ReadAction\",\"target\":[\"https:\/\/www.africa-press.net\/benin\/toutes-les-actualites\/montee-des-eaux-au-benin-le-gouvernement-insiste-sur-les-mesures-a-respecter\"]}]},{\"@type\":\"ImageObject\",\"inLanguage\":\"fr-FR\",\"@id\":\"https:\/\/www.africa-press.net\/benin\/toutes-les-actualites\/montee-des-eaux-au-benin-le-gouvernement-insiste-sur-les-mesures-a-respecter#primaryimage\",\"url\":\"https:\/\/static.africa-press.net\/benin\/sites\/46\/2022\/08\/postQueueImg_18-630e4da629bfd.jpg\",\"contentUrl\":\"https:\/\/static.africa-press.net\/benin\/sites\/46\/2022\/08\/postQueueImg_18-630e4da629bfd.jpg\",\"width\":1300,\"height\":871,\"caption\":\"Mont\u00e9e des eaux au B\u00e9nin: le gouvernement insiste sur les mesures \u00e0 respecter\"},{\"@type\":\"BreadcrumbList\",\"@id\":\"https:\/\/www.africa-press.net\/benin\/toutes-les-actualites\/montee-des-eaux-au-benin-le-gouvernement-insiste-sur-les-mesures-a-respecter#breadcrumb\",\"itemListElement\":[{\"@type\":\"ListItem\",\"position\":1,\"name\":\"Accueil\",\"item\":\"https:\/\/www.africa-press.net\/benin\/\"},{\"@type\":\"ListItem\",\"position\":2,\"name\":\"Mont\u00e9e des eaux au B\u00e9nin: le gouvernement insiste sur les mesures \u00e0 respecter\"}]},{\"@type\":\"WebSite\",\"@id\":\"https:\/\/www.africa-press.net\/benin\/#website\",\"url\":\"https:\/\/www.africa-press.net\/benin\/\",\"name\":\"B\u00e9nin\",\"description\":\"Just another Africa News Agency Sites site\",\"potentialAction\":[{\"@type\":\"SearchAction\",\"target\":{\"@type\":\"EntryPoint\",\"urlTemplate\":\"https:\/\/www.africa-press.net\/benin\/?s={search_term_string}\"},\"query-input\":{\"@type\":\"PropertyValueSpecification\",\"valueRequired\":true,\"valueName\":\"search_term_string\"}}],\"inLanguage\":\"fr-FR\"},{\"@type\":\"Person\",\"@id\":\"https:\/\/www.africa-press.net\/benin\/#\/schema\/person\/2b1cf3cd81a31e3cd26889ca66d677f1\",\"name\":\"cfeditorfr\"}]}<\/script>\n<!-- \/ Yoast SEO Premium plugin. -->","yoast_head_json":{"title":"Mont\u00e9e des eaux au B\u00e9nin: le gouvernement insiste sur les mesures \u00e0 respecter - B\u00e9nin","description":"La mont\u00e9e des eaux du fleuve Ou\u00e9m\u00e9 et mono a d\u00e9j\u00e0 fait ses premi\u00e8res victimes. Face aux menaces que constitue la situati ...","robots":{"index":"index","follow":"follow","max-snippet":"max-snippet:-1","max-image-preview":"max-image-preview:large","max-video-preview":"max-video-preview:-1"},"canonical":"https:\/\/www.africa-press.net\/benin\/toutes-les-actualites\/montee-des-eaux-au-benin-le-gouvernement-insiste-sur-les-mesures-a-respecter","og_locale":"fr_FR","og_type":"article","og_title":"Mont\u00e9e des eaux au B\u00e9nin: le gouvernement insiste sur les mesures \u00e0 respecter","og_description":"La mont\u00e9e des eaux du fleuve Ou\u00e9m\u00e9 et mono a d\u00e9j\u00e0 fait ses premi\u00e8res victimes. Face aux menaces que constitue la situati ...","og_url":"https:\/\/www.africa-press.net\/benin\/toutes-les-actualites\/montee-des-eaux-au-benin-le-gouvernement-insiste-sur-les-mesures-a-respecter","og_site_name":"B\u00e9nin","article_published_time":"2022-08-30T17:23:48+00:00","article_modified_time":"2022-08-30T17:49:48+00:00","og_image":[{"width":1300,"height":871,"url":"https:\/\/static.africa-press.net\/benin\/sites\/46\/2022\/08\/postQueueImg_18-630e4da629bfd.jpg","type":"image\/jpeg"}],"author":"cfeditorfr","twitter_card":"summary_large_image","twitter_misc":{"\u00c9crit par":"cfeditorfr","Dur\u00e9e de lecture estim\u00e9e":"2 minutes"},"schema":{"@context":"https:\/\/schema.org","@graph":[{"@type":"Article","@id":"https:\/\/www.africa-press.net\/benin\/toutes-les-actualites\/montee-des-eaux-au-benin-le-gouvernement-insiste-sur-les-mesures-a-respecter#article","isPartOf":{"@id":"https:\/\/www.africa-press.net\/benin\/toutes-les-actualites\/montee-des-eaux-au-benin-le-gouvernement-insiste-sur-les-mesures-a-respecter"},"author":{"name":"cfeditorfr","@id":"https:\/\/www.africa-press.net\/benin\/#\/schema\/person\/2b1cf3cd81a31e3cd26889ca66d677f1"},"headline":"Mont\u00e9e des eaux au B\u00e9nin: le gouvernement insiste sur les mesures \u00e0 respecter","datePublished":"2022-08-30T17:23:48+00:00","dateModified":"2022-08-30T17:49:48+00:00","mainEntityOfPage":{"@id":"https:\/\/www.africa-press.net\/benin\/toutes-les-actualites\/montee-des-eaux-au-benin-le-gouvernement-insiste-sur-les-mesures-a-respecter"},"wordCount":289,"commentCount":0,"image":{"@id":"https:\/\/www.africa-press.net\/benin\/toutes-les-actualites\/montee-des-eaux-au-benin-le-gouvernement-insiste-sur-les-mesures-a-respecter#primaryimage"},"thumbnailUrl":"https:\/\/static.africa-press.net\/benin\/sites\/46\/2022\/08\/postQueueImg_18-630e4da629bfd.jpg","keywords":["Africa Press","Africa Press-Benin","B\u00e9nin"],"articleSection":["Communaut\u00e9","homepage-french","Toutes les actualit\u00e9s"],"inLanguage":"fr-FR","potentialAction":[{"@type":"CommentAction","name":"Comment","target":["https:\/\/www.africa-press.net\/benin\/toutes-les-actualites\/montee-des-eaux-au-benin-le-gouvernement-insiste-sur-les-mesures-a-respecter#respond"]}]},{"@type":"WebPage","@id":"https:\/\/www.africa-press.net\/benin\/toutes-les-actualites\/montee-des-eaux-au-benin-le-gouvernement-insiste-sur-les-mesures-a-respecter","url":"https:\/\/www.africa-press.net\/benin\/toutes-les-actualites\/montee-des-eaux-au-benin-le-gouvernement-insiste-sur-les-mesures-a-respecter","name":"Mont\u00e9e des eaux au B\u00e9nin: le gouvernement insiste sur les mesures \u00e0 respecter - B\u00e9nin","isPartOf":{"@id":"https:\/\/www.africa-press.net\/benin\/#website"},"primaryImageOfPage":{"@id":"https:\/\/www.africa-press.net\/benin\/toutes-les-actualites\/montee-des-eaux-au-benin-le-gouvernement-insiste-sur-les-mesures-a-respecter#primaryimage"},"image":{"@id":"https:\/\/www.africa-press.net\/benin\/toutes-les-actualites\/montee-des-eaux-au-benin-le-gouvernement-insiste-sur-les-mesures-a-respecter#primaryimage"},"thumbnailUrl":"https:\/\/static.africa-press.net\/benin\/sites\/46\/2022\/08\/postQueueImg_18-630e4da629bfd.jpg","datePublished":"2022-08-30T17:23:48+00:00","dateModified":"2022-08-30T17:49:48+00:00","author":{"@id":"https:\/\/www.africa-press.net\/benin\/#\/schema\/person\/2b1cf3cd81a31e3cd26889ca66d677f1"},"description":"La mont\u00e9e des eaux du fleuve Ou\u00e9m\u00e9 et mono a d\u00e9j\u00e0 fait ses premi\u00e8res victimes. Face aux menaces que constitue la situati ...","breadcrumb":{"@id":"https:\/\/www.africa-press.net\/benin\/toutes-les-actualites\/montee-des-eaux-au-benin-le-gouvernement-insiste-sur-les-mesures-a-respecter#breadcrumb"},"inLanguage":"fr-FR","potentialAction":[{"@type":"ReadAction","target":["https:\/\/www.africa-press.net\/benin\/toutes-les-actualites\/montee-des-eaux-au-benin-le-gouvernement-insiste-sur-les-mesures-a-respecter"]}]},{"@type":"ImageObject","inLanguage":"fr-FR","@id":"https:\/\/www.africa-press.net\/benin\/toutes-les-actualites\/montee-des-eaux-au-benin-le-gouvernement-insiste-sur-les-mesures-a-respecter#primaryimage","url":"https:\/\/static.africa-press.net\/benin\/sites\/46\/2022\/08\/postQueueImg_18-630e4da629bfd.jpg","contentUrl":"https:\/\/static.africa-press.net\/benin\/sites\/46\/2022\/08\/postQueueImg_18-630e4da629bfd.jpg","width":1300,"height":871,"caption":"Mont\u00e9e des eaux au B\u00e9nin: le gouvernement insiste sur les mesures \u00e0 respecter"},{"@type":"BreadcrumbList","@id":"https:\/\/www.africa-press.net\/benin\/toutes-les-actualites\/montee-des-eaux-au-benin-le-gouvernement-insiste-sur-les-mesures-a-respecter#breadcrumb","itemListElement":[{"@type":"ListItem","position":1,"name":"Accueil","item":"https:\/\/www.africa-press.net\/benin\/"},{"@type":"ListItem","position":2,"name":"Mont\u00e9e des eaux au B\u00e9nin: le gouvernement insiste sur les mesures \u00e0 respecter"}]},{"@type":"WebSite","@id":"https:\/\/www.africa-press.net\/benin\/#website","url":"https:\/\/www.africa-press.net\/benin\/","name":"B\u00e9nin","description":"Just another Africa News Agency Sites site","potentialAction":[{"@type":"SearchAction","target":{"@type":"EntryPoint","urlTemplate":"https:\/\/www.africa-press.net\/benin\/?s={search_term_string}"},"query-input":{"@type":"PropertyValueSpecification","valueRequired":true,"valueName":"search_term_string"}}],"inLanguage":"fr-FR"},{"@type":"Person","@id":"https:\/\/www.africa-press.net\/benin\/#\/schema\/person\/2b1cf3cd81a31e3cd26889ca66d677f1","name":"cfeditorfr"}]}},"_links":{"self":[{"href":"https:\/\/www.africa-press.net\/benin\/wp-json\/wp\/v2\/posts\/8420","targetHints":{"allow":["GET"]}}],"collection":[{"href":"https:\/\/www.africa-press.net\/benin\/wp-json\/wp\/v2\/posts"}],"about":[{"href":"https:\/\/www.africa-press.net\/benin\/wp-json\/wp\/v2\/types\/post"}],"author":[{"embeddable":true,"href":"https:\/\/www.africa-press.net\/benin\/wp-json\/wp\/v2\/users\/82"}],"replies":[{"embeddable":true,"href":"https:\/\/www.africa-press.net\/benin\/wp-json\/wp\/v2\/comments?post=8420"}],"version-history":[{"count":0,"href":"https:\/\/www.africa-press.net\/benin\/wp-json\/wp\/v2\/posts\/8420\/revisions"}],"wp:featuredmedia":[{"embeddable":true,"href":"https:\/\/www.africa-press.net\/benin\/wp-json\/wp\/v2\/media\/8419"}],"wp:attachment":[{"href":"https:\/\/www.africa-press.net\/benin\/wp-json\/wp\/v2\/media?parent=8420"}],"wp:term":[{"taxonomy":"category","embeddable":true,"href":"https:\/\/www.africa-press.net\/benin\/wp-json\/wp\/v2\/categories?post=8420"},{"taxonomy":"post_tag","embeddable":true,"href":"https:\/\/www.africa-press.net\/benin\/wp-json\/wp\/v2\/tags?post=8420"}],"curies":[{"name":"wp","href":"https:\/\/api.w.org\/{rel}","templated":true}]}}