{"id":8425,"date":"2022-08-30T17:23:59","date_gmt":"2022-08-30T17:23:59","guid":{"rendered":"https:\/\/www.africa-press.net\/benin\/politique\/examen-national-de-licence-point-des-centres-de-composition-retenus-par-filiere"},"modified":"2022-08-30T17:50:25","modified_gmt":"2022-08-30T17:50:25","slug":"examen-national-de-licence-point-des-centres-de-composition-retenus-par-filiere","status":"publish","type":"post","link":"https:\/\/www.africa-press.net\/benin\/politique\/examen-national-de-licence-point-des-centres-de-composition-retenus-par-filiere","title":{"rendered":"Examen national de licence: point des centres de composition retenus par fili\u00e8re"},"content":{"rendered":"<p><span style=\"color: #ff6600\"><strong>Africa-Press &#8211; Benin. <\/strong><\/span>Les candidats aux examens nationaux de licence 2022 vont composer le 1er Septembre prochain. Plusieurs centres de composition ont \u00e9t\u00e9 retenus pour accueillir les diff\u00e9rentes fili\u00e8res.<\/p>\n<p>Les \u00e9preuves \u00e9crites des examens nationaux de licence 2022 d\u00e9marrent le 1er septembre 2022 dans les centres de composition retenus \u00e0 cet effet. C\u2019est par une note de service en date de ce 29 ao\u00fbt 2022 que le minist\u00e8re de l\u2019Enseignement sup\u00e9rieur et de la recherche scientifique a rendu public le chronogramme du d\u00e9roulement retenu.<\/p>\n<p>La note de service sign\u00e9e par le secr\u00e9taire g\u00e9n\u00e9ral du minist\u00e8re de l\u2019enseignement sup\u00e9rieur et de la recherche scientifique pr\u00e9sente la liste des diff\u00e9rents centres de composition. Cette liste se pr\u00e9sente comme suit:<\/p>\n<p>Liste des centres de composition aux examens nationaux de licence\u2026<\/p>\n<p><strong>Pour plus d&rsquo;informations et d&rsquo;analyses sur la <a href=\"https:\/\/www.africa-press.net\/benin\">Benin<\/a>, suivez <a href=\"https:\/\/www.africa-press.net\/\">Africa-Press<\/a><\/strong><\/p>\n","protected":false},"excerpt":{"rendered":"<p>Africa-Press &#8211; Benin. Les candidats aux examens nationaux de licence 2022 vont composer le 1er Septembre prochain. Plusieurs centres de composition ont \u00e9t\u00e9 retenus pour accueillir les diff\u00e9rentes fili\u00e8res. Les \u00e9preuves \u00e9crites des examens nationaux de licence 2022 d\u00e9marrent le 1er septembre 2022 dans les centres de composition retenus \u00e0 cet effet. C\u2019est par une [&hellip;]<\/p>\n","protected":false},"author":82,"featured_media":8423,"comment_status":"open","ping_status":"closed","sticky":false,"template":"","format":"standard","meta":{"footnotes":""},"categories":[11,2,10],"tags":[36,50,45],"class_list":["post-8425","post","type-post","status-publish","format-standard","has-post-thumbnail","hentry","category-homepage-french","category-politique","category-toutes-les-actualites","tag-africa-press","tag-africa-press-benin","tag-benin"],"yoast_head":"<!-- This site is optimized with the Yoast SEO Premium plugin v26.1 (Yoast SEO v27.0) - https:\/\/yoast.com\/product\/yoast-seo-premium-wordpress\/ -->\n<title>Examen national de licence: point des centres de composition retenus par fili\u00e8re - B\u00e9nin<\/title>\n<meta name=\"description\" content=\"Les candidats aux examens nationaux de licence 2022 vont composer le 1er Septembre prochain. Plusieurs centres de compos ...\" \/>\n<meta name=\"robots\" content=\"index, follow, max-snippet:-1, max-image-preview:large, max-video-preview:-1\" \/>\n<link rel=\"canonical\" href=\"https:\/\/www.africa-press.net\/benin\/politique\/examen-national-de-licence-point-des-centres-de-composition-retenus-par-filiere\" \/>\n<meta property=\"og:locale\" content=\"fr_FR\" \/>\n<meta property=\"og:type\" content=\"article\" \/>\n<meta property=\"og:title\" content=\"Examen national de licence: point des centres de composition retenus par fili\u00e8re\" \/>\n<meta property=\"og:description\" content=\"Les candidats aux examens nationaux de licence 2022 vont composer le 1er Septembre prochain. Plusieurs centres de compos ...\" \/>\n<meta property=\"og:url\" content=\"https:\/\/www.africa-press.net\/benin\/politique\/examen-national-de-licence-point-des-centres-de-composition-retenus-par-filiere\" \/>\n<meta property=\"og:site_name\" content=\"B\u00e9nin\" \/>\n<meta property=\"article:published_time\" content=\"2022-08-30T17:23:59+00:00\" \/>\n<meta property=\"article:modified_time\" content=\"2022-08-30T17:50:25+00:00\" \/>\n<meta property=\"og:image\" content=\"https:\/\/static.africa-press.net\/benin\/sites\/46\/2022\/08\/postQueueImg_19-630e4dc30ac46.jpg\" \/>\n\t<meta property=\"og:image:width\" content=\"1300\" \/>\n\t<meta property=\"og:image:height\" content=\"869\" \/>\n\t<meta property=\"og:image:type\" content=\"image\/jpeg\" \/>\n<meta name=\"author\" content=\"cfeditorfr\" \/>\n<meta name=\"twitter:card\" content=\"summary_large_image\" \/>\n<meta name=\"twitter:label1\" content=\"\u00c9crit par\" \/>\n\t<meta name=\"twitter:data1\" content=\"cfeditorfr\" \/>\n\t<meta name=\"twitter:label2\" content=\"Dur\u00e9e de lecture estim\u00e9e\" \/>\n\t<meta name=\"twitter:data2\" content=\"1 minute\" \/>\n<script type=\"application\/ld+json\" class=\"yoast-schema-graph\">{\"@context\":\"https:\/\/schema.org\",\"@graph\":[{\"@type\":\"Article\",\"@id\":\"https:\/\/www.africa-press.net\/benin\/politique\/examen-national-de-licence-point-des-centres-de-composition-retenus-par-filiere#article\",\"isPartOf\":{\"@id\":\"https:\/\/www.africa-press.net\/benin\/politique\/examen-national-de-licence-point-des-centres-de-composition-retenus-par-filiere\"},\"author\":{\"name\":\"cfeditorfr\",\"@id\":\"https:\/\/www.africa-press.net\/benin\/#\/schema\/person\/2b1cf3cd81a31e3cd26889ca66d677f1\"},\"headline\":\"Examen national de licence: point des centres de composition retenus par fili\u00e8re\",\"datePublished\":\"2022-08-30T17:23:59+00:00\",\"dateModified\":\"2022-08-30T17:50:25+00:00\",\"mainEntityOfPage\":{\"@id\":\"https:\/\/www.africa-press.net\/benin\/politique\/examen-national-de-licence-point-des-centres-de-composition-retenus-par-filiere\"},\"wordCount\":165,\"commentCount\":0,\"image\":{\"@id\":\"https:\/\/www.africa-press.net\/benin\/politique\/examen-national-de-licence-point-des-centres-de-composition-retenus-par-filiere#primaryimage\"},\"thumbnailUrl\":\"https:\/\/static.africa-press.net\/benin\/sites\/46\/2022\/08\/postQueueImg_19-630e4dc30ac46.jpg\",\"keywords\":[\"Africa Press\",\"Africa Press-Benin\",\"B\u00e9nin\"],\"articleSection\":[\"homepage-french\",\"Politique\",\"Toutes les actualit\u00e9s\"],\"inLanguage\":\"fr-FR\",\"potentialAction\":[{\"@type\":\"CommentAction\",\"name\":\"Comment\",\"target\":[\"https:\/\/www.africa-press.net\/benin\/politique\/examen-national-de-licence-point-des-centres-de-composition-retenus-par-filiere#respond\"]}]},{\"@type\":\"WebPage\",\"@id\":\"https:\/\/www.africa-press.net\/benin\/politique\/examen-national-de-licence-point-des-centres-de-composition-retenus-par-filiere\",\"url\":\"https:\/\/www.africa-press.net\/benin\/politique\/examen-national-de-licence-point-des-centres-de-composition-retenus-par-filiere\",\"name\":\"Examen national de licence: point des centres de composition retenus par fili\u00e8re - B\u00e9nin\",\"isPartOf\":{\"@id\":\"https:\/\/www.africa-press.net\/benin\/#website\"},\"primaryImageOfPage\":{\"@id\":\"https:\/\/www.africa-press.net\/benin\/politique\/examen-national-de-licence-point-des-centres-de-composition-retenus-par-filiere#primaryimage\"},\"image\":{\"@id\":\"https:\/\/www.africa-press.net\/benin\/politique\/examen-national-de-licence-point-des-centres-de-composition-retenus-par-filiere#primaryimage\"},\"thumbnailUrl\":\"https:\/\/static.africa-press.net\/benin\/sites\/46\/2022\/08\/postQueueImg_19-630e4dc30ac46.jpg\",\"datePublished\":\"2022-08-30T17:23:59+00:00\",\"dateModified\":\"2022-08-30T17:50:25+00:00\",\"author\":{\"@id\":\"https:\/\/www.africa-press.net\/benin\/#\/schema\/person\/2b1cf3cd81a31e3cd26889ca66d677f1\"},\"description\":\"Les candidats aux examens nationaux de licence 2022 vont composer le 1er Septembre prochain. Plusieurs centres de compos ...\",\"breadcrumb\":{\"@id\":\"https:\/\/www.africa-press.net\/benin\/politique\/examen-national-de-licence-point-des-centres-de-composition-retenus-par-filiere#breadcrumb\"},\"inLanguage\":\"fr-FR\",\"potentialAction\":[{\"@type\":\"ReadAction\",\"target\":[\"https:\/\/www.africa-press.net\/benin\/politique\/examen-national-de-licence-point-des-centres-de-composition-retenus-par-filiere\"]}]},{\"@type\":\"ImageObject\",\"inLanguage\":\"fr-FR\",\"@id\":\"https:\/\/www.africa-press.net\/benin\/politique\/examen-national-de-licence-point-des-centres-de-composition-retenus-par-filiere#primaryimage\",\"url\":\"https:\/\/static.africa-press.net\/benin\/sites\/46\/2022\/08\/postQueueImg_19-630e4dc30ac46.jpg\",\"contentUrl\":\"https:\/\/static.africa-press.net\/benin\/sites\/46\/2022\/08\/postQueueImg_19-630e4dc30ac46.jpg\",\"width\":1300,\"height\":869,\"caption\":\"Examen national de licence: point des centres de composition retenus par fili\u00e8re\"},{\"@type\":\"BreadcrumbList\",\"@id\":\"https:\/\/www.africa-press.net\/benin\/politique\/examen-national-de-licence-point-des-centres-de-composition-retenus-par-filiere#breadcrumb\",\"itemListElement\":[{\"@type\":\"ListItem\",\"position\":1,\"name\":\"Accueil\",\"item\":\"https:\/\/www.africa-press.net\/benin\/\"},{\"@type\":\"ListItem\",\"position\":2,\"name\":\"Examen national de licence: point des centres de composition retenus par fili\u00e8re\"}]},{\"@type\":\"WebSite\",\"@id\":\"https:\/\/www.africa-press.net\/benin\/#website\",\"url\":\"https:\/\/www.africa-press.net\/benin\/\",\"name\":\"B\u00e9nin\",\"description\":\"Just another Africa News Agency Sites site\",\"potentialAction\":[{\"@type\":\"SearchAction\",\"target\":{\"@type\":\"EntryPoint\",\"urlTemplate\":\"https:\/\/www.africa-press.net\/benin\/?s={search_term_string}\"},\"query-input\":{\"@type\":\"PropertyValueSpecification\",\"valueRequired\":true,\"valueName\":\"search_term_string\"}}],\"inLanguage\":\"fr-FR\"},{\"@type\":\"Person\",\"@id\":\"https:\/\/www.africa-press.net\/benin\/#\/schema\/person\/2b1cf3cd81a31e3cd26889ca66d677f1\",\"name\":\"cfeditorfr\"}]}<\/script>\n<!-- \/ Yoast SEO Premium plugin. -->","yoast_head_json":{"title":"Examen national de licence: point des centres de composition retenus par fili\u00e8re - B\u00e9nin","description":"Les candidats aux examens nationaux de licence 2022 vont composer le 1er Septembre prochain. Plusieurs centres de compos ...","robots":{"index":"index","follow":"follow","max-snippet":"max-snippet:-1","max-image-preview":"max-image-preview:large","max-video-preview":"max-video-preview:-1"},"canonical":"https:\/\/www.africa-press.net\/benin\/politique\/examen-national-de-licence-point-des-centres-de-composition-retenus-par-filiere","og_locale":"fr_FR","og_type":"article","og_title":"Examen national de licence: point des centres de composition retenus par fili\u00e8re","og_description":"Les candidats aux examens nationaux de licence 2022 vont composer le 1er Septembre prochain. Plusieurs centres de compos ...","og_url":"https:\/\/www.africa-press.net\/benin\/politique\/examen-national-de-licence-point-des-centres-de-composition-retenus-par-filiere","og_site_name":"B\u00e9nin","article_published_time":"2022-08-30T17:23:59+00:00","article_modified_time":"2022-08-30T17:50:25+00:00","og_image":[{"width":1300,"height":869,"url":"https:\/\/static.africa-press.net\/benin\/sites\/46\/2022\/08\/postQueueImg_19-630e4dc30ac46.jpg","type":"image\/jpeg"}],"author":"cfeditorfr","twitter_card":"summary_large_image","twitter_misc":{"\u00c9crit par":"cfeditorfr","Dur\u00e9e de lecture estim\u00e9e":"1 minute"},"schema":{"@context":"https:\/\/schema.org","@graph":[{"@type":"Article","@id":"https:\/\/www.africa-press.net\/benin\/politique\/examen-national-de-licence-point-des-centres-de-composition-retenus-par-filiere#article","isPartOf":{"@id":"https:\/\/www.africa-press.net\/benin\/politique\/examen-national-de-licence-point-des-centres-de-composition-retenus-par-filiere"},"author":{"name":"cfeditorfr","@id":"https:\/\/www.africa-press.net\/benin\/#\/schema\/person\/2b1cf3cd81a31e3cd26889ca66d677f1"},"headline":"Examen national de licence: point des centres de composition retenus par fili\u00e8re","datePublished":"2022-08-30T17:23:59+00:00","dateModified":"2022-08-30T17:50:25+00:00","mainEntityOfPage":{"@id":"https:\/\/www.africa-press.net\/benin\/politique\/examen-national-de-licence-point-des-centres-de-composition-retenus-par-filiere"},"wordCount":165,"commentCount":0,"image":{"@id":"https:\/\/www.africa-press.net\/benin\/politique\/examen-national-de-licence-point-des-centres-de-composition-retenus-par-filiere#primaryimage"},"thumbnailUrl":"https:\/\/static.africa-press.net\/benin\/sites\/46\/2022\/08\/postQueueImg_19-630e4dc30ac46.jpg","keywords":["Africa Press","Africa Press-Benin","B\u00e9nin"],"articleSection":["homepage-french","Politique","Toutes les actualit\u00e9s"],"inLanguage":"fr-FR","potentialAction":[{"@type":"CommentAction","name":"Comment","target":["https:\/\/www.africa-press.net\/benin\/politique\/examen-national-de-licence-point-des-centres-de-composition-retenus-par-filiere#respond"]}]},{"@type":"WebPage","@id":"https:\/\/www.africa-press.net\/benin\/politique\/examen-national-de-licence-point-des-centres-de-composition-retenus-par-filiere","url":"https:\/\/www.africa-press.net\/benin\/politique\/examen-national-de-licence-point-des-centres-de-composition-retenus-par-filiere","name":"Examen national de licence: point des centres de composition retenus par fili\u00e8re - B\u00e9nin","isPartOf":{"@id":"https:\/\/www.africa-press.net\/benin\/#website"},"primaryImageOfPage":{"@id":"https:\/\/www.africa-press.net\/benin\/politique\/examen-national-de-licence-point-des-centres-de-composition-retenus-par-filiere#primaryimage"},"image":{"@id":"https:\/\/www.africa-press.net\/benin\/politique\/examen-national-de-licence-point-des-centres-de-composition-retenus-par-filiere#primaryimage"},"thumbnailUrl":"https:\/\/static.africa-press.net\/benin\/sites\/46\/2022\/08\/postQueueImg_19-630e4dc30ac46.jpg","datePublished":"2022-08-30T17:23:59+00:00","dateModified":"2022-08-30T17:50:25+00:00","author":{"@id":"https:\/\/www.africa-press.net\/benin\/#\/schema\/person\/2b1cf3cd81a31e3cd26889ca66d677f1"},"description":"Les candidats aux examens nationaux de licence 2022 vont composer le 1er Septembre prochain. Plusieurs centres de compos ...","breadcrumb":{"@id":"https:\/\/www.africa-press.net\/benin\/politique\/examen-national-de-licence-point-des-centres-de-composition-retenus-par-filiere#breadcrumb"},"inLanguage":"fr-FR","potentialAction":[{"@type":"ReadAction","target":["https:\/\/www.africa-press.net\/benin\/politique\/examen-national-de-licence-point-des-centres-de-composition-retenus-par-filiere"]}]},{"@type":"ImageObject","inLanguage":"fr-FR","@id":"https:\/\/www.africa-press.net\/benin\/politique\/examen-national-de-licence-point-des-centres-de-composition-retenus-par-filiere#primaryimage","url":"https:\/\/static.africa-press.net\/benin\/sites\/46\/2022\/08\/postQueueImg_19-630e4dc30ac46.jpg","contentUrl":"https:\/\/static.africa-press.net\/benin\/sites\/46\/2022\/08\/postQueueImg_19-630e4dc30ac46.jpg","width":1300,"height":869,"caption":"Examen national de licence: point des centres de composition retenus par fili\u00e8re"},{"@type":"BreadcrumbList","@id":"https:\/\/www.africa-press.net\/benin\/politique\/examen-national-de-licence-point-des-centres-de-composition-retenus-par-filiere#breadcrumb","itemListElement":[{"@type":"ListItem","position":1,"name":"Accueil","item":"https:\/\/www.africa-press.net\/benin\/"},{"@type":"ListItem","position":2,"name":"Examen national de licence: point des centres de composition retenus par fili\u00e8re"}]},{"@type":"WebSite","@id":"https:\/\/www.africa-press.net\/benin\/#website","url":"https:\/\/www.africa-press.net\/benin\/","name":"B\u00e9nin","description":"Just another Africa News Agency Sites site","potentialAction":[{"@type":"SearchAction","target":{"@type":"EntryPoint","urlTemplate":"https:\/\/www.africa-press.net\/benin\/?s={search_term_string}"},"query-input":{"@type":"PropertyValueSpecification","valueRequired":true,"valueName":"search_term_string"}}],"inLanguage":"fr-FR"},{"@type":"Person","@id":"https:\/\/www.africa-press.net\/benin\/#\/schema\/person\/2b1cf3cd81a31e3cd26889ca66d677f1","name":"cfeditorfr"}]}},"_links":{"self":[{"href":"https:\/\/www.africa-press.net\/benin\/wp-json\/wp\/v2\/posts\/8425","targetHints":{"allow":["GET"]}}],"collection":[{"href":"https:\/\/www.africa-press.net\/benin\/wp-json\/wp\/v2\/posts"}],"about":[{"href":"https:\/\/www.africa-press.net\/benin\/wp-json\/wp\/v2\/types\/post"}],"author":[{"embeddable":true,"href":"https:\/\/www.africa-press.net\/benin\/wp-json\/wp\/v2\/users\/82"}],"replies":[{"embeddable":true,"href":"https:\/\/www.africa-press.net\/benin\/wp-json\/wp\/v2\/comments?post=8425"}],"version-history":[{"count":0,"href":"https:\/\/www.africa-press.net\/benin\/wp-json\/wp\/v2\/posts\/8425\/revisions"}],"wp:featuredmedia":[{"embeddable":true,"href":"https:\/\/www.africa-press.net\/benin\/wp-json\/wp\/v2\/media\/8423"}],"wp:attachment":[{"href":"https:\/\/www.africa-press.net\/benin\/wp-json\/wp\/v2\/media?parent=8425"}],"wp:term":[{"taxonomy":"category","embeddable":true,"href":"https:\/\/www.africa-press.net\/benin\/wp-json\/wp\/v2\/categories?post=8425"},{"taxonomy":"post_tag","embeddable":true,"href":"https:\/\/www.africa-press.net\/benin\/wp-json\/wp\/v2\/tags?post=8425"}],"curies":[{"name":"wp","href":"https:\/\/api.w.org\/{rel}","templated":true}]}}