{"id":8429,"date":"2022-08-30T17:24:08","date_gmt":"2022-08-30T17:24:08","guid":{"rendered":"https:\/\/www.africa-press.net\/benin\/politique\/jai-un-attachement-particulier-un-peu-emotionnel-pour-la-france-patrice-talon"},"modified":"2022-08-30T17:50:59","modified_gmt":"2022-08-30T17:50:59","slug":"jai-un-attachement-particulier-un-peu-emotionnel-pour-la-france-patrice-talon","status":"publish","type":"post","link":"https:\/\/www.africa-press.net\/benin\/politique\/jai-un-attachement-particulier-un-peu-emotionnel-pour-la-france-patrice-talon","title":{"rendered":"\u00ab\u00a0J\u2019ai un attachement particulier, un peu \u00e9motionnel, pour la France\u00a0\u00bb, Patrice Talon"},"content":{"rendered":"<p><span style=\"color: #ff6600\"><strong>Africa-Press &#8211; Benin. <\/strong><\/span>Le pr\u00e9sident b\u00e9ninois a r\u00e9pondu pr\u00e9sent \u00e0 l\u2019invitation du Mouvement des entreprises de France (Medef), dans le cadre de La Rencontre des Entrepreneurs de France (LaREF22). Face aux participants du panel portant sur les relations entre l\u2019Europe et l\u2019Afrique, Patrice Talon a tent\u00e9 de s\u00e9duire les entrepreneurs fran\u00e7ais, au point d\u2019exprimer son attachement particulier pour le pays d\u2019Emmanuel Macron.<\/p>\n<p>Patrice Talon souhaite une forte implication des entrepreneurs fran\u00e7ais sur le march\u00e9 des affaires au B\u00e9nin. Comme il l\u2019avait soulign\u00e9 lors de la visite de Macron au B\u00e9nin, le pr\u00e9sident b\u00e9ninois a repr\u00e9cis\u00e9 la faible pr\u00e9sence des entreprises dans l\u2019investissement au B\u00e9nin. Il a fait constater que dans la zone industrielle sp\u00e9ciale mise en place, les asiatiques sont en train de marquer leur forte pr\u00e9sence, contrairement aux Fran\u00e7ais. <b>\u00ab Nous attendons que, une fois encore, l\u2019Asie ne double pas la France sur ce terrain \u00bb<\/b>, a-t-il dit.<\/p>\n<p>Patrice Talon semble prendre la d\u00e9fense des hommes d\u2019affaires fran\u00e7ais, parce qu\u2019il a une forte admiration pour leur pays. <b>\u00ab J\u2019ai un attachement particulier, un peu \u00e9motionnel, pour la France. Je ne parle que Fran\u00e7ais, je ne parle aucune autre langue. C\u2019est mon insuffisance, je me sens bien quand je suis avec les Fran\u00e7ais. En plus, j\u2019ai un patronyme qui ressemble au v\u00f4tre, je m\u2019appelle Talon \u00bb<\/b>, a-t-il d\u00e9clar\u00e9.<\/p>\n<p>\u00ab C\u2019est maintenant qu\u2019il faut venir \u00bb<\/p>\n<p>Selon Patrice Talon, les entrepreneurs fran\u00e7ais doivent se presser de venir au B\u00e9nin. Il assure que toutes les conditions sont r\u00e9unies pour la r\u00e9ussite de leurs affaires. <b>\u00ab Je l\u2019ai dit au pr\u00e9sident Macron quand il \u00e9tait \u00e0 Cotonou. J\u2019ai dit : c\u2019est maintenant qu\u2019il faut venir \u00bb<\/b>.<\/p>\n<p>Nous avons fait les r\u00e9formes qu\u2019il faut pour mettre le pays au travail s\u00e9rieusement. La justice, la police, la s\u00e9curit\u00e9\u2026 fonctionne bien, je dirai m\u00eame tr\u00e8s bien.<\/p>\n<p>Le Chef d\u2019Etat b\u00e9ninois est \u00e9galement revenu sur les r\u00e9formes op\u00e9r\u00e9es dans la l\u00e9gislation du travail et l\u2019encadrement de la gr\u00e8ve. <b>\u00ab Au B\u00e9nin, vous pouvez employer quelqu\u2019un avec des contrats \u00e0 dur\u00e9e d\u00e9termin\u00e9e ind\u00e9finiment \u00bb<\/b>, a pr\u00e9cis\u00e9 Patrice Talon.<\/p>\n<p>Il a expliqu\u00e9 aux entrepreneurs fran\u00e7ais que le B\u00e9nin a chang\u00e9 sur tous les plans et offre d\u00e9sormais un environnement des affaires plus sain et b\u00e9n\u00e9fique. <b>\u00ab Les probl\u00e8mes d\u2019\u00e9ducation, de sant\u00e9, sont en train d\u2019\u00eatre r\u00e9gl\u00e9s \u00e0 grande vitesse. Nous avons fini de r\u00e9gler les probl\u00e8mes d\u2019infrastructure portuaire (bien engag\u00e9), a\u00e9roport-portuaire, routi\u00e8re et \u00e9nerg\u00e9tique. On peut vous vendre l\u2019\u00e9lectricit\u00e9 moins cher qu\u2019en Chine \u00bb<\/b>, a affirm\u00e9 Patrice Talon<\/p>\n<p>Le pr\u00e9sident b\u00e9ninois a \u00e9t\u00e9 forme en expliquant aux entrepreneurs que, d\u00e9sormais, il est tr\u00e8s ais\u00e9 d\u2019investir en Afrique, surtout au B\u00e9nin.<\/p>\n<p><strong>Pour plus d&rsquo;informations et d&rsquo;analyses sur la <a href=\"https:\/\/www.africa-press.net\/benin\">Benin<\/a>, suivez <a href=\"https:\/\/www.africa-press.net\/\">Africa-Press<\/a><\/strong><\/p>\n","protected":false},"excerpt":{"rendered":"<p>Africa-Press &#8211; Benin. Le pr\u00e9sident b\u00e9ninois a r\u00e9pondu pr\u00e9sent \u00e0 l\u2019invitation du Mouvement des entreprises de France (Medef), dans le cadre de La Rencontre des Entrepreneurs de France (LaREF22). Face aux participants du panel portant sur les relations entre l\u2019Europe et l\u2019Afrique, Patrice Talon a tent\u00e9 de s\u00e9duire les entrepreneurs fran\u00e7ais, au point d\u2019exprimer son [&hellip;]<\/p>\n","protected":false},"author":82,"featured_media":8428,"comment_status":"open","ping_status":"closed","sticky":false,"template":"","format":"standard","meta":{"footnotes":""},"categories":[11,2,10],"tags":[36,50,45],"class_list":["post-8429","post","type-post","status-publish","format-standard","has-post-thumbnail","hentry","category-homepage-french","category-politique","category-toutes-les-actualites","tag-africa-press","tag-africa-press-benin","tag-benin"],"yoast_head":"<!-- This site is optimized with the Yoast SEO Premium plugin v26.1 (Yoast SEO v27.0) - https:\/\/yoast.com\/product\/yoast-seo-premium-wordpress\/ -->\n<title>\u00ab\u00a0J\u2019ai un attachement particulier, un peu \u00e9motionnel, pour la France\u00a0\u00bb, Patrice Talon - B\u00e9nin<\/title>\n<meta name=\"description\" content=\"Le pr\u00e9sident b\u00e9ninois a r\u00e9pondu pr\u00e9sent \u00e0 l\u2019invitation du Mouvement des entreprises de France (Medef), dans le cadre de ...\" \/>\n<meta name=\"robots\" content=\"index, follow, max-snippet:-1, max-image-preview:large, max-video-preview:-1\" \/>\n<link rel=\"canonical\" href=\"https:\/\/www.africa-press.net\/benin\/politique\/jai-un-attachement-particulier-un-peu-emotionnel-pour-la-france-patrice-talon\" \/>\n<meta property=\"og:locale\" content=\"fr_FR\" \/>\n<meta property=\"og:type\" content=\"article\" \/>\n<meta property=\"og:title\" content=\"\u00ab\u00a0J\u2019ai un attachement particulier, un peu \u00e9motionnel, pour la France\u00a0\u00bb, Patrice Talon\" \/>\n<meta property=\"og:description\" content=\"Le pr\u00e9sident b\u00e9ninois a r\u00e9pondu pr\u00e9sent \u00e0 l\u2019invitation du Mouvement des entreprises de France (Medef), dans le cadre de ...\" \/>\n<meta property=\"og:url\" content=\"https:\/\/www.africa-press.net\/benin\/politique\/jai-un-attachement-particulier-un-peu-emotionnel-pour-la-france-patrice-talon\" \/>\n<meta property=\"og:site_name\" content=\"B\u00e9nin\" \/>\n<meta property=\"article:published_time\" content=\"2022-08-30T17:24:08+00:00\" \/>\n<meta property=\"article:modified_time\" content=\"2022-08-30T17:50:59+00:00\" \/>\n<meta property=\"og:image\" content=\"https:\/\/static.africa-press.net\/benin\/sites\/46\/2022\/08\/postQueueImg_20-630e4de730d7b.jpg\" \/>\n\t<meta property=\"og:image:width\" content=\"1200\" \/>\n\t<meta property=\"og:image:height\" content=\"800\" \/>\n\t<meta property=\"og:image:type\" content=\"image\/jpeg\" \/>\n<meta name=\"author\" content=\"cfeditorfr\" \/>\n<meta name=\"twitter:card\" content=\"summary_large_image\" \/>\n<meta name=\"twitter:label1\" content=\"\u00c9crit par\" \/>\n\t<meta name=\"twitter:data1\" content=\"cfeditorfr\" \/>\n\t<meta name=\"twitter:label2\" content=\"Dur\u00e9e de lecture estim\u00e9e\" \/>\n\t<meta name=\"twitter:data2\" content=\"3 minutes\" \/>\n<script type=\"application\/ld+json\" class=\"yoast-schema-graph\">{\"@context\":\"https:\/\/schema.org\",\"@graph\":[{\"@type\":\"Article\",\"@id\":\"https:\/\/www.africa-press.net\/benin\/politique\/jai-un-attachement-particulier-un-peu-emotionnel-pour-la-france-patrice-talon#article\",\"isPartOf\":{\"@id\":\"https:\/\/www.africa-press.net\/benin\/politique\/jai-un-attachement-particulier-un-peu-emotionnel-pour-la-france-patrice-talon\"},\"author\":{\"name\":\"cfeditorfr\",\"@id\":\"https:\/\/www.africa-press.net\/benin\/#\/schema\/person\/2b1cf3cd81a31e3cd26889ca66d677f1\"},\"headline\":\"\u00ab\u00a0J\u2019ai un attachement particulier, un peu \u00e9motionnel, pour la France\u00a0\u00bb, Patrice Talon\",\"datePublished\":\"2022-08-30T17:24:08+00:00\",\"dateModified\":\"2022-08-30T17:50:59+00:00\",\"mainEntityOfPage\":{\"@id\":\"https:\/\/www.africa-press.net\/benin\/politique\/jai-un-attachement-particulier-un-peu-emotionnel-pour-la-france-patrice-talon\"},\"wordCount\":532,\"commentCount\":0,\"image\":{\"@id\":\"https:\/\/www.africa-press.net\/benin\/politique\/jai-un-attachement-particulier-un-peu-emotionnel-pour-la-france-patrice-talon#primaryimage\"},\"thumbnailUrl\":\"https:\/\/static.africa-press.net\/benin\/sites\/46\/2022\/08\/postQueueImg_20-630e4de730d7b.jpg\",\"keywords\":[\"Africa Press\",\"Africa Press-Benin\",\"B\u00e9nin\"],\"articleSection\":[\"homepage-french\",\"Politique\",\"Toutes les actualit\u00e9s\"],\"inLanguage\":\"fr-FR\",\"potentialAction\":[{\"@type\":\"CommentAction\",\"name\":\"Comment\",\"target\":[\"https:\/\/www.africa-press.net\/benin\/politique\/jai-un-attachement-particulier-un-peu-emotionnel-pour-la-france-patrice-talon#respond\"]}]},{\"@type\":\"WebPage\",\"@id\":\"https:\/\/www.africa-press.net\/benin\/politique\/jai-un-attachement-particulier-un-peu-emotionnel-pour-la-france-patrice-talon\",\"url\":\"https:\/\/www.africa-press.net\/benin\/politique\/jai-un-attachement-particulier-un-peu-emotionnel-pour-la-france-patrice-talon\",\"name\":\"\u00ab\u00a0J\u2019ai un attachement particulier, un peu \u00e9motionnel, pour la France\u00a0\u00bb, Patrice Talon - B\u00e9nin\",\"isPartOf\":{\"@id\":\"https:\/\/www.africa-press.net\/benin\/#website\"},\"primaryImageOfPage\":{\"@id\":\"https:\/\/www.africa-press.net\/benin\/politique\/jai-un-attachement-particulier-un-peu-emotionnel-pour-la-france-patrice-talon#primaryimage\"},\"image\":{\"@id\":\"https:\/\/www.africa-press.net\/benin\/politique\/jai-un-attachement-particulier-un-peu-emotionnel-pour-la-france-patrice-talon#primaryimage\"},\"thumbnailUrl\":\"https:\/\/static.africa-press.net\/benin\/sites\/46\/2022\/08\/postQueueImg_20-630e4de730d7b.jpg\",\"datePublished\":\"2022-08-30T17:24:08+00:00\",\"dateModified\":\"2022-08-30T17:50:59+00:00\",\"author\":{\"@id\":\"https:\/\/www.africa-press.net\/benin\/#\/schema\/person\/2b1cf3cd81a31e3cd26889ca66d677f1\"},\"description\":\"Le pr\u00e9sident b\u00e9ninois a r\u00e9pondu pr\u00e9sent \u00e0 l\u2019invitation du Mouvement des entreprises de France (Medef), dans le cadre de ...\",\"breadcrumb\":{\"@id\":\"https:\/\/www.africa-press.net\/benin\/politique\/jai-un-attachement-particulier-un-peu-emotionnel-pour-la-france-patrice-talon#breadcrumb\"},\"inLanguage\":\"fr-FR\",\"potentialAction\":[{\"@type\":\"ReadAction\",\"target\":[\"https:\/\/www.africa-press.net\/benin\/politique\/jai-un-attachement-particulier-un-peu-emotionnel-pour-la-france-patrice-talon\"]}]},{\"@type\":\"ImageObject\",\"inLanguage\":\"fr-FR\",\"@id\":\"https:\/\/www.africa-press.net\/benin\/politique\/jai-un-attachement-particulier-un-peu-emotionnel-pour-la-france-patrice-talon#primaryimage\",\"url\":\"https:\/\/static.africa-press.net\/benin\/sites\/46\/2022\/08\/postQueueImg_20-630e4de730d7b.jpg\",\"contentUrl\":\"https:\/\/static.africa-press.net\/benin\/sites\/46\/2022\/08\/postQueueImg_20-630e4de730d7b.jpg\",\"width\":1200,\"height\":800,\"caption\":\"\u00ab\u00a0J\u2019ai un attachement particulier, un peu \u00e9motionnel, pour la France\u00a0\u00bb, Patrice Talon\"},{\"@type\":\"BreadcrumbList\",\"@id\":\"https:\/\/www.africa-press.net\/benin\/politique\/jai-un-attachement-particulier-un-peu-emotionnel-pour-la-france-patrice-talon#breadcrumb\",\"itemListElement\":[{\"@type\":\"ListItem\",\"position\":1,\"name\":\"Accueil\",\"item\":\"https:\/\/www.africa-press.net\/benin\/\"},{\"@type\":\"ListItem\",\"position\":2,\"name\":\"\u00ab\u00a0J\u2019ai un attachement particulier, un peu \u00e9motionnel, pour la France\u00a0\u00bb, Patrice Talon\"}]},{\"@type\":\"WebSite\",\"@id\":\"https:\/\/www.africa-press.net\/benin\/#website\",\"url\":\"https:\/\/www.africa-press.net\/benin\/\",\"name\":\"B\u00e9nin\",\"description\":\"Just another Africa News Agency Sites site\",\"potentialAction\":[{\"@type\":\"SearchAction\",\"target\":{\"@type\":\"EntryPoint\",\"urlTemplate\":\"https:\/\/www.africa-press.net\/benin\/?s={search_term_string}\"},\"query-input\":{\"@type\":\"PropertyValueSpecification\",\"valueRequired\":true,\"valueName\":\"search_term_string\"}}],\"inLanguage\":\"fr-FR\"},{\"@type\":\"Person\",\"@id\":\"https:\/\/www.africa-press.net\/benin\/#\/schema\/person\/2b1cf3cd81a31e3cd26889ca66d677f1\",\"name\":\"cfeditorfr\"}]}<\/script>\n<!-- \/ Yoast SEO Premium plugin. -->","yoast_head_json":{"title":"\u00ab\u00a0J\u2019ai un attachement particulier, un peu \u00e9motionnel, pour la France\u00a0\u00bb, Patrice Talon - B\u00e9nin","description":"Le pr\u00e9sident b\u00e9ninois a r\u00e9pondu pr\u00e9sent \u00e0 l\u2019invitation du Mouvement des entreprises de France (Medef), dans le cadre de ...","robots":{"index":"index","follow":"follow","max-snippet":"max-snippet:-1","max-image-preview":"max-image-preview:large","max-video-preview":"max-video-preview:-1"},"canonical":"https:\/\/www.africa-press.net\/benin\/politique\/jai-un-attachement-particulier-un-peu-emotionnel-pour-la-france-patrice-talon","og_locale":"fr_FR","og_type":"article","og_title":"\u00ab\u00a0J\u2019ai un attachement particulier, un peu \u00e9motionnel, pour la France\u00a0\u00bb, Patrice Talon","og_description":"Le pr\u00e9sident b\u00e9ninois a r\u00e9pondu pr\u00e9sent \u00e0 l\u2019invitation du Mouvement des entreprises de France (Medef), dans le cadre de ...","og_url":"https:\/\/www.africa-press.net\/benin\/politique\/jai-un-attachement-particulier-un-peu-emotionnel-pour-la-france-patrice-talon","og_site_name":"B\u00e9nin","article_published_time":"2022-08-30T17:24:08+00:00","article_modified_time":"2022-08-30T17:50:59+00:00","og_image":[{"width":1200,"height":800,"url":"https:\/\/static.africa-press.net\/benin\/sites\/46\/2022\/08\/postQueueImg_20-630e4de730d7b.jpg","type":"image\/jpeg"}],"author":"cfeditorfr","twitter_card":"summary_large_image","twitter_misc":{"\u00c9crit par":"cfeditorfr","Dur\u00e9e de lecture estim\u00e9e":"3 minutes"},"schema":{"@context":"https:\/\/schema.org","@graph":[{"@type":"Article","@id":"https:\/\/www.africa-press.net\/benin\/politique\/jai-un-attachement-particulier-un-peu-emotionnel-pour-la-france-patrice-talon#article","isPartOf":{"@id":"https:\/\/www.africa-press.net\/benin\/politique\/jai-un-attachement-particulier-un-peu-emotionnel-pour-la-france-patrice-talon"},"author":{"name":"cfeditorfr","@id":"https:\/\/www.africa-press.net\/benin\/#\/schema\/person\/2b1cf3cd81a31e3cd26889ca66d677f1"},"headline":"\u00ab\u00a0J\u2019ai un attachement particulier, un peu \u00e9motionnel, pour la France\u00a0\u00bb, Patrice Talon","datePublished":"2022-08-30T17:24:08+00:00","dateModified":"2022-08-30T17:50:59+00:00","mainEntityOfPage":{"@id":"https:\/\/www.africa-press.net\/benin\/politique\/jai-un-attachement-particulier-un-peu-emotionnel-pour-la-france-patrice-talon"},"wordCount":532,"commentCount":0,"image":{"@id":"https:\/\/www.africa-press.net\/benin\/politique\/jai-un-attachement-particulier-un-peu-emotionnel-pour-la-france-patrice-talon#primaryimage"},"thumbnailUrl":"https:\/\/static.africa-press.net\/benin\/sites\/46\/2022\/08\/postQueueImg_20-630e4de730d7b.jpg","keywords":["Africa Press","Africa Press-Benin","B\u00e9nin"],"articleSection":["homepage-french","Politique","Toutes les actualit\u00e9s"],"inLanguage":"fr-FR","potentialAction":[{"@type":"CommentAction","name":"Comment","target":["https:\/\/www.africa-press.net\/benin\/politique\/jai-un-attachement-particulier-un-peu-emotionnel-pour-la-france-patrice-talon#respond"]}]},{"@type":"WebPage","@id":"https:\/\/www.africa-press.net\/benin\/politique\/jai-un-attachement-particulier-un-peu-emotionnel-pour-la-france-patrice-talon","url":"https:\/\/www.africa-press.net\/benin\/politique\/jai-un-attachement-particulier-un-peu-emotionnel-pour-la-france-patrice-talon","name":"\u00ab\u00a0J\u2019ai un attachement particulier, un peu \u00e9motionnel, pour la France\u00a0\u00bb, Patrice Talon - B\u00e9nin","isPartOf":{"@id":"https:\/\/www.africa-press.net\/benin\/#website"},"primaryImageOfPage":{"@id":"https:\/\/www.africa-press.net\/benin\/politique\/jai-un-attachement-particulier-un-peu-emotionnel-pour-la-france-patrice-talon#primaryimage"},"image":{"@id":"https:\/\/www.africa-press.net\/benin\/politique\/jai-un-attachement-particulier-un-peu-emotionnel-pour-la-france-patrice-talon#primaryimage"},"thumbnailUrl":"https:\/\/static.africa-press.net\/benin\/sites\/46\/2022\/08\/postQueueImg_20-630e4de730d7b.jpg","datePublished":"2022-08-30T17:24:08+00:00","dateModified":"2022-08-30T17:50:59+00:00","author":{"@id":"https:\/\/www.africa-press.net\/benin\/#\/schema\/person\/2b1cf3cd81a31e3cd26889ca66d677f1"},"description":"Le pr\u00e9sident b\u00e9ninois a r\u00e9pondu pr\u00e9sent \u00e0 l\u2019invitation du Mouvement des entreprises de France (Medef), dans le cadre de ...","breadcrumb":{"@id":"https:\/\/www.africa-press.net\/benin\/politique\/jai-un-attachement-particulier-un-peu-emotionnel-pour-la-france-patrice-talon#breadcrumb"},"inLanguage":"fr-FR","potentialAction":[{"@type":"ReadAction","target":["https:\/\/www.africa-press.net\/benin\/politique\/jai-un-attachement-particulier-un-peu-emotionnel-pour-la-france-patrice-talon"]}]},{"@type":"ImageObject","inLanguage":"fr-FR","@id":"https:\/\/www.africa-press.net\/benin\/politique\/jai-un-attachement-particulier-un-peu-emotionnel-pour-la-france-patrice-talon#primaryimage","url":"https:\/\/static.africa-press.net\/benin\/sites\/46\/2022\/08\/postQueueImg_20-630e4de730d7b.jpg","contentUrl":"https:\/\/static.africa-press.net\/benin\/sites\/46\/2022\/08\/postQueueImg_20-630e4de730d7b.jpg","width":1200,"height":800,"caption":"\u00ab\u00a0J\u2019ai un attachement particulier, un peu \u00e9motionnel, pour la France\u00a0\u00bb, Patrice Talon"},{"@type":"BreadcrumbList","@id":"https:\/\/www.africa-press.net\/benin\/politique\/jai-un-attachement-particulier-un-peu-emotionnel-pour-la-france-patrice-talon#breadcrumb","itemListElement":[{"@type":"ListItem","position":1,"name":"Accueil","item":"https:\/\/www.africa-press.net\/benin\/"},{"@type":"ListItem","position":2,"name":"\u00ab\u00a0J\u2019ai un attachement particulier, un peu \u00e9motionnel, pour la France\u00a0\u00bb, Patrice Talon"}]},{"@type":"WebSite","@id":"https:\/\/www.africa-press.net\/benin\/#website","url":"https:\/\/www.africa-press.net\/benin\/","name":"B\u00e9nin","description":"Just another Africa News Agency Sites site","potentialAction":[{"@type":"SearchAction","target":{"@type":"EntryPoint","urlTemplate":"https:\/\/www.africa-press.net\/benin\/?s={search_term_string}"},"query-input":{"@type":"PropertyValueSpecification","valueRequired":true,"valueName":"search_term_string"}}],"inLanguage":"fr-FR"},{"@type":"Person","@id":"https:\/\/www.africa-press.net\/benin\/#\/schema\/person\/2b1cf3cd81a31e3cd26889ca66d677f1","name":"cfeditorfr"}]}},"_links":{"self":[{"href":"https:\/\/www.africa-press.net\/benin\/wp-json\/wp\/v2\/posts\/8429","targetHints":{"allow":["GET"]}}],"collection":[{"href":"https:\/\/www.africa-press.net\/benin\/wp-json\/wp\/v2\/posts"}],"about":[{"href":"https:\/\/www.africa-press.net\/benin\/wp-json\/wp\/v2\/types\/post"}],"author":[{"embeddable":true,"href":"https:\/\/www.africa-press.net\/benin\/wp-json\/wp\/v2\/users\/82"}],"replies":[{"embeddable":true,"href":"https:\/\/www.africa-press.net\/benin\/wp-json\/wp\/v2\/comments?post=8429"}],"version-history":[{"count":0,"href":"https:\/\/www.africa-press.net\/benin\/wp-json\/wp\/v2\/posts\/8429\/revisions"}],"wp:featuredmedia":[{"embeddable":true,"href":"https:\/\/www.africa-press.net\/benin\/wp-json\/wp\/v2\/media\/8428"}],"wp:attachment":[{"href":"https:\/\/www.africa-press.net\/benin\/wp-json\/wp\/v2\/media?parent=8429"}],"wp:term":[{"taxonomy":"category","embeddable":true,"href":"https:\/\/www.africa-press.net\/benin\/wp-json\/wp\/v2\/categories?post=8429"},{"taxonomy":"post_tag","embeddable":true,"href":"https:\/\/www.africa-press.net\/benin\/wp-json\/wp\/v2\/tags?post=8429"}],"curies":[{"name":"wp","href":"https:\/\/api.w.org\/{rel}","templated":true}]}}