{"id":8432,"date":"2022-08-30T17:24:28","date_gmt":"2022-08-30T17:24:28","guid":{"rendered":"https:\/\/www.africa-press.net\/benin\/politique\/jai-pas-lambition-davoir-une-expression-democratique-identique-a-la-france-patrice-talon"},"modified":"2022-08-30T17:51:30","modified_gmt":"2022-08-30T17:51:30","slug":"jai-pas-lambition-davoir-une-expression-democratique-identique-a-la-france-patrice-talon","status":"publish","type":"post","link":"https:\/\/www.africa-press.net\/benin\/politique\/jai-pas-lambition-davoir-une-expression-democratique-identique-a-la-france-patrice-talon","title":{"rendered":"\u00ab\u00a0J\u2019ai pas l\u2019ambition d\u2019avoir une expression d\u00e9mocratique identique \u00e0 la France\u00a0\u00bb, Patrice Talon"},"content":{"rendered":"<p><span style=\"color: #ff6600\"><strong>Africa-Press &#8211; Benin. <\/strong><\/span>Patrice Talon s\u2019est exprim\u00e9e ce Mardi 30 aout \u00e0 la Rencontre des Entrepreneurs de France (#LaREF22) organis\u00e9e par le Mouvement des Entreprises de France (MEDEF). S\u2019exprimant sur la r\u00e9duction des droits de gr\u00e8ve dans son pays, le pr\u00e9sident b\u00e9ninois a d\u00e9clar\u00e9 sans ambages qu\u2019il n\u2019a \u00ab pas besoin d\u2019avoir une expression d\u00e9mocratique identique \u00e0 la France \u00bb.<\/p>\n<p>Le Pr\u00e9sident de la R\u00e9publique du B\u00e9nin s\u2019est exprim\u00e9e ce Mardi 30 aout, en tant qu\u2019invit\u00e9e d\u2019honneur, \u00e0 la Rencontre des entrepreneurs de France \u00ab LaREF 2022 \u00bb qui accueille cette ann\u00e9e 10 milles visiteurs dont de nombreux chefs d\u2019entreprises. Parlant <b>\u00ab des r\u00e9formes difficiles \u00bb<\/b> entreprises par son gouvernement depuis son arriv\u00e9e au pouvoir en 2016, le Pr\u00e9sident Patrice Talon est revenu sur la limitation du droit de gr\u00e8ve \u00e0 dix jours par an, vot\u00e9 la en 2018 par le Parlement b\u00e9ninois.<\/p>\n<p><b>\u00ab Et ils avaient des exigences d\u00e9mesur\u00e9es\u00ab <\/b><br \/>\n<b>\u00ab Quand je suis arriv\u00e9 en 2016, nous avons une s\u00e9ance avec les partenaires sociaux au sujet des revendications des salari\u00e9s du public. Et ils avaient des exigences d\u00e9mesur\u00e9es. Et je leur ai dit de regarder dans l\u2019assiette que nous n\u2019avons pas les moyens de satisfaire \u00e0 vos exigences. Le B\u00e9nin est un petit pays et nous collectons peu d\u2019imp\u00f4ts \u00bb<\/b>. a d\u00e9clar\u00e9 Patrice Talon qui relate une \u00e9change entre lui et les syndicalistes en 2016. <b>\u00ab Mais, \u00e0 la fin de la s\u00e9ance, un des syndicalistes me dit, \u2018Mr le Pr\u00e9sident, vous allez finir par c\u00e9der\u2019, quand t-il commencera par avoir des morts dans les h\u00f4pitaux et dans les maternit\u00e9s, Mr le pr\u00e9sident, vous allez c\u00e9der \u00bb<\/b>, a continu\u00e9 Patrice Talon d\u00e9voilant ce qui a motiv\u00e9 la suppression du droit de gr\u00e8ve pour les travailleurs des secteurs de la s\u00e9curit\u00e9, de la d\u00e9fense, de la justice et de la sant\u00e9.<\/p>\n<p><b>\u00ab C\u2019est vrai, c\u2019est un recul par rapport aux acquis de d\u00e9mocratie. Mais, moi, j\u2019ai pas l\u2019ambition d\u2019avoir une expression d\u00e9mocratique identique \u00e0 la France \u00bb<\/b>, a d\u00e9clar\u00e9 le pr\u00e9sident b\u00e9ninois en pr\u00e9cisant, <b>\u00ab quand un pays, un pays comme la France, l\u2019Italie, et que la plupart des fondamentaux sont acquis, l\u2019expression d\u00e9mocratique peut flirter avec l\u2019anarchie. Ce n\u2019est pas grave, \u00e7a ne compromet pas la survie du pays. \u00bb<\/b><\/p>\n<p>Pour finir, Patrice Talon a ajout\u00e9 que <b>\u00ab c\u2019est maintenant que les africains ont besoin de construire leur pays pour les g\u00e9n\u00e9rations \u00e0 venir. Ce qui permettra aux autres de demain d\u2019\u00eatre plus exigeant, parce que les efforts ont \u00e9t\u00e9 faits \u00bb.<\/b><\/p>\n<p>Le droit de gr\u00e8ve plafonn\u00e9 \u00e0 dix jours au maximum par an<\/p>\n<p>Mardi 4 septembre 2018, le Parlement b\u00e9ninois a adopt\u00e9 une nouvelle loi qui plafonne le droit de gr\u00e8ve \u00e0 dix jours au maximum par an (sept jours au cours d\u2019un semestre et deux jours le mois), pour tous les personnels civils de l\u2019Etat et des collectivit\u00e9s territoriales ainsi qu\u2019aux travailleurs des \u00e9tablissements publics, semi-publics ou priv\u00e9s. Fin juin 2018, apr\u00e8s des mois de bras de fer, la Cour constitutionnelle avait finalement donn\u00e9 raison \u00e0 l\u2019ex\u00e9cutif en autorisant la suppression du droit de gr\u00e8ve pour les travailleurs des secteurs de la s\u00e9curit\u00e9, de la d\u00e9fense, de la justice et de la sant\u00e9.<\/p>\n<p>La d\u00e9cision finale, prise par le nouveau pr\u00e9sident de la juridiction supr\u00eame proche du pr\u00e9sident Patrice Talon, a \u00e9t\u00e9 per\u00e7ue comme \u00ab un coup de massue \u00bb dans le monde syndical apr\u00e8s une ann\u00e9e 2017 secou\u00e9e par d\u2019importants mouvements sociaux.<\/p>\n<p><strong>Pour plus d&rsquo;informations et d&rsquo;analyses sur la <a href=\"https:\/\/www.africa-press.net\/benin\">Benin<\/a>, suivez <a href=\"https:\/\/www.africa-press.net\/\">Africa-Press<\/a><\/strong><\/p>\n","protected":false},"excerpt":{"rendered":"<p>Africa-Press &#8211; Benin. Patrice Talon s\u2019est exprim\u00e9e ce Mardi 30 aout \u00e0 la Rencontre des Entrepreneurs de France (#LaREF22) organis\u00e9e par le Mouvement des Entreprises de France (MEDEF). S\u2019exprimant sur la r\u00e9duction des droits de gr\u00e8ve dans son pays, le pr\u00e9sident b\u00e9ninois a d\u00e9clar\u00e9 sans ambages qu\u2019il n\u2019a \u00ab pas besoin d\u2019avoir une expression d\u00e9mocratique [&hellip;]<\/p>\n","protected":false},"author":82,"featured_media":8431,"comment_status":"open","ping_status":"closed","sticky":false,"template":"","format":"standard","meta":{"footnotes":""},"categories":[11,2,20,10],"tags":[36,50,45],"class_list":["post-8432","post","type-post","status-publish","format-standard","has-post-thumbnail","hentry","category-homepage-french","category-politique","category-top-nouvelles","category-toutes-les-actualites","tag-africa-press","tag-africa-press-benin","tag-benin"],"yoast_head":"<!-- This site is optimized with the Yoast SEO Premium plugin v26.1 (Yoast SEO v27.0) - https:\/\/yoast.com\/product\/yoast-seo-premium-wordpress\/ -->\n<title>\u00ab\u00a0J\u2019ai pas l\u2019ambition d\u2019avoir une expression d\u00e9mocratique identique \u00e0 la France\u00a0\u00bb, Patrice Talon - B\u00e9nin<\/title>\n<meta name=\"description\" content=\"Patrice Talon s\u2019est exprim\u00e9e ce Mardi 30 aout \u00e0 la Rencontre des Entrepreneurs de France (#LaREF22) organis\u00e9e par le Mou ...\" \/>\n<meta name=\"robots\" content=\"index, follow, max-snippet:-1, max-image-preview:large, max-video-preview:-1\" \/>\n<link rel=\"canonical\" href=\"https:\/\/www.africa-press.net\/benin\/politique\/jai-pas-lambition-davoir-une-expression-democratique-identique-a-la-france-patrice-talon\" \/>\n<meta property=\"og:locale\" content=\"fr_FR\" \/>\n<meta property=\"og:type\" content=\"article\" \/>\n<meta property=\"og:title\" content=\"\u00ab\u00a0J\u2019ai pas l\u2019ambition d\u2019avoir une expression d\u00e9mocratique identique \u00e0 la France\u00a0\u00bb, Patrice Talon\" \/>\n<meta property=\"og:description\" content=\"Patrice Talon s\u2019est exprim\u00e9e ce Mardi 30 aout \u00e0 la Rencontre des Entrepreneurs de France (#LaREF22) organis\u00e9e par le Mou ...\" \/>\n<meta property=\"og:url\" content=\"https:\/\/www.africa-press.net\/benin\/politique\/jai-pas-lambition-davoir-une-expression-democratique-identique-a-la-france-patrice-talon\" \/>\n<meta property=\"og:site_name\" content=\"B\u00e9nin\" \/>\n<meta property=\"article:published_time\" content=\"2022-08-30T17:24:28+00:00\" \/>\n<meta property=\"article:modified_time\" content=\"2022-08-30T17:51:30+00:00\" \/>\n<meta property=\"og:image\" content=\"https:\/\/static.africa-press.net\/benin\/sites\/46\/2022\/08\/postQueueImg_21-630e4e09c4ebf.jpg\" \/>\n\t<meta property=\"og:image:width\" content=\"1200\" \/>\n\t<meta property=\"og:image:height\" content=\"800\" \/>\n\t<meta property=\"og:image:type\" content=\"image\/jpeg\" \/>\n<meta name=\"author\" content=\"cfeditorfr\" \/>\n<meta name=\"twitter:card\" content=\"summary_large_image\" \/>\n<meta name=\"twitter:label1\" content=\"\u00c9crit par\" \/>\n\t<meta name=\"twitter:data1\" content=\"cfeditorfr\" \/>\n\t<meta name=\"twitter:label2\" content=\"Dur\u00e9e de lecture estim\u00e9e\" \/>\n\t<meta name=\"twitter:data2\" content=\"3 minutes\" \/>\n<script type=\"application\/ld+json\" class=\"yoast-schema-graph\">{\"@context\":\"https:\/\/schema.org\",\"@graph\":[{\"@type\":\"Article\",\"@id\":\"https:\/\/www.africa-press.net\/benin\/politique\/jai-pas-lambition-davoir-une-expression-democratique-identique-a-la-france-patrice-talon#article\",\"isPartOf\":{\"@id\":\"https:\/\/www.africa-press.net\/benin\/politique\/jai-pas-lambition-davoir-une-expression-democratique-identique-a-la-france-patrice-talon\"},\"author\":{\"name\":\"cfeditorfr\",\"@id\":\"https:\/\/www.africa-press.net\/benin\/#\/schema\/person\/2b1cf3cd81a31e3cd26889ca66d677f1\"},\"headline\":\"\u00ab\u00a0J\u2019ai pas l\u2019ambition d\u2019avoir une expression d\u00e9mocratique identique \u00e0 la France\u00a0\u00bb, Patrice Talon\",\"datePublished\":\"2022-08-30T17:24:28+00:00\",\"dateModified\":\"2022-08-30T17:51:30+00:00\",\"mainEntityOfPage\":{\"@id\":\"https:\/\/www.africa-press.net\/benin\/politique\/jai-pas-lambition-davoir-une-expression-democratique-identique-a-la-france-patrice-talon\"},\"wordCount\":646,\"commentCount\":0,\"image\":{\"@id\":\"https:\/\/www.africa-press.net\/benin\/politique\/jai-pas-lambition-davoir-une-expression-democratique-identique-a-la-france-patrice-talon#primaryimage\"},\"thumbnailUrl\":\"https:\/\/static.africa-press.net\/benin\/sites\/46\/2022\/08\/postQueueImg_21-630e4e09c4ebf.jpg\",\"keywords\":[\"Africa Press\",\"Africa Press-Benin\",\"B\u00e9nin\"],\"articleSection\":[\"homepage-french\",\"Politique\",\"Top Nouvelles\",\"Toutes les actualit\u00e9s\"],\"inLanguage\":\"fr-FR\",\"potentialAction\":[{\"@type\":\"CommentAction\",\"name\":\"Comment\",\"target\":[\"https:\/\/www.africa-press.net\/benin\/politique\/jai-pas-lambition-davoir-une-expression-democratique-identique-a-la-france-patrice-talon#respond\"]}]},{\"@type\":\"WebPage\",\"@id\":\"https:\/\/www.africa-press.net\/benin\/politique\/jai-pas-lambition-davoir-une-expression-democratique-identique-a-la-france-patrice-talon\",\"url\":\"https:\/\/www.africa-press.net\/benin\/politique\/jai-pas-lambition-davoir-une-expression-democratique-identique-a-la-france-patrice-talon\",\"name\":\"\u00ab\u00a0J\u2019ai pas l\u2019ambition d\u2019avoir une expression d\u00e9mocratique identique \u00e0 la France\u00a0\u00bb, Patrice Talon - B\u00e9nin\",\"isPartOf\":{\"@id\":\"https:\/\/www.africa-press.net\/benin\/#website\"},\"primaryImageOfPage\":{\"@id\":\"https:\/\/www.africa-press.net\/benin\/politique\/jai-pas-lambition-davoir-une-expression-democratique-identique-a-la-france-patrice-talon#primaryimage\"},\"image\":{\"@id\":\"https:\/\/www.africa-press.net\/benin\/politique\/jai-pas-lambition-davoir-une-expression-democratique-identique-a-la-france-patrice-talon#primaryimage\"},\"thumbnailUrl\":\"https:\/\/static.africa-press.net\/benin\/sites\/46\/2022\/08\/postQueueImg_21-630e4e09c4ebf.jpg\",\"datePublished\":\"2022-08-30T17:24:28+00:00\",\"dateModified\":\"2022-08-30T17:51:30+00:00\",\"author\":{\"@id\":\"https:\/\/www.africa-press.net\/benin\/#\/schema\/person\/2b1cf3cd81a31e3cd26889ca66d677f1\"},\"description\":\"Patrice Talon s\u2019est exprim\u00e9e ce Mardi 30 aout \u00e0 la Rencontre des Entrepreneurs de France (#LaREF22) organis\u00e9e par le Mou ...\",\"breadcrumb\":{\"@id\":\"https:\/\/www.africa-press.net\/benin\/politique\/jai-pas-lambition-davoir-une-expression-democratique-identique-a-la-france-patrice-talon#breadcrumb\"},\"inLanguage\":\"fr-FR\",\"potentialAction\":[{\"@type\":\"ReadAction\",\"target\":[\"https:\/\/www.africa-press.net\/benin\/politique\/jai-pas-lambition-davoir-une-expression-democratique-identique-a-la-france-patrice-talon\"]}]},{\"@type\":\"ImageObject\",\"inLanguage\":\"fr-FR\",\"@id\":\"https:\/\/www.africa-press.net\/benin\/politique\/jai-pas-lambition-davoir-une-expression-democratique-identique-a-la-france-patrice-talon#primaryimage\",\"url\":\"https:\/\/static.africa-press.net\/benin\/sites\/46\/2022\/08\/postQueueImg_21-630e4e09c4ebf.jpg\",\"contentUrl\":\"https:\/\/static.africa-press.net\/benin\/sites\/46\/2022\/08\/postQueueImg_21-630e4e09c4ebf.jpg\",\"width\":1200,\"height\":800,\"caption\":\"\u00ab\u00a0J\u2019ai pas l\u2019ambition d\u2019avoir une expression d\u00e9mocratique identique \u00e0 la France\u00a0\u00bb, Patrice Talon\"},{\"@type\":\"BreadcrumbList\",\"@id\":\"https:\/\/www.africa-press.net\/benin\/politique\/jai-pas-lambition-davoir-une-expression-democratique-identique-a-la-france-patrice-talon#breadcrumb\",\"itemListElement\":[{\"@type\":\"ListItem\",\"position\":1,\"name\":\"Accueil\",\"item\":\"https:\/\/www.africa-press.net\/benin\/\"},{\"@type\":\"ListItem\",\"position\":2,\"name\":\"\u00ab\u00a0J\u2019ai pas l\u2019ambition d\u2019avoir une expression d\u00e9mocratique identique \u00e0 la France\u00a0\u00bb, Patrice Talon\"}]},{\"@type\":\"WebSite\",\"@id\":\"https:\/\/www.africa-press.net\/benin\/#website\",\"url\":\"https:\/\/www.africa-press.net\/benin\/\",\"name\":\"B\u00e9nin\",\"description\":\"Just another Africa News Agency Sites site\",\"potentialAction\":[{\"@type\":\"SearchAction\",\"target\":{\"@type\":\"EntryPoint\",\"urlTemplate\":\"https:\/\/www.africa-press.net\/benin\/?s={search_term_string}\"},\"query-input\":{\"@type\":\"PropertyValueSpecification\",\"valueRequired\":true,\"valueName\":\"search_term_string\"}}],\"inLanguage\":\"fr-FR\"},{\"@type\":\"Person\",\"@id\":\"https:\/\/www.africa-press.net\/benin\/#\/schema\/person\/2b1cf3cd81a31e3cd26889ca66d677f1\",\"name\":\"cfeditorfr\"}]}<\/script>\n<!-- \/ Yoast SEO Premium plugin. -->","yoast_head_json":{"title":"\u00ab\u00a0J\u2019ai pas l\u2019ambition d\u2019avoir une expression d\u00e9mocratique identique \u00e0 la France\u00a0\u00bb, Patrice Talon - B\u00e9nin","description":"Patrice Talon s\u2019est exprim\u00e9e ce Mardi 30 aout \u00e0 la Rencontre des Entrepreneurs de France (#LaREF22) organis\u00e9e par le Mou ...","robots":{"index":"index","follow":"follow","max-snippet":"max-snippet:-1","max-image-preview":"max-image-preview:large","max-video-preview":"max-video-preview:-1"},"canonical":"https:\/\/www.africa-press.net\/benin\/politique\/jai-pas-lambition-davoir-une-expression-democratique-identique-a-la-france-patrice-talon","og_locale":"fr_FR","og_type":"article","og_title":"\u00ab\u00a0J\u2019ai pas l\u2019ambition d\u2019avoir une expression d\u00e9mocratique identique \u00e0 la France\u00a0\u00bb, Patrice Talon","og_description":"Patrice Talon s\u2019est exprim\u00e9e ce Mardi 30 aout \u00e0 la Rencontre des Entrepreneurs de France (#LaREF22) organis\u00e9e par le Mou ...","og_url":"https:\/\/www.africa-press.net\/benin\/politique\/jai-pas-lambition-davoir-une-expression-democratique-identique-a-la-france-patrice-talon","og_site_name":"B\u00e9nin","article_published_time":"2022-08-30T17:24:28+00:00","article_modified_time":"2022-08-30T17:51:30+00:00","og_image":[{"width":1200,"height":800,"url":"https:\/\/static.africa-press.net\/benin\/sites\/46\/2022\/08\/postQueueImg_21-630e4e09c4ebf.jpg","type":"image\/jpeg"}],"author":"cfeditorfr","twitter_card":"summary_large_image","twitter_misc":{"\u00c9crit par":"cfeditorfr","Dur\u00e9e de lecture estim\u00e9e":"3 minutes"},"schema":{"@context":"https:\/\/schema.org","@graph":[{"@type":"Article","@id":"https:\/\/www.africa-press.net\/benin\/politique\/jai-pas-lambition-davoir-une-expression-democratique-identique-a-la-france-patrice-talon#article","isPartOf":{"@id":"https:\/\/www.africa-press.net\/benin\/politique\/jai-pas-lambition-davoir-une-expression-democratique-identique-a-la-france-patrice-talon"},"author":{"name":"cfeditorfr","@id":"https:\/\/www.africa-press.net\/benin\/#\/schema\/person\/2b1cf3cd81a31e3cd26889ca66d677f1"},"headline":"\u00ab\u00a0J\u2019ai pas l\u2019ambition d\u2019avoir une expression d\u00e9mocratique identique \u00e0 la France\u00a0\u00bb, Patrice Talon","datePublished":"2022-08-30T17:24:28+00:00","dateModified":"2022-08-30T17:51:30+00:00","mainEntityOfPage":{"@id":"https:\/\/www.africa-press.net\/benin\/politique\/jai-pas-lambition-davoir-une-expression-democratique-identique-a-la-france-patrice-talon"},"wordCount":646,"commentCount":0,"image":{"@id":"https:\/\/www.africa-press.net\/benin\/politique\/jai-pas-lambition-davoir-une-expression-democratique-identique-a-la-france-patrice-talon#primaryimage"},"thumbnailUrl":"https:\/\/static.africa-press.net\/benin\/sites\/46\/2022\/08\/postQueueImg_21-630e4e09c4ebf.jpg","keywords":["Africa Press","Africa Press-Benin","B\u00e9nin"],"articleSection":["homepage-french","Politique","Top Nouvelles","Toutes les actualit\u00e9s"],"inLanguage":"fr-FR","potentialAction":[{"@type":"CommentAction","name":"Comment","target":["https:\/\/www.africa-press.net\/benin\/politique\/jai-pas-lambition-davoir-une-expression-democratique-identique-a-la-france-patrice-talon#respond"]}]},{"@type":"WebPage","@id":"https:\/\/www.africa-press.net\/benin\/politique\/jai-pas-lambition-davoir-une-expression-democratique-identique-a-la-france-patrice-talon","url":"https:\/\/www.africa-press.net\/benin\/politique\/jai-pas-lambition-davoir-une-expression-democratique-identique-a-la-france-patrice-talon","name":"\u00ab\u00a0J\u2019ai pas l\u2019ambition d\u2019avoir une expression d\u00e9mocratique identique \u00e0 la France\u00a0\u00bb, Patrice Talon - B\u00e9nin","isPartOf":{"@id":"https:\/\/www.africa-press.net\/benin\/#website"},"primaryImageOfPage":{"@id":"https:\/\/www.africa-press.net\/benin\/politique\/jai-pas-lambition-davoir-une-expression-democratique-identique-a-la-france-patrice-talon#primaryimage"},"image":{"@id":"https:\/\/www.africa-press.net\/benin\/politique\/jai-pas-lambition-davoir-une-expression-democratique-identique-a-la-france-patrice-talon#primaryimage"},"thumbnailUrl":"https:\/\/static.africa-press.net\/benin\/sites\/46\/2022\/08\/postQueueImg_21-630e4e09c4ebf.jpg","datePublished":"2022-08-30T17:24:28+00:00","dateModified":"2022-08-30T17:51:30+00:00","author":{"@id":"https:\/\/www.africa-press.net\/benin\/#\/schema\/person\/2b1cf3cd81a31e3cd26889ca66d677f1"},"description":"Patrice Talon s\u2019est exprim\u00e9e ce Mardi 30 aout \u00e0 la Rencontre des Entrepreneurs de France (#LaREF22) organis\u00e9e par le Mou ...","breadcrumb":{"@id":"https:\/\/www.africa-press.net\/benin\/politique\/jai-pas-lambition-davoir-une-expression-democratique-identique-a-la-france-patrice-talon#breadcrumb"},"inLanguage":"fr-FR","potentialAction":[{"@type":"ReadAction","target":["https:\/\/www.africa-press.net\/benin\/politique\/jai-pas-lambition-davoir-une-expression-democratique-identique-a-la-france-patrice-talon"]}]},{"@type":"ImageObject","inLanguage":"fr-FR","@id":"https:\/\/www.africa-press.net\/benin\/politique\/jai-pas-lambition-davoir-une-expression-democratique-identique-a-la-france-patrice-talon#primaryimage","url":"https:\/\/static.africa-press.net\/benin\/sites\/46\/2022\/08\/postQueueImg_21-630e4e09c4ebf.jpg","contentUrl":"https:\/\/static.africa-press.net\/benin\/sites\/46\/2022\/08\/postQueueImg_21-630e4e09c4ebf.jpg","width":1200,"height":800,"caption":"\u00ab\u00a0J\u2019ai pas l\u2019ambition d\u2019avoir une expression d\u00e9mocratique identique \u00e0 la France\u00a0\u00bb, Patrice Talon"},{"@type":"BreadcrumbList","@id":"https:\/\/www.africa-press.net\/benin\/politique\/jai-pas-lambition-davoir-une-expression-democratique-identique-a-la-france-patrice-talon#breadcrumb","itemListElement":[{"@type":"ListItem","position":1,"name":"Accueil","item":"https:\/\/www.africa-press.net\/benin\/"},{"@type":"ListItem","position":2,"name":"\u00ab\u00a0J\u2019ai pas l\u2019ambition d\u2019avoir une expression d\u00e9mocratique identique \u00e0 la France\u00a0\u00bb, Patrice Talon"}]},{"@type":"WebSite","@id":"https:\/\/www.africa-press.net\/benin\/#website","url":"https:\/\/www.africa-press.net\/benin\/","name":"B\u00e9nin","description":"Just another Africa News Agency Sites site","potentialAction":[{"@type":"SearchAction","target":{"@type":"EntryPoint","urlTemplate":"https:\/\/www.africa-press.net\/benin\/?s={search_term_string}"},"query-input":{"@type":"PropertyValueSpecification","valueRequired":true,"valueName":"search_term_string"}}],"inLanguage":"fr-FR"},{"@type":"Person","@id":"https:\/\/www.africa-press.net\/benin\/#\/schema\/person\/2b1cf3cd81a31e3cd26889ca66d677f1","name":"cfeditorfr"}]}},"_links":{"self":[{"href":"https:\/\/www.africa-press.net\/benin\/wp-json\/wp\/v2\/posts\/8432","targetHints":{"allow":["GET"]}}],"collection":[{"href":"https:\/\/www.africa-press.net\/benin\/wp-json\/wp\/v2\/posts"}],"about":[{"href":"https:\/\/www.africa-press.net\/benin\/wp-json\/wp\/v2\/types\/post"}],"author":[{"embeddable":true,"href":"https:\/\/www.africa-press.net\/benin\/wp-json\/wp\/v2\/users\/82"}],"replies":[{"embeddable":true,"href":"https:\/\/www.africa-press.net\/benin\/wp-json\/wp\/v2\/comments?post=8432"}],"version-history":[{"count":0,"href":"https:\/\/www.africa-press.net\/benin\/wp-json\/wp\/v2\/posts\/8432\/revisions"}],"wp:featuredmedia":[{"embeddable":true,"href":"https:\/\/www.africa-press.net\/benin\/wp-json\/wp\/v2\/media\/8431"}],"wp:attachment":[{"href":"https:\/\/www.africa-press.net\/benin\/wp-json\/wp\/v2\/media?parent=8432"}],"wp:term":[{"taxonomy":"category","embeddable":true,"href":"https:\/\/www.africa-press.net\/benin\/wp-json\/wp\/v2\/categories?post=8432"},{"taxonomy":"post_tag","embeddable":true,"href":"https:\/\/www.africa-press.net\/benin\/wp-json\/wp\/v2\/tags?post=8432"}],"curies":[{"name":"wp","href":"https:\/\/api.w.org\/{rel}","templated":true}]}}