{"id":8435,"date":"2022-08-30T17:24:44","date_gmt":"2022-08-30T17:24:44","guid":{"rendered":"https:\/\/www.africa-press.net\/benin\/politique\/ce-qui-avait-manque-aux-leaders-cetait-lambition-patrice-talon"},"modified":"2022-08-30T17:52:00","modified_gmt":"2022-08-30T17:52:00","slug":"ce-qui-avait-manque-aux-leaders-cetait-lambition-patrice-talon","status":"publish","type":"post","link":"https:\/\/www.africa-press.net\/benin\/politique\/ce-qui-avait-manque-aux-leaders-cetait-lambition-patrice-talon","title":{"rendered":"\u00ab\u00a0Ce qui avait manqu\u00e9 aux leaders, c\u2019\u00e9tait l\u2019ambition\u2026\u00a0\u00bb, Patrice Talon"},"content":{"rendered":"<p><span style=\"color: #ff6600\"><strong>Africa-Press &#8211; Benin. <\/strong><\/span>Le pr\u00e9sident Patrice Talon a livr\u00e9 les trois secrets qui ont contribu\u00e9 \u00e0 sa r\u00e9ussite dans les affaires et qui l\u2019aident aujourd\u2019hui \u00e0 r\u00e9ussir sa gouvernance \u00e0 la t\u00eate du B\u00e9nin. C\u2019\u00e9tait \u00e0 l\u2019occasion des \u00e9changes qu\u2019il a eu ce mardi 30 Ao\u00fbt avec le Mouvement des entreprises de France (Medef), dans le cadre de La Rencontre des Entrepreneurs de France (LaREF22).<\/p>\n<p>Invit\u00e9 par le le Mouvement des entreprises de France (Medef), dans le cadre de La Rencontre des Entrepreneurs de France (LaREF22), le pr\u00e9sident b\u00e9ninois, Patrice Talon a honor\u00e9 l\u2019ensemble des entrepreneurs de France en ayant avec eux un \u00e9change franc, ouvert et convivial. Interrog\u00e9 sur les secrets qui lui ont permis d\u2019\u00eatre un entrepreneur \u00e0 succ\u00e8s et qui l\u2019aident encore aujourd\u2019hui \u00e0 r\u00e9ussir sa gouvernance \u00e0 la t\u00eate du B\u00e9nin, l\u2019ex magnat de l\u2019or blanc et pr\u00e9sident du B\u00e9nin depuis 2016 rassure qu\u2019il n\u2019est pas un g\u00e9nie et qu\u2019il n\u2019est point besoin d\u2019\u00eatre un g\u00e9nie pour r\u00e9ussir dans les affaires.<\/p>\n<p>Selon lui, il y a seulement trois choses , trois secrets qui permettent \u00e0 tous les entrepreneurs \u00e0 succ\u00e8s de r\u00e9ussir dans leurs affaires. \u00bb <b>Nul ne peut porter le titre d\u2019entrepreneur ou de patron s\u2019il ne poss\u00e8de les trois ingr\u00e9dients essentiels, n\u00e9cessaires et suffisants. L\u2019ambition, le s\u00e9rieux et le labeur. Ce sont ces choses-l\u00e0 qui caract\u00e9risent les entrepreneurs<\/b>\u00ab , a confi\u00e9 Patrice Talon.<\/p>\n<p>A croire le pr\u00e9sident de la R\u00e9publique du B\u00e9nin, quand on dispose de ces trois ingr\u00e9dients, on va dans tous les cas au succ\u00e8s mais quand on ne les a pas, le succ\u00e8s est \u00e9ph\u00e9m\u00e8re.<\/p>\n<p>\u00ab <b>Si l\u2019un des ces 3 \u00e9l\u00e9ments vous manque m\u00eame si vous avez gagn\u00e9 au loto et que vous n\u2019avez pas d\u2019ambition, vous aller perdre tout ce que vous avez gagn\u00e9. Si vous n\u2019\u00eates pas s\u00e9rieux, \u00e7a va s\u2019en aller; si vous n\u2019\u00eates pas acharn\u00e9 au travail, pareil<\/b>\u00ab , a affirm\u00e9 le pr\u00e9sident b\u00e9ninois<\/p>\n<p>Ce sont ces 3 choses qui ont manqu\u00e9 aux leaders<\/p>\n<p>Pour le pr\u00e9sident Patrice Talon, ce sont l\u2019ambition, le s\u00e9rieux et le travail acharn\u00e9 qui le caract\u00e9risent et qui lui ont permis d\u2019\u00eatre un entrepreneur \u00e0 succ\u00e8s. <b>\u00ab Moi je ne suis pas un g\u00e9nie. il n\u2019est point n\u00e9cessaire d\u2019\u00eatre un g\u00e9nie dans la vie pour r\u00e9ussir et avoir sa place \u00bb<\/b>, a indiqu\u00e9 Patrice Talon.<\/p>\n<p>Ces principes qui peuvent faire le succ\u00e8s d\u2019un individu sont pareils quand il s\u2019agit d\u2019une communaut\u00e9 ou d\u2019un pays, pr\u00e9cise le num\u00e9ro 1 b\u00e9ninois qui lie son succ\u00e8s \u00e0 la t\u00eate de son pays gr\u00e2ce \u00e0 ces trois ingr\u00e9dients.<\/p>\n<p>Pour le pr\u00e9sident Patrice Talon, ce sont ces ingr\u00e9dients qui avaient manqu\u00e9 au B\u00e9nin, aux leaders qui ont conduit le pays jusque-l\u00e0. C\u2019est ce qui justifie \u00e0 le croire le retard connu par le pays dans son d\u00e9veloppement. <b>\u00ab Ce qui a manqu\u00e9 aux leaders, c\u2019\u00e9tait l\u2019ambition, le s\u00e9rieux et l\u2019acharnement au travail \u00bb<\/b>. Toute chose qu\u2019il a pris \u00e0 son compte et qui lui permet d\u2019impulser une nouvelle dynamique de d\u00e9veloppement au B\u00e9nin.<\/p>\n<p><strong>Pour plus d&rsquo;informations et d&rsquo;analyses sur la <a href=\"https:\/\/www.africa-press.net\/benin\">Benin<\/a>, suivez <a href=\"https:\/\/www.africa-press.net\/\">Africa-Press<\/a><\/strong><\/p>\n","protected":false},"excerpt":{"rendered":"<p>Africa-Press &#8211; Benin. Le pr\u00e9sident Patrice Talon a livr\u00e9 les trois secrets qui ont contribu\u00e9 \u00e0 sa r\u00e9ussite dans les affaires et qui l\u2019aident aujourd\u2019hui \u00e0 r\u00e9ussir sa gouvernance \u00e0 la t\u00eate du B\u00e9nin. C\u2019\u00e9tait \u00e0 l\u2019occasion des \u00e9changes qu\u2019il a eu ce mardi 30 Ao\u00fbt avec le Mouvement des entreprises de France (Medef), dans [&hellip;]<\/p>\n","protected":false},"author":82,"featured_media":8434,"comment_status":"open","ping_status":"closed","sticky":false,"template":"","format":"standard","meta":{"footnotes":""},"categories":[11,2,10],"tags":[36,50,45],"class_list":["post-8435","post","type-post","status-publish","format-standard","has-post-thumbnail","hentry","category-homepage-french","category-politique","category-toutes-les-actualites","tag-africa-press","tag-africa-press-benin","tag-benin"],"yoast_head":"<!-- This site is optimized with the Yoast SEO Premium plugin v26.1 (Yoast SEO v27.0) - https:\/\/yoast.com\/product\/yoast-seo-premium-wordpress\/ -->\n<title>\u00ab\u00a0Ce qui avait manqu\u00e9 aux leaders, c\u2019\u00e9tait l\u2019ambition\u2026\u00a0\u00bb, Patrice Talon - B\u00e9nin<\/title>\n<meta name=\"description\" content=\"Le pr\u00e9sident Patrice Talon a livr\u00e9 les trois secrets qui ont contribu\u00e9 \u00e0 sa r\u00e9ussite dans les affaires et qui l\u2019aident a ...\" \/>\n<meta name=\"robots\" content=\"index, follow, max-snippet:-1, max-image-preview:large, max-video-preview:-1\" \/>\n<link rel=\"canonical\" href=\"https:\/\/www.africa-press.net\/benin\/politique\/ce-qui-avait-manque-aux-leaders-cetait-lambition-patrice-talon\" \/>\n<meta property=\"og:locale\" content=\"fr_FR\" \/>\n<meta property=\"og:type\" content=\"article\" \/>\n<meta property=\"og:title\" content=\"\u00ab\u00a0Ce qui avait manqu\u00e9 aux leaders, c\u2019\u00e9tait l\u2019ambition\u2026\u00a0\u00bb, Patrice Talon\" \/>\n<meta property=\"og:description\" content=\"Le pr\u00e9sident Patrice Talon a livr\u00e9 les trois secrets qui ont contribu\u00e9 \u00e0 sa r\u00e9ussite dans les affaires et qui l\u2019aident a ...\" \/>\n<meta property=\"og:url\" content=\"https:\/\/www.africa-press.net\/benin\/politique\/ce-qui-avait-manque-aux-leaders-cetait-lambition-patrice-talon\" \/>\n<meta property=\"og:site_name\" content=\"B\u00e9nin\" \/>\n<meta property=\"article:published_time\" content=\"2022-08-30T17:24:44+00:00\" \/>\n<meta property=\"article:modified_time\" content=\"2022-08-30T17:52:00+00:00\" \/>\n<meta property=\"og:image\" content=\"https:\/\/static.africa-press.net\/benin\/sites\/46\/2022\/08\/postQueueImg_22-630e4e29984c1.jpg\" \/>\n\t<meta property=\"og:image:width\" content=\"1300\" \/>\n\t<meta property=\"og:image:height\" content=\"730\" \/>\n\t<meta property=\"og:image:type\" content=\"image\/jpeg\" \/>\n<meta name=\"author\" content=\"cfeditorfr\" \/>\n<meta name=\"twitter:card\" content=\"summary_large_image\" \/>\n<meta name=\"twitter:label1\" content=\"\u00c9crit par\" \/>\n\t<meta name=\"twitter:data1\" content=\"cfeditorfr\" \/>\n\t<meta name=\"twitter:label2\" content=\"Dur\u00e9e de lecture estim\u00e9e\" \/>\n\t<meta name=\"twitter:data2\" content=\"3 minutes\" \/>\n<script type=\"application\/ld+json\" class=\"yoast-schema-graph\">{\"@context\":\"https:\/\/schema.org\",\"@graph\":[{\"@type\":\"Article\",\"@id\":\"https:\/\/www.africa-press.net\/benin\/politique\/ce-qui-avait-manque-aux-leaders-cetait-lambition-patrice-talon#article\",\"isPartOf\":{\"@id\":\"https:\/\/www.africa-press.net\/benin\/politique\/ce-qui-avait-manque-aux-leaders-cetait-lambition-patrice-talon\"},\"author\":{\"name\":\"cfeditorfr\",\"@id\":\"https:\/\/www.africa-press.net\/benin\/#\/schema\/person\/2b1cf3cd81a31e3cd26889ca66d677f1\"},\"headline\":\"\u00ab\u00a0Ce qui avait manqu\u00e9 aux leaders, c\u2019\u00e9tait l\u2019ambition\u2026\u00a0\u00bb, Patrice Talon\",\"datePublished\":\"2022-08-30T17:24:44+00:00\",\"dateModified\":\"2022-08-30T17:52:00+00:00\",\"mainEntityOfPage\":{\"@id\":\"https:\/\/www.africa-press.net\/benin\/politique\/ce-qui-avait-manque-aux-leaders-cetait-lambition-patrice-talon\"},\"wordCount\":592,\"commentCount\":0,\"image\":{\"@id\":\"https:\/\/www.africa-press.net\/benin\/politique\/ce-qui-avait-manque-aux-leaders-cetait-lambition-patrice-talon#primaryimage\"},\"thumbnailUrl\":\"https:\/\/static.africa-press.net\/benin\/sites\/46\/2022\/08\/postQueueImg_22-630e4e29984c1.jpg\",\"keywords\":[\"Africa Press\",\"Africa Press-Benin\",\"B\u00e9nin\"],\"articleSection\":[\"homepage-french\",\"Politique\",\"Toutes les actualit\u00e9s\"],\"inLanguage\":\"fr-FR\",\"potentialAction\":[{\"@type\":\"CommentAction\",\"name\":\"Comment\",\"target\":[\"https:\/\/www.africa-press.net\/benin\/politique\/ce-qui-avait-manque-aux-leaders-cetait-lambition-patrice-talon#respond\"]}]},{\"@type\":\"WebPage\",\"@id\":\"https:\/\/www.africa-press.net\/benin\/politique\/ce-qui-avait-manque-aux-leaders-cetait-lambition-patrice-talon\",\"url\":\"https:\/\/www.africa-press.net\/benin\/politique\/ce-qui-avait-manque-aux-leaders-cetait-lambition-patrice-talon\",\"name\":\"\u00ab\u00a0Ce qui avait manqu\u00e9 aux leaders, c\u2019\u00e9tait l\u2019ambition\u2026\u00a0\u00bb, Patrice Talon - B\u00e9nin\",\"isPartOf\":{\"@id\":\"https:\/\/www.africa-press.net\/benin\/#website\"},\"primaryImageOfPage\":{\"@id\":\"https:\/\/www.africa-press.net\/benin\/politique\/ce-qui-avait-manque-aux-leaders-cetait-lambition-patrice-talon#primaryimage\"},\"image\":{\"@id\":\"https:\/\/www.africa-press.net\/benin\/politique\/ce-qui-avait-manque-aux-leaders-cetait-lambition-patrice-talon#primaryimage\"},\"thumbnailUrl\":\"https:\/\/static.africa-press.net\/benin\/sites\/46\/2022\/08\/postQueueImg_22-630e4e29984c1.jpg\",\"datePublished\":\"2022-08-30T17:24:44+00:00\",\"dateModified\":\"2022-08-30T17:52:00+00:00\",\"author\":{\"@id\":\"https:\/\/www.africa-press.net\/benin\/#\/schema\/person\/2b1cf3cd81a31e3cd26889ca66d677f1\"},\"description\":\"Le pr\u00e9sident Patrice Talon a livr\u00e9 les trois secrets qui ont contribu\u00e9 \u00e0 sa r\u00e9ussite dans les affaires et qui l\u2019aident a ...\",\"breadcrumb\":{\"@id\":\"https:\/\/www.africa-press.net\/benin\/politique\/ce-qui-avait-manque-aux-leaders-cetait-lambition-patrice-talon#breadcrumb\"},\"inLanguage\":\"fr-FR\",\"potentialAction\":[{\"@type\":\"ReadAction\",\"target\":[\"https:\/\/www.africa-press.net\/benin\/politique\/ce-qui-avait-manque-aux-leaders-cetait-lambition-patrice-talon\"]}]},{\"@type\":\"ImageObject\",\"inLanguage\":\"fr-FR\",\"@id\":\"https:\/\/www.africa-press.net\/benin\/politique\/ce-qui-avait-manque-aux-leaders-cetait-lambition-patrice-talon#primaryimage\",\"url\":\"https:\/\/static.africa-press.net\/benin\/sites\/46\/2022\/08\/postQueueImg_22-630e4e29984c1.jpg\",\"contentUrl\":\"https:\/\/static.africa-press.net\/benin\/sites\/46\/2022\/08\/postQueueImg_22-630e4e29984c1.jpg\",\"width\":1300,\"height\":730,\"caption\":\"\u00ab\u00a0Ce qui avait manqu\u00e9 aux leaders, c\u2019\u00e9tait l\u2019ambition\u2026\u00a0\u00bb, Patrice Talon\"},{\"@type\":\"BreadcrumbList\",\"@id\":\"https:\/\/www.africa-press.net\/benin\/politique\/ce-qui-avait-manque-aux-leaders-cetait-lambition-patrice-talon#breadcrumb\",\"itemListElement\":[{\"@type\":\"ListItem\",\"position\":1,\"name\":\"Accueil\",\"item\":\"https:\/\/www.africa-press.net\/benin\/\"},{\"@type\":\"ListItem\",\"position\":2,\"name\":\"\u00ab\u00a0Ce qui avait manqu\u00e9 aux leaders, c\u2019\u00e9tait l\u2019ambition\u2026\u00a0\u00bb, Patrice Talon\"}]},{\"@type\":\"WebSite\",\"@id\":\"https:\/\/www.africa-press.net\/benin\/#website\",\"url\":\"https:\/\/www.africa-press.net\/benin\/\",\"name\":\"B\u00e9nin\",\"description\":\"Just another Africa News Agency Sites site\",\"potentialAction\":[{\"@type\":\"SearchAction\",\"target\":{\"@type\":\"EntryPoint\",\"urlTemplate\":\"https:\/\/www.africa-press.net\/benin\/?s={search_term_string}\"},\"query-input\":{\"@type\":\"PropertyValueSpecification\",\"valueRequired\":true,\"valueName\":\"search_term_string\"}}],\"inLanguage\":\"fr-FR\"},{\"@type\":\"Person\",\"@id\":\"https:\/\/www.africa-press.net\/benin\/#\/schema\/person\/2b1cf3cd81a31e3cd26889ca66d677f1\",\"name\":\"cfeditorfr\"}]}<\/script>\n<!-- \/ Yoast SEO Premium plugin. -->","yoast_head_json":{"title":"\u00ab\u00a0Ce qui avait manqu\u00e9 aux leaders, c\u2019\u00e9tait l\u2019ambition\u2026\u00a0\u00bb, Patrice Talon - B\u00e9nin","description":"Le pr\u00e9sident Patrice Talon a livr\u00e9 les trois secrets qui ont contribu\u00e9 \u00e0 sa r\u00e9ussite dans les affaires et qui l\u2019aident a ...","robots":{"index":"index","follow":"follow","max-snippet":"max-snippet:-1","max-image-preview":"max-image-preview:large","max-video-preview":"max-video-preview:-1"},"canonical":"https:\/\/www.africa-press.net\/benin\/politique\/ce-qui-avait-manque-aux-leaders-cetait-lambition-patrice-talon","og_locale":"fr_FR","og_type":"article","og_title":"\u00ab\u00a0Ce qui avait manqu\u00e9 aux leaders, c\u2019\u00e9tait l\u2019ambition\u2026\u00a0\u00bb, Patrice Talon","og_description":"Le pr\u00e9sident Patrice Talon a livr\u00e9 les trois secrets qui ont contribu\u00e9 \u00e0 sa r\u00e9ussite dans les affaires et qui l\u2019aident a ...","og_url":"https:\/\/www.africa-press.net\/benin\/politique\/ce-qui-avait-manque-aux-leaders-cetait-lambition-patrice-talon","og_site_name":"B\u00e9nin","article_published_time":"2022-08-30T17:24:44+00:00","article_modified_time":"2022-08-30T17:52:00+00:00","og_image":[{"width":1300,"height":730,"url":"https:\/\/static.africa-press.net\/benin\/sites\/46\/2022\/08\/postQueueImg_22-630e4e29984c1.jpg","type":"image\/jpeg"}],"author":"cfeditorfr","twitter_card":"summary_large_image","twitter_misc":{"\u00c9crit par":"cfeditorfr","Dur\u00e9e de lecture estim\u00e9e":"3 minutes"},"schema":{"@context":"https:\/\/schema.org","@graph":[{"@type":"Article","@id":"https:\/\/www.africa-press.net\/benin\/politique\/ce-qui-avait-manque-aux-leaders-cetait-lambition-patrice-talon#article","isPartOf":{"@id":"https:\/\/www.africa-press.net\/benin\/politique\/ce-qui-avait-manque-aux-leaders-cetait-lambition-patrice-talon"},"author":{"name":"cfeditorfr","@id":"https:\/\/www.africa-press.net\/benin\/#\/schema\/person\/2b1cf3cd81a31e3cd26889ca66d677f1"},"headline":"\u00ab\u00a0Ce qui avait manqu\u00e9 aux leaders, c\u2019\u00e9tait l\u2019ambition\u2026\u00a0\u00bb, Patrice Talon","datePublished":"2022-08-30T17:24:44+00:00","dateModified":"2022-08-30T17:52:00+00:00","mainEntityOfPage":{"@id":"https:\/\/www.africa-press.net\/benin\/politique\/ce-qui-avait-manque-aux-leaders-cetait-lambition-patrice-talon"},"wordCount":592,"commentCount":0,"image":{"@id":"https:\/\/www.africa-press.net\/benin\/politique\/ce-qui-avait-manque-aux-leaders-cetait-lambition-patrice-talon#primaryimage"},"thumbnailUrl":"https:\/\/static.africa-press.net\/benin\/sites\/46\/2022\/08\/postQueueImg_22-630e4e29984c1.jpg","keywords":["Africa Press","Africa Press-Benin","B\u00e9nin"],"articleSection":["homepage-french","Politique","Toutes les actualit\u00e9s"],"inLanguage":"fr-FR","potentialAction":[{"@type":"CommentAction","name":"Comment","target":["https:\/\/www.africa-press.net\/benin\/politique\/ce-qui-avait-manque-aux-leaders-cetait-lambition-patrice-talon#respond"]}]},{"@type":"WebPage","@id":"https:\/\/www.africa-press.net\/benin\/politique\/ce-qui-avait-manque-aux-leaders-cetait-lambition-patrice-talon","url":"https:\/\/www.africa-press.net\/benin\/politique\/ce-qui-avait-manque-aux-leaders-cetait-lambition-patrice-talon","name":"\u00ab\u00a0Ce qui avait manqu\u00e9 aux leaders, c\u2019\u00e9tait l\u2019ambition\u2026\u00a0\u00bb, Patrice Talon - B\u00e9nin","isPartOf":{"@id":"https:\/\/www.africa-press.net\/benin\/#website"},"primaryImageOfPage":{"@id":"https:\/\/www.africa-press.net\/benin\/politique\/ce-qui-avait-manque-aux-leaders-cetait-lambition-patrice-talon#primaryimage"},"image":{"@id":"https:\/\/www.africa-press.net\/benin\/politique\/ce-qui-avait-manque-aux-leaders-cetait-lambition-patrice-talon#primaryimage"},"thumbnailUrl":"https:\/\/static.africa-press.net\/benin\/sites\/46\/2022\/08\/postQueueImg_22-630e4e29984c1.jpg","datePublished":"2022-08-30T17:24:44+00:00","dateModified":"2022-08-30T17:52:00+00:00","author":{"@id":"https:\/\/www.africa-press.net\/benin\/#\/schema\/person\/2b1cf3cd81a31e3cd26889ca66d677f1"},"description":"Le pr\u00e9sident Patrice Talon a livr\u00e9 les trois secrets qui ont contribu\u00e9 \u00e0 sa r\u00e9ussite dans les affaires et qui l\u2019aident a ...","breadcrumb":{"@id":"https:\/\/www.africa-press.net\/benin\/politique\/ce-qui-avait-manque-aux-leaders-cetait-lambition-patrice-talon#breadcrumb"},"inLanguage":"fr-FR","potentialAction":[{"@type":"ReadAction","target":["https:\/\/www.africa-press.net\/benin\/politique\/ce-qui-avait-manque-aux-leaders-cetait-lambition-patrice-talon"]}]},{"@type":"ImageObject","inLanguage":"fr-FR","@id":"https:\/\/www.africa-press.net\/benin\/politique\/ce-qui-avait-manque-aux-leaders-cetait-lambition-patrice-talon#primaryimage","url":"https:\/\/static.africa-press.net\/benin\/sites\/46\/2022\/08\/postQueueImg_22-630e4e29984c1.jpg","contentUrl":"https:\/\/static.africa-press.net\/benin\/sites\/46\/2022\/08\/postQueueImg_22-630e4e29984c1.jpg","width":1300,"height":730,"caption":"\u00ab\u00a0Ce qui avait manqu\u00e9 aux leaders, c\u2019\u00e9tait l\u2019ambition\u2026\u00a0\u00bb, Patrice Talon"},{"@type":"BreadcrumbList","@id":"https:\/\/www.africa-press.net\/benin\/politique\/ce-qui-avait-manque-aux-leaders-cetait-lambition-patrice-talon#breadcrumb","itemListElement":[{"@type":"ListItem","position":1,"name":"Accueil","item":"https:\/\/www.africa-press.net\/benin\/"},{"@type":"ListItem","position":2,"name":"\u00ab\u00a0Ce qui avait manqu\u00e9 aux leaders, c\u2019\u00e9tait l\u2019ambition\u2026\u00a0\u00bb, Patrice Talon"}]},{"@type":"WebSite","@id":"https:\/\/www.africa-press.net\/benin\/#website","url":"https:\/\/www.africa-press.net\/benin\/","name":"B\u00e9nin","description":"Just another Africa News Agency Sites site","potentialAction":[{"@type":"SearchAction","target":{"@type":"EntryPoint","urlTemplate":"https:\/\/www.africa-press.net\/benin\/?s={search_term_string}"},"query-input":{"@type":"PropertyValueSpecification","valueRequired":true,"valueName":"search_term_string"}}],"inLanguage":"fr-FR"},{"@type":"Person","@id":"https:\/\/www.africa-press.net\/benin\/#\/schema\/person\/2b1cf3cd81a31e3cd26889ca66d677f1","name":"cfeditorfr"}]}},"_links":{"self":[{"href":"https:\/\/www.africa-press.net\/benin\/wp-json\/wp\/v2\/posts\/8435","targetHints":{"allow":["GET"]}}],"collection":[{"href":"https:\/\/www.africa-press.net\/benin\/wp-json\/wp\/v2\/posts"}],"about":[{"href":"https:\/\/www.africa-press.net\/benin\/wp-json\/wp\/v2\/types\/post"}],"author":[{"embeddable":true,"href":"https:\/\/www.africa-press.net\/benin\/wp-json\/wp\/v2\/users\/82"}],"replies":[{"embeddable":true,"href":"https:\/\/www.africa-press.net\/benin\/wp-json\/wp\/v2\/comments?post=8435"}],"version-history":[{"count":0,"href":"https:\/\/www.africa-press.net\/benin\/wp-json\/wp\/v2\/posts\/8435\/revisions"}],"wp:featuredmedia":[{"embeddable":true,"href":"https:\/\/www.africa-press.net\/benin\/wp-json\/wp\/v2\/media\/8434"}],"wp:attachment":[{"href":"https:\/\/www.africa-press.net\/benin\/wp-json\/wp\/v2\/media?parent=8435"}],"wp:term":[{"taxonomy":"category","embeddable":true,"href":"https:\/\/www.africa-press.net\/benin\/wp-json\/wp\/v2\/categories?post=8435"},{"taxonomy":"post_tag","embeddable":true,"href":"https:\/\/www.africa-press.net\/benin\/wp-json\/wp\/v2\/tags?post=8435"}],"curies":[{"name":"wp","href":"https:\/\/api.w.org\/{rel}","templated":true}]}}