{"id":8438,"date":"2022-08-30T17:24:53","date_gmt":"2022-08-30T17:24:53","guid":{"rendered":"https:\/\/www.africa-press.net\/benin\/politique\/benin-02-vehicules-cognent-violemment-la-cloture-de-la-presidence"},"modified":"2022-08-30T17:52:42","modified_gmt":"2022-08-30T17:52:42","slug":"benin-02-vehicules-cognent-violemment-la-cloture-de-la-presidence","status":"publish","type":"post","link":"https:\/\/www.africa-press.net\/benin\/toutes-les-actualites\/benin-02-vehicules-cognent-violemment-la-cloture-de-la-presidence","title":{"rendered":"B\u00e9nin: 02 v\u00e9hicules cognent violemment la cl\u00f4ture de la Pr\u00e9sidence"},"content":{"rendered":"<p><span style=\"color: #ff6600\"><strong>Africa-Press &#8211; Benin. <\/strong><\/span>Grave accident de la circulation en plein c\u0153ur de la ville de Cotonou. Il s\u2019agit d\u2019un violent choc survenu entre deux (02) qui se sont retrouv\u00e9s contre la cl\u00f4ture de la Pr\u00e9sidence de la R\u00e9publique.<\/p>\n<p>Les images des v\u00e9hicules accident\u00e9s t\u00e9moignent de la violence du choc. Selon les t\u00e9moignages, l\u2019une des voitures \u00e9tait pilot\u00e9e par une dame. C\u2019est d\u2019ailleurs elle qui aurait cogn\u00e9 l\u2019autre par derni\u00e8re.<\/p>\n<p>Les deux v\u00e9hicules ont fini leur course contre la cl\u00f4ture de la Pr\u00e9sidence de la R\u00e9publique du B\u00e9nin. Aucune perte en vie humaine n\u2019a \u00e9t\u00e9 signal\u00e9e dans cet accident survenu le dimanche 28 ao\u00fbt 2022.<\/p>\n<p><strong>Pour plus d&rsquo;informations et d&rsquo;analyses sur la <a href=\"https:\/\/www.africa-press.net\/benin\">Benin<\/a>, suivez <a href=\"https:\/\/www.africa-press.net\/\">Africa-Press<\/a><\/strong><\/p>\n","protected":false},"excerpt":{"rendered":"<p>Africa-Press &#8211; Benin. Grave accident de la circulation en plein c\u0153ur de la ville de Cotonou. Il s\u2019agit d\u2019un violent choc survenu entre deux (02) qui se sont retrouv\u00e9s contre la cl\u00f4ture de la Pr\u00e9sidence de la R\u00e9publique. Les images des v\u00e9hicules accident\u00e9s t\u00e9moignent de la violence du choc. Selon les t\u00e9moignages, l\u2019une des voitures [&hellip;]<\/p>\n","protected":false},"author":82,"featured_media":8437,"comment_status":"open","ping_status":"closed","sticky":false,"template":"","format":"standard","meta":{"footnotes":""},"categories":[21,11,10],"tags":[36,50,45],"class_list":["post-8438","post","type-post","status-publish","format-standard","has-post-thumbnail","hentry","category-communaute","category-homepage-french","category-toutes-les-actualites","tag-africa-press","tag-africa-press-benin","tag-benin"],"yoast_head":"<!-- This site is optimized with the Yoast SEO Premium plugin v26.1 (Yoast SEO v27.0) - https:\/\/yoast.com\/product\/yoast-seo-premium-wordpress\/ -->\n<title>B\u00e9nin: 02 v\u00e9hicules cognent violemment la cl\u00f4ture de la Pr\u00e9sidence - B\u00e9nin<\/title>\n<meta name=\"description\" content=\"Grave accident de la circulation en plein c\u0153ur de la ville de Cotonou. Il s\u2019agit d\u2019un violent choc survenu entre deux (0 ...\" \/>\n<meta name=\"robots\" content=\"index, follow, max-snippet:-1, max-image-preview:large, max-video-preview:-1\" \/>\n<link rel=\"canonical\" href=\"https:\/\/www.africa-press.net\/benin\/toutes-les-actualites\/benin-02-vehicules-cognent-violemment-la-cloture-de-la-presidence\" \/>\n<meta property=\"og:locale\" content=\"fr_FR\" \/>\n<meta property=\"og:type\" content=\"article\" \/>\n<meta property=\"og:title\" content=\"B\u00e9nin: 02 v\u00e9hicules cognent violemment la cl\u00f4ture de la Pr\u00e9sidence\" \/>\n<meta property=\"og:description\" content=\"Grave accident de la circulation en plein c\u0153ur de la ville de Cotonou. Il s\u2019agit d\u2019un violent choc survenu entre deux (0 ...\" \/>\n<meta property=\"og:url\" content=\"https:\/\/www.africa-press.net\/benin\/toutes-les-actualites\/benin-02-vehicules-cognent-violemment-la-cloture-de-la-presidence\" \/>\n<meta property=\"og:site_name\" content=\"B\u00e9nin\" \/>\n<meta property=\"article:published_time\" content=\"2022-08-30T17:24:53+00:00\" \/>\n<meta property=\"article:modified_time\" content=\"2022-08-30T17:52:42+00:00\" \/>\n<meta property=\"og:image\" content=\"https:\/\/static.africa-press.net\/benin\/sites\/46\/2022\/08\/postQueueImg_23-630e4e46164d6.jpg\" \/>\n\t<meta property=\"og:image:width\" content=\"1200\" \/>\n\t<meta property=\"og:image:height\" content=\"688\" \/>\n\t<meta property=\"og:image:type\" content=\"image\/jpeg\" \/>\n<meta name=\"author\" content=\"cfeditorfr\" \/>\n<meta name=\"twitter:card\" content=\"summary_large_image\" \/>\n<meta name=\"twitter:label1\" content=\"\u00c9crit par\" \/>\n\t<meta name=\"twitter:data1\" content=\"cfeditorfr\" \/>\n\t<meta name=\"twitter:label2\" content=\"Dur\u00e9e de lecture estim\u00e9e\" \/>\n\t<meta name=\"twitter:data2\" content=\"1 minute\" \/>\n<script type=\"application\/ld+json\" class=\"yoast-schema-graph\">{\"@context\":\"https:\/\/schema.org\",\"@graph\":[{\"@type\":\"Article\",\"@id\":\"https:\/\/www.africa-press.net\/benin\/toutes-les-actualites\/benin-02-vehicules-cognent-violemment-la-cloture-de-la-presidence#article\",\"isPartOf\":{\"@id\":\"https:\/\/www.africa-press.net\/benin\/toutes-les-actualites\/benin-02-vehicules-cognent-violemment-la-cloture-de-la-presidence\"},\"author\":{\"name\":\"cfeditorfr\",\"@id\":\"https:\/\/www.africa-press.net\/benin\/#\/schema\/person\/2b1cf3cd81a31e3cd26889ca66d677f1\"},\"headline\":\"B\u00e9nin: 02 v\u00e9hicules cognent violemment la cl\u00f4ture de la Pr\u00e9sidence\",\"datePublished\":\"2022-08-30T17:24:53+00:00\",\"dateModified\":\"2022-08-30T17:52:42+00:00\",\"mainEntityOfPage\":{\"@id\":\"https:\/\/www.africa-press.net\/benin\/toutes-les-actualites\/benin-02-vehicules-cognent-violemment-la-cloture-de-la-presidence\"},\"wordCount\":151,\"commentCount\":0,\"image\":{\"@id\":\"https:\/\/www.africa-press.net\/benin\/toutes-les-actualites\/benin-02-vehicules-cognent-violemment-la-cloture-de-la-presidence#primaryimage\"},\"thumbnailUrl\":\"https:\/\/static.africa-press.net\/benin\/sites\/46\/2022\/08\/postQueueImg_23-630e4e46164d6.jpg\",\"keywords\":[\"Africa Press\",\"Africa Press-Benin\",\"B\u00e9nin\"],\"articleSection\":[\"Communaut\u00e9\",\"homepage-french\",\"Toutes les actualit\u00e9s\"],\"inLanguage\":\"fr-FR\",\"potentialAction\":[{\"@type\":\"CommentAction\",\"name\":\"Comment\",\"target\":[\"https:\/\/www.africa-press.net\/benin\/toutes-les-actualites\/benin-02-vehicules-cognent-violemment-la-cloture-de-la-presidence#respond\"]}]},{\"@type\":\"WebPage\",\"@id\":\"https:\/\/www.africa-press.net\/benin\/toutes-les-actualites\/benin-02-vehicules-cognent-violemment-la-cloture-de-la-presidence\",\"url\":\"https:\/\/www.africa-press.net\/benin\/toutes-les-actualites\/benin-02-vehicules-cognent-violemment-la-cloture-de-la-presidence\",\"name\":\"B\u00e9nin: 02 v\u00e9hicules cognent violemment la cl\u00f4ture de la Pr\u00e9sidence - B\u00e9nin\",\"isPartOf\":{\"@id\":\"https:\/\/www.africa-press.net\/benin\/#website\"},\"primaryImageOfPage\":{\"@id\":\"https:\/\/www.africa-press.net\/benin\/toutes-les-actualites\/benin-02-vehicules-cognent-violemment-la-cloture-de-la-presidence#primaryimage\"},\"image\":{\"@id\":\"https:\/\/www.africa-press.net\/benin\/toutes-les-actualites\/benin-02-vehicules-cognent-violemment-la-cloture-de-la-presidence#primaryimage\"},\"thumbnailUrl\":\"https:\/\/static.africa-press.net\/benin\/sites\/46\/2022\/08\/postQueueImg_23-630e4e46164d6.jpg\",\"datePublished\":\"2022-08-30T17:24:53+00:00\",\"dateModified\":\"2022-08-30T17:52:42+00:00\",\"author\":{\"@id\":\"https:\/\/www.africa-press.net\/benin\/#\/schema\/person\/2b1cf3cd81a31e3cd26889ca66d677f1\"},\"description\":\"Grave accident de la circulation en plein c\u0153ur de la ville de Cotonou. Il s\u2019agit d\u2019un violent choc survenu entre deux (0 ...\",\"breadcrumb\":{\"@id\":\"https:\/\/www.africa-press.net\/benin\/toutes-les-actualites\/benin-02-vehicules-cognent-violemment-la-cloture-de-la-presidence#breadcrumb\"},\"inLanguage\":\"fr-FR\",\"potentialAction\":[{\"@type\":\"ReadAction\",\"target\":[\"https:\/\/www.africa-press.net\/benin\/toutes-les-actualites\/benin-02-vehicules-cognent-violemment-la-cloture-de-la-presidence\"]}]},{\"@type\":\"ImageObject\",\"inLanguage\":\"fr-FR\",\"@id\":\"https:\/\/www.africa-press.net\/benin\/toutes-les-actualites\/benin-02-vehicules-cognent-violemment-la-cloture-de-la-presidence#primaryimage\",\"url\":\"https:\/\/static.africa-press.net\/benin\/sites\/46\/2022\/08\/postQueueImg_23-630e4e46164d6.jpg\",\"contentUrl\":\"https:\/\/static.africa-press.net\/benin\/sites\/46\/2022\/08\/postQueueImg_23-630e4e46164d6.jpg\",\"width\":1200,\"height\":688,\"caption\":\"B\u00e9nin: 02 v\u00e9hicules cognent violemment la cl\u00f4ture de la Pr\u00e9sidence\"},{\"@type\":\"BreadcrumbList\",\"@id\":\"https:\/\/www.africa-press.net\/benin\/toutes-les-actualites\/benin-02-vehicules-cognent-violemment-la-cloture-de-la-presidence#breadcrumb\",\"itemListElement\":[{\"@type\":\"ListItem\",\"position\":1,\"name\":\"Accueil\",\"item\":\"https:\/\/www.africa-press.net\/benin\/\"},{\"@type\":\"ListItem\",\"position\":2,\"name\":\"B\u00e9nin: 02 v\u00e9hicules cognent violemment la cl\u00f4ture de la Pr\u00e9sidence\"}]},{\"@type\":\"WebSite\",\"@id\":\"https:\/\/www.africa-press.net\/benin\/#website\",\"url\":\"https:\/\/www.africa-press.net\/benin\/\",\"name\":\"B\u00e9nin\",\"description\":\"Just another Africa News Agency Sites site\",\"potentialAction\":[{\"@type\":\"SearchAction\",\"target\":{\"@type\":\"EntryPoint\",\"urlTemplate\":\"https:\/\/www.africa-press.net\/benin\/?s={search_term_string}\"},\"query-input\":{\"@type\":\"PropertyValueSpecification\",\"valueRequired\":true,\"valueName\":\"search_term_string\"}}],\"inLanguage\":\"fr-FR\"},{\"@type\":\"Person\",\"@id\":\"https:\/\/www.africa-press.net\/benin\/#\/schema\/person\/2b1cf3cd81a31e3cd26889ca66d677f1\",\"name\":\"cfeditorfr\"}]}<\/script>\n<!-- \/ Yoast SEO Premium plugin. -->","yoast_head_json":{"title":"B\u00e9nin: 02 v\u00e9hicules cognent violemment la cl\u00f4ture de la Pr\u00e9sidence - B\u00e9nin","description":"Grave accident de la circulation en plein c\u0153ur de la ville de Cotonou. Il s\u2019agit d\u2019un violent choc survenu entre deux (0 ...","robots":{"index":"index","follow":"follow","max-snippet":"max-snippet:-1","max-image-preview":"max-image-preview:large","max-video-preview":"max-video-preview:-1"},"canonical":"https:\/\/www.africa-press.net\/benin\/toutes-les-actualites\/benin-02-vehicules-cognent-violemment-la-cloture-de-la-presidence","og_locale":"fr_FR","og_type":"article","og_title":"B\u00e9nin: 02 v\u00e9hicules cognent violemment la cl\u00f4ture de la Pr\u00e9sidence","og_description":"Grave accident de la circulation en plein c\u0153ur de la ville de Cotonou. Il s\u2019agit d\u2019un violent choc survenu entre deux (0 ...","og_url":"https:\/\/www.africa-press.net\/benin\/toutes-les-actualites\/benin-02-vehicules-cognent-violemment-la-cloture-de-la-presidence","og_site_name":"B\u00e9nin","article_published_time":"2022-08-30T17:24:53+00:00","article_modified_time":"2022-08-30T17:52:42+00:00","og_image":[{"width":1200,"height":688,"url":"https:\/\/static.africa-press.net\/benin\/sites\/46\/2022\/08\/postQueueImg_23-630e4e46164d6.jpg","type":"image\/jpeg"}],"author":"cfeditorfr","twitter_card":"summary_large_image","twitter_misc":{"\u00c9crit par":"cfeditorfr","Dur\u00e9e de lecture estim\u00e9e":"1 minute"},"schema":{"@context":"https:\/\/schema.org","@graph":[{"@type":"Article","@id":"https:\/\/www.africa-press.net\/benin\/toutes-les-actualites\/benin-02-vehicules-cognent-violemment-la-cloture-de-la-presidence#article","isPartOf":{"@id":"https:\/\/www.africa-press.net\/benin\/toutes-les-actualites\/benin-02-vehicules-cognent-violemment-la-cloture-de-la-presidence"},"author":{"name":"cfeditorfr","@id":"https:\/\/www.africa-press.net\/benin\/#\/schema\/person\/2b1cf3cd81a31e3cd26889ca66d677f1"},"headline":"B\u00e9nin: 02 v\u00e9hicules cognent violemment la cl\u00f4ture de la Pr\u00e9sidence","datePublished":"2022-08-30T17:24:53+00:00","dateModified":"2022-08-30T17:52:42+00:00","mainEntityOfPage":{"@id":"https:\/\/www.africa-press.net\/benin\/toutes-les-actualites\/benin-02-vehicules-cognent-violemment-la-cloture-de-la-presidence"},"wordCount":151,"commentCount":0,"image":{"@id":"https:\/\/www.africa-press.net\/benin\/toutes-les-actualites\/benin-02-vehicules-cognent-violemment-la-cloture-de-la-presidence#primaryimage"},"thumbnailUrl":"https:\/\/static.africa-press.net\/benin\/sites\/46\/2022\/08\/postQueueImg_23-630e4e46164d6.jpg","keywords":["Africa Press","Africa Press-Benin","B\u00e9nin"],"articleSection":["Communaut\u00e9","homepage-french","Toutes les actualit\u00e9s"],"inLanguage":"fr-FR","potentialAction":[{"@type":"CommentAction","name":"Comment","target":["https:\/\/www.africa-press.net\/benin\/toutes-les-actualites\/benin-02-vehicules-cognent-violemment-la-cloture-de-la-presidence#respond"]}]},{"@type":"WebPage","@id":"https:\/\/www.africa-press.net\/benin\/toutes-les-actualites\/benin-02-vehicules-cognent-violemment-la-cloture-de-la-presidence","url":"https:\/\/www.africa-press.net\/benin\/toutes-les-actualites\/benin-02-vehicules-cognent-violemment-la-cloture-de-la-presidence","name":"B\u00e9nin: 02 v\u00e9hicules cognent violemment la cl\u00f4ture de la Pr\u00e9sidence - B\u00e9nin","isPartOf":{"@id":"https:\/\/www.africa-press.net\/benin\/#website"},"primaryImageOfPage":{"@id":"https:\/\/www.africa-press.net\/benin\/toutes-les-actualites\/benin-02-vehicules-cognent-violemment-la-cloture-de-la-presidence#primaryimage"},"image":{"@id":"https:\/\/www.africa-press.net\/benin\/toutes-les-actualites\/benin-02-vehicules-cognent-violemment-la-cloture-de-la-presidence#primaryimage"},"thumbnailUrl":"https:\/\/static.africa-press.net\/benin\/sites\/46\/2022\/08\/postQueueImg_23-630e4e46164d6.jpg","datePublished":"2022-08-30T17:24:53+00:00","dateModified":"2022-08-30T17:52:42+00:00","author":{"@id":"https:\/\/www.africa-press.net\/benin\/#\/schema\/person\/2b1cf3cd81a31e3cd26889ca66d677f1"},"description":"Grave accident de la circulation en plein c\u0153ur de la ville de Cotonou. Il s\u2019agit d\u2019un violent choc survenu entre deux (0 ...","breadcrumb":{"@id":"https:\/\/www.africa-press.net\/benin\/toutes-les-actualites\/benin-02-vehicules-cognent-violemment-la-cloture-de-la-presidence#breadcrumb"},"inLanguage":"fr-FR","potentialAction":[{"@type":"ReadAction","target":["https:\/\/www.africa-press.net\/benin\/toutes-les-actualites\/benin-02-vehicules-cognent-violemment-la-cloture-de-la-presidence"]}]},{"@type":"ImageObject","inLanguage":"fr-FR","@id":"https:\/\/www.africa-press.net\/benin\/toutes-les-actualites\/benin-02-vehicules-cognent-violemment-la-cloture-de-la-presidence#primaryimage","url":"https:\/\/static.africa-press.net\/benin\/sites\/46\/2022\/08\/postQueueImg_23-630e4e46164d6.jpg","contentUrl":"https:\/\/static.africa-press.net\/benin\/sites\/46\/2022\/08\/postQueueImg_23-630e4e46164d6.jpg","width":1200,"height":688,"caption":"B\u00e9nin: 02 v\u00e9hicules cognent violemment la cl\u00f4ture de la Pr\u00e9sidence"},{"@type":"BreadcrumbList","@id":"https:\/\/www.africa-press.net\/benin\/toutes-les-actualites\/benin-02-vehicules-cognent-violemment-la-cloture-de-la-presidence#breadcrumb","itemListElement":[{"@type":"ListItem","position":1,"name":"Accueil","item":"https:\/\/www.africa-press.net\/benin\/"},{"@type":"ListItem","position":2,"name":"B\u00e9nin: 02 v\u00e9hicules cognent violemment la cl\u00f4ture de la Pr\u00e9sidence"}]},{"@type":"WebSite","@id":"https:\/\/www.africa-press.net\/benin\/#website","url":"https:\/\/www.africa-press.net\/benin\/","name":"B\u00e9nin","description":"Just another Africa News Agency Sites site","potentialAction":[{"@type":"SearchAction","target":{"@type":"EntryPoint","urlTemplate":"https:\/\/www.africa-press.net\/benin\/?s={search_term_string}"},"query-input":{"@type":"PropertyValueSpecification","valueRequired":true,"valueName":"search_term_string"}}],"inLanguage":"fr-FR"},{"@type":"Person","@id":"https:\/\/www.africa-press.net\/benin\/#\/schema\/person\/2b1cf3cd81a31e3cd26889ca66d677f1","name":"cfeditorfr"}]}},"_links":{"self":[{"href":"https:\/\/www.africa-press.net\/benin\/wp-json\/wp\/v2\/posts\/8438","targetHints":{"allow":["GET"]}}],"collection":[{"href":"https:\/\/www.africa-press.net\/benin\/wp-json\/wp\/v2\/posts"}],"about":[{"href":"https:\/\/www.africa-press.net\/benin\/wp-json\/wp\/v2\/types\/post"}],"author":[{"embeddable":true,"href":"https:\/\/www.africa-press.net\/benin\/wp-json\/wp\/v2\/users\/82"}],"replies":[{"embeddable":true,"href":"https:\/\/www.africa-press.net\/benin\/wp-json\/wp\/v2\/comments?post=8438"}],"version-history":[{"count":0,"href":"https:\/\/www.africa-press.net\/benin\/wp-json\/wp\/v2\/posts\/8438\/revisions"}],"wp:featuredmedia":[{"embeddable":true,"href":"https:\/\/www.africa-press.net\/benin\/wp-json\/wp\/v2\/media\/8437"}],"wp:attachment":[{"href":"https:\/\/www.africa-press.net\/benin\/wp-json\/wp\/v2\/media?parent=8438"}],"wp:term":[{"taxonomy":"category","embeddable":true,"href":"https:\/\/www.africa-press.net\/benin\/wp-json\/wp\/v2\/categories?post=8438"},{"taxonomy":"post_tag","embeddable":true,"href":"https:\/\/www.africa-press.net\/benin\/wp-json\/wp\/v2\/tags?post=8438"}],"curies":[{"name":"wp","href":"https:\/\/api.w.org\/{rel}","templated":true}]}}