{"id":8441,"date":"2022-08-30T17:25:06","date_gmt":"2022-08-30T17:25:06","guid":{"rendered":"https:\/\/www.africa-press.net\/benin\/politique\/benin-deux-deces-dans-un-accident-de-la-route-a-glazoue"},"modified":"2022-08-30T17:53:13","modified_gmt":"2022-08-30T17:53:13","slug":"benin-deux-deces-dans-un-accident-de-la-route-a-glazoue","status":"publish","type":"post","link":"https:\/\/www.africa-press.net\/benin\/toutes-les-actualites\/benin-deux-deces-dans-un-accident-de-la-route-a-glazoue","title":{"rendered":"B\u00e9nin: deux d\u00e9c\u00e8s dans un accident de la route \u00e0 Glazou\u00e9"},"content":{"rendered":"<p><span style=\"color: #ff6600\"><strong>Africa-Press &#8211; Benin. <\/strong><\/span>Un accident de circulation est survenu ce mardi 30 Ao\u00fbt 2022 \u00e0 Glazou\u00e9, dans les collines \u00e0 la hauteur du Maquis \u00ab Dounya \u00bb. L\u2019accident a occasionn\u00e9 deux d\u00e9c\u00e8s.<\/p>\n<p>Deux personnes sont d\u00e9c\u00e9d\u00e9es ce mardi 30 Ao\u00fbt 2022 dans un accident de la route \u00e0 quelques encablures du Maquis Dunya, dans le d\u00e9partement des Collines. Deux personnes sont d\u00e9c\u00e9d\u00e9es dans cet accident de circulation.<\/p>\n<p>Selon les informations, les deux victimes, un conducteur de taxi-moto commun\u00e9ment appel\u00e9 \u00ab Z\u00e9midjan \u00bb et son client se sont fait percuter par un camion. Le passager du taxi-moto se rendait \u00e0 son service quand le drame est survenu.<\/p>\n<p>Les deux passagers de la moto, le conducteur et son client sont morts sur le champ, \u00e9cras\u00e9 par le camion. Un \u00e9ni\u00e8me cas d\u2019accident sur nos axes routiers dus au manque de courtoisie sur nos routes.<\/p>\n<p><strong>Pour plus d&rsquo;informations et d&rsquo;analyses sur la <a href=\"https:\/\/www.africa-press.net\/benin\">Benin<\/a>, suivez <a href=\"https:\/\/www.africa-press.net\/\">Africa-Press<\/a><\/strong><\/p>\n","protected":false},"excerpt":{"rendered":"<p>Africa-Press &#8211; Benin. Un accident de circulation est survenu ce mardi 30 Ao\u00fbt 2022 \u00e0 Glazou\u00e9, dans les collines \u00e0 la hauteur du Maquis \u00ab Dounya \u00bb. L\u2019accident a occasionn\u00e9 deux d\u00e9c\u00e8s. Deux personnes sont d\u00e9c\u00e9d\u00e9es ce mardi 30 Ao\u00fbt 2022 dans un accident de la route \u00e0 quelques encablures du Maquis Dunya, dans le [&hellip;]<\/p>\n","protected":false},"author":82,"featured_media":8440,"comment_status":"open","ping_status":"closed","sticky":false,"template":"","format":"standard","meta":{"footnotes":""},"categories":[21,11,10],"tags":[36,50,45],"class_list":["post-8441","post","type-post","status-publish","format-standard","has-post-thumbnail","hentry","category-communaute","category-homepage-french","category-toutes-les-actualites","tag-africa-press","tag-africa-press-benin","tag-benin"],"yoast_head":"<!-- This site is optimized with the Yoast SEO Premium plugin v26.1 (Yoast SEO v27.0) - https:\/\/yoast.com\/product\/yoast-seo-premium-wordpress\/ -->\n<title>B\u00e9nin: deux d\u00e9c\u00e8s dans un accident de la route \u00e0 Glazou\u00e9 - B\u00e9nin<\/title>\n<meta name=\"description\" content=\"Un accident de circulation est survenu ce mardi 30 Ao\u00fbt 2022 \u00e0 Glazou\u00e9, dans les collines \u00e0 la hauteur du Maquis \u00ab Douny ...\" \/>\n<meta name=\"robots\" content=\"index, follow, max-snippet:-1, max-image-preview:large, max-video-preview:-1\" \/>\n<link rel=\"canonical\" href=\"https:\/\/www.africa-press.net\/benin\/toutes-les-actualites\/benin-deux-deces-dans-un-accident-de-la-route-a-glazoue\" \/>\n<meta property=\"og:locale\" content=\"fr_FR\" \/>\n<meta property=\"og:type\" content=\"article\" \/>\n<meta property=\"og:title\" content=\"B\u00e9nin: deux d\u00e9c\u00e8s dans un accident de la route \u00e0 Glazou\u00e9\" \/>\n<meta property=\"og:description\" content=\"Un accident de circulation est survenu ce mardi 30 Ao\u00fbt 2022 \u00e0 Glazou\u00e9, dans les collines \u00e0 la hauteur du Maquis \u00ab Douny ...\" \/>\n<meta property=\"og:url\" content=\"https:\/\/www.africa-press.net\/benin\/toutes-les-actualites\/benin-deux-deces-dans-un-accident-de-la-route-a-glazoue\" \/>\n<meta property=\"og:site_name\" content=\"B\u00e9nin\" \/>\n<meta property=\"article:published_time\" content=\"2022-08-30T17:25:06+00:00\" \/>\n<meta property=\"article:modified_time\" content=\"2022-08-30T17:53:13+00:00\" \/>\n<meta property=\"og:image\" content=\"https:\/\/static.africa-press.net\/benin\/sites\/46\/2022\/08\/postQueueImg_24-630e4e6f7420d.jpg\" \/>\n\t<meta property=\"og:image:width\" content=\"1200\" \/>\n\t<meta property=\"og:image:height\" content=\"686\" \/>\n\t<meta property=\"og:image:type\" content=\"image\/jpeg\" \/>\n<meta name=\"author\" content=\"cfeditorfr\" \/>\n<meta name=\"twitter:card\" content=\"summary_large_image\" \/>\n<meta name=\"twitter:label1\" content=\"\u00c9crit par\" \/>\n\t<meta name=\"twitter:data1\" content=\"cfeditorfr\" \/>\n\t<meta name=\"twitter:label2\" content=\"Dur\u00e9e de lecture estim\u00e9e\" \/>\n\t<meta name=\"twitter:data2\" content=\"1 minute\" \/>\n<script type=\"application\/ld+json\" class=\"yoast-schema-graph\">{\"@context\":\"https:\/\/schema.org\",\"@graph\":[{\"@type\":\"Article\",\"@id\":\"https:\/\/www.africa-press.net\/benin\/toutes-les-actualites\/benin-deux-deces-dans-un-accident-de-la-route-a-glazoue#article\",\"isPartOf\":{\"@id\":\"https:\/\/www.africa-press.net\/benin\/toutes-les-actualites\/benin-deux-deces-dans-un-accident-de-la-route-a-glazoue\"},\"author\":{\"name\":\"cfeditorfr\",\"@id\":\"https:\/\/www.africa-press.net\/benin\/#\/schema\/person\/2b1cf3cd81a31e3cd26889ca66d677f1\"},\"headline\":\"B\u00e9nin: deux d\u00e9c\u00e8s dans un accident de la route \u00e0 Glazou\u00e9\",\"datePublished\":\"2022-08-30T17:25:06+00:00\",\"dateModified\":\"2022-08-30T17:53:13+00:00\",\"mainEntityOfPage\":{\"@id\":\"https:\/\/www.africa-press.net\/benin\/toutes-les-actualites\/benin-deux-deces-dans-un-accident-de-la-route-a-glazoue\"},\"wordCount\":171,\"commentCount\":0,\"image\":{\"@id\":\"https:\/\/www.africa-press.net\/benin\/toutes-les-actualites\/benin-deux-deces-dans-un-accident-de-la-route-a-glazoue#primaryimage\"},\"thumbnailUrl\":\"https:\/\/static.africa-press.net\/benin\/sites\/46\/2022\/08\/postQueueImg_24-630e4e6f7420d.jpg\",\"keywords\":[\"Africa Press\",\"Africa Press-Benin\",\"B\u00e9nin\"],\"articleSection\":[\"Communaut\u00e9\",\"homepage-french\",\"Toutes les actualit\u00e9s\"],\"inLanguage\":\"fr-FR\",\"potentialAction\":[{\"@type\":\"CommentAction\",\"name\":\"Comment\",\"target\":[\"https:\/\/www.africa-press.net\/benin\/toutes-les-actualites\/benin-deux-deces-dans-un-accident-de-la-route-a-glazoue#respond\"]}]},{\"@type\":\"WebPage\",\"@id\":\"https:\/\/www.africa-press.net\/benin\/toutes-les-actualites\/benin-deux-deces-dans-un-accident-de-la-route-a-glazoue\",\"url\":\"https:\/\/www.africa-press.net\/benin\/toutes-les-actualites\/benin-deux-deces-dans-un-accident-de-la-route-a-glazoue\",\"name\":\"B\u00e9nin: deux d\u00e9c\u00e8s dans un accident de la route \u00e0 Glazou\u00e9 - B\u00e9nin\",\"isPartOf\":{\"@id\":\"https:\/\/www.africa-press.net\/benin\/#website\"},\"primaryImageOfPage\":{\"@id\":\"https:\/\/www.africa-press.net\/benin\/toutes-les-actualites\/benin-deux-deces-dans-un-accident-de-la-route-a-glazoue#primaryimage\"},\"image\":{\"@id\":\"https:\/\/www.africa-press.net\/benin\/toutes-les-actualites\/benin-deux-deces-dans-un-accident-de-la-route-a-glazoue#primaryimage\"},\"thumbnailUrl\":\"https:\/\/static.africa-press.net\/benin\/sites\/46\/2022\/08\/postQueueImg_24-630e4e6f7420d.jpg\",\"datePublished\":\"2022-08-30T17:25:06+00:00\",\"dateModified\":\"2022-08-30T17:53:13+00:00\",\"author\":{\"@id\":\"https:\/\/www.africa-press.net\/benin\/#\/schema\/person\/2b1cf3cd81a31e3cd26889ca66d677f1\"},\"description\":\"Un accident de circulation est survenu ce mardi 30 Ao\u00fbt 2022 \u00e0 Glazou\u00e9, dans les collines \u00e0 la hauteur du Maquis \u00ab Douny ...\",\"breadcrumb\":{\"@id\":\"https:\/\/www.africa-press.net\/benin\/toutes-les-actualites\/benin-deux-deces-dans-un-accident-de-la-route-a-glazoue#breadcrumb\"},\"inLanguage\":\"fr-FR\",\"potentialAction\":[{\"@type\":\"ReadAction\",\"target\":[\"https:\/\/www.africa-press.net\/benin\/toutes-les-actualites\/benin-deux-deces-dans-un-accident-de-la-route-a-glazoue\"]}]},{\"@type\":\"ImageObject\",\"inLanguage\":\"fr-FR\",\"@id\":\"https:\/\/www.africa-press.net\/benin\/toutes-les-actualites\/benin-deux-deces-dans-un-accident-de-la-route-a-glazoue#primaryimage\",\"url\":\"https:\/\/static.africa-press.net\/benin\/sites\/46\/2022\/08\/postQueueImg_24-630e4e6f7420d.jpg\",\"contentUrl\":\"https:\/\/static.africa-press.net\/benin\/sites\/46\/2022\/08\/postQueueImg_24-630e4e6f7420d.jpg\",\"width\":1200,\"height\":686,\"caption\":\"B\u00e9nin: deux d\u00e9c\u00e8s dans un accident de la route \u00e0 Glazou\u00e9\"},{\"@type\":\"BreadcrumbList\",\"@id\":\"https:\/\/www.africa-press.net\/benin\/toutes-les-actualites\/benin-deux-deces-dans-un-accident-de-la-route-a-glazoue#breadcrumb\",\"itemListElement\":[{\"@type\":\"ListItem\",\"position\":1,\"name\":\"Accueil\",\"item\":\"https:\/\/www.africa-press.net\/benin\/\"},{\"@type\":\"ListItem\",\"position\":2,\"name\":\"B\u00e9nin: deux d\u00e9c\u00e8s dans un accident de la route \u00e0 Glazou\u00e9\"}]},{\"@type\":\"WebSite\",\"@id\":\"https:\/\/www.africa-press.net\/benin\/#website\",\"url\":\"https:\/\/www.africa-press.net\/benin\/\",\"name\":\"B\u00e9nin\",\"description\":\"Just another Africa News Agency Sites site\",\"potentialAction\":[{\"@type\":\"SearchAction\",\"target\":{\"@type\":\"EntryPoint\",\"urlTemplate\":\"https:\/\/www.africa-press.net\/benin\/?s={search_term_string}\"},\"query-input\":{\"@type\":\"PropertyValueSpecification\",\"valueRequired\":true,\"valueName\":\"search_term_string\"}}],\"inLanguage\":\"fr-FR\"},{\"@type\":\"Person\",\"@id\":\"https:\/\/www.africa-press.net\/benin\/#\/schema\/person\/2b1cf3cd81a31e3cd26889ca66d677f1\",\"name\":\"cfeditorfr\"}]}<\/script>\n<!-- \/ Yoast SEO Premium plugin. -->","yoast_head_json":{"title":"B\u00e9nin: deux d\u00e9c\u00e8s dans un accident de la route \u00e0 Glazou\u00e9 - B\u00e9nin","description":"Un accident de circulation est survenu ce mardi 30 Ao\u00fbt 2022 \u00e0 Glazou\u00e9, dans les collines \u00e0 la hauteur du Maquis \u00ab Douny ...","robots":{"index":"index","follow":"follow","max-snippet":"max-snippet:-1","max-image-preview":"max-image-preview:large","max-video-preview":"max-video-preview:-1"},"canonical":"https:\/\/www.africa-press.net\/benin\/toutes-les-actualites\/benin-deux-deces-dans-un-accident-de-la-route-a-glazoue","og_locale":"fr_FR","og_type":"article","og_title":"B\u00e9nin: deux d\u00e9c\u00e8s dans un accident de la route \u00e0 Glazou\u00e9","og_description":"Un accident de circulation est survenu ce mardi 30 Ao\u00fbt 2022 \u00e0 Glazou\u00e9, dans les collines \u00e0 la hauteur du Maquis \u00ab Douny ...","og_url":"https:\/\/www.africa-press.net\/benin\/toutes-les-actualites\/benin-deux-deces-dans-un-accident-de-la-route-a-glazoue","og_site_name":"B\u00e9nin","article_published_time":"2022-08-30T17:25:06+00:00","article_modified_time":"2022-08-30T17:53:13+00:00","og_image":[{"width":1200,"height":686,"url":"https:\/\/static.africa-press.net\/benin\/sites\/46\/2022\/08\/postQueueImg_24-630e4e6f7420d.jpg","type":"image\/jpeg"}],"author":"cfeditorfr","twitter_card":"summary_large_image","twitter_misc":{"\u00c9crit par":"cfeditorfr","Dur\u00e9e de lecture estim\u00e9e":"1 minute"},"schema":{"@context":"https:\/\/schema.org","@graph":[{"@type":"Article","@id":"https:\/\/www.africa-press.net\/benin\/toutes-les-actualites\/benin-deux-deces-dans-un-accident-de-la-route-a-glazoue#article","isPartOf":{"@id":"https:\/\/www.africa-press.net\/benin\/toutes-les-actualites\/benin-deux-deces-dans-un-accident-de-la-route-a-glazoue"},"author":{"name":"cfeditorfr","@id":"https:\/\/www.africa-press.net\/benin\/#\/schema\/person\/2b1cf3cd81a31e3cd26889ca66d677f1"},"headline":"B\u00e9nin: deux d\u00e9c\u00e8s dans un accident de la route \u00e0 Glazou\u00e9","datePublished":"2022-08-30T17:25:06+00:00","dateModified":"2022-08-30T17:53:13+00:00","mainEntityOfPage":{"@id":"https:\/\/www.africa-press.net\/benin\/toutes-les-actualites\/benin-deux-deces-dans-un-accident-de-la-route-a-glazoue"},"wordCount":171,"commentCount":0,"image":{"@id":"https:\/\/www.africa-press.net\/benin\/toutes-les-actualites\/benin-deux-deces-dans-un-accident-de-la-route-a-glazoue#primaryimage"},"thumbnailUrl":"https:\/\/static.africa-press.net\/benin\/sites\/46\/2022\/08\/postQueueImg_24-630e4e6f7420d.jpg","keywords":["Africa Press","Africa Press-Benin","B\u00e9nin"],"articleSection":["Communaut\u00e9","homepage-french","Toutes les actualit\u00e9s"],"inLanguage":"fr-FR","potentialAction":[{"@type":"CommentAction","name":"Comment","target":["https:\/\/www.africa-press.net\/benin\/toutes-les-actualites\/benin-deux-deces-dans-un-accident-de-la-route-a-glazoue#respond"]}]},{"@type":"WebPage","@id":"https:\/\/www.africa-press.net\/benin\/toutes-les-actualites\/benin-deux-deces-dans-un-accident-de-la-route-a-glazoue","url":"https:\/\/www.africa-press.net\/benin\/toutes-les-actualites\/benin-deux-deces-dans-un-accident-de-la-route-a-glazoue","name":"B\u00e9nin: deux d\u00e9c\u00e8s dans un accident de la route \u00e0 Glazou\u00e9 - B\u00e9nin","isPartOf":{"@id":"https:\/\/www.africa-press.net\/benin\/#website"},"primaryImageOfPage":{"@id":"https:\/\/www.africa-press.net\/benin\/toutes-les-actualites\/benin-deux-deces-dans-un-accident-de-la-route-a-glazoue#primaryimage"},"image":{"@id":"https:\/\/www.africa-press.net\/benin\/toutes-les-actualites\/benin-deux-deces-dans-un-accident-de-la-route-a-glazoue#primaryimage"},"thumbnailUrl":"https:\/\/static.africa-press.net\/benin\/sites\/46\/2022\/08\/postQueueImg_24-630e4e6f7420d.jpg","datePublished":"2022-08-30T17:25:06+00:00","dateModified":"2022-08-30T17:53:13+00:00","author":{"@id":"https:\/\/www.africa-press.net\/benin\/#\/schema\/person\/2b1cf3cd81a31e3cd26889ca66d677f1"},"description":"Un accident de circulation est survenu ce mardi 30 Ao\u00fbt 2022 \u00e0 Glazou\u00e9, dans les collines \u00e0 la hauteur du Maquis \u00ab Douny ...","breadcrumb":{"@id":"https:\/\/www.africa-press.net\/benin\/toutes-les-actualites\/benin-deux-deces-dans-un-accident-de-la-route-a-glazoue#breadcrumb"},"inLanguage":"fr-FR","potentialAction":[{"@type":"ReadAction","target":["https:\/\/www.africa-press.net\/benin\/toutes-les-actualites\/benin-deux-deces-dans-un-accident-de-la-route-a-glazoue"]}]},{"@type":"ImageObject","inLanguage":"fr-FR","@id":"https:\/\/www.africa-press.net\/benin\/toutes-les-actualites\/benin-deux-deces-dans-un-accident-de-la-route-a-glazoue#primaryimage","url":"https:\/\/static.africa-press.net\/benin\/sites\/46\/2022\/08\/postQueueImg_24-630e4e6f7420d.jpg","contentUrl":"https:\/\/static.africa-press.net\/benin\/sites\/46\/2022\/08\/postQueueImg_24-630e4e6f7420d.jpg","width":1200,"height":686,"caption":"B\u00e9nin: deux d\u00e9c\u00e8s dans un accident de la route \u00e0 Glazou\u00e9"},{"@type":"BreadcrumbList","@id":"https:\/\/www.africa-press.net\/benin\/toutes-les-actualites\/benin-deux-deces-dans-un-accident-de-la-route-a-glazoue#breadcrumb","itemListElement":[{"@type":"ListItem","position":1,"name":"Accueil","item":"https:\/\/www.africa-press.net\/benin\/"},{"@type":"ListItem","position":2,"name":"B\u00e9nin: deux d\u00e9c\u00e8s dans un accident de la route \u00e0 Glazou\u00e9"}]},{"@type":"WebSite","@id":"https:\/\/www.africa-press.net\/benin\/#website","url":"https:\/\/www.africa-press.net\/benin\/","name":"B\u00e9nin","description":"Just another Africa News Agency Sites site","potentialAction":[{"@type":"SearchAction","target":{"@type":"EntryPoint","urlTemplate":"https:\/\/www.africa-press.net\/benin\/?s={search_term_string}"},"query-input":{"@type":"PropertyValueSpecification","valueRequired":true,"valueName":"search_term_string"}}],"inLanguage":"fr-FR"},{"@type":"Person","@id":"https:\/\/www.africa-press.net\/benin\/#\/schema\/person\/2b1cf3cd81a31e3cd26889ca66d677f1","name":"cfeditorfr"}]}},"_links":{"self":[{"href":"https:\/\/www.africa-press.net\/benin\/wp-json\/wp\/v2\/posts\/8441","targetHints":{"allow":["GET"]}}],"collection":[{"href":"https:\/\/www.africa-press.net\/benin\/wp-json\/wp\/v2\/posts"}],"about":[{"href":"https:\/\/www.africa-press.net\/benin\/wp-json\/wp\/v2\/types\/post"}],"author":[{"embeddable":true,"href":"https:\/\/www.africa-press.net\/benin\/wp-json\/wp\/v2\/users\/82"}],"replies":[{"embeddable":true,"href":"https:\/\/www.africa-press.net\/benin\/wp-json\/wp\/v2\/comments?post=8441"}],"version-history":[{"count":0,"href":"https:\/\/www.africa-press.net\/benin\/wp-json\/wp\/v2\/posts\/8441\/revisions"}],"wp:featuredmedia":[{"embeddable":true,"href":"https:\/\/www.africa-press.net\/benin\/wp-json\/wp\/v2\/media\/8440"}],"wp:attachment":[{"href":"https:\/\/www.africa-press.net\/benin\/wp-json\/wp\/v2\/media?parent=8441"}],"wp:term":[{"taxonomy":"category","embeddable":true,"href":"https:\/\/www.africa-press.net\/benin\/wp-json\/wp\/v2\/categories?post=8441"},{"taxonomy":"post_tag","embeddable":true,"href":"https:\/\/www.africa-press.net\/benin\/wp-json\/wp\/v2\/tags?post=8441"}],"curies":[{"name":"wp","href":"https:\/\/api.w.org\/{rel}","templated":true}]}}