{"id":8457,"date":"2022-08-31T18:18:40","date_gmt":"2022-08-31T18:18:40","guid":{"rendered":"https:\/\/www.africa-press.net\/benin\/politique\/montee-des-eaux-au-benin-06-consignes-a-lendroit-des-conducteurs-dembarcations"},"modified":"2022-08-31T18:31:13","modified_gmt":"2022-08-31T18:31:13","slug":"montee-des-eaux-au-benin-06-consignes-a-lendroit-des-conducteurs-dembarcations","status":"publish","type":"post","link":"https:\/\/www.africa-press.net\/benin\/toutes-les-actualites\/montee-des-eaux-au-benin-06-consignes-a-lendroit-des-conducteurs-dembarcations","title":{"rendered":"Mont\u00e9e des eaux au B\u00e9nin: 06 consignes \u00e0 l\u2019endroit des conducteurs d\u2019embarcations"},"content":{"rendered":"<p><span style=\"color: #ff6600\"><strong>Africa-Press &#8211; Benin. <\/strong><\/span>Le Ministre des infrastructures et des transports a indiqu\u00e9 six (06) consignes \u00e0 l\u2019endroit des conducteurs d\u2019embarcations en ces temps de mont\u00e9e des eaux.<\/p>\n<p>En cette p\u00e9riode de mont\u00e9e des eaux dans les localit\u00e9s riveraines des cours d\u2019eau, les piroguiers et baguiers sont invit\u00e9s \u00e0 l\u2019observance de quelques consignes, pour \u00e9viter les risques d\u2019accidents sur l\u2019eau. Les mesures de s\u00e9curit\u00e9 essentielles sont :<\/p>\n<p>Il faut signaler qu\u2019\u00e0 l\u2019instar du ministre des infrastructures et des transports, le ministre de l\u2019int\u00e9rieur et de la s\u00e9curit\u00e9 publique a invit\u00e9 les populations \u00e0 <b>\u00ab respecter les mesures de protection civile prises par les autorit\u00e9s politico administratives et les pairs \u00e9ducateurs et secouristes, notamment les mesures d\u2019\u00e9vacuation \u00e0 temps des personnes et des biens vers des familles d\u2019accueil plut\u00f4t que sur les sites d\u2019accueil \u00bb<\/b>.<\/p>\n<p>Dans son communiqu\u00e9, le ministre Alassane S\u00e9\u00efdou demande aux populations de ces zones \u00e0 risque d\u2019\u00e9viter de vivre dans les maisons mena\u00e7ant de ruine, susceptibles de s\u2019\u00e9crouler par l\u2019effet des eaux ; d\u2019\u00e9viter les transports fluviaux nocturnes ; d\u2019\u00e9viter de se baigner dans les cours d\u2019eaux.<\/p>\n<p><strong>Pour plus d&rsquo;informations et d&rsquo;analyses sur la <a href=\"https:\/\/www.africa-press.net\/benin\">Benin<\/a>, suivez <a href=\"https:\/\/www.africa-press.net\/\">Africa-Press<\/a><\/strong><\/p>\n","protected":false},"excerpt":{"rendered":"<p>Africa-Press &#8211; Benin. Le Ministre des infrastructures et des transports a indiqu\u00e9 six (06) consignes \u00e0 l\u2019endroit des conducteurs d\u2019embarcations en ces temps de mont\u00e9e des eaux. En cette p\u00e9riode de mont\u00e9e des eaux dans les localit\u00e9s riveraines des cours d\u2019eau, les piroguiers et baguiers sont invit\u00e9s \u00e0 l\u2019observance de quelques consignes, pour \u00e9viter les [&hellip;]<\/p>\n","protected":false},"author":82,"featured_media":8456,"comment_status":"open","ping_status":"closed","sticky":false,"template":"","format":"standard","meta":{"footnotes":""},"categories":[21,11,10],"tags":[36,50,45],"class_list":["post-8457","post","type-post","status-publish","format-standard","has-post-thumbnail","hentry","category-communaute","category-homepage-french","category-toutes-les-actualites","tag-africa-press","tag-africa-press-benin","tag-benin"],"yoast_head":"<!-- This site is optimized with the Yoast SEO Premium plugin v26.1 (Yoast SEO v27.0) - https:\/\/yoast.com\/product\/yoast-seo-premium-wordpress\/ -->\n<title>Mont\u00e9e des eaux au B\u00e9nin: 06 consignes \u00e0 l\u2019endroit des conducteurs d\u2019embarcations - B\u00e9nin<\/title>\n<meta name=\"description\" content=\"Le Ministre des infrastructures et des transports a indiqu\u00e9 six (06) consignes \u00e0 l\u2019endroit des conducteurs d\u2019embarcation ...\" \/>\n<meta name=\"robots\" content=\"index, follow, max-snippet:-1, max-image-preview:large, max-video-preview:-1\" \/>\n<link rel=\"canonical\" href=\"https:\/\/www.africa-press.net\/benin\/toutes-les-actualites\/montee-des-eaux-au-benin-06-consignes-a-lendroit-des-conducteurs-dembarcations\" \/>\n<meta property=\"og:locale\" content=\"fr_FR\" \/>\n<meta property=\"og:type\" content=\"article\" \/>\n<meta property=\"og:title\" content=\"Mont\u00e9e des eaux au B\u00e9nin: 06 consignes \u00e0 l\u2019endroit des conducteurs d\u2019embarcations\" \/>\n<meta property=\"og:description\" content=\"Le Ministre des infrastructures et des transports a indiqu\u00e9 six (06) consignes \u00e0 l\u2019endroit des conducteurs d\u2019embarcation ...\" \/>\n<meta property=\"og:url\" content=\"https:\/\/www.africa-press.net\/benin\/toutes-les-actualites\/montee-des-eaux-au-benin-06-consignes-a-lendroit-des-conducteurs-dembarcations\" \/>\n<meta property=\"og:site_name\" content=\"B\u00e9nin\" \/>\n<meta property=\"article:published_time\" content=\"2022-08-31T18:18:40+00:00\" \/>\n<meta property=\"article:modified_time\" content=\"2022-08-31T18:31:13+00:00\" \/>\n<meta property=\"og:image\" content=\"https:\/\/static.africa-press.net\/benin\/sites\/46\/2022\/08\/postQueueImg_17-630fa8d9f340c.jpg\" \/>\n\t<meta property=\"og:image:width\" content=\"1200\" \/>\n\t<meta property=\"og:image:height\" content=\"810\" \/>\n\t<meta property=\"og:image:type\" content=\"image\/jpeg\" \/>\n<meta name=\"author\" content=\"cfeditorfr\" \/>\n<meta name=\"twitter:card\" content=\"summary_large_image\" \/>\n<meta name=\"twitter:label1\" content=\"\u00c9crit par\" \/>\n\t<meta name=\"twitter:data1\" content=\"cfeditorfr\" \/>\n\t<meta name=\"twitter:label2\" content=\"Dur\u00e9e de lecture estim\u00e9e\" \/>\n\t<meta name=\"twitter:data2\" content=\"1 minute\" \/>\n<script type=\"application\/ld+json\" class=\"yoast-schema-graph\">{\"@context\":\"https:\/\/schema.org\",\"@graph\":[{\"@type\":\"Article\",\"@id\":\"https:\/\/www.africa-press.net\/benin\/toutes-les-actualites\/montee-des-eaux-au-benin-06-consignes-a-lendroit-des-conducteurs-dembarcations#article\",\"isPartOf\":{\"@id\":\"https:\/\/www.africa-press.net\/benin\/toutes-les-actualites\/montee-des-eaux-au-benin-06-consignes-a-lendroit-des-conducteurs-dembarcations\"},\"author\":{\"name\":\"cfeditorfr\",\"@id\":\"https:\/\/www.africa-press.net\/benin\/#\/schema\/person\/2b1cf3cd81a31e3cd26889ca66d677f1\"},\"headline\":\"Mont\u00e9e des eaux au B\u00e9nin: 06 consignes \u00e0 l\u2019endroit des conducteurs d\u2019embarcations\",\"datePublished\":\"2022-08-31T18:18:40+00:00\",\"dateModified\":\"2022-08-31T18:31:13+00:00\",\"mainEntityOfPage\":{\"@id\":\"https:\/\/www.africa-press.net\/benin\/toutes-les-actualites\/montee-des-eaux-au-benin-06-consignes-a-lendroit-des-conducteurs-dembarcations\"},\"wordCount\":223,\"commentCount\":0,\"image\":{\"@id\":\"https:\/\/www.africa-press.net\/benin\/toutes-les-actualites\/montee-des-eaux-au-benin-06-consignes-a-lendroit-des-conducteurs-dembarcations#primaryimage\"},\"thumbnailUrl\":\"https:\/\/static.africa-press.net\/benin\/sites\/46\/2022\/08\/postQueueImg_17-630fa8d9f340c.jpg\",\"keywords\":[\"Africa Press\",\"Africa Press-Benin\",\"B\u00e9nin\"],\"articleSection\":[\"Communaut\u00e9\",\"homepage-french\",\"Toutes les actualit\u00e9s\"],\"inLanguage\":\"fr-FR\",\"potentialAction\":[{\"@type\":\"CommentAction\",\"name\":\"Comment\",\"target\":[\"https:\/\/www.africa-press.net\/benin\/toutes-les-actualites\/montee-des-eaux-au-benin-06-consignes-a-lendroit-des-conducteurs-dembarcations#respond\"]}]},{\"@type\":\"WebPage\",\"@id\":\"https:\/\/www.africa-press.net\/benin\/toutes-les-actualites\/montee-des-eaux-au-benin-06-consignes-a-lendroit-des-conducteurs-dembarcations\",\"url\":\"https:\/\/www.africa-press.net\/benin\/toutes-les-actualites\/montee-des-eaux-au-benin-06-consignes-a-lendroit-des-conducteurs-dembarcations\",\"name\":\"Mont\u00e9e des eaux au B\u00e9nin: 06 consignes \u00e0 l\u2019endroit des conducteurs d\u2019embarcations - B\u00e9nin\",\"isPartOf\":{\"@id\":\"https:\/\/www.africa-press.net\/benin\/#website\"},\"primaryImageOfPage\":{\"@id\":\"https:\/\/www.africa-press.net\/benin\/toutes-les-actualites\/montee-des-eaux-au-benin-06-consignes-a-lendroit-des-conducteurs-dembarcations#primaryimage\"},\"image\":{\"@id\":\"https:\/\/www.africa-press.net\/benin\/toutes-les-actualites\/montee-des-eaux-au-benin-06-consignes-a-lendroit-des-conducteurs-dembarcations#primaryimage\"},\"thumbnailUrl\":\"https:\/\/static.africa-press.net\/benin\/sites\/46\/2022\/08\/postQueueImg_17-630fa8d9f340c.jpg\",\"datePublished\":\"2022-08-31T18:18:40+00:00\",\"dateModified\":\"2022-08-31T18:31:13+00:00\",\"author\":{\"@id\":\"https:\/\/www.africa-press.net\/benin\/#\/schema\/person\/2b1cf3cd81a31e3cd26889ca66d677f1\"},\"description\":\"Le Ministre des infrastructures et des transports a indiqu\u00e9 six (06) consignes \u00e0 l\u2019endroit des conducteurs d\u2019embarcation ...\",\"breadcrumb\":{\"@id\":\"https:\/\/www.africa-press.net\/benin\/toutes-les-actualites\/montee-des-eaux-au-benin-06-consignes-a-lendroit-des-conducteurs-dembarcations#breadcrumb\"},\"inLanguage\":\"fr-FR\",\"potentialAction\":[{\"@type\":\"ReadAction\",\"target\":[\"https:\/\/www.africa-press.net\/benin\/toutes-les-actualites\/montee-des-eaux-au-benin-06-consignes-a-lendroit-des-conducteurs-dembarcations\"]}]},{\"@type\":\"ImageObject\",\"inLanguage\":\"fr-FR\",\"@id\":\"https:\/\/www.africa-press.net\/benin\/toutes-les-actualites\/montee-des-eaux-au-benin-06-consignes-a-lendroit-des-conducteurs-dembarcations#primaryimage\",\"url\":\"https:\/\/static.africa-press.net\/benin\/sites\/46\/2022\/08\/postQueueImg_17-630fa8d9f340c.jpg\",\"contentUrl\":\"https:\/\/static.africa-press.net\/benin\/sites\/46\/2022\/08\/postQueueImg_17-630fa8d9f340c.jpg\",\"width\":1200,\"height\":810,\"caption\":\"Mont\u00e9e des eaux au B\u00e9nin: 06 consignes \u00e0 l\u2019endroit des conducteurs d\u2019embarcations\"},{\"@type\":\"BreadcrumbList\",\"@id\":\"https:\/\/www.africa-press.net\/benin\/toutes-les-actualites\/montee-des-eaux-au-benin-06-consignes-a-lendroit-des-conducteurs-dembarcations#breadcrumb\",\"itemListElement\":[{\"@type\":\"ListItem\",\"position\":1,\"name\":\"Accueil\",\"item\":\"https:\/\/www.africa-press.net\/benin\/\"},{\"@type\":\"ListItem\",\"position\":2,\"name\":\"Mont\u00e9e des eaux au B\u00e9nin: 06 consignes \u00e0 l\u2019endroit des conducteurs d\u2019embarcations\"}]},{\"@type\":\"WebSite\",\"@id\":\"https:\/\/www.africa-press.net\/benin\/#website\",\"url\":\"https:\/\/www.africa-press.net\/benin\/\",\"name\":\"B\u00e9nin\",\"description\":\"Just another Africa News Agency Sites site\",\"potentialAction\":[{\"@type\":\"SearchAction\",\"target\":{\"@type\":\"EntryPoint\",\"urlTemplate\":\"https:\/\/www.africa-press.net\/benin\/?s={search_term_string}\"},\"query-input\":{\"@type\":\"PropertyValueSpecification\",\"valueRequired\":true,\"valueName\":\"search_term_string\"}}],\"inLanguage\":\"fr-FR\"},{\"@type\":\"Person\",\"@id\":\"https:\/\/www.africa-press.net\/benin\/#\/schema\/person\/2b1cf3cd81a31e3cd26889ca66d677f1\",\"name\":\"cfeditorfr\"}]}<\/script>\n<!-- \/ Yoast SEO Premium plugin. -->","yoast_head_json":{"title":"Mont\u00e9e des eaux au B\u00e9nin: 06 consignes \u00e0 l\u2019endroit des conducteurs d\u2019embarcations - B\u00e9nin","description":"Le Ministre des infrastructures et des transports a indiqu\u00e9 six (06) consignes \u00e0 l\u2019endroit des conducteurs d\u2019embarcation ...","robots":{"index":"index","follow":"follow","max-snippet":"max-snippet:-1","max-image-preview":"max-image-preview:large","max-video-preview":"max-video-preview:-1"},"canonical":"https:\/\/www.africa-press.net\/benin\/toutes-les-actualites\/montee-des-eaux-au-benin-06-consignes-a-lendroit-des-conducteurs-dembarcations","og_locale":"fr_FR","og_type":"article","og_title":"Mont\u00e9e des eaux au B\u00e9nin: 06 consignes \u00e0 l\u2019endroit des conducteurs d\u2019embarcations","og_description":"Le Ministre des infrastructures et des transports a indiqu\u00e9 six (06) consignes \u00e0 l\u2019endroit des conducteurs d\u2019embarcation ...","og_url":"https:\/\/www.africa-press.net\/benin\/toutes-les-actualites\/montee-des-eaux-au-benin-06-consignes-a-lendroit-des-conducteurs-dembarcations","og_site_name":"B\u00e9nin","article_published_time":"2022-08-31T18:18:40+00:00","article_modified_time":"2022-08-31T18:31:13+00:00","og_image":[{"width":1200,"height":810,"url":"https:\/\/static.africa-press.net\/benin\/sites\/46\/2022\/08\/postQueueImg_17-630fa8d9f340c.jpg","type":"image\/jpeg"}],"author":"cfeditorfr","twitter_card":"summary_large_image","twitter_misc":{"\u00c9crit par":"cfeditorfr","Dur\u00e9e de lecture estim\u00e9e":"1 minute"},"schema":{"@context":"https:\/\/schema.org","@graph":[{"@type":"Article","@id":"https:\/\/www.africa-press.net\/benin\/toutes-les-actualites\/montee-des-eaux-au-benin-06-consignes-a-lendroit-des-conducteurs-dembarcations#article","isPartOf":{"@id":"https:\/\/www.africa-press.net\/benin\/toutes-les-actualites\/montee-des-eaux-au-benin-06-consignes-a-lendroit-des-conducteurs-dembarcations"},"author":{"name":"cfeditorfr","@id":"https:\/\/www.africa-press.net\/benin\/#\/schema\/person\/2b1cf3cd81a31e3cd26889ca66d677f1"},"headline":"Mont\u00e9e des eaux au B\u00e9nin: 06 consignes \u00e0 l\u2019endroit des conducteurs d\u2019embarcations","datePublished":"2022-08-31T18:18:40+00:00","dateModified":"2022-08-31T18:31:13+00:00","mainEntityOfPage":{"@id":"https:\/\/www.africa-press.net\/benin\/toutes-les-actualites\/montee-des-eaux-au-benin-06-consignes-a-lendroit-des-conducteurs-dembarcations"},"wordCount":223,"commentCount":0,"image":{"@id":"https:\/\/www.africa-press.net\/benin\/toutes-les-actualites\/montee-des-eaux-au-benin-06-consignes-a-lendroit-des-conducteurs-dembarcations#primaryimage"},"thumbnailUrl":"https:\/\/static.africa-press.net\/benin\/sites\/46\/2022\/08\/postQueueImg_17-630fa8d9f340c.jpg","keywords":["Africa Press","Africa Press-Benin","B\u00e9nin"],"articleSection":["Communaut\u00e9","homepage-french","Toutes les actualit\u00e9s"],"inLanguage":"fr-FR","potentialAction":[{"@type":"CommentAction","name":"Comment","target":["https:\/\/www.africa-press.net\/benin\/toutes-les-actualites\/montee-des-eaux-au-benin-06-consignes-a-lendroit-des-conducteurs-dembarcations#respond"]}]},{"@type":"WebPage","@id":"https:\/\/www.africa-press.net\/benin\/toutes-les-actualites\/montee-des-eaux-au-benin-06-consignes-a-lendroit-des-conducteurs-dembarcations","url":"https:\/\/www.africa-press.net\/benin\/toutes-les-actualites\/montee-des-eaux-au-benin-06-consignes-a-lendroit-des-conducteurs-dembarcations","name":"Mont\u00e9e des eaux au B\u00e9nin: 06 consignes \u00e0 l\u2019endroit des conducteurs d\u2019embarcations - B\u00e9nin","isPartOf":{"@id":"https:\/\/www.africa-press.net\/benin\/#website"},"primaryImageOfPage":{"@id":"https:\/\/www.africa-press.net\/benin\/toutes-les-actualites\/montee-des-eaux-au-benin-06-consignes-a-lendroit-des-conducteurs-dembarcations#primaryimage"},"image":{"@id":"https:\/\/www.africa-press.net\/benin\/toutes-les-actualites\/montee-des-eaux-au-benin-06-consignes-a-lendroit-des-conducteurs-dembarcations#primaryimage"},"thumbnailUrl":"https:\/\/static.africa-press.net\/benin\/sites\/46\/2022\/08\/postQueueImg_17-630fa8d9f340c.jpg","datePublished":"2022-08-31T18:18:40+00:00","dateModified":"2022-08-31T18:31:13+00:00","author":{"@id":"https:\/\/www.africa-press.net\/benin\/#\/schema\/person\/2b1cf3cd81a31e3cd26889ca66d677f1"},"description":"Le Ministre des infrastructures et des transports a indiqu\u00e9 six (06) consignes \u00e0 l\u2019endroit des conducteurs d\u2019embarcation ...","breadcrumb":{"@id":"https:\/\/www.africa-press.net\/benin\/toutes-les-actualites\/montee-des-eaux-au-benin-06-consignes-a-lendroit-des-conducteurs-dembarcations#breadcrumb"},"inLanguage":"fr-FR","potentialAction":[{"@type":"ReadAction","target":["https:\/\/www.africa-press.net\/benin\/toutes-les-actualites\/montee-des-eaux-au-benin-06-consignes-a-lendroit-des-conducteurs-dembarcations"]}]},{"@type":"ImageObject","inLanguage":"fr-FR","@id":"https:\/\/www.africa-press.net\/benin\/toutes-les-actualites\/montee-des-eaux-au-benin-06-consignes-a-lendroit-des-conducteurs-dembarcations#primaryimage","url":"https:\/\/static.africa-press.net\/benin\/sites\/46\/2022\/08\/postQueueImg_17-630fa8d9f340c.jpg","contentUrl":"https:\/\/static.africa-press.net\/benin\/sites\/46\/2022\/08\/postQueueImg_17-630fa8d9f340c.jpg","width":1200,"height":810,"caption":"Mont\u00e9e des eaux au B\u00e9nin: 06 consignes \u00e0 l\u2019endroit des conducteurs d\u2019embarcations"},{"@type":"BreadcrumbList","@id":"https:\/\/www.africa-press.net\/benin\/toutes-les-actualites\/montee-des-eaux-au-benin-06-consignes-a-lendroit-des-conducteurs-dembarcations#breadcrumb","itemListElement":[{"@type":"ListItem","position":1,"name":"Accueil","item":"https:\/\/www.africa-press.net\/benin\/"},{"@type":"ListItem","position":2,"name":"Mont\u00e9e des eaux au B\u00e9nin: 06 consignes \u00e0 l\u2019endroit des conducteurs d\u2019embarcations"}]},{"@type":"WebSite","@id":"https:\/\/www.africa-press.net\/benin\/#website","url":"https:\/\/www.africa-press.net\/benin\/","name":"B\u00e9nin","description":"Just another Africa News Agency Sites site","potentialAction":[{"@type":"SearchAction","target":{"@type":"EntryPoint","urlTemplate":"https:\/\/www.africa-press.net\/benin\/?s={search_term_string}"},"query-input":{"@type":"PropertyValueSpecification","valueRequired":true,"valueName":"search_term_string"}}],"inLanguage":"fr-FR"},{"@type":"Person","@id":"https:\/\/www.africa-press.net\/benin\/#\/schema\/person\/2b1cf3cd81a31e3cd26889ca66d677f1","name":"cfeditorfr"}]}},"_links":{"self":[{"href":"https:\/\/www.africa-press.net\/benin\/wp-json\/wp\/v2\/posts\/8457","targetHints":{"allow":["GET"]}}],"collection":[{"href":"https:\/\/www.africa-press.net\/benin\/wp-json\/wp\/v2\/posts"}],"about":[{"href":"https:\/\/www.africa-press.net\/benin\/wp-json\/wp\/v2\/types\/post"}],"author":[{"embeddable":true,"href":"https:\/\/www.africa-press.net\/benin\/wp-json\/wp\/v2\/users\/82"}],"replies":[{"embeddable":true,"href":"https:\/\/www.africa-press.net\/benin\/wp-json\/wp\/v2\/comments?post=8457"}],"version-history":[{"count":0,"href":"https:\/\/www.africa-press.net\/benin\/wp-json\/wp\/v2\/posts\/8457\/revisions"}],"wp:featuredmedia":[{"embeddable":true,"href":"https:\/\/www.africa-press.net\/benin\/wp-json\/wp\/v2\/media\/8456"}],"wp:attachment":[{"href":"https:\/\/www.africa-press.net\/benin\/wp-json\/wp\/v2\/media?parent=8457"}],"wp:term":[{"taxonomy":"category","embeddable":true,"href":"https:\/\/www.africa-press.net\/benin\/wp-json\/wp\/v2\/categories?post=8457"},{"taxonomy":"post_tag","embeddable":true,"href":"https:\/\/www.africa-press.net\/benin\/wp-json\/wp\/v2\/tags?post=8457"}],"curies":[{"name":"wp","href":"https:\/\/api.w.org\/{rel}","templated":true}]}}