{"id":8460,"date":"2022-08-31T18:19:05","date_gmt":"2022-08-31T18:19:05","guid":{"rendered":"https:\/\/www.africa-press.net\/benin\/politique\/legislatives-2023-la-cena-en-mission-dans-les-77-communes-des-le-1er-septembre"},"modified":"2022-08-31T18:32:01","modified_gmt":"2022-08-31T18:32:01","slug":"legislatives-2023-la-cena-en-mission-dans-les-77-communes-des-le-1er-septembre","status":"publish","type":"post","link":"https:\/\/www.africa-press.net\/benin\/politique\/legislatives-2023-la-cena-en-mission-dans-les-77-communes-des-le-1er-septembre","title":{"rendered":"L\u00e9gislatives 2023: la CENA en mission dans les 77 Communes d\u00e8s le 1er Septembre"},"content":{"rendered":"<p><span style=\"color: #ff6600\"><strong>Africa-Press &#8211; Benin. <\/strong><\/span>Le 08 Janvier 2023, les b\u00e9ninois seront aux urnes pour \u00e9lire les parlementaires. Dans le cadre des pr\u00e9paratifs de ces \u00e9lections, la commission \u00e9lectorale nationale autonome (CENA) sera dans les 77 Communes du pays d\u00e8s le 1er Septembre prochain.<\/p>\n<p>Une mission de la commission \u00e9lectorale nationale autonome (CENA) sera dans les 77 Communes du B\u00e9nin d\u00e8s le 1er Septembre 2022. Selon des sources bien introduites, cette mission se chargera de la collecte des dossiers de candidatures des agents \u00e9lectoraux.<\/p>\n<p>Qu\u2019il vous souvienne que par communiqu\u00e9 en date du vendredi 26 Ao\u00fbt 2022 et sign\u00e9 par le pr\u00e9sident du conseil \u00e9lectoral, il est lanc\u00e9 le recrutement des agents \u00e9lectoraux devant servir dans les postes de vote en vue des l\u00e9gislatives prochaines.<\/p>\n<p>Les agents \u00e9lectoraux concern\u00e9s par ce recrutement sont les Coordonnateurs d\u2019Arrondissement (CA), les Assistants de Coordonnateur d\u2019Arrondissement (ACA) et des Membres de postes de vote (MPV). C\u2019est justement dans le cadre de ce processus de recrutement, qu\u2019une mission de la commission \u00e9lectorale nationale autonome (CENA) sera du 1er Septembre au 14 Septembre dans les 77 Communes.<\/p>\n<p>Cette mission se chargera de la r\u00e9ception des dossiers de candidature pour ces diff\u00e9rentes cat\u00e9gories de postes. Les conditions \u00e0 remplir pour postuler \u00e0 ce recrutement ont \u00e9t\u00e9 d\u00e9finies dans le communiqu\u00e9 rendu public le vendredi 26 Ao\u00fbt dernier par l\u2019institution en charge de l\u2019organisation des \u00e9lections au B\u00e9nin.<\/p>\n<p>Rappel des conditions fix\u00e9es par la cena\u2026<\/p>\n<p><strong>Pour plus d&rsquo;informations et d&rsquo;analyses sur la <a href=\"https:\/\/www.africa-press.net\/benin\">Benin<\/a>, suivez <a href=\"https:\/\/www.africa-press.net\/\">Africa-Press<\/a><\/strong><\/p>\n","protected":false},"excerpt":{"rendered":"<p>Africa-Press &#8211; Benin. Le 08 Janvier 2023, les b\u00e9ninois seront aux urnes pour \u00e9lire les parlementaires. Dans le cadre des pr\u00e9paratifs de ces \u00e9lections, la commission \u00e9lectorale nationale autonome (CENA) sera dans les 77 Communes du pays d\u00e8s le 1er Septembre prochain. Une mission de la commission \u00e9lectorale nationale autonome (CENA) sera dans les 77 [&hellip;]<\/p>\n","protected":false},"author":82,"featured_media":8459,"comment_status":"open","ping_status":"closed","sticky":false,"template":"","format":"standard","meta":{"footnotes":""},"categories":[11,2,20,10],"tags":[36,50,45],"class_list":["post-8460","post","type-post","status-publish","format-standard","has-post-thumbnail","hentry","category-homepage-french","category-politique","category-top-nouvelles","category-toutes-les-actualites","tag-africa-press","tag-africa-press-benin","tag-benin"],"yoast_head":"<!-- This site is optimized with the Yoast SEO Premium plugin v26.1 (Yoast SEO v27.0) - https:\/\/yoast.com\/product\/yoast-seo-premium-wordpress\/ -->\n<title>L\u00e9gislatives 2023: la CENA en mission dans les 77 Communes d\u00e8s le 1er Septembre - B\u00e9nin<\/title>\n<meta name=\"description\" content=\"Le 08 Janvier 2023, les b\u00e9ninois seront aux urnes pour \u00e9lire les parlementaires. Dans le cadre des pr\u00e9paratifs de ces \u00e9l ...\" \/>\n<meta name=\"robots\" content=\"index, follow, max-snippet:-1, max-image-preview:large, max-video-preview:-1\" \/>\n<link rel=\"canonical\" href=\"https:\/\/www.africa-press.net\/benin\/politique\/legislatives-2023-la-cena-en-mission-dans-les-77-communes-des-le-1er-septembre\" \/>\n<meta property=\"og:locale\" content=\"fr_FR\" \/>\n<meta property=\"og:type\" content=\"article\" \/>\n<meta property=\"og:title\" content=\"L\u00e9gislatives 2023: la CENA en mission dans les 77 Communes d\u00e8s le 1er Septembre\" \/>\n<meta property=\"og:description\" content=\"Le 08 Janvier 2023, les b\u00e9ninois seront aux urnes pour \u00e9lire les parlementaires. Dans le cadre des pr\u00e9paratifs de ces \u00e9l ...\" \/>\n<meta property=\"og:url\" content=\"https:\/\/www.africa-press.net\/benin\/politique\/legislatives-2023-la-cena-en-mission-dans-les-77-communes-des-le-1er-septembre\" \/>\n<meta property=\"og:site_name\" content=\"B\u00e9nin\" \/>\n<meta property=\"article:published_time\" content=\"2022-08-31T18:19:05+00:00\" \/>\n<meta property=\"article:modified_time\" content=\"2022-08-31T18:32:01+00:00\" \/>\n<meta property=\"og:image\" content=\"https:\/\/static.africa-press.net\/benin\/sites\/46\/2022\/08\/postQueueImg_18-630fa8f795e67.jpg\" \/>\n\t<meta property=\"og:image:width\" content=\"1200\" \/>\n\t<meta property=\"og:image:height\" content=\"800\" \/>\n\t<meta property=\"og:image:type\" content=\"image\/jpeg\" \/>\n<meta name=\"author\" content=\"cfeditorfr\" \/>\n<meta name=\"twitter:card\" content=\"summary_large_image\" \/>\n<meta name=\"twitter:label1\" content=\"\u00c9crit par\" \/>\n\t<meta name=\"twitter:data1\" content=\"cfeditorfr\" \/>\n\t<meta name=\"twitter:label2\" content=\"Dur\u00e9e de lecture estim\u00e9e\" \/>\n\t<meta name=\"twitter:data2\" content=\"2 minutes\" \/>\n<script type=\"application\/ld+json\" class=\"yoast-schema-graph\">{\"@context\":\"https:\/\/schema.org\",\"@graph\":[{\"@type\":\"Article\",\"@id\":\"https:\/\/www.africa-press.net\/benin\/politique\/legislatives-2023-la-cena-en-mission-dans-les-77-communes-des-le-1er-septembre#article\",\"isPartOf\":{\"@id\":\"https:\/\/www.africa-press.net\/benin\/politique\/legislatives-2023-la-cena-en-mission-dans-les-77-communes-des-le-1er-septembre\"},\"author\":{\"name\":\"cfeditorfr\",\"@id\":\"https:\/\/www.africa-press.net\/benin\/#\/schema\/person\/2b1cf3cd81a31e3cd26889ca66d677f1\"},\"headline\":\"L\u00e9gislatives 2023: la CENA en mission dans les 77 Communes d\u00e8s le 1er Septembre\",\"datePublished\":\"2022-08-31T18:19:05+00:00\",\"dateModified\":\"2022-08-31T18:32:01+00:00\",\"mainEntityOfPage\":{\"@id\":\"https:\/\/www.africa-press.net\/benin\/politique\/legislatives-2023-la-cena-en-mission-dans-les-77-communes-des-le-1er-septembre\"},\"wordCount\":272,\"commentCount\":0,\"image\":{\"@id\":\"https:\/\/www.africa-press.net\/benin\/politique\/legislatives-2023-la-cena-en-mission-dans-les-77-communes-des-le-1er-septembre#primaryimage\"},\"thumbnailUrl\":\"https:\/\/static.africa-press.net\/benin\/sites\/46\/2022\/08\/postQueueImg_18-630fa8f795e67.jpg\",\"keywords\":[\"Africa Press\",\"Africa Press-Benin\",\"B\u00e9nin\"],\"articleSection\":[\"homepage-french\",\"Politique\",\"Top Nouvelles\",\"Toutes les actualit\u00e9s\"],\"inLanguage\":\"fr-FR\",\"potentialAction\":[{\"@type\":\"CommentAction\",\"name\":\"Comment\",\"target\":[\"https:\/\/www.africa-press.net\/benin\/politique\/legislatives-2023-la-cena-en-mission-dans-les-77-communes-des-le-1er-septembre#respond\"]}]},{\"@type\":\"WebPage\",\"@id\":\"https:\/\/www.africa-press.net\/benin\/politique\/legislatives-2023-la-cena-en-mission-dans-les-77-communes-des-le-1er-septembre\",\"url\":\"https:\/\/www.africa-press.net\/benin\/politique\/legislatives-2023-la-cena-en-mission-dans-les-77-communes-des-le-1er-septembre\",\"name\":\"L\u00e9gislatives 2023: la CENA en mission dans les 77 Communes d\u00e8s le 1er Septembre - B\u00e9nin\",\"isPartOf\":{\"@id\":\"https:\/\/www.africa-press.net\/benin\/#website\"},\"primaryImageOfPage\":{\"@id\":\"https:\/\/www.africa-press.net\/benin\/politique\/legislatives-2023-la-cena-en-mission-dans-les-77-communes-des-le-1er-septembre#primaryimage\"},\"image\":{\"@id\":\"https:\/\/www.africa-press.net\/benin\/politique\/legislatives-2023-la-cena-en-mission-dans-les-77-communes-des-le-1er-septembre#primaryimage\"},\"thumbnailUrl\":\"https:\/\/static.africa-press.net\/benin\/sites\/46\/2022\/08\/postQueueImg_18-630fa8f795e67.jpg\",\"datePublished\":\"2022-08-31T18:19:05+00:00\",\"dateModified\":\"2022-08-31T18:32:01+00:00\",\"author\":{\"@id\":\"https:\/\/www.africa-press.net\/benin\/#\/schema\/person\/2b1cf3cd81a31e3cd26889ca66d677f1\"},\"description\":\"Le 08 Janvier 2023, les b\u00e9ninois seront aux urnes pour \u00e9lire les parlementaires. Dans le cadre des pr\u00e9paratifs de ces \u00e9l ...\",\"breadcrumb\":{\"@id\":\"https:\/\/www.africa-press.net\/benin\/politique\/legislatives-2023-la-cena-en-mission-dans-les-77-communes-des-le-1er-septembre#breadcrumb\"},\"inLanguage\":\"fr-FR\",\"potentialAction\":[{\"@type\":\"ReadAction\",\"target\":[\"https:\/\/www.africa-press.net\/benin\/politique\/legislatives-2023-la-cena-en-mission-dans-les-77-communes-des-le-1er-septembre\"]}]},{\"@type\":\"ImageObject\",\"inLanguage\":\"fr-FR\",\"@id\":\"https:\/\/www.africa-press.net\/benin\/politique\/legislatives-2023-la-cena-en-mission-dans-les-77-communes-des-le-1er-septembre#primaryimage\",\"url\":\"https:\/\/static.africa-press.net\/benin\/sites\/46\/2022\/08\/postQueueImg_18-630fa8f795e67.jpg\",\"contentUrl\":\"https:\/\/static.africa-press.net\/benin\/sites\/46\/2022\/08\/postQueueImg_18-630fa8f795e67.jpg\",\"width\":1200,\"height\":800,\"caption\":\"L\u00e9gislatives 2023: la CENA en mission dans les 77 Communes d\u00e8s le 1er Septembre\"},{\"@type\":\"BreadcrumbList\",\"@id\":\"https:\/\/www.africa-press.net\/benin\/politique\/legislatives-2023-la-cena-en-mission-dans-les-77-communes-des-le-1er-septembre#breadcrumb\",\"itemListElement\":[{\"@type\":\"ListItem\",\"position\":1,\"name\":\"Accueil\",\"item\":\"https:\/\/www.africa-press.net\/benin\/\"},{\"@type\":\"ListItem\",\"position\":2,\"name\":\"L\u00e9gislatives 2023: la CENA en mission dans les 77 Communes d\u00e8s le 1er Septembre\"}]},{\"@type\":\"WebSite\",\"@id\":\"https:\/\/www.africa-press.net\/benin\/#website\",\"url\":\"https:\/\/www.africa-press.net\/benin\/\",\"name\":\"B\u00e9nin\",\"description\":\"Just another Africa News Agency Sites site\",\"potentialAction\":[{\"@type\":\"SearchAction\",\"target\":{\"@type\":\"EntryPoint\",\"urlTemplate\":\"https:\/\/www.africa-press.net\/benin\/?s={search_term_string}\"},\"query-input\":{\"@type\":\"PropertyValueSpecification\",\"valueRequired\":true,\"valueName\":\"search_term_string\"}}],\"inLanguage\":\"fr-FR\"},{\"@type\":\"Person\",\"@id\":\"https:\/\/www.africa-press.net\/benin\/#\/schema\/person\/2b1cf3cd81a31e3cd26889ca66d677f1\",\"name\":\"cfeditorfr\"}]}<\/script>\n<!-- \/ Yoast SEO Premium plugin. -->","yoast_head_json":{"title":"L\u00e9gislatives 2023: la CENA en mission dans les 77 Communes d\u00e8s le 1er Septembre - B\u00e9nin","description":"Le 08 Janvier 2023, les b\u00e9ninois seront aux urnes pour \u00e9lire les parlementaires. Dans le cadre des pr\u00e9paratifs de ces \u00e9l ...","robots":{"index":"index","follow":"follow","max-snippet":"max-snippet:-1","max-image-preview":"max-image-preview:large","max-video-preview":"max-video-preview:-1"},"canonical":"https:\/\/www.africa-press.net\/benin\/politique\/legislatives-2023-la-cena-en-mission-dans-les-77-communes-des-le-1er-septembre","og_locale":"fr_FR","og_type":"article","og_title":"L\u00e9gislatives 2023: la CENA en mission dans les 77 Communes d\u00e8s le 1er Septembre","og_description":"Le 08 Janvier 2023, les b\u00e9ninois seront aux urnes pour \u00e9lire les parlementaires. Dans le cadre des pr\u00e9paratifs de ces \u00e9l ...","og_url":"https:\/\/www.africa-press.net\/benin\/politique\/legislatives-2023-la-cena-en-mission-dans-les-77-communes-des-le-1er-septembre","og_site_name":"B\u00e9nin","article_published_time":"2022-08-31T18:19:05+00:00","article_modified_time":"2022-08-31T18:32:01+00:00","og_image":[{"width":1200,"height":800,"url":"https:\/\/static.africa-press.net\/benin\/sites\/46\/2022\/08\/postQueueImg_18-630fa8f795e67.jpg","type":"image\/jpeg"}],"author":"cfeditorfr","twitter_card":"summary_large_image","twitter_misc":{"\u00c9crit par":"cfeditorfr","Dur\u00e9e de lecture estim\u00e9e":"2 minutes"},"schema":{"@context":"https:\/\/schema.org","@graph":[{"@type":"Article","@id":"https:\/\/www.africa-press.net\/benin\/politique\/legislatives-2023-la-cena-en-mission-dans-les-77-communes-des-le-1er-septembre#article","isPartOf":{"@id":"https:\/\/www.africa-press.net\/benin\/politique\/legislatives-2023-la-cena-en-mission-dans-les-77-communes-des-le-1er-septembre"},"author":{"name":"cfeditorfr","@id":"https:\/\/www.africa-press.net\/benin\/#\/schema\/person\/2b1cf3cd81a31e3cd26889ca66d677f1"},"headline":"L\u00e9gislatives 2023: la CENA en mission dans les 77 Communes d\u00e8s le 1er Septembre","datePublished":"2022-08-31T18:19:05+00:00","dateModified":"2022-08-31T18:32:01+00:00","mainEntityOfPage":{"@id":"https:\/\/www.africa-press.net\/benin\/politique\/legislatives-2023-la-cena-en-mission-dans-les-77-communes-des-le-1er-septembre"},"wordCount":272,"commentCount":0,"image":{"@id":"https:\/\/www.africa-press.net\/benin\/politique\/legislatives-2023-la-cena-en-mission-dans-les-77-communes-des-le-1er-septembre#primaryimage"},"thumbnailUrl":"https:\/\/static.africa-press.net\/benin\/sites\/46\/2022\/08\/postQueueImg_18-630fa8f795e67.jpg","keywords":["Africa Press","Africa Press-Benin","B\u00e9nin"],"articleSection":["homepage-french","Politique","Top Nouvelles","Toutes les actualit\u00e9s"],"inLanguage":"fr-FR","potentialAction":[{"@type":"CommentAction","name":"Comment","target":["https:\/\/www.africa-press.net\/benin\/politique\/legislatives-2023-la-cena-en-mission-dans-les-77-communes-des-le-1er-septembre#respond"]}]},{"@type":"WebPage","@id":"https:\/\/www.africa-press.net\/benin\/politique\/legislatives-2023-la-cena-en-mission-dans-les-77-communes-des-le-1er-septembre","url":"https:\/\/www.africa-press.net\/benin\/politique\/legislatives-2023-la-cena-en-mission-dans-les-77-communes-des-le-1er-septembre","name":"L\u00e9gislatives 2023: la CENA en mission dans les 77 Communes d\u00e8s le 1er Septembre - B\u00e9nin","isPartOf":{"@id":"https:\/\/www.africa-press.net\/benin\/#website"},"primaryImageOfPage":{"@id":"https:\/\/www.africa-press.net\/benin\/politique\/legislatives-2023-la-cena-en-mission-dans-les-77-communes-des-le-1er-septembre#primaryimage"},"image":{"@id":"https:\/\/www.africa-press.net\/benin\/politique\/legislatives-2023-la-cena-en-mission-dans-les-77-communes-des-le-1er-septembre#primaryimage"},"thumbnailUrl":"https:\/\/static.africa-press.net\/benin\/sites\/46\/2022\/08\/postQueueImg_18-630fa8f795e67.jpg","datePublished":"2022-08-31T18:19:05+00:00","dateModified":"2022-08-31T18:32:01+00:00","author":{"@id":"https:\/\/www.africa-press.net\/benin\/#\/schema\/person\/2b1cf3cd81a31e3cd26889ca66d677f1"},"description":"Le 08 Janvier 2023, les b\u00e9ninois seront aux urnes pour \u00e9lire les parlementaires. Dans le cadre des pr\u00e9paratifs de ces \u00e9l ...","breadcrumb":{"@id":"https:\/\/www.africa-press.net\/benin\/politique\/legislatives-2023-la-cena-en-mission-dans-les-77-communes-des-le-1er-septembre#breadcrumb"},"inLanguage":"fr-FR","potentialAction":[{"@type":"ReadAction","target":["https:\/\/www.africa-press.net\/benin\/politique\/legislatives-2023-la-cena-en-mission-dans-les-77-communes-des-le-1er-septembre"]}]},{"@type":"ImageObject","inLanguage":"fr-FR","@id":"https:\/\/www.africa-press.net\/benin\/politique\/legislatives-2023-la-cena-en-mission-dans-les-77-communes-des-le-1er-septembre#primaryimage","url":"https:\/\/static.africa-press.net\/benin\/sites\/46\/2022\/08\/postQueueImg_18-630fa8f795e67.jpg","contentUrl":"https:\/\/static.africa-press.net\/benin\/sites\/46\/2022\/08\/postQueueImg_18-630fa8f795e67.jpg","width":1200,"height":800,"caption":"L\u00e9gislatives 2023: la CENA en mission dans les 77 Communes d\u00e8s le 1er Septembre"},{"@type":"BreadcrumbList","@id":"https:\/\/www.africa-press.net\/benin\/politique\/legislatives-2023-la-cena-en-mission-dans-les-77-communes-des-le-1er-septembre#breadcrumb","itemListElement":[{"@type":"ListItem","position":1,"name":"Accueil","item":"https:\/\/www.africa-press.net\/benin\/"},{"@type":"ListItem","position":2,"name":"L\u00e9gislatives 2023: la CENA en mission dans les 77 Communes d\u00e8s le 1er Septembre"}]},{"@type":"WebSite","@id":"https:\/\/www.africa-press.net\/benin\/#website","url":"https:\/\/www.africa-press.net\/benin\/","name":"B\u00e9nin","description":"Just another Africa News Agency Sites site","potentialAction":[{"@type":"SearchAction","target":{"@type":"EntryPoint","urlTemplate":"https:\/\/www.africa-press.net\/benin\/?s={search_term_string}"},"query-input":{"@type":"PropertyValueSpecification","valueRequired":true,"valueName":"search_term_string"}}],"inLanguage":"fr-FR"},{"@type":"Person","@id":"https:\/\/www.africa-press.net\/benin\/#\/schema\/person\/2b1cf3cd81a31e3cd26889ca66d677f1","name":"cfeditorfr"}]}},"_links":{"self":[{"href":"https:\/\/www.africa-press.net\/benin\/wp-json\/wp\/v2\/posts\/8460","targetHints":{"allow":["GET"]}}],"collection":[{"href":"https:\/\/www.africa-press.net\/benin\/wp-json\/wp\/v2\/posts"}],"about":[{"href":"https:\/\/www.africa-press.net\/benin\/wp-json\/wp\/v2\/types\/post"}],"author":[{"embeddable":true,"href":"https:\/\/www.africa-press.net\/benin\/wp-json\/wp\/v2\/users\/82"}],"replies":[{"embeddable":true,"href":"https:\/\/www.africa-press.net\/benin\/wp-json\/wp\/v2\/comments?post=8460"}],"version-history":[{"count":0,"href":"https:\/\/www.africa-press.net\/benin\/wp-json\/wp\/v2\/posts\/8460\/revisions"}],"wp:featuredmedia":[{"embeddable":true,"href":"https:\/\/www.africa-press.net\/benin\/wp-json\/wp\/v2\/media\/8459"}],"wp:attachment":[{"href":"https:\/\/www.africa-press.net\/benin\/wp-json\/wp\/v2\/media?parent=8460"}],"wp:term":[{"taxonomy":"category","embeddable":true,"href":"https:\/\/www.africa-press.net\/benin\/wp-json\/wp\/v2\/categories?post=8460"},{"taxonomy":"post_tag","embeddable":true,"href":"https:\/\/www.africa-press.net\/benin\/wp-json\/wp\/v2\/tags?post=8460"}],"curies":[{"name":"wp","href":"https:\/\/api.w.org\/{rel}","templated":true}]}}