{"id":8463,"date":"2022-08-31T18:19:19","date_gmt":"2022-08-31T18:19:19","guid":{"rendered":"https:\/\/www.africa-press.net\/benin\/politique\/benin-demographie-patrice-talon-envisage-un-programme-de-maitrise-des-naissances"},"modified":"2022-08-31T18:32:25","modified_gmt":"2022-08-31T18:32:25","slug":"benin-demographie-patrice-talon-envisage-un-programme-de-maitrise-des-naissances","status":"publish","type":"post","link":"https:\/\/www.africa-press.net\/benin\/politique\/benin-demographie-patrice-talon-envisage-un-programme-de-maitrise-des-naissances","title":{"rendered":"B\u00e9nin \u2013 D\u00e9mographie: Patrice Talon envisage un programme de maitrise des naissances"},"content":{"rendered":"<p><span style=\"color: #ff6600\"><strong>Africa-Press &#8211; Benin. <\/strong><\/span>Le B\u00e9nin \u00e0 l\u2019instar de la plupart des pays d\u2019Afrique est confront\u00e9 \u00e0 une pouss\u00e9e d\u00e9mographique trop \u00e9lev\u00e9e. Face \u00e0 l\u2019impact de cette pouss\u00e9e d\u00e9mographique sur le d\u00e9veloppement, les autorit\u00e9s du B\u00e9nin envisagent une politique de ma\u00eetrise des naissances.<\/p>\n<p>Le B\u00e9nin va bient\u00f4t lancer un programme de ma\u00eetrise des naissances pour faire face \u00e0 la pouss\u00e9e d\u00e9mographique trop forte. L\u2019annonce de la mise en place de cette politique d\u00e8s 2023 a \u00e9t\u00e9 faite par le chef de l\u2019Etat b\u00e9ninois, le pr\u00e9sident Patrice Talon au cours d\u2019un entretien avec les confr\u00e8res de \u00ab Le figaro \u00bb en marge de la rencontre qu\u2019il a eu avec les entrepreneurs de la France. Pour le pr\u00e9sident de la R\u00e9publique du B\u00e9nin, une pouss\u00e9e d\u00e9mographique trop forte est un \u00ab facteur p\u00e9nalisant pour le d\u00e9veloppement \u00bb.<\/p>\n<p>\u00ab <b>Autant la taille d\u2019une population et sa jeunesse peuvent \u00eatre un atout, autant son augmentation trop rapide est un frein pour son d\u00e9veloppement<\/b>\u00ab , a confi\u00e9 Patrice Talon.<\/p>\n<p>Selon l\u2019expos\u00e9 du pr\u00e9sident Patrice Talon, quand dans un pays, la demande en mati\u00e8re d\u2019\u00e9ducation, de sant\u00e9 et de l\u2019emploi cro\u00eet beaucoup trop vite que l\u2019investissement et l\u2019offre dans ces trois domaines, le pays s\u2019appauvrit.<\/p>\n<p>Pour le pr\u00e9sident b\u00e9ninois, il est une r\u00e9alit\u00e9 que les moyens dont dispose un Etat ne peuvent jamais suffire pour faire face \u00e0 toutes les sollicitations de ces citoyens, \u00e0 toutes les sollicitations d\u2019une population qui croit de fa\u00e7on exponentielle.<\/p>\n<p>Une politique de ma\u00eetrise des naissances, la solution<\/p>\n<p>Pour r\u00e9soudre le d\u00e9calage entre les moyens de l\u2019Etat et la croissance exponentielle de la population, Patrice Talon estime qu\u2019une politique de maitrise des naissances peut \u00eatre la solution. \u00ab <b>Tout cela peut \u00eatre mis dans une politique de ma\u00eetrise des naissances, avec la p\u00e9dagogie et des mesures incitatives \u00bb, a confi\u00e9 Patrice Talon \u00e0 <\/b>\u00ab Le figaro \u00bb. Une politique que son gouvernement envisage mettre en \u0153uvre d\u2019ici 2023.<\/p>\n<p><strong>Pour plus d&rsquo;informations et d&rsquo;analyses sur la <a href=\"https:\/\/www.africa-press.net\/benin\">Benin<\/a>, suivez <a href=\"https:\/\/www.africa-press.net\/\">Africa-Press<\/a><\/strong><\/p>\n","protected":false},"excerpt":{"rendered":"<p>Africa-Press &#8211; Benin. Le B\u00e9nin \u00e0 l\u2019instar de la plupart des pays d\u2019Afrique est confront\u00e9 \u00e0 une pouss\u00e9e d\u00e9mographique trop \u00e9lev\u00e9e. Face \u00e0 l\u2019impact de cette pouss\u00e9e d\u00e9mographique sur le d\u00e9veloppement, les autorit\u00e9s du B\u00e9nin envisagent une politique de ma\u00eetrise des naissances. Le B\u00e9nin va bient\u00f4t lancer un programme de ma\u00eetrise des naissances pour faire [&hellip;]<\/p>\n","protected":false},"author":82,"featured_media":8462,"comment_status":"open","ping_status":"closed","sticky":false,"template":"","format":"standard","meta":{"footnotes":""},"categories":[11,2,10],"tags":[36,50,45],"class_list":["post-8463","post","type-post","status-publish","format-standard","has-post-thumbnail","hentry","category-homepage-french","category-politique","category-toutes-les-actualites","tag-africa-press","tag-africa-press-benin","tag-benin"],"yoast_head":"<!-- This site is optimized with the Yoast SEO Premium plugin v26.1 (Yoast SEO v27.0) - https:\/\/yoast.com\/product\/yoast-seo-premium-wordpress\/ -->\n<title>B\u00e9nin \u2013 D\u00e9mographie: Patrice Talon envisage un programme de maitrise des naissances - B\u00e9nin<\/title>\n<meta name=\"description\" content=\"Le B\u00e9nin \u00e0 l\u2019instar de la plupart des pays d\u2019Afrique est confront\u00e9 \u00e0 une pouss\u00e9e d\u00e9mographique trop \u00e9lev\u00e9e. Face \u00e0 l\u2019imp ...\" \/>\n<meta name=\"robots\" content=\"index, follow, max-snippet:-1, max-image-preview:large, max-video-preview:-1\" \/>\n<link rel=\"canonical\" href=\"https:\/\/www.africa-press.net\/benin\/politique\/benin-demographie-patrice-talon-envisage-un-programme-de-maitrise-des-naissances\" \/>\n<meta property=\"og:locale\" content=\"fr_FR\" \/>\n<meta property=\"og:type\" content=\"article\" \/>\n<meta property=\"og:title\" content=\"B\u00e9nin \u2013 D\u00e9mographie: Patrice Talon envisage un programme de maitrise des naissances\" \/>\n<meta property=\"og:description\" content=\"Le B\u00e9nin \u00e0 l\u2019instar de la plupart des pays d\u2019Afrique est confront\u00e9 \u00e0 une pouss\u00e9e d\u00e9mographique trop \u00e9lev\u00e9e. Face \u00e0 l\u2019imp ...\" \/>\n<meta property=\"og:url\" content=\"https:\/\/www.africa-press.net\/benin\/politique\/benin-demographie-patrice-talon-envisage-un-programme-de-maitrise-des-naissances\" \/>\n<meta property=\"og:site_name\" content=\"B\u00e9nin\" \/>\n<meta property=\"article:published_time\" content=\"2022-08-31T18:19:19+00:00\" \/>\n<meta property=\"article:modified_time\" content=\"2022-08-31T18:32:25+00:00\" \/>\n<meta property=\"og:image\" content=\"https:\/\/static.africa-press.net\/benin\/sites\/46\/2022\/08\/postQueueImg_19-630fa924ede67.jpg\" \/>\n\t<meta property=\"og:image:width\" content=\"1200\" \/>\n\t<meta property=\"og:image:height\" content=\"688\" \/>\n\t<meta property=\"og:image:type\" content=\"image\/jpeg\" \/>\n<meta name=\"author\" content=\"cfeditorfr\" \/>\n<meta name=\"twitter:card\" content=\"summary_large_image\" \/>\n<meta name=\"twitter:label1\" content=\"\u00c9crit par\" \/>\n\t<meta name=\"twitter:data1\" content=\"cfeditorfr\" \/>\n\t<meta name=\"twitter:label2\" content=\"Dur\u00e9e de lecture estim\u00e9e\" \/>\n\t<meta name=\"twitter:data2\" content=\"2 minutes\" \/>\n<script type=\"application\/ld+json\" class=\"yoast-schema-graph\">{\"@context\":\"https:\/\/schema.org\",\"@graph\":[{\"@type\":\"Article\",\"@id\":\"https:\/\/www.africa-press.net\/benin\/politique\/benin-demographie-patrice-talon-envisage-un-programme-de-maitrise-des-naissances#article\",\"isPartOf\":{\"@id\":\"https:\/\/www.africa-press.net\/benin\/politique\/benin-demographie-patrice-talon-envisage-un-programme-de-maitrise-des-naissances\"},\"author\":{\"name\":\"cfeditorfr\",\"@id\":\"https:\/\/www.africa-press.net\/benin\/#\/schema\/person\/2b1cf3cd81a31e3cd26889ca66d677f1\"},\"headline\":\"B\u00e9nin \u2013 D\u00e9mographie: Patrice Talon envisage un programme de maitrise des naissances\",\"datePublished\":\"2022-08-31T18:19:19+00:00\",\"dateModified\":\"2022-08-31T18:32:25+00:00\",\"mainEntityOfPage\":{\"@id\":\"https:\/\/www.africa-press.net\/benin\/politique\/benin-demographie-patrice-talon-envisage-un-programme-de-maitrise-des-naissances\"},\"wordCount\":379,\"commentCount\":0,\"image\":{\"@id\":\"https:\/\/www.africa-press.net\/benin\/politique\/benin-demographie-patrice-talon-envisage-un-programme-de-maitrise-des-naissances#primaryimage\"},\"thumbnailUrl\":\"https:\/\/static.africa-press.net\/benin\/sites\/46\/2022\/08\/postQueueImg_19-630fa924ede67.jpg\",\"keywords\":[\"Africa Press\",\"Africa Press-Benin\",\"B\u00e9nin\"],\"articleSection\":[\"homepage-french\",\"Politique\",\"Toutes les actualit\u00e9s\"],\"inLanguage\":\"fr-FR\",\"potentialAction\":[{\"@type\":\"CommentAction\",\"name\":\"Comment\",\"target\":[\"https:\/\/www.africa-press.net\/benin\/politique\/benin-demographie-patrice-talon-envisage-un-programme-de-maitrise-des-naissances#respond\"]}]},{\"@type\":\"WebPage\",\"@id\":\"https:\/\/www.africa-press.net\/benin\/politique\/benin-demographie-patrice-talon-envisage-un-programme-de-maitrise-des-naissances\",\"url\":\"https:\/\/www.africa-press.net\/benin\/politique\/benin-demographie-patrice-talon-envisage-un-programme-de-maitrise-des-naissances\",\"name\":\"B\u00e9nin \u2013 D\u00e9mographie: Patrice Talon envisage un programme de maitrise des naissances - B\u00e9nin\",\"isPartOf\":{\"@id\":\"https:\/\/www.africa-press.net\/benin\/#website\"},\"primaryImageOfPage\":{\"@id\":\"https:\/\/www.africa-press.net\/benin\/politique\/benin-demographie-patrice-talon-envisage-un-programme-de-maitrise-des-naissances#primaryimage\"},\"image\":{\"@id\":\"https:\/\/www.africa-press.net\/benin\/politique\/benin-demographie-patrice-talon-envisage-un-programme-de-maitrise-des-naissances#primaryimage\"},\"thumbnailUrl\":\"https:\/\/static.africa-press.net\/benin\/sites\/46\/2022\/08\/postQueueImg_19-630fa924ede67.jpg\",\"datePublished\":\"2022-08-31T18:19:19+00:00\",\"dateModified\":\"2022-08-31T18:32:25+00:00\",\"author\":{\"@id\":\"https:\/\/www.africa-press.net\/benin\/#\/schema\/person\/2b1cf3cd81a31e3cd26889ca66d677f1\"},\"description\":\"Le B\u00e9nin \u00e0 l\u2019instar de la plupart des pays d\u2019Afrique est confront\u00e9 \u00e0 une pouss\u00e9e d\u00e9mographique trop \u00e9lev\u00e9e. Face \u00e0 l\u2019imp ...\",\"breadcrumb\":{\"@id\":\"https:\/\/www.africa-press.net\/benin\/politique\/benin-demographie-patrice-talon-envisage-un-programme-de-maitrise-des-naissances#breadcrumb\"},\"inLanguage\":\"fr-FR\",\"potentialAction\":[{\"@type\":\"ReadAction\",\"target\":[\"https:\/\/www.africa-press.net\/benin\/politique\/benin-demographie-patrice-talon-envisage-un-programme-de-maitrise-des-naissances\"]}]},{\"@type\":\"ImageObject\",\"inLanguage\":\"fr-FR\",\"@id\":\"https:\/\/www.africa-press.net\/benin\/politique\/benin-demographie-patrice-talon-envisage-un-programme-de-maitrise-des-naissances#primaryimage\",\"url\":\"https:\/\/static.africa-press.net\/benin\/sites\/46\/2022\/08\/postQueueImg_19-630fa924ede67.jpg\",\"contentUrl\":\"https:\/\/static.africa-press.net\/benin\/sites\/46\/2022\/08\/postQueueImg_19-630fa924ede67.jpg\",\"width\":1200,\"height\":688,\"caption\":\"B\u00e9nin \u2013 D\u00e9mographie: Patrice Talon envisage un programme de maitrise des naissances\"},{\"@type\":\"BreadcrumbList\",\"@id\":\"https:\/\/www.africa-press.net\/benin\/politique\/benin-demographie-patrice-talon-envisage-un-programme-de-maitrise-des-naissances#breadcrumb\",\"itemListElement\":[{\"@type\":\"ListItem\",\"position\":1,\"name\":\"Accueil\",\"item\":\"https:\/\/www.africa-press.net\/benin\/\"},{\"@type\":\"ListItem\",\"position\":2,\"name\":\"B\u00e9nin \u2013 D\u00e9mographie: Patrice Talon envisage un programme de maitrise des naissances\"}]},{\"@type\":\"WebSite\",\"@id\":\"https:\/\/www.africa-press.net\/benin\/#website\",\"url\":\"https:\/\/www.africa-press.net\/benin\/\",\"name\":\"B\u00e9nin\",\"description\":\"Just another Africa News Agency Sites site\",\"potentialAction\":[{\"@type\":\"SearchAction\",\"target\":{\"@type\":\"EntryPoint\",\"urlTemplate\":\"https:\/\/www.africa-press.net\/benin\/?s={search_term_string}\"},\"query-input\":{\"@type\":\"PropertyValueSpecification\",\"valueRequired\":true,\"valueName\":\"search_term_string\"}}],\"inLanguage\":\"fr-FR\"},{\"@type\":\"Person\",\"@id\":\"https:\/\/www.africa-press.net\/benin\/#\/schema\/person\/2b1cf3cd81a31e3cd26889ca66d677f1\",\"name\":\"cfeditorfr\"}]}<\/script>\n<!-- \/ Yoast SEO Premium plugin. -->","yoast_head_json":{"title":"B\u00e9nin \u2013 D\u00e9mographie: Patrice Talon envisage un programme de maitrise des naissances - B\u00e9nin","description":"Le B\u00e9nin \u00e0 l\u2019instar de la plupart des pays d\u2019Afrique est confront\u00e9 \u00e0 une pouss\u00e9e d\u00e9mographique trop \u00e9lev\u00e9e. Face \u00e0 l\u2019imp ...","robots":{"index":"index","follow":"follow","max-snippet":"max-snippet:-1","max-image-preview":"max-image-preview:large","max-video-preview":"max-video-preview:-1"},"canonical":"https:\/\/www.africa-press.net\/benin\/politique\/benin-demographie-patrice-talon-envisage-un-programme-de-maitrise-des-naissances","og_locale":"fr_FR","og_type":"article","og_title":"B\u00e9nin \u2013 D\u00e9mographie: Patrice Talon envisage un programme de maitrise des naissances","og_description":"Le B\u00e9nin \u00e0 l\u2019instar de la plupart des pays d\u2019Afrique est confront\u00e9 \u00e0 une pouss\u00e9e d\u00e9mographique trop \u00e9lev\u00e9e. Face \u00e0 l\u2019imp ...","og_url":"https:\/\/www.africa-press.net\/benin\/politique\/benin-demographie-patrice-talon-envisage-un-programme-de-maitrise-des-naissances","og_site_name":"B\u00e9nin","article_published_time":"2022-08-31T18:19:19+00:00","article_modified_time":"2022-08-31T18:32:25+00:00","og_image":[{"width":1200,"height":688,"url":"https:\/\/static.africa-press.net\/benin\/sites\/46\/2022\/08\/postQueueImg_19-630fa924ede67.jpg","type":"image\/jpeg"}],"author":"cfeditorfr","twitter_card":"summary_large_image","twitter_misc":{"\u00c9crit par":"cfeditorfr","Dur\u00e9e de lecture estim\u00e9e":"2 minutes"},"schema":{"@context":"https:\/\/schema.org","@graph":[{"@type":"Article","@id":"https:\/\/www.africa-press.net\/benin\/politique\/benin-demographie-patrice-talon-envisage-un-programme-de-maitrise-des-naissances#article","isPartOf":{"@id":"https:\/\/www.africa-press.net\/benin\/politique\/benin-demographie-patrice-talon-envisage-un-programme-de-maitrise-des-naissances"},"author":{"name":"cfeditorfr","@id":"https:\/\/www.africa-press.net\/benin\/#\/schema\/person\/2b1cf3cd81a31e3cd26889ca66d677f1"},"headline":"B\u00e9nin \u2013 D\u00e9mographie: Patrice Talon envisage un programme de maitrise des naissances","datePublished":"2022-08-31T18:19:19+00:00","dateModified":"2022-08-31T18:32:25+00:00","mainEntityOfPage":{"@id":"https:\/\/www.africa-press.net\/benin\/politique\/benin-demographie-patrice-talon-envisage-un-programme-de-maitrise-des-naissances"},"wordCount":379,"commentCount":0,"image":{"@id":"https:\/\/www.africa-press.net\/benin\/politique\/benin-demographie-patrice-talon-envisage-un-programme-de-maitrise-des-naissances#primaryimage"},"thumbnailUrl":"https:\/\/static.africa-press.net\/benin\/sites\/46\/2022\/08\/postQueueImg_19-630fa924ede67.jpg","keywords":["Africa Press","Africa Press-Benin","B\u00e9nin"],"articleSection":["homepage-french","Politique","Toutes les actualit\u00e9s"],"inLanguage":"fr-FR","potentialAction":[{"@type":"CommentAction","name":"Comment","target":["https:\/\/www.africa-press.net\/benin\/politique\/benin-demographie-patrice-talon-envisage-un-programme-de-maitrise-des-naissances#respond"]}]},{"@type":"WebPage","@id":"https:\/\/www.africa-press.net\/benin\/politique\/benin-demographie-patrice-talon-envisage-un-programme-de-maitrise-des-naissances","url":"https:\/\/www.africa-press.net\/benin\/politique\/benin-demographie-patrice-talon-envisage-un-programme-de-maitrise-des-naissances","name":"B\u00e9nin \u2013 D\u00e9mographie: Patrice Talon envisage un programme de maitrise des naissances - B\u00e9nin","isPartOf":{"@id":"https:\/\/www.africa-press.net\/benin\/#website"},"primaryImageOfPage":{"@id":"https:\/\/www.africa-press.net\/benin\/politique\/benin-demographie-patrice-talon-envisage-un-programme-de-maitrise-des-naissances#primaryimage"},"image":{"@id":"https:\/\/www.africa-press.net\/benin\/politique\/benin-demographie-patrice-talon-envisage-un-programme-de-maitrise-des-naissances#primaryimage"},"thumbnailUrl":"https:\/\/static.africa-press.net\/benin\/sites\/46\/2022\/08\/postQueueImg_19-630fa924ede67.jpg","datePublished":"2022-08-31T18:19:19+00:00","dateModified":"2022-08-31T18:32:25+00:00","author":{"@id":"https:\/\/www.africa-press.net\/benin\/#\/schema\/person\/2b1cf3cd81a31e3cd26889ca66d677f1"},"description":"Le B\u00e9nin \u00e0 l\u2019instar de la plupart des pays d\u2019Afrique est confront\u00e9 \u00e0 une pouss\u00e9e d\u00e9mographique trop \u00e9lev\u00e9e. Face \u00e0 l\u2019imp ...","breadcrumb":{"@id":"https:\/\/www.africa-press.net\/benin\/politique\/benin-demographie-patrice-talon-envisage-un-programme-de-maitrise-des-naissances#breadcrumb"},"inLanguage":"fr-FR","potentialAction":[{"@type":"ReadAction","target":["https:\/\/www.africa-press.net\/benin\/politique\/benin-demographie-patrice-talon-envisage-un-programme-de-maitrise-des-naissances"]}]},{"@type":"ImageObject","inLanguage":"fr-FR","@id":"https:\/\/www.africa-press.net\/benin\/politique\/benin-demographie-patrice-talon-envisage-un-programme-de-maitrise-des-naissances#primaryimage","url":"https:\/\/static.africa-press.net\/benin\/sites\/46\/2022\/08\/postQueueImg_19-630fa924ede67.jpg","contentUrl":"https:\/\/static.africa-press.net\/benin\/sites\/46\/2022\/08\/postQueueImg_19-630fa924ede67.jpg","width":1200,"height":688,"caption":"B\u00e9nin \u2013 D\u00e9mographie: Patrice Talon envisage un programme de maitrise des naissances"},{"@type":"BreadcrumbList","@id":"https:\/\/www.africa-press.net\/benin\/politique\/benin-demographie-patrice-talon-envisage-un-programme-de-maitrise-des-naissances#breadcrumb","itemListElement":[{"@type":"ListItem","position":1,"name":"Accueil","item":"https:\/\/www.africa-press.net\/benin\/"},{"@type":"ListItem","position":2,"name":"B\u00e9nin \u2013 D\u00e9mographie: Patrice Talon envisage un programme de maitrise des naissances"}]},{"@type":"WebSite","@id":"https:\/\/www.africa-press.net\/benin\/#website","url":"https:\/\/www.africa-press.net\/benin\/","name":"B\u00e9nin","description":"Just another Africa News Agency Sites site","potentialAction":[{"@type":"SearchAction","target":{"@type":"EntryPoint","urlTemplate":"https:\/\/www.africa-press.net\/benin\/?s={search_term_string}"},"query-input":{"@type":"PropertyValueSpecification","valueRequired":true,"valueName":"search_term_string"}}],"inLanguage":"fr-FR"},{"@type":"Person","@id":"https:\/\/www.africa-press.net\/benin\/#\/schema\/person\/2b1cf3cd81a31e3cd26889ca66d677f1","name":"cfeditorfr"}]}},"_links":{"self":[{"href":"https:\/\/www.africa-press.net\/benin\/wp-json\/wp\/v2\/posts\/8463","targetHints":{"allow":["GET"]}}],"collection":[{"href":"https:\/\/www.africa-press.net\/benin\/wp-json\/wp\/v2\/posts"}],"about":[{"href":"https:\/\/www.africa-press.net\/benin\/wp-json\/wp\/v2\/types\/post"}],"author":[{"embeddable":true,"href":"https:\/\/www.africa-press.net\/benin\/wp-json\/wp\/v2\/users\/82"}],"replies":[{"embeddable":true,"href":"https:\/\/www.africa-press.net\/benin\/wp-json\/wp\/v2\/comments?post=8463"}],"version-history":[{"count":0,"href":"https:\/\/www.africa-press.net\/benin\/wp-json\/wp\/v2\/posts\/8463\/revisions"}],"wp:featuredmedia":[{"embeddable":true,"href":"https:\/\/www.africa-press.net\/benin\/wp-json\/wp\/v2\/media\/8462"}],"wp:attachment":[{"href":"https:\/\/www.africa-press.net\/benin\/wp-json\/wp\/v2\/media?parent=8463"}],"wp:term":[{"taxonomy":"category","embeddable":true,"href":"https:\/\/www.africa-press.net\/benin\/wp-json\/wp\/v2\/categories?post=8463"},{"taxonomy":"post_tag","embeddable":true,"href":"https:\/\/www.africa-press.net\/benin\/wp-json\/wp\/v2\/tags?post=8463"}],"curies":[{"name":"wp","href":"https:\/\/api.w.org\/{rel}","templated":true}]}}