{"id":8466,"date":"2022-08-31T18:19:35","date_gmt":"2022-08-31T18:19:35","guid":{"rendered":"https:\/\/www.africa-press.net\/benin\/politique\/benin-larmee-veut-recruter-300-jeunes-gens-dont-150-dans-lalibori-et-latacora"},"modified":"2022-08-31T18:32:54","modified_gmt":"2022-08-31T18:32:54","slug":"benin-larmee-veut-recruter-300-jeunes-gens-dont-150-dans-lalibori-et-latacora","status":"publish","type":"post","link":"https:\/\/www.africa-press.net\/benin\/toutes-les-actualites\/benin-larmee-veut-recruter-300-jeunes-gens-dont-150-dans-lalibori-et-latacora","title":{"rendered":"B\u00e9nin: l\u2019arm\u00e9e veut recruter 300 jeunes gens, dont 150 dans l\u2019Alibori et l\u2019Atacora"},"content":{"rendered":"<p><span style=\"color: #ff6600\"><strong>Africa-Press &#8211; Benin. <\/strong><\/span>Les Forces arm\u00e9es b\u00e9ninoises (Fab) reste dans la logique de renforcer son effectif. Un concours de recrutement vient encore d\u2019\u00eatre lanc\u00e9 dans ce cadre par deux (02) communiqu\u00e9s du Chef d\u2019Etat-major g\u00e9n\u00e9ral Fructueux Gbaguidi.<\/p>\n<p>L\u2019arm\u00e9e lance le recrutement de 300 jeunes gens, dont 150 dans les D\u00e9partements de l\u2019Abilori et de l\u2019Atacora, et 150 autres dans tous les D\u00e9partements du B\u00e9nin. Les personnes d\u00e9sireuses de rejoindre l\u2019arm\u00e9e \u00e0 travers ce concours sont invit\u00e9s \u00e0 soumettre leurs dossiers de candidature via le site http:\/\/www.sengager.defense.bj du lundi 05 au vendredi 23 septembre 2022.<\/p>\n<p>Les dossiers de candidatures sont \u00e9galement re\u00e7u en d\u00e9p\u00f4t physiques. Les potentiels candidats peuvent se rendre dans les locaux des Pr\u00e9fectures pour faire le d\u00e9p\u00f4t de leurs dossiers.<\/p>\n<p>Conditions \u00e0 remplir et pi\u00e8ces \u00e0 fournir<\/p>\n<p><strong>Pour plus d&rsquo;informations et d&rsquo;analyses sur la <a href=\"https:\/\/www.africa-press.net\/benin\">Benin<\/a>, suivez <a href=\"https:\/\/www.africa-press.net\/\">Africa-Press<\/a><\/strong><\/p>\n","protected":false},"excerpt":{"rendered":"<p>Africa-Press &#8211; Benin. Les Forces arm\u00e9es b\u00e9ninoises (Fab) reste dans la logique de renforcer son effectif. Un concours de recrutement vient encore d\u2019\u00eatre lanc\u00e9 dans ce cadre par deux (02) communiqu\u00e9s du Chef d\u2019Etat-major g\u00e9n\u00e9ral Fructueux Gbaguidi. L\u2019arm\u00e9e lance le recrutement de 300 jeunes gens, dont 150 dans les D\u00e9partements de l\u2019Abilori et de l\u2019Atacora, [&hellip;]<\/p>\n","protected":false},"author":82,"featured_media":8465,"comment_status":"open","ping_status":"closed","sticky":false,"template":"","format":"standard","meta":{"footnotes":""},"categories":[21,11,10],"tags":[36,50,45],"class_list":["post-8466","post","type-post","status-publish","format-standard","has-post-thumbnail","hentry","category-communaute","category-homepage-french","category-toutes-les-actualites","tag-africa-press","tag-africa-press-benin","tag-benin"],"yoast_head":"<!-- This site is optimized with the Yoast SEO Premium plugin v26.1 (Yoast SEO v27.0) - https:\/\/yoast.com\/product\/yoast-seo-premium-wordpress\/ -->\n<title>B\u00e9nin: l\u2019arm\u00e9e veut recruter 300 jeunes gens, dont 150 dans l\u2019Alibori et l\u2019Atacora - B\u00e9nin<\/title>\n<meta name=\"description\" content=\"Les Forces arm\u00e9es b\u00e9ninoises (Fab) reste dans la logique de renforcer son effectif. Un concours de recrutement vient enc ...\" \/>\n<meta name=\"robots\" content=\"index, follow, max-snippet:-1, max-image-preview:large, max-video-preview:-1\" \/>\n<link rel=\"canonical\" href=\"https:\/\/www.africa-press.net\/benin\/toutes-les-actualites\/benin-larmee-veut-recruter-300-jeunes-gens-dont-150-dans-lalibori-et-latacora\" \/>\n<meta property=\"og:locale\" content=\"fr_FR\" \/>\n<meta property=\"og:type\" content=\"article\" \/>\n<meta property=\"og:title\" content=\"B\u00e9nin: l\u2019arm\u00e9e veut recruter 300 jeunes gens, dont 150 dans l\u2019Alibori et l\u2019Atacora\" \/>\n<meta property=\"og:description\" content=\"Les Forces arm\u00e9es b\u00e9ninoises (Fab) reste dans la logique de renforcer son effectif. Un concours de recrutement vient enc ...\" \/>\n<meta property=\"og:url\" content=\"https:\/\/www.africa-press.net\/benin\/toutes-les-actualites\/benin-larmee-veut-recruter-300-jeunes-gens-dont-150-dans-lalibori-et-latacora\" \/>\n<meta property=\"og:site_name\" content=\"B\u00e9nin\" \/>\n<meta property=\"article:published_time\" content=\"2022-08-31T18:19:35+00:00\" \/>\n<meta property=\"article:modified_time\" content=\"2022-08-31T18:32:54+00:00\" \/>\n<meta property=\"og:image\" content=\"https:\/\/static.africa-press.net\/benin\/sites\/46\/2022\/08\/postQueueImg_20-630fa940e2a45.jpg\" \/>\n\t<meta property=\"og:image:width\" content=\"1280\" \/>\n\t<meta property=\"og:image:height\" content=\"720\" \/>\n\t<meta property=\"og:image:type\" content=\"image\/jpeg\" \/>\n<meta name=\"author\" content=\"cfeditorfr\" \/>\n<meta name=\"twitter:card\" content=\"summary_large_image\" \/>\n<meta name=\"twitter:label1\" content=\"\u00c9crit par\" \/>\n\t<meta name=\"twitter:data1\" content=\"cfeditorfr\" \/>\n\t<meta name=\"twitter:label2\" content=\"Dur\u00e9e de lecture estim\u00e9e\" \/>\n\t<meta name=\"twitter:data2\" content=\"1 minute\" \/>\n<script type=\"application\/ld+json\" class=\"yoast-schema-graph\">{\"@context\":\"https:\/\/schema.org\",\"@graph\":[{\"@type\":\"Article\",\"@id\":\"https:\/\/www.africa-press.net\/benin\/toutes-les-actualites\/benin-larmee-veut-recruter-300-jeunes-gens-dont-150-dans-lalibori-et-latacora#article\",\"isPartOf\":{\"@id\":\"https:\/\/www.africa-press.net\/benin\/toutes-les-actualites\/benin-larmee-veut-recruter-300-jeunes-gens-dont-150-dans-lalibori-et-latacora\"},\"author\":{\"name\":\"cfeditorfr\",\"@id\":\"https:\/\/www.africa-press.net\/benin\/#\/schema\/person\/2b1cf3cd81a31e3cd26889ca66d677f1\"},\"headline\":\"B\u00e9nin: l\u2019arm\u00e9e veut recruter 300 jeunes gens, dont 150 dans l\u2019Alibori et l\u2019Atacora\",\"datePublished\":\"2022-08-31T18:19:35+00:00\",\"dateModified\":\"2022-08-31T18:32:54+00:00\",\"mainEntityOfPage\":{\"@id\":\"https:\/\/www.africa-press.net\/benin\/toutes-les-actualites\/benin-larmee-veut-recruter-300-jeunes-gens-dont-150-dans-lalibori-et-latacora\"},\"wordCount\":175,\"commentCount\":0,\"image\":{\"@id\":\"https:\/\/www.africa-press.net\/benin\/toutes-les-actualites\/benin-larmee-veut-recruter-300-jeunes-gens-dont-150-dans-lalibori-et-latacora#primaryimage\"},\"thumbnailUrl\":\"https:\/\/static.africa-press.net\/benin\/sites\/46\/2022\/08\/postQueueImg_20-630fa940e2a45.jpg\",\"keywords\":[\"Africa Press\",\"Africa Press-Benin\",\"B\u00e9nin\"],\"articleSection\":[\"Communaut\u00e9\",\"homepage-french\",\"Toutes les actualit\u00e9s\"],\"inLanguage\":\"fr-FR\",\"potentialAction\":[{\"@type\":\"CommentAction\",\"name\":\"Comment\",\"target\":[\"https:\/\/www.africa-press.net\/benin\/toutes-les-actualites\/benin-larmee-veut-recruter-300-jeunes-gens-dont-150-dans-lalibori-et-latacora#respond\"]}]},{\"@type\":\"WebPage\",\"@id\":\"https:\/\/www.africa-press.net\/benin\/toutes-les-actualites\/benin-larmee-veut-recruter-300-jeunes-gens-dont-150-dans-lalibori-et-latacora\",\"url\":\"https:\/\/www.africa-press.net\/benin\/toutes-les-actualites\/benin-larmee-veut-recruter-300-jeunes-gens-dont-150-dans-lalibori-et-latacora\",\"name\":\"B\u00e9nin: l\u2019arm\u00e9e veut recruter 300 jeunes gens, dont 150 dans l\u2019Alibori et l\u2019Atacora - B\u00e9nin\",\"isPartOf\":{\"@id\":\"https:\/\/www.africa-press.net\/benin\/#website\"},\"primaryImageOfPage\":{\"@id\":\"https:\/\/www.africa-press.net\/benin\/toutes-les-actualites\/benin-larmee-veut-recruter-300-jeunes-gens-dont-150-dans-lalibori-et-latacora#primaryimage\"},\"image\":{\"@id\":\"https:\/\/www.africa-press.net\/benin\/toutes-les-actualites\/benin-larmee-veut-recruter-300-jeunes-gens-dont-150-dans-lalibori-et-latacora#primaryimage\"},\"thumbnailUrl\":\"https:\/\/static.africa-press.net\/benin\/sites\/46\/2022\/08\/postQueueImg_20-630fa940e2a45.jpg\",\"datePublished\":\"2022-08-31T18:19:35+00:00\",\"dateModified\":\"2022-08-31T18:32:54+00:00\",\"author\":{\"@id\":\"https:\/\/www.africa-press.net\/benin\/#\/schema\/person\/2b1cf3cd81a31e3cd26889ca66d677f1\"},\"description\":\"Les Forces arm\u00e9es b\u00e9ninoises (Fab) reste dans la logique de renforcer son effectif. Un concours de recrutement vient enc ...\",\"breadcrumb\":{\"@id\":\"https:\/\/www.africa-press.net\/benin\/toutes-les-actualites\/benin-larmee-veut-recruter-300-jeunes-gens-dont-150-dans-lalibori-et-latacora#breadcrumb\"},\"inLanguage\":\"fr-FR\",\"potentialAction\":[{\"@type\":\"ReadAction\",\"target\":[\"https:\/\/www.africa-press.net\/benin\/toutes-les-actualites\/benin-larmee-veut-recruter-300-jeunes-gens-dont-150-dans-lalibori-et-latacora\"]}]},{\"@type\":\"ImageObject\",\"inLanguage\":\"fr-FR\",\"@id\":\"https:\/\/www.africa-press.net\/benin\/toutes-les-actualites\/benin-larmee-veut-recruter-300-jeunes-gens-dont-150-dans-lalibori-et-latacora#primaryimage\",\"url\":\"https:\/\/static.africa-press.net\/benin\/sites\/46\/2022\/08\/postQueueImg_20-630fa940e2a45.jpg\",\"contentUrl\":\"https:\/\/static.africa-press.net\/benin\/sites\/46\/2022\/08\/postQueueImg_20-630fa940e2a45.jpg\",\"width\":1280,\"height\":720,\"caption\":\"B\u00e9nin: l\u2019arm\u00e9e veut recruter 300 jeunes gens, dont 150 dans l\u2019Alibori et l\u2019Atacora\"},{\"@type\":\"BreadcrumbList\",\"@id\":\"https:\/\/www.africa-press.net\/benin\/toutes-les-actualites\/benin-larmee-veut-recruter-300-jeunes-gens-dont-150-dans-lalibori-et-latacora#breadcrumb\",\"itemListElement\":[{\"@type\":\"ListItem\",\"position\":1,\"name\":\"Accueil\",\"item\":\"https:\/\/www.africa-press.net\/benin\/\"},{\"@type\":\"ListItem\",\"position\":2,\"name\":\"B\u00e9nin: l\u2019arm\u00e9e veut recruter 300 jeunes gens, dont 150 dans l\u2019Alibori et l\u2019Atacora\"}]},{\"@type\":\"WebSite\",\"@id\":\"https:\/\/www.africa-press.net\/benin\/#website\",\"url\":\"https:\/\/www.africa-press.net\/benin\/\",\"name\":\"B\u00e9nin\",\"description\":\"Just another Africa News Agency Sites site\",\"potentialAction\":[{\"@type\":\"SearchAction\",\"target\":{\"@type\":\"EntryPoint\",\"urlTemplate\":\"https:\/\/www.africa-press.net\/benin\/?s={search_term_string}\"},\"query-input\":{\"@type\":\"PropertyValueSpecification\",\"valueRequired\":true,\"valueName\":\"search_term_string\"}}],\"inLanguage\":\"fr-FR\"},{\"@type\":\"Person\",\"@id\":\"https:\/\/www.africa-press.net\/benin\/#\/schema\/person\/2b1cf3cd81a31e3cd26889ca66d677f1\",\"name\":\"cfeditorfr\"}]}<\/script>\n<!-- \/ Yoast SEO Premium plugin. -->","yoast_head_json":{"title":"B\u00e9nin: l\u2019arm\u00e9e veut recruter 300 jeunes gens, dont 150 dans l\u2019Alibori et l\u2019Atacora - B\u00e9nin","description":"Les Forces arm\u00e9es b\u00e9ninoises (Fab) reste dans la logique de renforcer son effectif. Un concours de recrutement vient enc ...","robots":{"index":"index","follow":"follow","max-snippet":"max-snippet:-1","max-image-preview":"max-image-preview:large","max-video-preview":"max-video-preview:-1"},"canonical":"https:\/\/www.africa-press.net\/benin\/toutes-les-actualites\/benin-larmee-veut-recruter-300-jeunes-gens-dont-150-dans-lalibori-et-latacora","og_locale":"fr_FR","og_type":"article","og_title":"B\u00e9nin: l\u2019arm\u00e9e veut recruter 300 jeunes gens, dont 150 dans l\u2019Alibori et l\u2019Atacora","og_description":"Les Forces arm\u00e9es b\u00e9ninoises (Fab) reste dans la logique de renforcer son effectif. Un concours de recrutement vient enc ...","og_url":"https:\/\/www.africa-press.net\/benin\/toutes-les-actualites\/benin-larmee-veut-recruter-300-jeunes-gens-dont-150-dans-lalibori-et-latacora","og_site_name":"B\u00e9nin","article_published_time":"2022-08-31T18:19:35+00:00","article_modified_time":"2022-08-31T18:32:54+00:00","og_image":[{"width":1280,"height":720,"url":"https:\/\/static.africa-press.net\/benin\/sites\/46\/2022\/08\/postQueueImg_20-630fa940e2a45.jpg","type":"image\/jpeg"}],"author":"cfeditorfr","twitter_card":"summary_large_image","twitter_misc":{"\u00c9crit par":"cfeditorfr","Dur\u00e9e de lecture estim\u00e9e":"1 minute"},"schema":{"@context":"https:\/\/schema.org","@graph":[{"@type":"Article","@id":"https:\/\/www.africa-press.net\/benin\/toutes-les-actualites\/benin-larmee-veut-recruter-300-jeunes-gens-dont-150-dans-lalibori-et-latacora#article","isPartOf":{"@id":"https:\/\/www.africa-press.net\/benin\/toutes-les-actualites\/benin-larmee-veut-recruter-300-jeunes-gens-dont-150-dans-lalibori-et-latacora"},"author":{"name":"cfeditorfr","@id":"https:\/\/www.africa-press.net\/benin\/#\/schema\/person\/2b1cf3cd81a31e3cd26889ca66d677f1"},"headline":"B\u00e9nin: l\u2019arm\u00e9e veut recruter 300 jeunes gens, dont 150 dans l\u2019Alibori et l\u2019Atacora","datePublished":"2022-08-31T18:19:35+00:00","dateModified":"2022-08-31T18:32:54+00:00","mainEntityOfPage":{"@id":"https:\/\/www.africa-press.net\/benin\/toutes-les-actualites\/benin-larmee-veut-recruter-300-jeunes-gens-dont-150-dans-lalibori-et-latacora"},"wordCount":175,"commentCount":0,"image":{"@id":"https:\/\/www.africa-press.net\/benin\/toutes-les-actualites\/benin-larmee-veut-recruter-300-jeunes-gens-dont-150-dans-lalibori-et-latacora#primaryimage"},"thumbnailUrl":"https:\/\/static.africa-press.net\/benin\/sites\/46\/2022\/08\/postQueueImg_20-630fa940e2a45.jpg","keywords":["Africa Press","Africa Press-Benin","B\u00e9nin"],"articleSection":["Communaut\u00e9","homepage-french","Toutes les actualit\u00e9s"],"inLanguage":"fr-FR","potentialAction":[{"@type":"CommentAction","name":"Comment","target":["https:\/\/www.africa-press.net\/benin\/toutes-les-actualites\/benin-larmee-veut-recruter-300-jeunes-gens-dont-150-dans-lalibori-et-latacora#respond"]}]},{"@type":"WebPage","@id":"https:\/\/www.africa-press.net\/benin\/toutes-les-actualites\/benin-larmee-veut-recruter-300-jeunes-gens-dont-150-dans-lalibori-et-latacora","url":"https:\/\/www.africa-press.net\/benin\/toutes-les-actualites\/benin-larmee-veut-recruter-300-jeunes-gens-dont-150-dans-lalibori-et-latacora","name":"B\u00e9nin: l\u2019arm\u00e9e veut recruter 300 jeunes gens, dont 150 dans l\u2019Alibori et l\u2019Atacora - B\u00e9nin","isPartOf":{"@id":"https:\/\/www.africa-press.net\/benin\/#website"},"primaryImageOfPage":{"@id":"https:\/\/www.africa-press.net\/benin\/toutes-les-actualites\/benin-larmee-veut-recruter-300-jeunes-gens-dont-150-dans-lalibori-et-latacora#primaryimage"},"image":{"@id":"https:\/\/www.africa-press.net\/benin\/toutes-les-actualites\/benin-larmee-veut-recruter-300-jeunes-gens-dont-150-dans-lalibori-et-latacora#primaryimage"},"thumbnailUrl":"https:\/\/static.africa-press.net\/benin\/sites\/46\/2022\/08\/postQueueImg_20-630fa940e2a45.jpg","datePublished":"2022-08-31T18:19:35+00:00","dateModified":"2022-08-31T18:32:54+00:00","author":{"@id":"https:\/\/www.africa-press.net\/benin\/#\/schema\/person\/2b1cf3cd81a31e3cd26889ca66d677f1"},"description":"Les Forces arm\u00e9es b\u00e9ninoises (Fab) reste dans la logique de renforcer son effectif. Un concours de recrutement vient enc ...","breadcrumb":{"@id":"https:\/\/www.africa-press.net\/benin\/toutes-les-actualites\/benin-larmee-veut-recruter-300-jeunes-gens-dont-150-dans-lalibori-et-latacora#breadcrumb"},"inLanguage":"fr-FR","potentialAction":[{"@type":"ReadAction","target":["https:\/\/www.africa-press.net\/benin\/toutes-les-actualites\/benin-larmee-veut-recruter-300-jeunes-gens-dont-150-dans-lalibori-et-latacora"]}]},{"@type":"ImageObject","inLanguage":"fr-FR","@id":"https:\/\/www.africa-press.net\/benin\/toutes-les-actualites\/benin-larmee-veut-recruter-300-jeunes-gens-dont-150-dans-lalibori-et-latacora#primaryimage","url":"https:\/\/static.africa-press.net\/benin\/sites\/46\/2022\/08\/postQueueImg_20-630fa940e2a45.jpg","contentUrl":"https:\/\/static.africa-press.net\/benin\/sites\/46\/2022\/08\/postQueueImg_20-630fa940e2a45.jpg","width":1280,"height":720,"caption":"B\u00e9nin: l\u2019arm\u00e9e veut recruter 300 jeunes gens, dont 150 dans l\u2019Alibori et l\u2019Atacora"},{"@type":"BreadcrumbList","@id":"https:\/\/www.africa-press.net\/benin\/toutes-les-actualites\/benin-larmee-veut-recruter-300-jeunes-gens-dont-150-dans-lalibori-et-latacora#breadcrumb","itemListElement":[{"@type":"ListItem","position":1,"name":"Accueil","item":"https:\/\/www.africa-press.net\/benin\/"},{"@type":"ListItem","position":2,"name":"B\u00e9nin: l\u2019arm\u00e9e veut recruter 300 jeunes gens, dont 150 dans l\u2019Alibori et l\u2019Atacora"}]},{"@type":"WebSite","@id":"https:\/\/www.africa-press.net\/benin\/#website","url":"https:\/\/www.africa-press.net\/benin\/","name":"B\u00e9nin","description":"Just another Africa News Agency Sites site","potentialAction":[{"@type":"SearchAction","target":{"@type":"EntryPoint","urlTemplate":"https:\/\/www.africa-press.net\/benin\/?s={search_term_string}"},"query-input":{"@type":"PropertyValueSpecification","valueRequired":true,"valueName":"search_term_string"}}],"inLanguage":"fr-FR"},{"@type":"Person","@id":"https:\/\/www.africa-press.net\/benin\/#\/schema\/person\/2b1cf3cd81a31e3cd26889ca66d677f1","name":"cfeditorfr"}]}},"_links":{"self":[{"href":"https:\/\/www.africa-press.net\/benin\/wp-json\/wp\/v2\/posts\/8466","targetHints":{"allow":["GET"]}}],"collection":[{"href":"https:\/\/www.africa-press.net\/benin\/wp-json\/wp\/v2\/posts"}],"about":[{"href":"https:\/\/www.africa-press.net\/benin\/wp-json\/wp\/v2\/types\/post"}],"author":[{"embeddable":true,"href":"https:\/\/www.africa-press.net\/benin\/wp-json\/wp\/v2\/users\/82"}],"replies":[{"embeddable":true,"href":"https:\/\/www.africa-press.net\/benin\/wp-json\/wp\/v2\/comments?post=8466"}],"version-history":[{"count":0,"href":"https:\/\/www.africa-press.net\/benin\/wp-json\/wp\/v2\/posts\/8466\/revisions"}],"wp:featuredmedia":[{"embeddable":true,"href":"https:\/\/www.africa-press.net\/benin\/wp-json\/wp\/v2\/media\/8465"}],"wp:attachment":[{"href":"https:\/\/www.africa-press.net\/benin\/wp-json\/wp\/v2\/media?parent=8466"}],"wp:term":[{"taxonomy":"category","embeddable":true,"href":"https:\/\/www.africa-press.net\/benin\/wp-json\/wp\/v2\/categories?post=8466"},{"taxonomy":"post_tag","embeddable":true,"href":"https:\/\/www.africa-press.net\/benin\/wp-json\/wp\/v2\/tags?post=8466"}],"curies":[{"name":"wp","href":"https:\/\/api.w.org\/{rel}","templated":true}]}}