{"id":8469,"date":"2022-08-31T18:19:48","date_gmt":"2022-08-31T18:19:48","guid":{"rendered":"https:\/\/www.africa-press.net\/benin\/politique\/benin-nadine-okoumassoun-partage-sa-vision-politique-avec-richard-ouorou"},"modified":"2022-08-31T18:33:22","modified_gmt":"2022-08-31T18:33:22","slug":"benin-nadine-okoumassoun-partage-sa-vision-politique-avec-richard-ouorou","status":"publish","type":"post","link":"https:\/\/www.africa-press.net\/benin\/politique\/benin-nadine-okoumassoun-partage-sa-vision-politique-avec-richard-ouorou","title":{"rendered":"B\u00e9nin: Nadine Okoumassoun partage sa vision politique avec Richard Ouorou"},"content":{"rendered":"<p><span style=\"color: #ff6600\"><strong>Africa-Press &#8211; Benin. <\/strong><\/span>Quelques jours apr\u00e8s son annonce \u00e0 poursuivre son militantisme au sein d\u2019un parti politique, Nadine Okoumassoun a eu un t\u00eate-\u00e0-t\u00eate avec le politologue Richard Boni Ouorou qui a r\u00e9v\u00e9l\u00e9 quelques jours plus t\u00f4t sa volont\u00e9 de cr\u00e9er son parti politique.<\/p>\n<p>Le politologue Richard Boni Ouorou a \u00e9chang\u00e9 ce mardi 30 Ao\u00fbt avec l\u2019activiste des r\u00e9seaux sociaux, Nadine Okoumassoun. Au cours de ce t\u00eate-\u00e0-t\u00eate, le politologue et l\u2019activiste politique ont abord\u00e9 plusieurs sujets li\u00e9s \u00e0 l\u2019 \u2019autonomisation \u00e9conomique et financi\u00e8re et bien \u00e9videmment des sujets ayant trait \u00e0 l\u2019actualit\u00e9 politique nationale.<\/p>\n<p>Cet \u00e9change a eu lieu quelques jours apr\u00e8s que l\u2019activiste politique a annonc\u00e9 qu\u2019elle entend poursuivre son militantisme au sein d\u2019une formation politique. En effet, dans un entretien accord\u00e9 \u00e0 BENINWEBTV apr\u00e8s sa lib\u00e9ration de prison, Nadine Okoumassoun a annonc\u00e9 donner une nouvelle orientation \u00e0 sa lutte politique.<\/p>\n<p>\u00ab <b>Je suis une femme extr\u00eamement ambitieuse. Mais d\u00e9sormais, je r\u00e9pondrai aux principes, visions et objectifs d\u2019un parti politique. Mon militantisme se fera d\u00e9sormais avec une formation politique dont je tais le nom pour le moment<\/b>\u00ab , avait confi\u00e9 Nadine Okoumassoun.<\/p>\n<p>Avant cette d\u00e9claration tonitruante, le consultant et politologue Richard Boni Ouorou avait partag\u00e9 avec son mouvement \u00ab les terriens \u00bb son intention de cr\u00e9er un parti politique. Si Nadine Okoumassoun semble connaitre d\u00e9j\u00e0 le parti politique au sein duquel elle exprimera son id\u00e9ologie politique, cela n\u2019emp\u00eachera pour le politologue de sonder le terrain de cette brave jeune fille qui vient de sortir de prison apr\u00e8s un an derri\u00e8re les barreaux \u00e0 cause de son activisme politique.<\/p>\n<p>En tout cas, le politologue Richard Boni Ouorou ne regrette pas l\u2019\u00e9change qu\u2019il a eu avec l\u2019activiste politique. Selon le t\u00e9moignage du consultant international, cette jeune dame militante n\u2019est pas sans contenu.<\/p>\n<p>Impression de Richard Ouorou apr\u00e8s son \u00e9change avec Nadine Okoumassoun<\/p>\n<p>Apr\u00e8s le t\u00eate-\u00e0-t\u00eate qu\u2019il a eu hier mardi 30 Ao\u00fbt 2022 avec l\u2019activiste politique Nadine Okoumassoun, le politologue Richard Ouorou a fait savoir qu\u2019il a \u00e9chang\u00e9 avec une jeune fille qui a de potentiel \u00e0 revendre. \u00ab <b>J\u2019ai rencontr\u00e9 une personne formidable, remplie de bonne volont\u00e9 et de conviction. Une jeune femme qui s\u2019assume et une exceptionnelle conseill\u00e8re aussi<\/b> \u00bb a confi\u00e9 Richard Ouorou selon des propos rapport\u00e9s par Kpakpatom\u00e9dias.<\/p>\n<p>Impressionn\u00e9 par cette jeune dame d\u00e9termin\u00e9e, le consultant international, Richard Ouorou s\u2019engage \u00e0 \u00eatre pour elle un partenaire. Il a confi\u00e9 \u00e0 l\u2019activiste qu\u2019elle peut compter sur lui apr\u00e8s ce qu\u2019elle a v\u00e9cu derri\u00e8re les barreaux.<\/p>\n<p><strong>Pour plus d&rsquo;informations et d&rsquo;analyses sur la <a href=\"https:\/\/www.africa-press.net\/benin\">Benin<\/a>, suivez <a href=\"https:\/\/www.africa-press.net\/\">Africa-Press<\/a><\/strong><\/p>\n","protected":false},"excerpt":{"rendered":"<p>Africa-Press &#8211; Benin. Quelques jours apr\u00e8s son annonce \u00e0 poursuivre son militantisme au sein d\u2019un parti politique, Nadine Okoumassoun a eu un t\u00eate-\u00e0-t\u00eate avec le politologue Richard Boni Ouorou qui a r\u00e9v\u00e9l\u00e9 quelques jours plus t\u00f4t sa volont\u00e9 de cr\u00e9er son parti politique. Le politologue Richard Boni Ouorou a \u00e9chang\u00e9 ce mardi 30 Ao\u00fbt avec [&hellip;]<\/p>\n","protected":false},"author":82,"featured_media":8468,"comment_status":"open","ping_status":"closed","sticky":false,"template":"","format":"standard","meta":{"footnotes":""},"categories":[11,2,10],"tags":[36,50,45],"class_list":["post-8469","post","type-post","status-publish","format-standard","has-post-thumbnail","hentry","category-homepage-french","category-politique","category-toutes-les-actualites","tag-africa-press","tag-africa-press-benin","tag-benin"],"yoast_head":"<!-- This site is optimized with the Yoast SEO Premium plugin v26.1 (Yoast SEO v27.0) - https:\/\/yoast.com\/product\/yoast-seo-premium-wordpress\/ -->\n<title>B\u00e9nin: Nadine Okoumassoun partage sa vision politique avec Richard Ouorou - B\u00e9nin<\/title>\n<meta name=\"description\" content=\"Quelques jours apr\u00e8s son annonce \u00e0 poursuivre son militantisme au sein d\u2019un parti politique, Nadine Okoumassoun a eu un ...\" \/>\n<meta name=\"robots\" content=\"index, follow, max-snippet:-1, max-image-preview:large, max-video-preview:-1\" \/>\n<link rel=\"canonical\" href=\"https:\/\/www.africa-press.net\/benin\/politique\/benin-nadine-okoumassoun-partage-sa-vision-politique-avec-richard-ouorou\" \/>\n<meta property=\"og:locale\" content=\"fr_FR\" \/>\n<meta property=\"og:type\" content=\"article\" \/>\n<meta property=\"og:title\" content=\"B\u00e9nin: Nadine Okoumassoun partage sa vision politique avec Richard Ouorou\" \/>\n<meta property=\"og:description\" content=\"Quelques jours apr\u00e8s son annonce \u00e0 poursuivre son militantisme au sein d\u2019un parti politique, Nadine Okoumassoun a eu un ...\" \/>\n<meta property=\"og:url\" content=\"https:\/\/www.africa-press.net\/benin\/politique\/benin-nadine-okoumassoun-partage-sa-vision-politique-avec-richard-ouorou\" \/>\n<meta property=\"og:site_name\" content=\"B\u00e9nin\" \/>\n<meta property=\"article:published_time\" content=\"2022-08-31T18:19:48+00:00\" \/>\n<meta property=\"article:modified_time\" content=\"2022-08-31T18:33:22+00:00\" \/>\n<meta property=\"og:image\" content=\"https:\/\/static.africa-press.net\/benin\/sites\/46\/2022\/08\/postQueueImg_21-630fa95c06fc6.jpg\" \/>\n\t<meta property=\"og:image:width\" content=\"1200\" \/>\n\t<meta property=\"og:image:height\" content=\"675\" \/>\n\t<meta property=\"og:image:type\" content=\"image\/jpeg\" \/>\n<meta name=\"author\" content=\"cfeditorfr\" \/>\n<meta name=\"twitter:card\" content=\"summary_large_image\" \/>\n<meta name=\"twitter:label1\" content=\"\u00c9crit par\" \/>\n\t<meta name=\"twitter:data1\" content=\"cfeditorfr\" \/>\n\t<meta name=\"twitter:label2\" content=\"Dur\u00e9e de lecture estim\u00e9e\" \/>\n\t<meta name=\"twitter:data2\" content=\"3 minutes\" \/>\n<script type=\"application\/ld+json\" class=\"yoast-schema-graph\">{\"@context\":\"https:\/\/schema.org\",\"@graph\":[{\"@type\":\"Article\",\"@id\":\"https:\/\/www.africa-press.net\/benin\/politique\/benin-nadine-okoumassoun-partage-sa-vision-politique-avec-richard-ouorou#article\",\"isPartOf\":{\"@id\":\"https:\/\/www.africa-press.net\/benin\/politique\/benin-nadine-okoumassoun-partage-sa-vision-politique-avec-richard-ouorou\"},\"author\":{\"name\":\"cfeditorfr\",\"@id\":\"https:\/\/www.africa-press.net\/benin\/#\/schema\/person\/2b1cf3cd81a31e3cd26889ca66d677f1\"},\"headline\":\"B\u00e9nin: Nadine Okoumassoun partage sa vision politique avec Richard Ouorou\",\"datePublished\":\"2022-08-31T18:19:48+00:00\",\"dateModified\":\"2022-08-31T18:33:22+00:00\",\"mainEntityOfPage\":{\"@id\":\"https:\/\/www.africa-press.net\/benin\/politique\/benin-nadine-okoumassoun-partage-sa-vision-politique-avec-richard-ouorou\"},\"wordCount\":477,\"commentCount\":0,\"image\":{\"@id\":\"https:\/\/www.africa-press.net\/benin\/politique\/benin-nadine-okoumassoun-partage-sa-vision-politique-avec-richard-ouorou#primaryimage\"},\"thumbnailUrl\":\"https:\/\/static.africa-press.net\/benin\/sites\/46\/2022\/08\/postQueueImg_21-630fa95c06fc6.jpg\",\"keywords\":[\"Africa Press\",\"Africa Press-Benin\",\"B\u00e9nin\"],\"articleSection\":[\"homepage-french\",\"Politique\",\"Toutes les actualit\u00e9s\"],\"inLanguage\":\"fr-FR\",\"potentialAction\":[{\"@type\":\"CommentAction\",\"name\":\"Comment\",\"target\":[\"https:\/\/www.africa-press.net\/benin\/politique\/benin-nadine-okoumassoun-partage-sa-vision-politique-avec-richard-ouorou#respond\"]}]},{\"@type\":\"WebPage\",\"@id\":\"https:\/\/www.africa-press.net\/benin\/politique\/benin-nadine-okoumassoun-partage-sa-vision-politique-avec-richard-ouorou\",\"url\":\"https:\/\/www.africa-press.net\/benin\/politique\/benin-nadine-okoumassoun-partage-sa-vision-politique-avec-richard-ouorou\",\"name\":\"B\u00e9nin: Nadine Okoumassoun partage sa vision politique avec Richard Ouorou - B\u00e9nin\",\"isPartOf\":{\"@id\":\"https:\/\/www.africa-press.net\/benin\/#website\"},\"primaryImageOfPage\":{\"@id\":\"https:\/\/www.africa-press.net\/benin\/politique\/benin-nadine-okoumassoun-partage-sa-vision-politique-avec-richard-ouorou#primaryimage\"},\"image\":{\"@id\":\"https:\/\/www.africa-press.net\/benin\/politique\/benin-nadine-okoumassoun-partage-sa-vision-politique-avec-richard-ouorou#primaryimage\"},\"thumbnailUrl\":\"https:\/\/static.africa-press.net\/benin\/sites\/46\/2022\/08\/postQueueImg_21-630fa95c06fc6.jpg\",\"datePublished\":\"2022-08-31T18:19:48+00:00\",\"dateModified\":\"2022-08-31T18:33:22+00:00\",\"author\":{\"@id\":\"https:\/\/www.africa-press.net\/benin\/#\/schema\/person\/2b1cf3cd81a31e3cd26889ca66d677f1\"},\"description\":\"Quelques jours apr\u00e8s son annonce \u00e0 poursuivre son militantisme au sein d\u2019un parti politique, Nadine Okoumassoun a eu un ...\",\"breadcrumb\":{\"@id\":\"https:\/\/www.africa-press.net\/benin\/politique\/benin-nadine-okoumassoun-partage-sa-vision-politique-avec-richard-ouorou#breadcrumb\"},\"inLanguage\":\"fr-FR\",\"potentialAction\":[{\"@type\":\"ReadAction\",\"target\":[\"https:\/\/www.africa-press.net\/benin\/politique\/benin-nadine-okoumassoun-partage-sa-vision-politique-avec-richard-ouorou\"]}]},{\"@type\":\"ImageObject\",\"inLanguage\":\"fr-FR\",\"@id\":\"https:\/\/www.africa-press.net\/benin\/politique\/benin-nadine-okoumassoun-partage-sa-vision-politique-avec-richard-ouorou#primaryimage\",\"url\":\"https:\/\/static.africa-press.net\/benin\/sites\/46\/2022\/08\/postQueueImg_21-630fa95c06fc6.jpg\",\"contentUrl\":\"https:\/\/static.africa-press.net\/benin\/sites\/46\/2022\/08\/postQueueImg_21-630fa95c06fc6.jpg\",\"width\":1200,\"height\":675,\"caption\":\"B\u00e9nin: Nadine Okoumassoun partage sa vision politique avec Richard Ouorou\"},{\"@type\":\"BreadcrumbList\",\"@id\":\"https:\/\/www.africa-press.net\/benin\/politique\/benin-nadine-okoumassoun-partage-sa-vision-politique-avec-richard-ouorou#breadcrumb\",\"itemListElement\":[{\"@type\":\"ListItem\",\"position\":1,\"name\":\"Accueil\",\"item\":\"https:\/\/www.africa-press.net\/benin\/\"},{\"@type\":\"ListItem\",\"position\":2,\"name\":\"B\u00e9nin: Nadine Okoumassoun partage sa vision politique avec Richard Ouorou\"}]},{\"@type\":\"WebSite\",\"@id\":\"https:\/\/www.africa-press.net\/benin\/#website\",\"url\":\"https:\/\/www.africa-press.net\/benin\/\",\"name\":\"B\u00e9nin\",\"description\":\"Just another Africa News Agency Sites site\",\"potentialAction\":[{\"@type\":\"SearchAction\",\"target\":{\"@type\":\"EntryPoint\",\"urlTemplate\":\"https:\/\/www.africa-press.net\/benin\/?s={search_term_string}\"},\"query-input\":{\"@type\":\"PropertyValueSpecification\",\"valueRequired\":true,\"valueName\":\"search_term_string\"}}],\"inLanguage\":\"fr-FR\"},{\"@type\":\"Person\",\"@id\":\"https:\/\/www.africa-press.net\/benin\/#\/schema\/person\/2b1cf3cd81a31e3cd26889ca66d677f1\",\"name\":\"cfeditorfr\"}]}<\/script>\n<!-- \/ Yoast SEO Premium plugin. -->","yoast_head_json":{"title":"B\u00e9nin: Nadine Okoumassoun partage sa vision politique avec Richard Ouorou - B\u00e9nin","description":"Quelques jours apr\u00e8s son annonce \u00e0 poursuivre son militantisme au sein d\u2019un parti politique, Nadine Okoumassoun a eu un ...","robots":{"index":"index","follow":"follow","max-snippet":"max-snippet:-1","max-image-preview":"max-image-preview:large","max-video-preview":"max-video-preview:-1"},"canonical":"https:\/\/www.africa-press.net\/benin\/politique\/benin-nadine-okoumassoun-partage-sa-vision-politique-avec-richard-ouorou","og_locale":"fr_FR","og_type":"article","og_title":"B\u00e9nin: Nadine Okoumassoun partage sa vision politique avec Richard Ouorou","og_description":"Quelques jours apr\u00e8s son annonce \u00e0 poursuivre son militantisme au sein d\u2019un parti politique, Nadine Okoumassoun a eu un ...","og_url":"https:\/\/www.africa-press.net\/benin\/politique\/benin-nadine-okoumassoun-partage-sa-vision-politique-avec-richard-ouorou","og_site_name":"B\u00e9nin","article_published_time":"2022-08-31T18:19:48+00:00","article_modified_time":"2022-08-31T18:33:22+00:00","og_image":[{"width":1200,"height":675,"url":"https:\/\/static.africa-press.net\/benin\/sites\/46\/2022\/08\/postQueueImg_21-630fa95c06fc6.jpg","type":"image\/jpeg"}],"author":"cfeditorfr","twitter_card":"summary_large_image","twitter_misc":{"\u00c9crit par":"cfeditorfr","Dur\u00e9e de lecture estim\u00e9e":"3 minutes"},"schema":{"@context":"https:\/\/schema.org","@graph":[{"@type":"Article","@id":"https:\/\/www.africa-press.net\/benin\/politique\/benin-nadine-okoumassoun-partage-sa-vision-politique-avec-richard-ouorou#article","isPartOf":{"@id":"https:\/\/www.africa-press.net\/benin\/politique\/benin-nadine-okoumassoun-partage-sa-vision-politique-avec-richard-ouorou"},"author":{"name":"cfeditorfr","@id":"https:\/\/www.africa-press.net\/benin\/#\/schema\/person\/2b1cf3cd81a31e3cd26889ca66d677f1"},"headline":"B\u00e9nin: Nadine Okoumassoun partage sa vision politique avec Richard Ouorou","datePublished":"2022-08-31T18:19:48+00:00","dateModified":"2022-08-31T18:33:22+00:00","mainEntityOfPage":{"@id":"https:\/\/www.africa-press.net\/benin\/politique\/benin-nadine-okoumassoun-partage-sa-vision-politique-avec-richard-ouorou"},"wordCount":477,"commentCount":0,"image":{"@id":"https:\/\/www.africa-press.net\/benin\/politique\/benin-nadine-okoumassoun-partage-sa-vision-politique-avec-richard-ouorou#primaryimage"},"thumbnailUrl":"https:\/\/static.africa-press.net\/benin\/sites\/46\/2022\/08\/postQueueImg_21-630fa95c06fc6.jpg","keywords":["Africa Press","Africa Press-Benin","B\u00e9nin"],"articleSection":["homepage-french","Politique","Toutes les actualit\u00e9s"],"inLanguage":"fr-FR","potentialAction":[{"@type":"CommentAction","name":"Comment","target":["https:\/\/www.africa-press.net\/benin\/politique\/benin-nadine-okoumassoun-partage-sa-vision-politique-avec-richard-ouorou#respond"]}]},{"@type":"WebPage","@id":"https:\/\/www.africa-press.net\/benin\/politique\/benin-nadine-okoumassoun-partage-sa-vision-politique-avec-richard-ouorou","url":"https:\/\/www.africa-press.net\/benin\/politique\/benin-nadine-okoumassoun-partage-sa-vision-politique-avec-richard-ouorou","name":"B\u00e9nin: Nadine Okoumassoun partage sa vision politique avec Richard Ouorou - B\u00e9nin","isPartOf":{"@id":"https:\/\/www.africa-press.net\/benin\/#website"},"primaryImageOfPage":{"@id":"https:\/\/www.africa-press.net\/benin\/politique\/benin-nadine-okoumassoun-partage-sa-vision-politique-avec-richard-ouorou#primaryimage"},"image":{"@id":"https:\/\/www.africa-press.net\/benin\/politique\/benin-nadine-okoumassoun-partage-sa-vision-politique-avec-richard-ouorou#primaryimage"},"thumbnailUrl":"https:\/\/static.africa-press.net\/benin\/sites\/46\/2022\/08\/postQueueImg_21-630fa95c06fc6.jpg","datePublished":"2022-08-31T18:19:48+00:00","dateModified":"2022-08-31T18:33:22+00:00","author":{"@id":"https:\/\/www.africa-press.net\/benin\/#\/schema\/person\/2b1cf3cd81a31e3cd26889ca66d677f1"},"description":"Quelques jours apr\u00e8s son annonce \u00e0 poursuivre son militantisme au sein d\u2019un parti politique, Nadine Okoumassoun a eu un ...","breadcrumb":{"@id":"https:\/\/www.africa-press.net\/benin\/politique\/benin-nadine-okoumassoun-partage-sa-vision-politique-avec-richard-ouorou#breadcrumb"},"inLanguage":"fr-FR","potentialAction":[{"@type":"ReadAction","target":["https:\/\/www.africa-press.net\/benin\/politique\/benin-nadine-okoumassoun-partage-sa-vision-politique-avec-richard-ouorou"]}]},{"@type":"ImageObject","inLanguage":"fr-FR","@id":"https:\/\/www.africa-press.net\/benin\/politique\/benin-nadine-okoumassoun-partage-sa-vision-politique-avec-richard-ouorou#primaryimage","url":"https:\/\/static.africa-press.net\/benin\/sites\/46\/2022\/08\/postQueueImg_21-630fa95c06fc6.jpg","contentUrl":"https:\/\/static.africa-press.net\/benin\/sites\/46\/2022\/08\/postQueueImg_21-630fa95c06fc6.jpg","width":1200,"height":675,"caption":"B\u00e9nin: Nadine Okoumassoun partage sa vision politique avec Richard Ouorou"},{"@type":"BreadcrumbList","@id":"https:\/\/www.africa-press.net\/benin\/politique\/benin-nadine-okoumassoun-partage-sa-vision-politique-avec-richard-ouorou#breadcrumb","itemListElement":[{"@type":"ListItem","position":1,"name":"Accueil","item":"https:\/\/www.africa-press.net\/benin\/"},{"@type":"ListItem","position":2,"name":"B\u00e9nin: Nadine Okoumassoun partage sa vision politique avec Richard Ouorou"}]},{"@type":"WebSite","@id":"https:\/\/www.africa-press.net\/benin\/#website","url":"https:\/\/www.africa-press.net\/benin\/","name":"B\u00e9nin","description":"Just another Africa News Agency Sites site","potentialAction":[{"@type":"SearchAction","target":{"@type":"EntryPoint","urlTemplate":"https:\/\/www.africa-press.net\/benin\/?s={search_term_string}"},"query-input":{"@type":"PropertyValueSpecification","valueRequired":true,"valueName":"search_term_string"}}],"inLanguage":"fr-FR"},{"@type":"Person","@id":"https:\/\/www.africa-press.net\/benin\/#\/schema\/person\/2b1cf3cd81a31e3cd26889ca66d677f1","name":"cfeditorfr"}]}},"_links":{"self":[{"href":"https:\/\/www.africa-press.net\/benin\/wp-json\/wp\/v2\/posts\/8469","targetHints":{"allow":["GET"]}}],"collection":[{"href":"https:\/\/www.africa-press.net\/benin\/wp-json\/wp\/v2\/posts"}],"about":[{"href":"https:\/\/www.africa-press.net\/benin\/wp-json\/wp\/v2\/types\/post"}],"author":[{"embeddable":true,"href":"https:\/\/www.africa-press.net\/benin\/wp-json\/wp\/v2\/users\/82"}],"replies":[{"embeddable":true,"href":"https:\/\/www.africa-press.net\/benin\/wp-json\/wp\/v2\/comments?post=8469"}],"version-history":[{"count":0,"href":"https:\/\/www.africa-press.net\/benin\/wp-json\/wp\/v2\/posts\/8469\/revisions"}],"wp:featuredmedia":[{"embeddable":true,"href":"https:\/\/www.africa-press.net\/benin\/wp-json\/wp\/v2\/media\/8468"}],"wp:attachment":[{"href":"https:\/\/www.africa-press.net\/benin\/wp-json\/wp\/v2\/media?parent=8469"}],"wp:term":[{"taxonomy":"category","embeddable":true,"href":"https:\/\/www.africa-press.net\/benin\/wp-json\/wp\/v2\/categories?post=8469"},{"taxonomy":"post_tag","embeddable":true,"href":"https:\/\/www.africa-press.net\/benin\/wp-json\/wp\/v2\/tags?post=8469"}],"curies":[{"name":"wp","href":"https:\/\/api.w.org\/{rel}","templated":true}]}}