{"id":8475,"date":"2022-08-31T18:20:16","date_gmt":"2022-08-31T18:20:16","guid":{"rendered":"https:\/\/www.africa-press.net\/benin\/politique\/benin-1ere-vague-de-deploiement-des-ame-dans-les-ecoles-primaires-liste"},"modified":"2022-08-31T18:34:43","modified_gmt":"2022-08-31T18:34:43","slug":"benin-1ere-vague-de-deploiement-des-ame-dans-les-ecoles-primaires-liste","status":"publish","type":"post","link":"https:\/\/www.africa-press.net\/benin\/toutes-les-actualites\/benin-1ere-vague-de-deploiement-des-ame-dans-les-ecoles-primaires-liste","title":{"rendered":"B\u00e9nin: 1\u00e8re vague de d\u00e9ploiement des AME dans les \u00e9coles primaires (liste)"},"content":{"rendered":"<p><span style=\"color: #ff6600\"><strong>Africa-Press &#8211; Benin. <\/strong><\/span>Le Minist\u00e8re des enseignements maternel et primaire a publi\u00e9 la liste des Aspirants au M\u00e9tier d\u2019Enseignant (AME) d\u00e9ploy\u00e9s dans les \u00e9coles. Il s\u2019agit d\u2019une premi\u00e8re vague de d\u00e9ploiement au titre de la rentr\u00e9e scolaire 2022-2023.<\/p>\n<p>1905 AME sont d\u00e9ploy\u00e9s dans les \u00e9coles primaires sur toute l\u2019\u00e9tendue du territoire national. Sur la liste sortie par le Secr\u00e9tariat g\u00e9n\u00e9ral du Minist\u00e8re des enseignements maternel et primaire, les AME pris en compte sont d\u00e9tenteurs soit d\u2019un dipl\u00f4me professionnel (CAP\/EP ; CEAP\/EP) ou du Baccalaur\u00e9at.<\/p>\n<p>Liste de la premi\u00e8re vague des AME d\u00e9ploy\u00e9s au titre de la rentr\u00e9e scolaire 2022-2023<\/p>\n<p><strong>Pour plus d&rsquo;informations et d&rsquo;analyses sur la <a href=\"https:\/\/www.africa-press.net\/benin\">Benin<\/a>, suivez <a href=\"https:\/\/www.africa-press.net\/\">Africa-Press<\/a><\/strong><\/p>\n","protected":false},"excerpt":{"rendered":"<p>Africa-Press &#8211; Benin. Le Minist\u00e8re des enseignements maternel et primaire a publi\u00e9 la liste des Aspirants au M\u00e9tier d\u2019Enseignant (AME) d\u00e9ploy\u00e9s dans les \u00e9coles. Il s\u2019agit d\u2019une premi\u00e8re vague de d\u00e9ploiement au titre de la rentr\u00e9e scolaire 2022-2023. 1905 AME sont d\u00e9ploy\u00e9s dans les \u00e9coles primaires sur toute l\u2019\u00e9tendue du territoire national. Sur la liste [&hellip;]<\/p>\n","protected":false},"author":82,"featured_media":8474,"comment_status":"open","ping_status":"closed","sticky":false,"template":"","format":"standard","meta":{"footnotes":""},"categories":[21,11,10],"tags":[36,50,45],"class_list":["post-8475","post","type-post","status-publish","format-standard","has-post-thumbnail","hentry","category-communaute","category-homepage-french","category-toutes-les-actualites","tag-africa-press","tag-africa-press-benin","tag-benin"],"yoast_head":"<!-- This site is optimized with the Yoast SEO Premium plugin v26.1 (Yoast SEO v27.0) - https:\/\/yoast.com\/product\/yoast-seo-premium-wordpress\/ -->\n<title>B\u00e9nin: 1\u00e8re vague de d\u00e9ploiement des AME dans les \u00e9coles primaires (liste) - B\u00e9nin<\/title>\n<meta name=\"description\" content=\"Le Minist\u00e8re des enseignements maternel et primaire a publi\u00e9 la liste des Aspirants au M\u00e9tier d\u2019Enseignant (AME) d\u00e9ploy\u00e9 ...\" \/>\n<meta name=\"robots\" content=\"index, follow, max-snippet:-1, max-image-preview:large, max-video-preview:-1\" \/>\n<link rel=\"canonical\" href=\"https:\/\/www.africa-press.net\/benin\/toutes-les-actualites\/benin-1ere-vague-de-deploiement-des-ame-dans-les-ecoles-primaires-liste\" \/>\n<meta property=\"og:locale\" content=\"fr_FR\" \/>\n<meta property=\"og:type\" content=\"article\" \/>\n<meta property=\"og:title\" content=\"B\u00e9nin: 1\u00e8re vague de d\u00e9ploiement des AME dans les \u00e9coles primaires (liste)\" \/>\n<meta property=\"og:description\" content=\"Le Minist\u00e8re des enseignements maternel et primaire a publi\u00e9 la liste des Aspirants au M\u00e9tier d\u2019Enseignant (AME) d\u00e9ploy\u00e9 ...\" \/>\n<meta property=\"og:url\" content=\"https:\/\/www.africa-press.net\/benin\/toutes-les-actualites\/benin-1ere-vague-de-deploiement-des-ame-dans-les-ecoles-primaires-liste\" \/>\n<meta property=\"og:site_name\" content=\"B\u00e9nin\" \/>\n<meta property=\"article:published_time\" content=\"2022-08-31T18:20:16+00:00\" \/>\n<meta property=\"article:modified_time\" content=\"2022-08-31T18:34:43+00:00\" \/>\n<meta property=\"og:image\" content=\"https:\/\/static.africa-press.net\/benin\/sites\/46\/2022\/08\/postQueueImg_23-630fa99b40d65.jpg\" \/>\n\t<meta property=\"og:image:width\" content=\"1374\" \/>\n\t<meta property=\"og:image:height\" content=\"957\" \/>\n\t<meta property=\"og:image:type\" content=\"image\/jpeg\" \/>\n<meta name=\"author\" content=\"cfeditorfr\" \/>\n<meta name=\"twitter:card\" content=\"summary_large_image\" \/>\n<meta name=\"twitter:label1\" content=\"\u00c9crit par\" \/>\n\t<meta name=\"twitter:data1\" content=\"cfeditorfr\" \/>\n\t<meta name=\"twitter:label2\" content=\"Dur\u00e9e de lecture estim\u00e9e\" \/>\n\t<meta name=\"twitter:data2\" content=\"1 minute\" \/>\n<script type=\"application\/ld+json\" class=\"yoast-schema-graph\">{\"@context\":\"https:\/\/schema.org\",\"@graph\":[{\"@type\":\"Article\",\"@id\":\"https:\/\/www.africa-press.net\/benin\/toutes-les-actualites\/benin-1ere-vague-de-deploiement-des-ame-dans-les-ecoles-primaires-liste#article\",\"isPartOf\":{\"@id\":\"https:\/\/www.africa-press.net\/benin\/toutes-les-actualites\/benin-1ere-vague-de-deploiement-des-ame-dans-les-ecoles-primaires-liste\"},\"author\":{\"name\":\"cfeditorfr\",\"@id\":\"https:\/\/www.africa-press.net\/benin\/#\/schema\/person\/2b1cf3cd81a31e3cd26889ca66d677f1\"},\"headline\":\"B\u00e9nin: 1\u00e8re vague de d\u00e9ploiement des AME dans les \u00e9coles primaires (liste)\",\"datePublished\":\"2022-08-31T18:20:16+00:00\",\"dateModified\":\"2022-08-31T18:34:43+00:00\",\"mainEntityOfPage\":{\"@id\":\"https:\/\/www.africa-press.net\/benin\/toutes-les-actualites\/benin-1ere-vague-de-deploiement-des-ame-dans-les-ecoles-primaires-liste\"},\"wordCount\":150,\"commentCount\":0,\"image\":{\"@id\":\"https:\/\/www.africa-press.net\/benin\/toutes-les-actualites\/benin-1ere-vague-de-deploiement-des-ame-dans-les-ecoles-primaires-liste#primaryimage\"},\"thumbnailUrl\":\"https:\/\/static.africa-press.net\/benin\/sites\/46\/2022\/08\/postQueueImg_23-630fa99b40d65.jpg\",\"keywords\":[\"Africa Press\",\"Africa Press-Benin\",\"B\u00e9nin\"],\"articleSection\":[\"Communaut\u00e9\",\"homepage-french\",\"Toutes les actualit\u00e9s\"],\"inLanguage\":\"fr-FR\",\"potentialAction\":[{\"@type\":\"CommentAction\",\"name\":\"Comment\",\"target\":[\"https:\/\/www.africa-press.net\/benin\/toutes-les-actualites\/benin-1ere-vague-de-deploiement-des-ame-dans-les-ecoles-primaires-liste#respond\"]}]},{\"@type\":\"WebPage\",\"@id\":\"https:\/\/www.africa-press.net\/benin\/toutes-les-actualites\/benin-1ere-vague-de-deploiement-des-ame-dans-les-ecoles-primaires-liste\",\"url\":\"https:\/\/www.africa-press.net\/benin\/toutes-les-actualites\/benin-1ere-vague-de-deploiement-des-ame-dans-les-ecoles-primaires-liste\",\"name\":\"B\u00e9nin: 1\u00e8re vague de d\u00e9ploiement des AME dans les \u00e9coles primaires (liste) - B\u00e9nin\",\"isPartOf\":{\"@id\":\"https:\/\/www.africa-press.net\/benin\/#website\"},\"primaryImageOfPage\":{\"@id\":\"https:\/\/www.africa-press.net\/benin\/toutes-les-actualites\/benin-1ere-vague-de-deploiement-des-ame-dans-les-ecoles-primaires-liste#primaryimage\"},\"image\":{\"@id\":\"https:\/\/www.africa-press.net\/benin\/toutes-les-actualites\/benin-1ere-vague-de-deploiement-des-ame-dans-les-ecoles-primaires-liste#primaryimage\"},\"thumbnailUrl\":\"https:\/\/static.africa-press.net\/benin\/sites\/46\/2022\/08\/postQueueImg_23-630fa99b40d65.jpg\",\"datePublished\":\"2022-08-31T18:20:16+00:00\",\"dateModified\":\"2022-08-31T18:34:43+00:00\",\"author\":{\"@id\":\"https:\/\/www.africa-press.net\/benin\/#\/schema\/person\/2b1cf3cd81a31e3cd26889ca66d677f1\"},\"description\":\"Le Minist\u00e8re des enseignements maternel et primaire a publi\u00e9 la liste des Aspirants au M\u00e9tier d\u2019Enseignant (AME) d\u00e9ploy\u00e9 ...\",\"breadcrumb\":{\"@id\":\"https:\/\/www.africa-press.net\/benin\/toutes-les-actualites\/benin-1ere-vague-de-deploiement-des-ame-dans-les-ecoles-primaires-liste#breadcrumb\"},\"inLanguage\":\"fr-FR\",\"potentialAction\":[{\"@type\":\"ReadAction\",\"target\":[\"https:\/\/www.africa-press.net\/benin\/toutes-les-actualites\/benin-1ere-vague-de-deploiement-des-ame-dans-les-ecoles-primaires-liste\"]}]},{\"@type\":\"ImageObject\",\"inLanguage\":\"fr-FR\",\"@id\":\"https:\/\/www.africa-press.net\/benin\/toutes-les-actualites\/benin-1ere-vague-de-deploiement-des-ame-dans-les-ecoles-primaires-liste#primaryimage\",\"url\":\"https:\/\/static.africa-press.net\/benin\/sites\/46\/2022\/08\/postQueueImg_23-630fa99b40d65.jpg\",\"contentUrl\":\"https:\/\/static.africa-press.net\/benin\/sites\/46\/2022\/08\/postQueueImg_23-630fa99b40d65.jpg\",\"width\":1374,\"height\":957,\"caption\":\"B\u00e9nin: 1\u00e8re vague de d\u00e9ploiement des AME dans les \u00e9coles primaires (liste)\"},{\"@type\":\"BreadcrumbList\",\"@id\":\"https:\/\/www.africa-press.net\/benin\/toutes-les-actualites\/benin-1ere-vague-de-deploiement-des-ame-dans-les-ecoles-primaires-liste#breadcrumb\",\"itemListElement\":[{\"@type\":\"ListItem\",\"position\":1,\"name\":\"Accueil\",\"item\":\"https:\/\/www.africa-press.net\/benin\/\"},{\"@type\":\"ListItem\",\"position\":2,\"name\":\"B\u00e9nin: 1\u00e8re vague de d\u00e9ploiement des AME dans les \u00e9coles primaires (liste)\"}]},{\"@type\":\"WebSite\",\"@id\":\"https:\/\/www.africa-press.net\/benin\/#website\",\"url\":\"https:\/\/www.africa-press.net\/benin\/\",\"name\":\"B\u00e9nin\",\"description\":\"Just another Africa News Agency Sites site\",\"potentialAction\":[{\"@type\":\"SearchAction\",\"target\":{\"@type\":\"EntryPoint\",\"urlTemplate\":\"https:\/\/www.africa-press.net\/benin\/?s={search_term_string}\"},\"query-input\":{\"@type\":\"PropertyValueSpecification\",\"valueRequired\":true,\"valueName\":\"search_term_string\"}}],\"inLanguage\":\"fr-FR\"},{\"@type\":\"Person\",\"@id\":\"https:\/\/www.africa-press.net\/benin\/#\/schema\/person\/2b1cf3cd81a31e3cd26889ca66d677f1\",\"name\":\"cfeditorfr\"}]}<\/script>\n<!-- \/ Yoast SEO Premium plugin. -->","yoast_head_json":{"title":"B\u00e9nin: 1\u00e8re vague de d\u00e9ploiement des AME dans les \u00e9coles primaires (liste) - B\u00e9nin","description":"Le Minist\u00e8re des enseignements maternel et primaire a publi\u00e9 la liste des Aspirants au M\u00e9tier d\u2019Enseignant (AME) d\u00e9ploy\u00e9 ...","robots":{"index":"index","follow":"follow","max-snippet":"max-snippet:-1","max-image-preview":"max-image-preview:large","max-video-preview":"max-video-preview:-1"},"canonical":"https:\/\/www.africa-press.net\/benin\/toutes-les-actualites\/benin-1ere-vague-de-deploiement-des-ame-dans-les-ecoles-primaires-liste","og_locale":"fr_FR","og_type":"article","og_title":"B\u00e9nin: 1\u00e8re vague de d\u00e9ploiement des AME dans les \u00e9coles primaires (liste)","og_description":"Le Minist\u00e8re des enseignements maternel et primaire a publi\u00e9 la liste des Aspirants au M\u00e9tier d\u2019Enseignant (AME) d\u00e9ploy\u00e9 ...","og_url":"https:\/\/www.africa-press.net\/benin\/toutes-les-actualites\/benin-1ere-vague-de-deploiement-des-ame-dans-les-ecoles-primaires-liste","og_site_name":"B\u00e9nin","article_published_time":"2022-08-31T18:20:16+00:00","article_modified_time":"2022-08-31T18:34:43+00:00","og_image":[{"width":1374,"height":957,"url":"https:\/\/static.africa-press.net\/benin\/sites\/46\/2022\/08\/postQueueImg_23-630fa99b40d65.jpg","type":"image\/jpeg"}],"author":"cfeditorfr","twitter_card":"summary_large_image","twitter_misc":{"\u00c9crit par":"cfeditorfr","Dur\u00e9e de lecture estim\u00e9e":"1 minute"},"schema":{"@context":"https:\/\/schema.org","@graph":[{"@type":"Article","@id":"https:\/\/www.africa-press.net\/benin\/toutes-les-actualites\/benin-1ere-vague-de-deploiement-des-ame-dans-les-ecoles-primaires-liste#article","isPartOf":{"@id":"https:\/\/www.africa-press.net\/benin\/toutes-les-actualites\/benin-1ere-vague-de-deploiement-des-ame-dans-les-ecoles-primaires-liste"},"author":{"name":"cfeditorfr","@id":"https:\/\/www.africa-press.net\/benin\/#\/schema\/person\/2b1cf3cd81a31e3cd26889ca66d677f1"},"headline":"B\u00e9nin: 1\u00e8re vague de d\u00e9ploiement des AME dans les \u00e9coles primaires (liste)","datePublished":"2022-08-31T18:20:16+00:00","dateModified":"2022-08-31T18:34:43+00:00","mainEntityOfPage":{"@id":"https:\/\/www.africa-press.net\/benin\/toutes-les-actualites\/benin-1ere-vague-de-deploiement-des-ame-dans-les-ecoles-primaires-liste"},"wordCount":150,"commentCount":0,"image":{"@id":"https:\/\/www.africa-press.net\/benin\/toutes-les-actualites\/benin-1ere-vague-de-deploiement-des-ame-dans-les-ecoles-primaires-liste#primaryimage"},"thumbnailUrl":"https:\/\/static.africa-press.net\/benin\/sites\/46\/2022\/08\/postQueueImg_23-630fa99b40d65.jpg","keywords":["Africa Press","Africa Press-Benin","B\u00e9nin"],"articleSection":["Communaut\u00e9","homepage-french","Toutes les actualit\u00e9s"],"inLanguage":"fr-FR","potentialAction":[{"@type":"CommentAction","name":"Comment","target":["https:\/\/www.africa-press.net\/benin\/toutes-les-actualites\/benin-1ere-vague-de-deploiement-des-ame-dans-les-ecoles-primaires-liste#respond"]}]},{"@type":"WebPage","@id":"https:\/\/www.africa-press.net\/benin\/toutes-les-actualites\/benin-1ere-vague-de-deploiement-des-ame-dans-les-ecoles-primaires-liste","url":"https:\/\/www.africa-press.net\/benin\/toutes-les-actualites\/benin-1ere-vague-de-deploiement-des-ame-dans-les-ecoles-primaires-liste","name":"B\u00e9nin: 1\u00e8re vague de d\u00e9ploiement des AME dans les \u00e9coles primaires (liste) - B\u00e9nin","isPartOf":{"@id":"https:\/\/www.africa-press.net\/benin\/#website"},"primaryImageOfPage":{"@id":"https:\/\/www.africa-press.net\/benin\/toutes-les-actualites\/benin-1ere-vague-de-deploiement-des-ame-dans-les-ecoles-primaires-liste#primaryimage"},"image":{"@id":"https:\/\/www.africa-press.net\/benin\/toutes-les-actualites\/benin-1ere-vague-de-deploiement-des-ame-dans-les-ecoles-primaires-liste#primaryimage"},"thumbnailUrl":"https:\/\/static.africa-press.net\/benin\/sites\/46\/2022\/08\/postQueueImg_23-630fa99b40d65.jpg","datePublished":"2022-08-31T18:20:16+00:00","dateModified":"2022-08-31T18:34:43+00:00","author":{"@id":"https:\/\/www.africa-press.net\/benin\/#\/schema\/person\/2b1cf3cd81a31e3cd26889ca66d677f1"},"description":"Le Minist\u00e8re des enseignements maternel et primaire a publi\u00e9 la liste des Aspirants au M\u00e9tier d\u2019Enseignant (AME) d\u00e9ploy\u00e9 ...","breadcrumb":{"@id":"https:\/\/www.africa-press.net\/benin\/toutes-les-actualites\/benin-1ere-vague-de-deploiement-des-ame-dans-les-ecoles-primaires-liste#breadcrumb"},"inLanguage":"fr-FR","potentialAction":[{"@type":"ReadAction","target":["https:\/\/www.africa-press.net\/benin\/toutes-les-actualites\/benin-1ere-vague-de-deploiement-des-ame-dans-les-ecoles-primaires-liste"]}]},{"@type":"ImageObject","inLanguage":"fr-FR","@id":"https:\/\/www.africa-press.net\/benin\/toutes-les-actualites\/benin-1ere-vague-de-deploiement-des-ame-dans-les-ecoles-primaires-liste#primaryimage","url":"https:\/\/static.africa-press.net\/benin\/sites\/46\/2022\/08\/postQueueImg_23-630fa99b40d65.jpg","contentUrl":"https:\/\/static.africa-press.net\/benin\/sites\/46\/2022\/08\/postQueueImg_23-630fa99b40d65.jpg","width":1374,"height":957,"caption":"B\u00e9nin: 1\u00e8re vague de d\u00e9ploiement des AME dans les \u00e9coles primaires (liste)"},{"@type":"BreadcrumbList","@id":"https:\/\/www.africa-press.net\/benin\/toutes-les-actualites\/benin-1ere-vague-de-deploiement-des-ame-dans-les-ecoles-primaires-liste#breadcrumb","itemListElement":[{"@type":"ListItem","position":1,"name":"Accueil","item":"https:\/\/www.africa-press.net\/benin\/"},{"@type":"ListItem","position":2,"name":"B\u00e9nin: 1\u00e8re vague de d\u00e9ploiement des AME dans les \u00e9coles primaires (liste)"}]},{"@type":"WebSite","@id":"https:\/\/www.africa-press.net\/benin\/#website","url":"https:\/\/www.africa-press.net\/benin\/","name":"B\u00e9nin","description":"Just another Africa News Agency Sites site","potentialAction":[{"@type":"SearchAction","target":{"@type":"EntryPoint","urlTemplate":"https:\/\/www.africa-press.net\/benin\/?s={search_term_string}"},"query-input":{"@type":"PropertyValueSpecification","valueRequired":true,"valueName":"search_term_string"}}],"inLanguage":"fr-FR"},{"@type":"Person","@id":"https:\/\/www.africa-press.net\/benin\/#\/schema\/person\/2b1cf3cd81a31e3cd26889ca66d677f1","name":"cfeditorfr"}]}},"_links":{"self":[{"href":"https:\/\/www.africa-press.net\/benin\/wp-json\/wp\/v2\/posts\/8475","targetHints":{"allow":["GET"]}}],"collection":[{"href":"https:\/\/www.africa-press.net\/benin\/wp-json\/wp\/v2\/posts"}],"about":[{"href":"https:\/\/www.africa-press.net\/benin\/wp-json\/wp\/v2\/types\/post"}],"author":[{"embeddable":true,"href":"https:\/\/www.africa-press.net\/benin\/wp-json\/wp\/v2\/users\/82"}],"replies":[{"embeddable":true,"href":"https:\/\/www.africa-press.net\/benin\/wp-json\/wp\/v2\/comments?post=8475"}],"version-history":[{"count":0,"href":"https:\/\/www.africa-press.net\/benin\/wp-json\/wp\/v2\/posts\/8475\/revisions"}],"wp:featuredmedia":[{"embeddable":true,"href":"https:\/\/www.africa-press.net\/benin\/wp-json\/wp\/v2\/media\/8474"}],"wp:attachment":[{"href":"https:\/\/www.africa-press.net\/benin\/wp-json\/wp\/v2\/media?parent=8475"}],"wp:term":[{"taxonomy":"category","embeddable":true,"href":"https:\/\/www.africa-press.net\/benin\/wp-json\/wp\/v2\/categories?post=8475"},{"taxonomy":"post_tag","embeddable":true,"href":"https:\/\/www.africa-press.net\/benin\/wp-json\/wp\/v2\/tags?post=8475"}],"curies":[{"name":"wp","href":"https:\/\/api.w.org\/{rel}","templated":true}]}}