{"id":8490,"date":"2022-09-01T17:08:29","date_gmt":"2022-09-01T17:08:29","guid":{"rendered":"https:\/\/www.africa-press.net\/benin\/politique\/benin-un-menuisier-depose-en-prison-pour-viol-dune-mineure-a-bassila"},"modified":"2022-09-01T17:22:12","modified_gmt":"2022-09-01T17:22:12","slug":"benin-un-menuisier-depose-en-prison-pour-viol-dune-mineure-a-bassila","status":"publish","type":"post","link":"https:\/\/www.africa-press.net\/benin\/toutes-les-actualites\/benin-un-menuisier-depose-en-prison-pour-viol-dune-mineure-a-bassila","title":{"rendered":"B\u00e9nin: un  menuisier d\u00e9pos\u00e9 en prison pour viol d\u2019une mineure \u00e0 Bassila"},"content":{"rendered":"<p><span style=\"color: #ff6600\"><strong>Africa-Press &#8211; Benin. <\/strong><\/span>Un homme, menuisier de profession s\u00e9journe depuis ce mardi 30 Ao\u00fbt 2022 \u00e0 la prison. Il est poursuivi pour viol sur une employ\u00e9e de maison commun\u00e9ment appel\u00e9e \u00ab vidom\u00e8gon \u00bb \u00e2g\u00e9e de 11 ans.<\/p>\n<p>Interpell\u00e9 et pr\u00e9sent\u00e9 au procureur sp\u00e9cial de la cour de r\u00e9pression des infractions \u00e9conomiques et du terrorisme (CRET), un menuisier est poursuivi et d\u00e9pos\u00e9 depuis le mardi 30 Ao\u00fbt dernier \u00e0 la prison civile de Miss\u00e9r\u00e9t\u00e9 \u00e0 porto Novo.<\/p>\n<p>Le mis en cause serait coupable d\u2019un fait de viol sur une employ\u00e9e de maison \u00e2g\u00e9e seulement de 11 ans. Selon les informations de Frissons radio, la sc\u00e8ne s\u2019est produite dans la localit\u00e9 de Kpr\u00e8k\u00e8t\u00e8, dans la Commune de Bassila. Plac\u00e9 en d\u00e9tention provisoire depuis le Mardi 30 Ao\u00fbt dernier, il sera jug\u00e9 le 26 Octobre prochain par la juridiction sp\u00e9cialis\u00e9e de Porto Novo.<\/p>\n<p><strong>Pour plus d&rsquo;informations et d&rsquo;analyses sur la <a href=\"https:\/\/www.africa-press.net\/benin\">Benin<\/a>, suivez <a href=\"https:\/\/www.africa-press.net\/\">Africa-Press<\/a><\/strong><\/p>\n","protected":false},"excerpt":{"rendered":"<p>Africa-Press &#8211; Benin. Un homme, menuisier de profession s\u00e9journe depuis ce mardi 30 Ao\u00fbt 2022 \u00e0 la prison. Il est poursuivi pour viol sur une employ\u00e9e de maison commun\u00e9ment appel\u00e9e \u00ab vidom\u00e8gon \u00bb \u00e2g\u00e9e de 11 ans. Interpell\u00e9 et pr\u00e9sent\u00e9 au procureur sp\u00e9cial de la cour de r\u00e9pression des infractions \u00e9conomiques et du terrorisme (CRET), [&hellip;]<\/p>\n","protected":false},"author":82,"featured_media":8489,"comment_status":"open","ping_status":"closed","sticky":false,"template":"","format":"standard","meta":{"footnotes":""},"categories":[21,11,10],"tags":[36,50,45],"class_list":["post-8490","post","type-post","status-publish","format-standard","has-post-thumbnail","hentry","category-communaute","category-homepage-french","category-toutes-les-actualites","tag-africa-press","tag-africa-press-benin","tag-benin"],"yoast_head":"<!-- This site is optimized with the Yoast SEO Premium plugin v26.1 (Yoast SEO v27.0) - https:\/\/yoast.com\/product\/yoast-seo-premium-wordpress\/ -->\n<title>B\u00e9nin: un menuisier d\u00e9pos\u00e9 en prison pour viol d\u2019une mineure \u00e0 Bassila - B\u00e9nin<\/title>\n<meta name=\"description\" content=\"Un homme, menuisier de profession s\u00e9journe depuis ce mardi 30 Ao\u00fbt 2022 \u00e0 la prison. Il est poursuivi pour viol sur une ...\" \/>\n<meta name=\"robots\" content=\"index, follow, max-snippet:-1, max-image-preview:large, max-video-preview:-1\" \/>\n<link rel=\"canonical\" href=\"https:\/\/www.africa-press.net\/benin\/toutes-les-actualites\/benin-un-menuisier-depose-en-prison-pour-viol-dune-mineure-a-bassila\" \/>\n<meta property=\"og:locale\" content=\"fr_FR\" \/>\n<meta property=\"og:type\" content=\"article\" \/>\n<meta property=\"og:title\" content=\"B\u00e9nin: un menuisier d\u00e9pos\u00e9 en prison pour viol d\u2019une mineure \u00e0 Bassila\" \/>\n<meta property=\"og:description\" content=\"Un homme, menuisier de profession s\u00e9journe depuis ce mardi 30 Ao\u00fbt 2022 \u00e0 la prison. Il est poursuivi pour viol sur une ...\" \/>\n<meta property=\"og:url\" content=\"https:\/\/www.africa-press.net\/benin\/toutes-les-actualites\/benin-un-menuisier-depose-en-prison-pour-viol-dune-mineure-a-bassila\" \/>\n<meta property=\"og:site_name\" content=\"B\u00e9nin\" \/>\n<meta property=\"article:published_time\" content=\"2022-09-01T17:08:29+00:00\" \/>\n<meta property=\"article:modified_time\" content=\"2022-09-01T17:22:12+00:00\" \/>\n<meta property=\"og:image\" content=\"https:\/\/static.africa-press.net\/benin\/sites\/46\/2022\/09\/postQueueImg_20.jpg\" \/>\n\t<meta property=\"og:image:width\" content=\"1280\" \/>\n\t<meta property=\"og:image:height\" content=\"720\" \/>\n\t<meta property=\"og:image:type\" content=\"image\/jpeg\" \/>\n<meta name=\"author\" content=\"cfeditorfr\" \/>\n<meta name=\"twitter:card\" content=\"summary_large_image\" \/>\n<meta name=\"twitter:label1\" content=\"\u00c9crit par\" \/>\n\t<meta name=\"twitter:data1\" content=\"cfeditorfr\" \/>\n\t<meta name=\"twitter:label2\" content=\"Dur\u00e9e de lecture estim\u00e9e\" \/>\n\t<meta name=\"twitter:data2\" content=\"1 minute\" \/>\n<script type=\"application\/ld+json\" class=\"yoast-schema-graph\">{\"@context\":\"https:\/\/schema.org\",\"@graph\":[{\"@type\":\"Article\",\"@id\":\"https:\/\/www.africa-press.net\/benin\/toutes-les-actualites\/benin-un-menuisier-depose-en-prison-pour-viol-dune-mineure-a-bassila#article\",\"isPartOf\":{\"@id\":\"https:\/\/www.africa-press.net\/benin\/toutes-les-actualites\/benin-un-menuisier-depose-en-prison-pour-viol-dune-mineure-a-bassila\"},\"author\":{\"name\":\"cfeditorfr\",\"@id\":\"https:\/\/www.africa-press.net\/benin\/#\/schema\/person\/2b1cf3cd81a31e3cd26889ca66d677f1\"},\"headline\":\"B\u00e9nin: un menuisier d\u00e9pos\u00e9 en prison pour viol d\u2019une mineure \u00e0 Bassila\",\"datePublished\":\"2022-09-01T17:08:29+00:00\",\"dateModified\":\"2022-09-01T17:22:12+00:00\",\"mainEntityOfPage\":{\"@id\":\"https:\/\/www.africa-press.net\/benin\/toutes-les-actualites\/benin-un-menuisier-depose-en-prison-pour-viol-dune-mineure-a-bassila\"},\"wordCount\":179,\"commentCount\":0,\"image\":{\"@id\":\"https:\/\/www.africa-press.net\/benin\/toutes-les-actualites\/benin-un-menuisier-depose-en-prison-pour-viol-dune-mineure-a-bassila#primaryimage\"},\"thumbnailUrl\":\"https:\/\/static.africa-press.net\/benin\/sites\/46\/2022\/09\/postQueueImg_20.jpg\",\"keywords\":[\"Africa Press\",\"Africa Press-Benin\",\"B\u00e9nin\"],\"articleSection\":[\"Communaut\u00e9\",\"homepage-french\",\"Toutes les actualit\u00e9s\"],\"inLanguage\":\"fr-FR\",\"potentialAction\":[{\"@type\":\"CommentAction\",\"name\":\"Comment\",\"target\":[\"https:\/\/www.africa-press.net\/benin\/toutes-les-actualites\/benin-un-menuisier-depose-en-prison-pour-viol-dune-mineure-a-bassila#respond\"]}]},{\"@type\":\"WebPage\",\"@id\":\"https:\/\/www.africa-press.net\/benin\/toutes-les-actualites\/benin-un-menuisier-depose-en-prison-pour-viol-dune-mineure-a-bassila\",\"url\":\"https:\/\/www.africa-press.net\/benin\/toutes-les-actualites\/benin-un-menuisier-depose-en-prison-pour-viol-dune-mineure-a-bassila\",\"name\":\"B\u00e9nin: un menuisier d\u00e9pos\u00e9 en prison pour viol d\u2019une mineure \u00e0 Bassila - B\u00e9nin\",\"isPartOf\":{\"@id\":\"https:\/\/www.africa-press.net\/benin\/#website\"},\"primaryImageOfPage\":{\"@id\":\"https:\/\/www.africa-press.net\/benin\/toutes-les-actualites\/benin-un-menuisier-depose-en-prison-pour-viol-dune-mineure-a-bassila#primaryimage\"},\"image\":{\"@id\":\"https:\/\/www.africa-press.net\/benin\/toutes-les-actualites\/benin-un-menuisier-depose-en-prison-pour-viol-dune-mineure-a-bassila#primaryimage\"},\"thumbnailUrl\":\"https:\/\/static.africa-press.net\/benin\/sites\/46\/2022\/09\/postQueueImg_20.jpg\",\"datePublished\":\"2022-09-01T17:08:29+00:00\",\"dateModified\":\"2022-09-01T17:22:12+00:00\",\"author\":{\"@id\":\"https:\/\/www.africa-press.net\/benin\/#\/schema\/person\/2b1cf3cd81a31e3cd26889ca66d677f1\"},\"description\":\"Un homme, menuisier de profession s\u00e9journe depuis ce mardi 30 Ao\u00fbt 2022 \u00e0 la prison. Il est poursuivi pour viol sur une ...\",\"breadcrumb\":{\"@id\":\"https:\/\/www.africa-press.net\/benin\/toutes-les-actualites\/benin-un-menuisier-depose-en-prison-pour-viol-dune-mineure-a-bassila#breadcrumb\"},\"inLanguage\":\"fr-FR\",\"potentialAction\":[{\"@type\":\"ReadAction\",\"target\":[\"https:\/\/www.africa-press.net\/benin\/toutes-les-actualites\/benin-un-menuisier-depose-en-prison-pour-viol-dune-mineure-a-bassila\"]}]},{\"@type\":\"ImageObject\",\"inLanguage\":\"fr-FR\",\"@id\":\"https:\/\/www.africa-press.net\/benin\/toutes-les-actualites\/benin-un-menuisier-depose-en-prison-pour-viol-dune-mineure-a-bassila#primaryimage\",\"url\":\"https:\/\/static.africa-press.net\/benin\/sites\/46\/2022\/09\/postQueueImg_20.jpg\",\"contentUrl\":\"https:\/\/static.africa-press.net\/benin\/sites\/46\/2022\/09\/postQueueImg_20.jpg\",\"width\":1280,\"height\":720,\"caption\":\"B\u00e9nin: un menuisier d\u00e9pos\u00e9 en prison pour viol d\u2019une mineure \u00e0 Bassila\"},{\"@type\":\"BreadcrumbList\",\"@id\":\"https:\/\/www.africa-press.net\/benin\/toutes-les-actualites\/benin-un-menuisier-depose-en-prison-pour-viol-dune-mineure-a-bassila#breadcrumb\",\"itemListElement\":[{\"@type\":\"ListItem\",\"position\":1,\"name\":\"Accueil\",\"item\":\"https:\/\/www.africa-press.net\/benin\/\"},{\"@type\":\"ListItem\",\"position\":2,\"name\":\"B\u00e9nin: un menuisier d\u00e9pos\u00e9 en prison pour viol d\u2019une mineure \u00e0 Bassila\"}]},{\"@type\":\"WebSite\",\"@id\":\"https:\/\/www.africa-press.net\/benin\/#website\",\"url\":\"https:\/\/www.africa-press.net\/benin\/\",\"name\":\"B\u00e9nin\",\"description\":\"Just another Africa News Agency Sites site\",\"potentialAction\":[{\"@type\":\"SearchAction\",\"target\":{\"@type\":\"EntryPoint\",\"urlTemplate\":\"https:\/\/www.africa-press.net\/benin\/?s={search_term_string}\"},\"query-input\":{\"@type\":\"PropertyValueSpecification\",\"valueRequired\":true,\"valueName\":\"search_term_string\"}}],\"inLanguage\":\"fr-FR\"},{\"@type\":\"Person\",\"@id\":\"https:\/\/www.africa-press.net\/benin\/#\/schema\/person\/2b1cf3cd81a31e3cd26889ca66d677f1\",\"name\":\"cfeditorfr\"}]}<\/script>\n<!-- \/ Yoast SEO Premium plugin. -->","yoast_head_json":{"title":"B\u00e9nin: un menuisier d\u00e9pos\u00e9 en prison pour viol d\u2019une mineure \u00e0 Bassila - B\u00e9nin","description":"Un homme, menuisier de profession s\u00e9journe depuis ce mardi 30 Ao\u00fbt 2022 \u00e0 la prison. Il est poursuivi pour viol sur une ...","robots":{"index":"index","follow":"follow","max-snippet":"max-snippet:-1","max-image-preview":"max-image-preview:large","max-video-preview":"max-video-preview:-1"},"canonical":"https:\/\/www.africa-press.net\/benin\/toutes-les-actualites\/benin-un-menuisier-depose-en-prison-pour-viol-dune-mineure-a-bassila","og_locale":"fr_FR","og_type":"article","og_title":"B\u00e9nin: un menuisier d\u00e9pos\u00e9 en prison pour viol d\u2019une mineure \u00e0 Bassila","og_description":"Un homme, menuisier de profession s\u00e9journe depuis ce mardi 30 Ao\u00fbt 2022 \u00e0 la prison. Il est poursuivi pour viol sur une ...","og_url":"https:\/\/www.africa-press.net\/benin\/toutes-les-actualites\/benin-un-menuisier-depose-en-prison-pour-viol-dune-mineure-a-bassila","og_site_name":"B\u00e9nin","article_published_time":"2022-09-01T17:08:29+00:00","article_modified_time":"2022-09-01T17:22:12+00:00","og_image":[{"width":1280,"height":720,"url":"https:\/\/static.africa-press.net\/benin\/sites\/46\/2022\/09\/postQueueImg_20.jpg","type":"image\/jpeg"}],"author":"cfeditorfr","twitter_card":"summary_large_image","twitter_misc":{"\u00c9crit par":"cfeditorfr","Dur\u00e9e de lecture estim\u00e9e":"1 minute"},"schema":{"@context":"https:\/\/schema.org","@graph":[{"@type":"Article","@id":"https:\/\/www.africa-press.net\/benin\/toutes-les-actualites\/benin-un-menuisier-depose-en-prison-pour-viol-dune-mineure-a-bassila#article","isPartOf":{"@id":"https:\/\/www.africa-press.net\/benin\/toutes-les-actualites\/benin-un-menuisier-depose-en-prison-pour-viol-dune-mineure-a-bassila"},"author":{"name":"cfeditorfr","@id":"https:\/\/www.africa-press.net\/benin\/#\/schema\/person\/2b1cf3cd81a31e3cd26889ca66d677f1"},"headline":"B\u00e9nin: un menuisier d\u00e9pos\u00e9 en prison pour viol d\u2019une mineure \u00e0 Bassila","datePublished":"2022-09-01T17:08:29+00:00","dateModified":"2022-09-01T17:22:12+00:00","mainEntityOfPage":{"@id":"https:\/\/www.africa-press.net\/benin\/toutes-les-actualites\/benin-un-menuisier-depose-en-prison-pour-viol-dune-mineure-a-bassila"},"wordCount":179,"commentCount":0,"image":{"@id":"https:\/\/www.africa-press.net\/benin\/toutes-les-actualites\/benin-un-menuisier-depose-en-prison-pour-viol-dune-mineure-a-bassila#primaryimage"},"thumbnailUrl":"https:\/\/static.africa-press.net\/benin\/sites\/46\/2022\/09\/postQueueImg_20.jpg","keywords":["Africa Press","Africa Press-Benin","B\u00e9nin"],"articleSection":["Communaut\u00e9","homepage-french","Toutes les actualit\u00e9s"],"inLanguage":"fr-FR","potentialAction":[{"@type":"CommentAction","name":"Comment","target":["https:\/\/www.africa-press.net\/benin\/toutes-les-actualites\/benin-un-menuisier-depose-en-prison-pour-viol-dune-mineure-a-bassila#respond"]}]},{"@type":"WebPage","@id":"https:\/\/www.africa-press.net\/benin\/toutes-les-actualites\/benin-un-menuisier-depose-en-prison-pour-viol-dune-mineure-a-bassila","url":"https:\/\/www.africa-press.net\/benin\/toutes-les-actualites\/benin-un-menuisier-depose-en-prison-pour-viol-dune-mineure-a-bassila","name":"B\u00e9nin: un menuisier d\u00e9pos\u00e9 en prison pour viol d\u2019une mineure \u00e0 Bassila - B\u00e9nin","isPartOf":{"@id":"https:\/\/www.africa-press.net\/benin\/#website"},"primaryImageOfPage":{"@id":"https:\/\/www.africa-press.net\/benin\/toutes-les-actualites\/benin-un-menuisier-depose-en-prison-pour-viol-dune-mineure-a-bassila#primaryimage"},"image":{"@id":"https:\/\/www.africa-press.net\/benin\/toutes-les-actualites\/benin-un-menuisier-depose-en-prison-pour-viol-dune-mineure-a-bassila#primaryimage"},"thumbnailUrl":"https:\/\/static.africa-press.net\/benin\/sites\/46\/2022\/09\/postQueueImg_20.jpg","datePublished":"2022-09-01T17:08:29+00:00","dateModified":"2022-09-01T17:22:12+00:00","author":{"@id":"https:\/\/www.africa-press.net\/benin\/#\/schema\/person\/2b1cf3cd81a31e3cd26889ca66d677f1"},"description":"Un homme, menuisier de profession s\u00e9journe depuis ce mardi 30 Ao\u00fbt 2022 \u00e0 la prison. Il est poursuivi pour viol sur une ...","breadcrumb":{"@id":"https:\/\/www.africa-press.net\/benin\/toutes-les-actualites\/benin-un-menuisier-depose-en-prison-pour-viol-dune-mineure-a-bassila#breadcrumb"},"inLanguage":"fr-FR","potentialAction":[{"@type":"ReadAction","target":["https:\/\/www.africa-press.net\/benin\/toutes-les-actualites\/benin-un-menuisier-depose-en-prison-pour-viol-dune-mineure-a-bassila"]}]},{"@type":"ImageObject","inLanguage":"fr-FR","@id":"https:\/\/www.africa-press.net\/benin\/toutes-les-actualites\/benin-un-menuisier-depose-en-prison-pour-viol-dune-mineure-a-bassila#primaryimage","url":"https:\/\/static.africa-press.net\/benin\/sites\/46\/2022\/09\/postQueueImg_20.jpg","contentUrl":"https:\/\/static.africa-press.net\/benin\/sites\/46\/2022\/09\/postQueueImg_20.jpg","width":1280,"height":720,"caption":"B\u00e9nin: un menuisier d\u00e9pos\u00e9 en prison pour viol d\u2019une mineure \u00e0 Bassila"},{"@type":"BreadcrumbList","@id":"https:\/\/www.africa-press.net\/benin\/toutes-les-actualites\/benin-un-menuisier-depose-en-prison-pour-viol-dune-mineure-a-bassila#breadcrumb","itemListElement":[{"@type":"ListItem","position":1,"name":"Accueil","item":"https:\/\/www.africa-press.net\/benin\/"},{"@type":"ListItem","position":2,"name":"B\u00e9nin: un menuisier d\u00e9pos\u00e9 en prison pour viol d\u2019une mineure \u00e0 Bassila"}]},{"@type":"WebSite","@id":"https:\/\/www.africa-press.net\/benin\/#website","url":"https:\/\/www.africa-press.net\/benin\/","name":"B\u00e9nin","description":"Just another Africa News Agency Sites site","potentialAction":[{"@type":"SearchAction","target":{"@type":"EntryPoint","urlTemplate":"https:\/\/www.africa-press.net\/benin\/?s={search_term_string}"},"query-input":{"@type":"PropertyValueSpecification","valueRequired":true,"valueName":"search_term_string"}}],"inLanguage":"fr-FR"},{"@type":"Person","@id":"https:\/\/www.africa-press.net\/benin\/#\/schema\/person\/2b1cf3cd81a31e3cd26889ca66d677f1","name":"cfeditorfr"}]}},"_links":{"self":[{"href":"https:\/\/www.africa-press.net\/benin\/wp-json\/wp\/v2\/posts\/8490","targetHints":{"allow":["GET"]}}],"collection":[{"href":"https:\/\/www.africa-press.net\/benin\/wp-json\/wp\/v2\/posts"}],"about":[{"href":"https:\/\/www.africa-press.net\/benin\/wp-json\/wp\/v2\/types\/post"}],"author":[{"embeddable":true,"href":"https:\/\/www.africa-press.net\/benin\/wp-json\/wp\/v2\/users\/82"}],"replies":[{"embeddable":true,"href":"https:\/\/www.africa-press.net\/benin\/wp-json\/wp\/v2\/comments?post=8490"}],"version-history":[{"count":0,"href":"https:\/\/www.africa-press.net\/benin\/wp-json\/wp\/v2\/posts\/8490\/revisions"}],"wp:featuredmedia":[{"embeddable":true,"href":"https:\/\/www.africa-press.net\/benin\/wp-json\/wp\/v2\/media\/8489"}],"wp:attachment":[{"href":"https:\/\/www.africa-press.net\/benin\/wp-json\/wp\/v2\/media?parent=8490"}],"wp:term":[{"taxonomy":"category","embeddable":true,"href":"https:\/\/www.africa-press.net\/benin\/wp-json\/wp\/v2\/categories?post=8490"},{"taxonomy":"post_tag","embeddable":true,"href":"https:\/\/www.africa-press.net\/benin\/wp-json\/wp\/v2\/tags?post=8490"}],"curies":[{"name":"wp","href":"https:\/\/api.w.org\/{rel}","templated":true}]}}