{"id":8493,"date":"2022-09-01T17:08:40","date_gmt":"2022-09-01T17:08:40","guid":{"rendered":"https:\/\/www.africa-press.net\/benin\/politique\/benin-un-citoyen-deboute-par-la-cour-dans-un-recours-contre-louis-vlavonou"},"modified":"2022-09-01T17:22:47","modified_gmt":"2022-09-01T17:22:47","slug":"benin-un-citoyen-deboute-par-la-cour-dans-un-recours-contre-louis-vlavonou","status":"publish","type":"post","link":"https:\/\/www.africa-press.net\/benin\/toutes-les-actualites\/benin-un-citoyen-deboute-par-la-cour-dans-un-recours-contre-louis-vlavonou","title":{"rendered":"B\u00e9nin: un citoyen d\u00e9bout\u00e9 par la cour dans un recours contre Louis Vlavonou"},"content":{"rendered":"<p><span style=\"color: #ff6600\"><strong>Africa-Press &#8211; Benin. <\/strong><\/span>La cour constitutionnelle s\u2019est pench\u00e9e sur le recours d\u2019un citoyen contre le pr\u00e9sident de l\u2019assembl\u00e9e nationale, Louis Vlavonou accus\u00e9 de violation de la constitution et du r\u00e8glement int\u00e9rieur de l\u2019assembl\u00e9e nationale. Dans sa d\u00e9cision, la haute juridiction a d\u00e9bout\u00e9 le requ\u00e9rant.<\/p>\n<p>Le 28 Septembre 2021, un citoyen a saisi la cour constitutionnelle pour violation de la constitution et le r\u00e8glement int\u00e9rieur de l\u2019assembl\u00e9e nationale. Le requ\u00e9rant reproche au pr\u00e9sident de l\u2019assembl\u00e9e nationale d\u2019avoir institu\u00e9 une nouvelle proc\u00e9dure l\u00e9gislative consistant \u00e0 recevoir des lettres individuelles de citoyens et \u00e0 les soumettre \u00e0 la pl\u00e9ni\u00e8re au m\u00e9pris des dispositions du R\u00e8glement int\u00e9rieur de l\u2019institution qui n\u2019offre aux citoyens que la possibilit\u00e9 de saisir l\u2019Assembl\u00e9e nationale par voie de p\u00e9tition.<\/p>\n<p>Cette proc\u00e9dure l\u00e9gislative selon le requ\u00e9rant est une violation de l\u2019article 121 du r\u00e8glement int\u00e9rieur de l\u2019institution, des articles 35 et 105 de la constitution. Dans sa requ\u00eate, le citoyen b\u00e9ninois a invit\u00e9 les conseillers de la cour constitutionnelle de dire que le pr\u00e9sident de l\u2019institution parlementaire, l\u2019honorable Louis Vlavonou a viol\u00e9 lesdits articles.<\/p>\n<p><b>D\u00e9cision de la cour \u2026<\/b><\/p>\n<p>Apr\u00e8s examen du recours, la cour constitutionnelle dans sa d\u00e9cision a d\u00e9bout\u00e9 le requ\u00e9rant. S\u2019appuyant sur l\u2019article 121 alin\u00e9a 1 du r\u00e8glement int\u00e9rieur qui stipule que <b>\u00ab les citoyens peuvent adresser des p\u00e9titions \u00e0 l\u2019Assembl\u00e9e nationale. Elles sont re\u00e7ues par son Pr\u00e9sident<\/b>\u00ab , les conseillers de la cour constitutionnels ont estim\u00e9 que l\u2019article n\u2019a point fait mention s\u2019il s\u2019agit d\u2019une initiative collective ou individuelle des p\u00e9titions.<\/p>\n<p>Pour la haute juridiction en mati\u00e8re du contr\u00f4le de la constitutionnalit\u00e9 des lois, \u00ab <b>Il ressort de la d\u00e9finition que la p\u00e9tition a un caract\u00e8re mixte en ce sens qu\u2019elle peut \u00e9maner aussi bien d\u2019un individu que d\u2019un groupe d\u2019individus \u00ab <\/b>. Sur la base de cette interpr\u00e9tation, elle d\u00e9clare que le pr\u00e9sident Louis Vlavonou n\u2019a pas viol\u00e9 la constitution.<\/p>\n<p><strong>Pour plus d&rsquo;informations et d&rsquo;analyses sur la <a href=\"https:\/\/www.africa-press.net\/benin\">Benin<\/a>, suivez <a href=\"https:\/\/www.africa-press.net\/\">Africa-Press<\/a><\/strong><\/p>\n","protected":false},"excerpt":{"rendered":"<p>Africa-Press &#8211; Benin. La cour constitutionnelle s\u2019est pench\u00e9e sur le recours d\u2019un citoyen contre le pr\u00e9sident de l\u2019assembl\u00e9e nationale, Louis Vlavonou accus\u00e9 de violation de la constitution et du r\u00e8glement int\u00e9rieur de l\u2019assembl\u00e9e nationale. Dans sa d\u00e9cision, la haute juridiction a d\u00e9bout\u00e9 le requ\u00e9rant. Le 28 Septembre 2021, un citoyen a saisi la cour constitutionnelle [&hellip;]<\/p>\n","protected":false},"author":82,"featured_media":8492,"comment_status":"open","ping_status":"closed","sticky":false,"template":"","format":"standard","meta":{"footnotes":""},"categories":[21,11,10],"tags":[36,50,45],"class_list":["post-8493","post","type-post","status-publish","format-standard","has-post-thumbnail","hentry","category-communaute","category-homepage-french","category-toutes-les-actualites","tag-africa-press","tag-africa-press-benin","tag-benin"],"yoast_head":"<!-- This site is optimized with the Yoast SEO Premium plugin v26.1 (Yoast SEO v27.0) - https:\/\/yoast.com\/product\/yoast-seo-premium-wordpress\/ -->\n<title>B\u00e9nin: un citoyen d\u00e9bout\u00e9 par la cour dans un recours contre Louis Vlavonou - B\u00e9nin<\/title>\n<meta name=\"description\" content=\"La cour constitutionnelle s\u2019est pench\u00e9e sur le recours d\u2019un citoyen contre le pr\u00e9sident de l\u2019assembl\u00e9e nationale, Louis ...\" \/>\n<meta name=\"robots\" content=\"index, follow, max-snippet:-1, max-image-preview:large, max-video-preview:-1\" \/>\n<link rel=\"canonical\" href=\"https:\/\/www.africa-press.net\/benin\/toutes-les-actualites\/benin-un-citoyen-deboute-par-la-cour-dans-un-recours-contre-louis-vlavonou\" \/>\n<meta property=\"og:locale\" content=\"fr_FR\" \/>\n<meta property=\"og:type\" content=\"article\" \/>\n<meta property=\"og:title\" content=\"B\u00e9nin: un citoyen d\u00e9bout\u00e9 par la cour dans un recours contre Louis Vlavonou\" \/>\n<meta property=\"og:description\" content=\"La cour constitutionnelle s\u2019est pench\u00e9e sur le recours d\u2019un citoyen contre le pr\u00e9sident de l\u2019assembl\u00e9e nationale, Louis ...\" \/>\n<meta property=\"og:url\" content=\"https:\/\/www.africa-press.net\/benin\/toutes-les-actualites\/benin-un-citoyen-deboute-par-la-cour-dans-un-recours-contre-louis-vlavonou\" \/>\n<meta property=\"og:site_name\" content=\"B\u00e9nin\" \/>\n<meta property=\"article:published_time\" content=\"2022-09-01T17:08:40+00:00\" \/>\n<meta property=\"article:modified_time\" content=\"2022-09-01T17:22:47+00:00\" \/>\n<meta property=\"og:image\" content=\"https:\/\/static.africa-press.net\/benin\/sites\/46\/2022\/09\/postQueueImg_21.jpg\" \/>\n\t<meta property=\"og:image:width\" content=\"1280\" \/>\n\t<meta property=\"og:image:height\" content=\"718\" \/>\n\t<meta property=\"og:image:type\" content=\"image\/jpeg\" \/>\n<meta name=\"author\" content=\"cfeditorfr\" \/>\n<meta name=\"twitter:card\" content=\"summary_large_image\" \/>\n<meta name=\"twitter:label1\" content=\"\u00c9crit par\" \/>\n\t<meta name=\"twitter:data1\" content=\"cfeditorfr\" \/>\n\t<meta name=\"twitter:label2\" content=\"Dur\u00e9e de lecture estim\u00e9e\" \/>\n\t<meta name=\"twitter:data2\" content=\"2 minutes\" \/>\n<script type=\"application\/ld+json\" class=\"yoast-schema-graph\">{\"@context\":\"https:\/\/schema.org\",\"@graph\":[{\"@type\":\"Article\",\"@id\":\"https:\/\/www.africa-press.net\/benin\/toutes-les-actualites\/benin-un-citoyen-deboute-par-la-cour-dans-un-recours-contre-louis-vlavonou#article\",\"isPartOf\":{\"@id\":\"https:\/\/www.africa-press.net\/benin\/toutes-les-actualites\/benin-un-citoyen-deboute-par-la-cour-dans-un-recours-contre-louis-vlavonou\"},\"author\":{\"name\":\"cfeditorfr\",\"@id\":\"https:\/\/www.africa-press.net\/benin\/#\/schema\/person\/2b1cf3cd81a31e3cd26889ca66d677f1\"},\"headline\":\"B\u00e9nin: un citoyen d\u00e9bout\u00e9 par la cour dans un recours contre Louis Vlavonou\",\"datePublished\":\"2022-09-01T17:08:40+00:00\",\"dateModified\":\"2022-09-01T17:22:47+00:00\",\"mainEntityOfPage\":{\"@id\":\"https:\/\/www.africa-press.net\/benin\/toutes-les-actualites\/benin-un-citoyen-deboute-par-la-cour-dans-un-recours-contre-louis-vlavonou\"},\"wordCount\":395,\"commentCount\":0,\"image\":{\"@id\":\"https:\/\/www.africa-press.net\/benin\/toutes-les-actualites\/benin-un-citoyen-deboute-par-la-cour-dans-un-recours-contre-louis-vlavonou#primaryimage\"},\"thumbnailUrl\":\"https:\/\/static.africa-press.net\/benin\/sites\/46\/2022\/09\/postQueueImg_21.jpg\",\"keywords\":[\"Africa Press\",\"Africa Press-Benin\",\"B\u00e9nin\"],\"articleSection\":[\"Communaut\u00e9\",\"homepage-french\",\"Toutes les actualit\u00e9s\"],\"inLanguage\":\"fr-FR\",\"potentialAction\":[{\"@type\":\"CommentAction\",\"name\":\"Comment\",\"target\":[\"https:\/\/www.africa-press.net\/benin\/toutes-les-actualites\/benin-un-citoyen-deboute-par-la-cour-dans-un-recours-contre-louis-vlavonou#respond\"]}]},{\"@type\":\"WebPage\",\"@id\":\"https:\/\/www.africa-press.net\/benin\/toutes-les-actualites\/benin-un-citoyen-deboute-par-la-cour-dans-un-recours-contre-louis-vlavonou\",\"url\":\"https:\/\/www.africa-press.net\/benin\/toutes-les-actualites\/benin-un-citoyen-deboute-par-la-cour-dans-un-recours-contre-louis-vlavonou\",\"name\":\"B\u00e9nin: un citoyen d\u00e9bout\u00e9 par la cour dans un recours contre Louis Vlavonou - B\u00e9nin\",\"isPartOf\":{\"@id\":\"https:\/\/www.africa-press.net\/benin\/#website\"},\"primaryImageOfPage\":{\"@id\":\"https:\/\/www.africa-press.net\/benin\/toutes-les-actualites\/benin-un-citoyen-deboute-par-la-cour-dans-un-recours-contre-louis-vlavonou#primaryimage\"},\"image\":{\"@id\":\"https:\/\/www.africa-press.net\/benin\/toutes-les-actualites\/benin-un-citoyen-deboute-par-la-cour-dans-un-recours-contre-louis-vlavonou#primaryimage\"},\"thumbnailUrl\":\"https:\/\/static.africa-press.net\/benin\/sites\/46\/2022\/09\/postQueueImg_21.jpg\",\"datePublished\":\"2022-09-01T17:08:40+00:00\",\"dateModified\":\"2022-09-01T17:22:47+00:00\",\"author\":{\"@id\":\"https:\/\/www.africa-press.net\/benin\/#\/schema\/person\/2b1cf3cd81a31e3cd26889ca66d677f1\"},\"description\":\"La cour constitutionnelle s\u2019est pench\u00e9e sur le recours d\u2019un citoyen contre le pr\u00e9sident de l\u2019assembl\u00e9e nationale, Louis ...\",\"breadcrumb\":{\"@id\":\"https:\/\/www.africa-press.net\/benin\/toutes-les-actualites\/benin-un-citoyen-deboute-par-la-cour-dans-un-recours-contre-louis-vlavonou#breadcrumb\"},\"inLanguage\":\"fr-FR\",\"potentialAction\":[{\"@type\":\"ReadAction\",\"target\":[\"https:\/\/www.africa-press.net\/benin\/toutes-les-actualites\/benin-un-citoyen-deboute-par-la-cour-dans-un-recours-contre-louis-vlavonou\"]}]},{\"@type\":\"ImageObject\",\"inLanguage\":\"fr-FR\",\"@id\":\"https:\/\/www.africa-press.net\/benin\/toutes-les-actualites\/benin-un-citoyen-deboute-par-la-cour-dans-un-recours-contre-louis-vlavonou#primaryimage\",\"url\":\"https:\/\/static.africa-press.net\/benin\/sites\/46\/2022\/09\/postQueueImg_21.jpg\",\"contentUrl\":\"https:\/\/static.africa-press.net\/benin\/sites\/46\/2022\/09\/postQueueImg_21.jpg\",\"width\":1280,\"height\":718,\"caption\":\"B\u00e9nin: un citoyen d\u00e9bout\u00e9 par la cour dans un recours contre Louis Vlavonou\"},{\"@type\":\"BreadcrumbList\",\"@id\":\"https:\/\/www.africa-press.net\/benin\/toutes-les-actualites\/benin-un-citoyen-deboute-par-la-cour-dans-un-recours-contre-louis-vlavonou#breadcrumb\",\"itemListElement\":[{\"@type\":\"ListItem\",\"position\":1,\"name\":\"Accueil\",\"item\":\"https:\/\/www.africa-press.net\/benin\/\"},{\"@type\":\"ListItem\",\"position\":2,\"name\":\"B\u00e9nin: un citoyen d\u00e9bout\u00e9 par la cour dans un recours contre Louis Vlavonou\"}]},{\"@type\":\"WebSite\",\"@id\":\"https:\/\/www.africa-press.net\/benin\/#website\",\"url\":\"https:\/\/www.africa-press.net\/benin\/\",\"name\":\"B\u00e9nin\",\"description\":\"Just another Africa News Agency Sites site\",\"potentialAction\":[{\"@type\":\"SearchAction\",\"target\":{\"@type\":\"EntryPoint\",\"urlTemplate\":\"https:\/\/www.africa-press.net\/benin\/?s={search_term_string}\"},\"query-input\":{\"@type\":\"PropertyValueSpecification\",\"valueRequired\":true,\"valueName\":\"search_term_string\"}}],\"inLanguage\":\"fr-FR\"},{\"@type\":\"Person\",\"@id\":\"https:\/\/www.africa-press.net\/benin\/#\/schema\/person\/2b1cf3cd81a31e3cd26889ca66d677f1\",\"name\":\"cfeditorfr\"}]}<\/script>\n<!-- \/ Yoast SEO Premium plugin. -->","yoast_head_json":{"title":"B\u00e9nin: un citoyen d\u00e9bout\u00e9 par la cour dans un recours contre Louis Vlavonou - B\u00e9nin","description":"La cour constitutionnelle s\u2019est pench\u00e9e sur le recours d\u2019un citoyen contre le pr\u00e9sident de l\u2019assembl\u00e9e nationale, Louis ...","robots":{"index":"index","follow":"follow","max-snippet":"max-snippet:-1","max-image-preview":"max-image-preview:large","max-video-preview":"max-video-preview:-1"},"canonical":"https:\/\/www.africa-press.net\/benin\/toutes-les-actualites\/benin-un-citoyen-deboute-par-la-cour-dans-un-recours-contre-louis-vlavonou","og_locale":"fr_FR","og_type":"article","og_title":"B\u00e9nin: un citoyen d\u00e9bout\u00e9 par la cour dans un recours contre Louis Vlavonou","og_description":"La cour constitutionnelle s\u2019est pench\u00e9e sur le recours d\u2019un citoyen contre le pr\u00e9sident de l\u2019assembl\u00e9e nationale, Louis ...","og_url":"https:\/\/www.africa-press.net\/benin\/toutes-les-actualites\/benin-un-citoyen-deboute-par-la-cour-dans-un-recours-contre-louis-vlavonou","og_site_name":"B\u00e9nin","article_published_time":"2022-09-01T17:08:40+00:00","article_modified_time":"2022-09-01T17:22:47+00:00","og_image":[{"width":1280,"height":718,"url":"https:\/\/static.africa-press.net\/benin\/sites\/46\/2022\/09\/postQueueImg_21.jpg","type":"image\/jpeg"}],"author":"cfeditorfr","twitter_card":"summary_large_image","twitter_misc":{"\u00c9crit par":"cfeditorfr","Dur\u00e9e de lecture estim\u00e9e":"2 minutes"},"schema":{"@context":"https:\/\/schema.org","@graph":[{"@type":"Article","@id":"https:\/\/www.africa-press.net\/benin\/toutes-les-actualites\/benin-un-citoyen-deboute-par-la-cour-dans-un-recours-contre-louis-vlavonou#article","isPartOf":{"@id":"https:\/\/www.africa-press.net\/benin\/toutes-les-actualites\/benin-un-citoyen-deboute-par-la-cour-dans-un-recours-contre-louis-vlavonou"},"author":{"name":"cfeditorfr","@id":"https:\/\/www.africa-press.net\/benin\/#\/schema\/person\/2b1cf3cd81a31e3cd26889ca66d677f1"},"headline":"B\u00e9nin: un citoyen d\u00e9bout\u00e9 par la cour dans un recours contre Louis Vlavonou","datePublished":"2022-09-01T17:08:40+00:00","dateModified":"2022-09-01T17:22:47+00:00","mainEntityOfPage":{"@id":"https:\/\/www.africa-press.net\/benin\/toutes-les-actualites\/benin-un-citoyen-deboute-par-la-cour-dans-un-recours-contre-louis-vlavonou"},"wordCount":395,"commentCount":0,"image":{"@id":"https:\/\/www.africa-press.net\/benin\/toutes-les-actualites\/benin-un-citoyen-deboute-par-la-cour-dans-un-recours-contre-louis-vlavonou#primaryimage"},"thumbnailUrl":"https:\/\/static.africa-press.net\/benin\/sites\/46\/2022\/09\/postQueueImg_21.jpg","keywords":["Africa Press","Africa Press-Benin","B\u00e9nin"],"articleSection":["Communaut\u00e9","homepage-french","Toutes les actualit\u00e9s"],"inLanguage":"fr-FR","potentialAction":[{"@type":"CommentAction","name":"Comment","target":["https:\/\/www.africa-press.net\/benin\/toutes-les-actualites\/benin-un-citoyen-deboute-par-la-cour-dans-un-recours-contre-louis-vlavonou#respond"]}]},{"@type":"WebPage","@id":"https:\/\/www.africa-press.net\/benin\/toutes-les-actualites\/benin-un-citoyen-deboute-par-la-cour-dans-un-recours-contre-louis-vlavonou","url":"https:\/\/www.africa-press.net\/benin\/toutes-les-actualites\/benin-un-citoyen-deboute-par-la-cour-dans-un-recours-contre-louis-vlavonou","name":"B\u00e9nin: un citoyen d\u00e9bout\u00e9 par la cour dans un recours contre Louis Vlavonou - B\u00e9nin","isPartOf":{"@id":"https:\/\/www.africa-press.net\/benin\/#website"},"primaryImageOfPage":{"@id":"https:\/\/www.africa-press.net\/benin\/toutes-les-actualites\/benin-un-citoyen-deboute-par-la-cour-dans-un-recours-contre-louis-vlavonou#primaryimage"},"image":{"@id":"https:\/\/www.africa-press.net\/benin\/toutes-les-actualites\/benin-un-citoyen-deboute-par-la-cour-dans-un-recours-contre-louis-vlavonou#primaryimage"},"thumbnailUrl":"https:\/\/static.africa-press.net\/benin\/sites\/46\/2022\/09\/postQueueImg_21.jpg","datePublished":"2022-09-01T17:08:40+00:00","dateModified":"2022-09-01T17:22:47+00:00","author":{"@id":"https:\/\/www.africa-press.net\/benin\/#\/schema\/person\/2b1cf3cd81a31e3cd26889ca66d677f1"},"description":"La cour constitutionnelle s\u2019est pench\u00e9e sur le recours d\u2019un citoyen contre le pr\u00e9sident de l\u2019assembl\u00e9e nationale, Louis ...","breadcrumb":{"@id":"https:\/\/www.africa-press.net\/benin\/toutes-les-actualites\/benin-un-citoyen-deboute-par-la-cour-dans-un-recours-contre-louis-vlavonou#breadcrumb"},"inLanguage":"fr-FR","potentialAction":[{"@type":"ReadAction","target":["https:\/\/www.africa-press.net\/benin\/toutes-les-actualites\/benin-un-citoyen-deboute-par-la-cour-dans-un-recours-contre-louis-vlavonou"]}]},{"@type":"ImageObject","inLanguage":"fr-FR","@id":"https:\/\/www.africa-press.net\/benin\/toutes-les-actualites\/benin-un-citoyen-deboute-par-la-cour-dans-un-recours-contre-louis-vlavonou#primaryimage","url":"https:\/\/static.africa-press.net\/benin\/sites\/46\/2022\/09\/postQueueImg_21.jpg","contentUrl":"https:\/\/static.africa-press.net\/benin\/sites\/46\/2022\/09\/postQueueImg_21.jpg","width":1280,"height":718,"caption":"B\u00e9nin: un citoyen d\u00e9bout\u00e9 par la cour dans un recours contre Louis Vlavonou"},{"@type":"BreadcrumbList","@id":"https:\/\/www.africa-press.net\/benin\/toutes-les-actualites\/benin-un-citoyen-deboute-par-la-cour-dans-un-recours-contre-louis-vlavonou#breadcrumb","itemListElement":[{"@type":"ListItem","position":1,"name":"Accueil","item":"https:\/\/www.africa-press.net\/benin\/"},{"@type":"ListItem","position":2,"name":"B\u00e9nin: un citoyen d\u00e9bout\u00e9 par la cour dans un recours contre Louis Vlavonou"}]},{"@type":"WebSite","@id":"https:\/\/www.africa-press.net\/benin\/#website","url":"https:\/\/www.africa-press.net\/benin\/","name":"B\u00e9nin","description":"Just another Africa News Agency Sites site","potentialAction":[{"@type":"SearchAction","target":{"@type":"EntryPoint","urlTemplate":"https:\/\/www.africa-press.net\/benin\/?s={search_term_string}"},"query-input":{"@type":"PropertyValueSpecification","valueRequired":true,"valueName":"search_term_string"}}],"inLanguage":"fr-FR"},{"@type":"Person","@id":"https:\/\/www.africa-press.net\/benin\/#\/schema\/person\/2b1cf3cd81a31e3cd26889ca66d677f1","name":"cfeditorfr"}]}},"_links":{"self":[{"href":"https:\/\/www.africa-press.net\/benin\/wp-json\/wp\/v2\/posts\/8493","targetHints":{"allow":["GET"]}}],"collection":[{"href":"https:\/\/www.africa-press.net\/benin\/wp-json\/wp\/v2\/posts"}],"about":[{"href":"https:\/\/www.africa-press.net\/benin\/wp-json\/wp\/v2\/types\/post"}],"author":[{"embeddable":true,"href":"https:\/\/www.africa-press.net\/benin\/wp-json\/wp\/v2\/users\/82"}],"replies":[{"embeddable":true,"href":"https:\/\/www.africa-press.net\/benin\/wp-json\/wp\/v2\/comments?post=8493"}],"version-history":[{"count":0,"href":"https:\/\/www.africa-press.net\/benin\/wp-json\/wp\/v2\/posts\/8493\/revisions"}],"wp:featuredmedia":[{"embeddable":true,"href":"https:\/\/www.africa-press.net\/benin\/wp-json\/wp\/v2\/media\/8492"}],"wp:attachment":[{"href":"https:\/\/www.africa-press.net\/benin\/wp-json\/wp\/v2\/media?parent=8493"}],"wp:term":[{"taxonomy":"category","embeddable":true,"href":"https:\/\/www.africa-press.net\/benin\/wp-json\/wp\/v2\/categories?post=8493"},{"taxonomy":"post_tag","embeddable":true,"href":"https:\/\/www.africa-press.net\/benin\/wp-json\/wp\/v2\/tags?post=8493"}],"curies":[{"name":"wp","href":"https:\/\/api.w.org\/{rel}","templated":true}]}}