{"id":8496,"date":"2022-09-01T17:08:55","date_gmt":"2022-09-01T17:08:55","guid":{"rendered":"https:\/\/www.africa-press.net\/benin\/politique\/benin-lutilisation-de-la-machine-a-sous-interdite-dans-la-commune-de-boukoumbe"},"modified":"2022-09-01T17:23:16","modified_gmt":"2022-09-01T17:23:16","slug":"benin-lutilisation-de-la-machine-a-sous-interdite-dans-la-commune-de-boukoumbe","status":"publish","type":"post","link":"https:\/\/www.africa-press.net\/benin\/toutes-les-actualites\/benin-lutilisation-de-la-machine-a-sous-interdite-dans-la-commune-de-boukoumbe","title":{"rendered":"B\u00e9nin: l\u2019utilisation de la machine \u00e0 sous interdite dans la Commune de Boukoumb\u00e9"},"content":{"rendered":"<p><span style=\"color: #ff6600\"><strong>Africa-Press &#8211; Benin. <\/strong><\/span>L\u2019installation et l\u2019utilisation de machines \u00e0 sous ne sont plus autoris\u00e9es sur le territoire de la Commune de Boukoumb\u00e9. La d\u00e9cision a \u00e9t\u00e9 rendue publique \u00e0 travers un arr\u00eat\u00e9 pris par le maire le mardi 30 Ao\u00fbt dernier.<\/p>\n<p>A travers un arr\u00eat\u00e9 communal en date \u00e0 Boukoumb\u00e9 le 30 Ao\u00fbt 2022, le maire Aldo Calixte N\u2019Dah Kouagou a interdit l\u2019installation et l\u2019utilisation de machines \u00e0 sous sur toute l\u2019\u00e9tendue du territoire de sa Commune. Selon l\u2019article premier de l\u2019arr\u00eat\u00e9 de l\u2019autorit\u00e9 communale, il est formellement interdit l\u2019implantation et l\u2019utilisation des machines \u00e0 sous dans les buvettes, bistrots et tout autres lieux sur l\u2019ensemble du territoire de la Commune de Boukoumb\u00e9.<\/p>\n<p>A cet effet, les autorit\u00e9s polici\u00e8res de la Commune sont instruites \u00e0 l\u2019effet de l\u2019application sans faille de l\u2019arr\u00eat\u00e9 communal sign\u00e9 par la premi\u00e8re autorit\u00e9 de la Commune.<\/p>\n<p>Tout contrevenant \u00e0 cette d\u00e9cision de la Commune se verra appliquer la rigueur de la loi. L\u2019arr\u00eat\u00e9 communal prend effet \u00e0 la date de sa signature et abroge toute disposition ant\u00e9rieure contraire.<\/p>\n<p><strong>Pour plus d&rsquo;informations et d&rsquo;analyses sur la <a href=\"https:\/\/www.africa-press.net\/benin\">Benin<\/a>, suivez <a href=\"https:\/\/www.africa-press.net\/\">Africa-Press<\/a><\/strong><\/p>\n","protected":false},"excerpt":{"rendered":"<p>Africa-Press &#8211; Benin. L\u2019installation et l\u2019utilisation de machines \u00e0 sous ne sont plus autoris\u00e9es sur le territoire de la Commune de Boukoumb\u00e9. La d\u00e9cision a \u00e9t\u00e9 rendue publique \u00e0 travers un arr\u00eat\u00e9 pris par le maire le mardi 30 Ao\u00fbt dernier. A travers un arr\u00eat\u00e9 communal en date \u00e0 Boukoumb\u00e9 le 30 Ao\u00fbt 2022, le [&hellip;]<\/p>\n","protected":false},"author":82,"featured_media":8495,"comment_status":"open","ping_status":"closed","sticky":false,"template":"","format":"standard","meta":{"footnotes":""},"categories":[21,11,10],"tags":[36,50,45],"class_list":["post-8496","post","type-post","status-publish","format-standard","has-post-thumbnail","hentry","category-communaute","category-homepage-french","category-toutes-les-actualites","tag-africa-press","tag-africa-press-benin","tag-benin"],"yoast_head":"<!-- This site is optimized with the Yoast SEO Premium plugin v26.1 (Yoast SEO v27.0) - https:\/\/yoast.com\/product\/yoast-seo-premium-wordpress\/ -->\n<title>B\u00e9nin: l\u2019utilisation de la machine \u00e0 sous interdite dans la Commune de Boukoumb\u00e9 - B\u00e9nin<\/title>\n<meta name=\"description\" content=\"L\u2019installation et l\u2019utilisation de machines \u00e0 sous ne sont plus autoris\u00e9es sur le territoire de la Commune de Boukoumb\u00e9. ...\" \/>\n<meta name=\"robots\" content=\"index, follow, max-snippet:-1, max-image-preview:large, max-video-preview:-1\" \/>\n<link rel=\"canonical\" href=\"https:\/\/www.africa-press.net\/benin\/toutes-les-actualites\/benin-lutilisation-de-la-machine-a-sous-interdite-dans-la-commune-de-boukoumbe\" \/>\n<meta property=\"og:locale\" content=\"fr_FR\" \/>\n<meta property=\"og:type\" content=\"article\" \/>\n<meta property=\"og:title\" content=\"B\u00e9nin: l\u2019utilisation de la machine \u00e0 sous interdite dans la Commune de Boukoumb\u00e9\" \/>\n<meta property=\"og:description\" content=\"L\u2019installation et l\u2019utilisation de machines \u00e0 sous ne sont plus autoris\u00e9es sur le territoire de la Commune de Boukoumb\u00e9. ...\" \/>\n<meta property=\"og:url\" content=\"https:\/\/www.africa-press.net\/benin\/toutes-les-actualites\/benin-lutilisation-de-la-machine-a-sous-interdite-dans-la-commune-de-boukoumbe\" \/>\n<meta property=\"og:site_name\" content=\"B\u00e9nin\" \/>\n<meta property=\"article:published_time\" content=\"2022-09-01T17:08:55+00:00\" \/>\n<meta property=\"article:modified_time\" content=\"2022-09-01T17:23:16+00:00\" \/>\n<meta property=\"og:image\" content=\"https:\/\/static.africa-press.net\/benin\/sites\/46\/2022\/09\/postQueueImg_22.jpg\" \/>\n\t<meta property=\"og:image:width\" content=\"1200\" \/>\n\t<meta property=\"og:image:height\" content=\"686\" \/>\n\t<meta property=\"og:image:type\" content=\"image\/jpeg\" \/>\n<meta name=\"author\" content=\"cfeditorfr\" \/>\n<meta name=\"twitter:card\" content=\"summary_large_image\" \/>\n<meta name=\"twitter:label1\" content=\"\u00c9crit par\" \/>\n\t<meta name=\"twitter:data1\" content=\"cfeditorfr\" \/>\n\t<meta name=\"twitter:label2\" content=\"Dur\u00e9e de lecture estim\u00e9e\" \/>\n\t<meta name=\"twitter:data2\" content=\"1 minute\" \/>\n<script type=\"application\/ld+json\" class=\"yoast-schema-graph\">{\"@context\":\"https:\/\/schema.org\",\"@graph\":[{\"@type\":\"Article\",\"@id\":\"https:\/\/www.africa-press.net\/benin\/toutes-les-actualites\/benin-lutilisation-de-la-machine-a-sous-interdite-dans-la-commune-de-boukoumbe#article\",\"isPartOf\":{\"@id\":\"https:\/\/www.africa-press.net\/benin\/toutes-les-actualites\/benin-lutilisation-de-la-machine-a-sous-interdite-dans-la-commune-de-boukoumbe\"},\"author\":{\"name\":\"cfeditorfr\",\"@id\":\"https:\/\/www.africa-press.net\/benin\/#\/schema\/person\/2b1cf3cd81a31e3cd26889ca66d677f1\"},\"headline\":\"B\u00e9nin: l\u2019utilisation de la machine \u00e0 sous interdite dans la Commune de Boukoumb\u00e9\",\"datePublished\":\"2022-09-01T17:08:55+00:00\",\"dateModified\":\"2022-09-01T17:23:16+00:00\",\"mainEntityOfPage\":{\"@id\":\"https:\/\/www.africa-press.net\/benin\/toutes-les-actualites\/benin-lutilisation-de-la-machine-a-sous-interdite-dans-la-commune-de-boukoumbe\"},\"wordCount\":218,\"commentCount\":0,\"image\":{\"@id\":\"https:\/\/www.africa-press.net\/benin\/toutes-les-actualites\/benin-lutilisation-de-la-machine-a-sous-interdite-dans-la-commune-de-boukoumbe#primaryimage\"},\"thumbnailUrl\":\"https:\/\/static.africa-press.net\/benin\/sites\/46\/2022\/09\/postQueueImg_22.jpg\",\"keywords\":[\"Africa Press\",\"Africa Press-Benin\",\"B\u00e9nin\"],\"articleSection\":[\"Communaut\u00e9\",\"homepage-french\",\"Toutes les actualit\u00e9s\"],\"inLanguage\":\"fr-FR\",\"potentialAction\":[{\"@type\":\"CommentAction\",\"name\":\"Comment\",\"target\":[\"https:\/\/www.africa-press.net\/benin\/toutes-les-actualites\/benin-lutilisation-de-la-machine-a-sous-interdite-dans-la-commune-de-boukoumbe#respond\"]}]},{\"@type\":\"WebPage\",\"@id\":\"https:\/\/www.africa-press.net\/benin\/toutes-les-actualites\/benin-lutilisation-de-la-machine-a-sous-interdite-dans-la-commune-de-boukoumbe\",\"url\":\"https:\/\/www.africa-press.net\/benin\/toutes-les-actualites\/benin-lutilisation-de-la-machine-a-sous-interdite-dans-la-commune-de-boukoumbe\",\"name\":\"B\u00e9nin: l\u2019utilisation de la machine \u00e0 sous interdite dans la Commune de Boukoumb\u00e9 - B\u00e9nin\",\"isPartOf\":{\"@id\":\"https:\/\/www.africa-press.net\/benin\/#website\"},\"primaryImageOfPage\":{\"@id\":\"https:\/\/www.africa-press.net\/benin\/toutes-les-actualites\/benin-lutilisation-de-la-machine-a-sous-interdite-dans-la-commune-de-boukoumbe#primaryimage\"},\"image\":{\"@id\":\"https:\/\/www.africa-press.net\/benin\/toutes-les-actualites\/benin-lutilisation-de-la-machine-a-sous-interdite-dans-la-commune-de-boukoumbe#primaryimage\"},\"thumbnailUrl\":\"https:\/\/static.africa-press.net\/benin\/sites\/46\/2022\/09\/postQueueImg_22.jpg\",\"datePublished\":\"2022-09-01T17:08:55+00:00\",\"dateModified\":\"2022-09-01T17:23:16+00:00\",\"author\":{\"@id\":\"https:\/\/www.africa-press.net\/benin\/#\/schema\/person\/2b1cf3cd81a31e3cd26889ca66d677f1\"},\"description\":\"L\u2019installation et l\u2019utilisation de machines \u00e0 sous ne sont plus autoris\u00e9es sur le territoire de la Commune de Boukoumb\u00e9. ...\",\"breadcrumb\":{\"@id\":\"https:\/\/www.africa-press.net\/benin\/toutes-les-actualites\/benin-lutilisation-de-la-machine-a-sous-interdite-dans-la-commune-de-boukoumbe#breadcrumb\"},\"inLanguage\":\"fr-FR\",\"potentialAction\":[{\"@type\":\"ReadAction\",\"target\":[\"https:\/\/www.africa-press.net\/benin\/toutes-les-actualites\/benin-lutilisation-de-la-machine-a-sous-interdite-dans-la-commune-de-boukoumbe\"]}]},{\"@type\":\"ImageObject\",\"inLanguage\":\"fr-FR\",\"@id\":\"https:\/\/www.africa-press.net\/benin\/toutes-les-actualites\/benin-lutilisation-de-la-machine-a-sous-interdite-dans-la-commune-de-boukoumbe#primaryimage\",\"url\":\"https:\/\/static.africa-press.net\/benin\/sites\/46\/2022\/09\/postQueueImg_22.jpg\",\"contentUrl\":\"https:\/\/static.africa-press.net\/benin\/sites\/46\/2022\/09\/postQueueImg_22.jpg\",\"width\":1200,\"height\":686,\"caption\":\"B\u00e9nin: l\u2019utilisation de la machine \u00e0 sous interdite dans la Commune de Boukoumb\u00e9\"},{\"@type\":\"BreadcrumbList\",\"@id\":\"https:\/\/www.africa-press.net\/benin\/toutes-les-actualites\/benin-lutilisation-de-la-machine-a-sous-interdite-dans-la-commune-de-boukoumbe#breadcrumb\",\"itemListElement\":[{\"@type\":\"ListItem\",\"position\":1,\"name\":\"Accueil\",\"item\":\"https:\/\/www.africa-press.net\/benin\/\"},{\"@type\":\"ListItem\",\"position\":2,\"name\":\"B\u00e9nin: l\u2019utilisation de la machine \u00e0 sous interdite dans la Commune de Boukoumb\u00e9\"}]},{\"@type\":\"WebSite\",\"@id\":\"https:\/\/www.africa-press.net\/benin\/#website\",\"url\":\"https:\/\/www.africa-press.net\/benin\/\",\"name\":\"B\u00e9nin\",\"description\":\"Just another Africa News Agency Sites site\",\"potentialAction\":[{\"@type\":\"SearchAction\",\"target\":{\"@type\":\"EntryPoint\",\"urlTemplate\":\"https:\/\/www.africa-press.net\/benin\/?s={search_term_string}\"},\"query-input\":{\"@type\":\"PropertyValueSpecification\",\"valueRequired\":true,\"valueName\":\"search_term_string\"}}],\"inLanguage\":\"fr-FR\"},{\"@type\":\"Person\",\"@id\":\"https:\/\/www.africa-press.net\/benin\/#\/schema\/person\/2b1cf3cd81a31e3cd26889ca66d677f1\",\"name\":\"cfeditorfr\"}]}<\/script>\n<!-- \/ Yoast SEO Premium plugin. -->","yoast_head_json":{"title":"B\u00e9nin: l\u2019utilisation de la machine \u00e0 sous interdite dans la Commune de Boukoumb\u00e9 - B\u00e9nin","description":"L\u2019installation et l\u2019utilisation de machines \u00e0 sous ne sont plus autoris\u00e9es sur le territoire de la Commune de Boukoumb\u00e9. ...","robots":{"index":"index","follow":"follow","max-snippet":"max-snippet:-1","max-image-preview":"max-image-preview:large","max-video-preview":"max-video-preview:-1"},"canonical":"https:\/\/www.africa-press.net\/benin\/toutes-les-actualites\/benin-lutilisation-de-la-machine-a-sous-interdite-dans-la-commune-de-boukoumbe","og_locale":"fr_FR","og_type":"article","og_title":"B\u00e9nin: l\u2019utilisation de la machine \u00e0 sous interdite dans la Commune de Boukoumb\u00e9","og_description":"L\u2019installation et l\u2019utilisation de machines \u00e0 sous ne sont plus autoris\u00e9es sur le territoire de la Commune de Boukoumb\u00e9. ...","og_url":"https:\/\/www.africa-press.net\/benin\/toutes-les-actualites\/benin-lutilisation-de-la-machine-a-sous-interdite-dans-la-commune-de-boukoumbe","og_site_name":"B\u00e9nin","article_published_time":"2022-09-01T17:08:55+00:00","article_modified_time":"2022-09-01T17:23:16+00:00","og_image":[{"width":1200,"height":686,"url":"https:\/\/static.africa-press.net\/benin\/sites\/46\/2022\/09\/postQueueImg_22.jpg","type":"image\/jpeg"}],"author":"cfeditorfr","twitter_card":"summary_large_image","twitter_misc":{"\u00c9crit par":"cfeditorfr","Dur\u00e9e de lecture estim\u00e9e":"1 minute"},"schema":{"@context":"https:\/\/schema.org","@graph":[{"@type":"Article","@id":"https:\/\/www.africa-press.net\/benin\/toutes-les-actualites\/benin-lutilisation-de-la-machine-a-sous-interdite-dans-la-commune-de-boukoumbe#article","isPartOf":{"@id":"https:\/\/www.africa-press.net\/benin\/toutes-les-actualites\/benin-lutilisation-de-la-machine-a-sous-interdite-dans-la-commune-de-boukoumbe"},"author":{"name":"cfeditorfr","@id":"https:\/\/www.africa-press.net\/benin\/#\/schema\/person\/2b1cf3cd81a31e3cd26889ca66d677f1"},"headline":"B\u00e9nin: l\u2019utilisation de la machine \u00e0 sous interdite dans la Commune de Boukoumb\u00e9","datePublished":"2022-09-01T17:08:55+00:00","dateModified":"2022-09-01T17:23:16+00:00","mainEntityOfPage":{"@id":"https:\/\/www.africa-press.net\/benin\/toutes-les-actualites\/benin-lutilisation-de-la-machine-a-sous-interdite-dans-la-commune-de-boukoumbe"},"wordCount":218,"commentCount":0,"image":{"@id":"https:\/\/www.africa-press.net\/benin\/toutes-les-actualites\/benin-lutilisation-de-la-machine-a-sous-interdite-dans-la-commune-de-boukoumbe#primaryimage"},"thumbnailUrl":"https:\/\/static.africa-press.net\/benin\/sites\/46\/2022\/09\/postQueueImg_22.jpg","keywords":["Africa Press","Africa Press-Benin","B\u00e9nin"],"articleSection":["Communaut\u00e9","homepage-french","Toutes les actualit\u00e9s"],"inLanguage":"fr-FR","potentialAction":[{"@type":"CommentAction","name":"Comment","target":["https:\/\/www.africa-press.net\/benin\/toutes-les-actualites\/benin-lutilisation-de-la-machine-a-sous-interdite-dans-la-commune-de-boukoumbe#respond"]}]},{"@type":"WebPage","@id":"https:\/\/www.africa-press.net\/benin\/toutes-les-actualites\/benin-lutilisation-de-la-machine-a-sous-interdite-dans-la-commune-de-boukoumbe","url":"https:\/\/www.africa-press.net\/benin\/toutes-les-actualites\/benin-lutilisation-de-la-machine-a-sous-interdite-dans-la-commune-de-boukoumbe","name":"B\u00e9nin: l\u2019utilisation de la machine \u00e0 sous interdite dans la Commune de Boukoumb\u00e9 - B\u00e9nin","isPartOf":{"@id":"https:\/\/www.africa-press.net\/benin\/#website"},"primaryImageOfPage":{"@id":"https:\/\/www.africa-press.net\/benin\/toutes-les-actualites\/benin-lutilisation-de-la-machine-a-sous-interdite-dans-la-commune-de-boukoumbe#primaryimage"},"image":{"@id":"https:\/\/www.africa-press.net\/benin\/toutes-les-actualites\/benin-lutilisation-de-la-machine-a-sous-interdite-dans-la-commune-de-boukoumbe#primaryimage"},"thumbnailUrl":"https:\/\/static.africa-press.net\/benin\/sites\/46\/2022\/09\/postQueueImg_22.jpg","datePublished":"2022-09-01T17:08:55+00:00","dateModified":"2022-09-01T17:23:16+00:00","author":{"@id":"https:\/\/www.africa-press.net\/benin\/#\/schema\/person\/2b1cf3cd81a31e3cd26889ca66d677f1"},"description":"L\u2019installation et l\u2019utilisation de machines \u00e0 sous ne sont plus autoris\u00e9es sur le territoire de la Commune de Boukoumb\u00e9. ...","breadcrumb":{"@id":"https:\/\/www.africa-press.net\/benin\/toutes-les-actualites\/benin-lutilisation-de-la-machine-a-sous-interdite-dans-la-commune-de-boukoumbe#breadcrumb"},"inLanguage":"fr-FR","potentialAction":[{"@type":"ReadAction","target":["https:\/\/www.africa-press.net\/benin\/toutes-les-actualites\/benin-lutilisation-de-la-machine-a-sous-interdite-dans-la-commune-de-boukoumbe"]}]},{"@type":"ImageObject","inLanguage":"fr-FR","@id":"https:\/\/www.africa-press.net\/benin\/toutes-les-actualites\/benin-lutilisation-de-la-machine-a-sous-interdite-dans-la-commune-de-boukoumbe#primaryimage","url":"https:\/\/static.africa-press.net\/benin\/sites\/46\/2022\/09\/postQueueImg_22.jpg","contentUrl":"https:\/\/static.africa-press.net\/benin\/sites\/46\/2022\/09\/postQueueImg_22.jpg","width":1200,"height":686,"caption":"B\u00e9nin: l\u2019utilisation de la machine \u00e0 sous interdite dans la Commune de Boukoumb\u00e9"},{"@type":"BreadcrumbList","@id":"https:\/\/www.africa-press.net\/benin\/toutes-les-actualites\/benin-lutilisation-de-la-machine-a-sous-interdite-dans-la-commune-de-boukoumbe#breadcrumb","itemListElement":[{"@type":"ListItem","position":1,"name":"Accueil","item":"https:\/\/www.africa-press.net\/benin\/"},{"@type":"ListItem","position":2,"name":"B\u00e9nin: l\u2019utilisation de la machine \u00e0 sous interdite dans la Commune de Boukoumb\u00e9"}]},{"@type":"WebSite","@id":"https:\/\/www.africa-press.net\/benin\/#website","url":"https:\/\/www.africa-press.net\/benin\/","name":"B\u00e9nin","description":"Just another Africa News Agency Sites site","potentialAction":[{"@type":"SearchAction","target":{"@type":"EntryPoint","urlTemplate":"https:\/\/www.africa-press.net\/benin\/?s={search_term_string}"},"query-input":{"@type":"PropertyValueSpecification","valueRequired":true,"valueName":"search_term_string"}}],"inLanguage":"fr-FR"},{"@type":"Person","@id":"https:\/\/www.africa-press.net\/benin\/#\/schema\/person\/2b1cf3cd81a31e3cd26889ca66d677f1","name":"cfeditorfr"}]}},"_links":{"self":[{"href":"https:\/\/www.africa-press.net\/benin\/wp-json\/wp\/v2\/posts\/8496","targetHints":{"allow":["GET"]}}],"collection":[{"href":"https:\/\/www.africa-press.net\/benin\/wp-json\/wp\/v2\/posts"}],"about":[{"href":"https:\/\/www.africa-press.net\/benin\/wp-json\/wp\/v2\/types\/post"}],"author":[{"embeddable":true,"href":"https:\/\/www.africa-press.net\/benin\/wp-json\/wp\/v2\/users\/82"}],"replies":[{"embeddable":true,"href":"https:\/\/www.africa-press.net\/benin\/wp-json\/wp\/v2\/comments?post=8496"}],"version-history":[{"count":0,"href":"https:\/\/www.africa-press.net\/benin\/wp-json\/wp\/v2\/posts\/8496\/revisions"}],"wp:featuredmedia":[{"embeddable":true,"href":"https:\/\/www.africa-press.net\/benin\/wp-json\/wp\/v2\/media\/8495"}],"wp:attachment":[{"href":"https:\/\/www.africa-press.net\/benin\/wp-json\/wp\/v2\/media?parent=8496"}],"wp:term":[{"taxonomy":"category","embeddable":true,"href":"https:\/\/www.africa-press.net\/benin\/wp-json\/wp\/v2\/categories?post=8496"},{"taxonomy":"post_tag","embeddable":true,"href":"https:\/\/www.africa-press.net\/benin\/wp-json\/wp\/v2\/tags?post=8496"}],"curies":[{"name":"wp","href":"https:\/\/api.w.org\/{rel}","templated":true}]}}