{"id":8499,"date":"2022-09-01T17:09:03","date_gmt":"2022-09-01T17:09:03","guid":{"rendered":"https:\/\/www.africa-press.net\/benin\/politique\/benin-les-prochaines-legislatives-ne-seront-pas-libres-et-transparentes-rbd"},"modified":"2022-09-01T17:23:51","modified_gmt":"2022-09-01T17:23:51","slug":"benin-les-prochaines-legislatives-ne-seront-pas-libres-et-transparentes-rbd","status":"publish","type":"post","link":"https:\/\/www.africa-press.net\/benin\/politique\/benin-les-prochaines-legislatives-ne-seront-pas-libres-et-transparentes-rbd","title":{"rendered":"B\u00e9nin: \u00ab\u00a0les prochaines l\u00e9gislatives ne seront pas libres et transparentes\u00a0\u00bb, RBD"},"content":{"rendered":"<p><span style=\"color: #ff6600\"><strong>Africa-Press &#8211; Benin. <\/strong><\/span>La R\u00e9sistance B\u00e9ninoise dans la Diaspora (RBD) appelle au boycott des \u00e9lections l\u00e9gislatives du 08 janvier 2023. Dans une d\u00e9claration datant du 30 ao\u00fbt 2022, elle a fait savoir que les conditions ne sont pas r\u00e9unies pour que les prochaines \u00e9lections soient libres et transparentes.<\/p>\n<p>Se basant sur les exp\u00e9riences des l\u00e9gislatives de 2019, les communales de 2020 et la pr\u00e9sidentielle de 2021, la RBD doute de l\u2019inclusivit\u00e9 et de la transparente des l\u00e9gislatives \u00e0 venir. <b>\u00ab Ces exp\u00e9riences ont fini par mettre tout le monde d\u2019accord sur ce qui est devenu d\u00e9sormais un principe : sous une dictature, on ne peut pas s\u2019attendre \u00e0 des \u00e9lections libres et transparentes \u00e0 moins que le peuple ne l\u2019y contraigne \u00bb<\/b>, a expliqu\u00e9 la Coordination G\u00e9n\u00e9rale de la RBD (CG\/RBD).<\/p>\n<p>A quelques semaines des \u00e9lections, la RBD accuse le pouvoir de vouloir s\u2019offrir une <b>\u00ab opposition tol\u00e9r\u00e9e \u00bb<\/b> pour cautionner la tenue des joutes \u00e9lectorales. <b>\u00ab Les machinations en cours mettant en mouvement les deux partis du Pr\u00e9sident d\u2019une part, et d\u2019autre part, l\u2019opposition tol\u00e9r\u00e9e puisqu\u2019il en faut une pour montrer \u00e0 la face du monde que c\u2019est une \u00e9lection authentique mettant en jeu la mouvance et l\u2019\u201dopposition\u201d donnent d\u00e9j\u00e0 un avant-go\u00fbt de ce qui se passera \u00bb<\/b>, lit-on dans la d\u00e9claration de presse.<\/p>\n<p>Au regard des \u00e9l\u00e9ments d\u00e9velopp\u00e9 ci-dessus, la RBD estime que <b>\u00ab les prochaines l\u00e9gislatives ne seront pas libres et transparentes \u00bb<\/b>. Elle a par ailleurs \u00e9num\u00e9r\u00e9 trois principales conditions pour des \u00e9lections libres et cr\u00e9dibles. <b>\u00ab Pour des \u00e9lections cr\u00e9dibles au B\u00e9nin, il faut : abroger les lois sc\u00e9l\u00e9rates ; lib\u00e9rer les prisonniers politiques ; assurer le retour au pays des exil\u00e9s qui le d\u00e9sirent \u00bb<\/b>, a-t-elle sugg\u00e9r\u00e9.<\/p>\n<p><strong>Pour plus d&rsquo;informations et d&rsquo;analyses sur la <a href=\"https:\/\/www.africa-press.net\/benin\">Benin<\/a>, suivez <a href=\"https:\/\/www.africa-press.net\/\">Africa-Press<\/a><\/strong><\/p>\n","protected":false},"excerpt":{"rendered":"<p>Africa-Press &#8211; Benin. La R\u00e9sistance B\u00e9ninoise dans la Diaspora (RBD) appelle au boycott des \u00e9lections l\u00e9gislatives du 08 janvier 2023. Dans une d\u00e9claration datant du 30 ao\u00fbt 2022, elle a fait savoir que les conditions ne sont pas r\u00e9unies pour que les prochaines \u00e9lections soient libres et transparentes. Se basant sur les exp\u00e9riences des l\u00e9gislatives [&hellip;]<\/p>\n","protected":false},"author":82,"featured_media":8498,"comment_status":"open","ping_status":"closed","sticky":false,"template":"","format":"standard","meta":{"footnotes":""},"categories":[11,2,20,10],"tags":[36,50,45],"class_list":["post-8499","post","type-post","status-publish","format-standard","has-post-thumbnail","hentry","category-homepage-french","category-politique","category-top-nouvelles","category-toutes-les-actualites","tag-africa-press","tag-africa-press-benin","tag-benin"],"yoast_head":"<!-- This site is optimized with the Yoast SEO Premium plugin v26.1 (Yoast SEO v27.0) - https:\/\/yoast.com\/product\/yoast-seo-premium-wordpress\/ -->\n<title>B\u00e9nin: \u00ab\u00a0les prochaines l\u00e9gislatives ne seront pas libres et transparentes\u00a0\u00bb, RBD - B\u00e9nin<\/title>\n<meta name=\"description\" content=\"La R\u00e9sistance B\u00e9ninoise dans la Diaspora (RBD) appelle au boycott des \u00e9lections l\u00e9gislatives du 08 janvier 2023. Dans un ...\" \/>\n<meta name=\"robots\" content=\"index, follow, max-snippet:-1, max-image-preview:large, max-video-preview:-1\" \/>\n<link rel=\"canonical\" href=\"https:\/\/www.africa-press.net\/benin\/politique\/benin-les-prochaines-legislatives-ne-seront-pas-libres-et-transparentes-rbd\" \/>\n<meta property=\"og:locale\" content=\"fr_FR\" \/>\n<meta property=\"og:type\" content=\"article\" \/>\n<meta property=\"og:title\" content=\"B\u00e9nin: \u00ab\u00a0les prochaines l\u00e9gislatives ne seront pas libres et transparentes\u00a0\u00bb, RBD\" \/>\n<meta property=\"og:description\" content=\"La R\u00e9sistance B\u00e9ninoise dans la Diaspora (RBD) appelle au boycott des \u00e9lections l\u00e9gislatives du 08 janvier 2023. Dans un ...\" \/>\n<meta property=\"og:url\" content=\"https:\/\/www.africa-press.net\/benin\/politique\/benin-les-prochaines-legislatives-ne-seront-pas-libres-et-transparentes-rbd\" \/>\n<meta property=\"og:site_name\" content=\"B\u00e9nin\" \/>\n<meta property=\"article:published_time\" content=\"2022-09-01T17:09:03+00:00\" \/>\n<meta property=\"article:modified_time\" content=\"2022-09-01T17:23:51+00:00\" \/>\n<meta property=\"og:image\" content=\"https:\/\/static.africa-press.net\/benin\/sites\/46\/2022\/09\/postQueueImg_23.jpg\" \/>\n\t<meta property=\"og:image:width\" content=\"1500\" \/>\n\t<meta property=\"og:image:height\" content=\"800\" \/>\n\t<meta property=\"og:image:type\" content=\"image\/jpeg\" \/>\n<meta name=\"author\" content=\"cfeditorfr\" \/>\n<meta name=\"twitter:card\" content=\"summary_large_image\" \/>\n<meta name=\"twitter:label1\" content=\"\u00c9crit par\" \/>\n\t<meta name=\"twitter:data1\" content=\"cfeditorfr\" \/>\n\t<meta name=\"twitter:label2\" content=\"Dur\u00e9e de lecture estim\u00e9e\" \/>\n\t<meta name=\"twitter:data2\" content=\"2 minutes\" \/>\n<script type=\"application\/ld+json\" class=\"yoast-schema-graph\">{\"@context\":\"https:\/\/schema.org\",\"@graph\":[{\"@type\":\"Article\",\"@id\":\"https:\/\/www.africa-press.net\/benin\/politique\/benin-les-prochaines-legislatives-ne-seront-pas-libres-et-transparentes-rbd#article\",\"isPartOf\":{\"@id\":\"https:\/\/www.africa-press.net\/benin\/politique\/benin-les-prochaines-legislatives-ne-seront-pas-libres-et-transparentes-rbd\"},\"author\":{\"name\":\"cfeditorfr\",\"@id\":\"https:\/\/www.africa-press.net\/benin\/#\/schema\/person\/2b1cf3cd81a31e3cd26889ca66d677f1\"},\"headline\":\"B\u00e9nin: \u00ab\u00a0les prochaines l\u00e9gislatives ne seront pas libres et transparentes\u00a0\u00bb, RBD\",\"datePublished\":\"2022-09-01T17:09:03+00:00\",\"dateModified\":\"2022-09-01T17:23:51+00:00\",\"mainEntityOfPage\":{\"@id\":\"https:\/\/www.africa-press.net\/benin\/politique\/benin-les-prochaines-legislatives-ne-seront-pas-libres-et-transparentes-rbd\"},\"wordCount\":330,\"commentCount\":0,\"image\":{\"@id\":\"https:\/\/www.africa-press.net\/benin\/politique\/benin-les-prochaines-legislatives-ne-seront-pas-libres-et-transparentes-rbd#primaryimage\"},\"thumbnailUrl\":\"https:\/\/static.africa-press.net\/benin\/sites\/46\/2022\/09\/postQueueImg_23.jpg\",\"keywords\":[\"Africa Press\",\"Africa Press-Benin\",\"B\u00e9nin\"],\"articleSection\":[\"homepage-french\",\"Politique\",\"Top Nouvelles\",\"Toutes les actualit\u00e9s\"],\"inLanguage\":\"fr-FR\",\"potentialAction\":[{\"@type\":\"CommentAction\",\"name\":\"Comment\",\"target\":[\"https:\/\/www.africa-press.net\/benin\/politique\/benin-les-prochaines-legislatives-ne-seront-pas-libres-et-transparentes-rbd#respond\"]}]},{\"@type\":\"WebPage\",\"@id\":\"https:\/\/www.africa-press.net\/benin\/politique\/benin-les-prochaines-legislatives-ne-seront-pas-libres-et-transparentes-rbd\",\"url\":\"https:\/\/www.africa-press.net\/benin\/politique\/benin-les-prochaines-legislatives-ne-seront-pas-libres-et-transparentes-rbd\",\"name\":\"B\u00e9nin: \u00ab\u00a0les prochaines l\u00e9gislatives ne seront pas libres et transparentes\u00a0\u00bb, RBD - B\u00e9nin\",\"isPartOf\":{\"@id\":\"https:\/\/www.africa-press.net\/benin\/#website\"},\"primaryImageOfPage\":{\"@id\":\"https:\/\/www.africa-press.net\/benin\/politique\/benin-les-prochaines-legislatives-ne-seront-pas-libres-et-transparentes-rbd#primaryimage\"},\"image\":{\"@id\":\"https:\/\/www.africa-press.net\/benin\/politique\/benin-les-prochaines-legislatives-ne-seront-pas-libres-et-transparentes-rbd#primaryimage\"},\"thumbnailUrl\":\"https:\/\/static.africa-press.net\/benin\/sites\/46\/2022\/09\/postQueueImg_23.jpg\",\"datePublished\":\"2022-09-01T17:09:03+00:00\",\"dateModified\":\"2022-09-01T17:23:51+00:00\",\"author\":{\"@id\":\"https:\/\/www.africa-press.net\/benin\/#\/schema\/person\/2b1cf3cd81a31e3cd26889ca66d677f1\"},\"description\":\"La R\u00e9sistance B\u00e9ninoise dans la Diaspora (RBD) appelle au boycott des \u00e9lections l\u00e9gislatives du 08 janvier 2023. Dans un ...\",\"breadcrumb\":{\"@id\":\"https:\/\/www.africa-press.net\/benin\/politique\/benin-les-prochaines-legislatives-ne-seront-pas-libres-et-transparentes-rbd#breadcrumb\"},\"inLanguage\":\"fr-FR\",\"potentialAction\":[{\"@type\":\"ReadAction\",\"target\":[\"https:\/\/www.africa-press.net\/benin\/politique\/benin-les-prochaines-legislatives-ne-seront-pas-libres-et-transparentes-rbd\"]}]},{\"@type\":\"ImageObject\",\"inLanguage\":\"fr-FR\",\"@id\":\"https:\/\/www.africa-press.net\/benin\/politique\/benin-les-prochaines-legislatives-ne-seront-pas-libres-et-transparentes-rbd#primaryimage\",\"url\":\"https:\/\/static.africa-press.net\/benin\/sites\/46\/2022\/09\/postQueueImg_23.jpg\",\"contentUrl\":\"https:\/\/static.africa-press.net\/benin\/sites\/46\/2022\/09\/postQueueImg_23.jpg\",\"width\":1500,\"height\":800,\"caption\":\"B\u00e9nin: \u00ab\u00a0les prochaines l\u00e9gislatives ne seront pas libres et transparentes\u00a0\u00bb, RBD\"},{\"@type\":\"BreadcrumbList\",\"@id\":\"https:\/\/www.africa-press.net\/benin\/politique\/benin-les-prochaines-legislatives-ne-seront-pas-libres-et-transparentes-rbd#breadcrumb\",\"itemListElement\":[{\"@type\":\"ListItem\",\"position\":1,\"name\":\"Accueil\",\"item\":\"https:\/\/www.africa-press.net\/benin\/\"},{\"@type\":\"ListItem\",\"position\":2,\"name\":\"B\u00e9nin: \u00ab\u00a0les prochaines l\u00e9gislatives ne seront pas libres et transparentes\u00a0\u00bb, RBD\"}]},{\"@type\":\"WebSite\",\"@id\":\"https:\/\/www.africa-press.net\/benin\/#website\",\"url\":\"https:\/\/www.africa-press.net\/benin\/\",\"name\":\"B\u00e9nin\",\"description\":\"Just another Africa News Agency Sites site\",\"potentialAction\":[{\"@type\":\"SearchAction\",\"target\":{\"@type\":\"EntryPoint\",\"urlTemplate\":\"https:\/\/www.africa-press.net\/benin\/?s={search_term_string}\"},\"query-input\":{\"@type\":\"PropertyValueSpecification\",\"valueRequired\":true,\"valueName\":\"search_term_string\"}}],\"inLanguage\":\"fr-FR\"},{\"@type\":\"Person\",\"@id\":\"https:\/\/www.africa-press.net\/benin\/#\/schema\/person\/2b1cf3cd81a31e3cd26889ca66d677f1\",\"name\":\"cfeditorfr\"}]}<\/script>\n<!-- \/ Yoast SEO Premium plugin. -->","yoast_head_json":{"title":"B\u00e9nin: \u00ab\u00a0les prochaines l\u00e9gislatives ne seront pas libres et transparentes\u00a0\u00bb, RBD - B\u00e9nin","description":"La R\u00e9sistance B\u00e9ninoise dans la Diaspora (RBD) appelle au boycott des \u00e9lections l\u00e9gislatives du 08 janvier 2023. Dans un ...","robots":{"index":"index","follow":"follow","max-snippet":"max-snippet:-1","max-image-preview":"max-image-preview:large","max-video-preview":"max-video-preview:-1"},"canonical":"https:\/\/www.africa-press.net\/benin\/politique\/benin-les-prochaines-legislatives-ne-seront-pas-libres-et-transparentes-rbd","og_locale":"fr_FR","og_type":"article","og_title":"B\u00e9nin: \u00ab\u00a0les prochaines l\u00e9gislatives ne seront pas libres et transparentes\u00a0\u00bb, RBD","og_description":"La R\u00e9sistance B\u00e9ninoise dans la Diaspora (RBD) appelle au boycott des \u00e9lections l\u00e9gislatives du 08 janvier 2023. Dans un ...","og_url":"https:\/\/www.africa-press.net\/benin\/politique\/benin-les-prochaines-legislatives-ne-seront-pas-libres-et-transparentes-rbd","og_site_name":"B\u00e9nin","article_published_time":"2022-09-01T17:09:03+00:00","article_modified_time":"2022-09-01T17:23:51+00:00","og_image":[{"width":1500,"height":800,"url":"https:\/\/static.africa-press.net\/benin\/sites\/46\/2022\/09\/postQueueImg_23.jpg","type":"image\/jpeg"}],"author":"cfeditorfr","twitter_card":"summary_large_image","twitter_misc":{"\u00c9crit par":"cfeditorfr","Dur\u00e9e de lecture estim\u00e9e":"2 minutes"},"schema":{"@context":"https:\/\/schema.org","@graph":[{"@type":"Article","@id":"https:\/\/www.africa-press.net\/benin\/politique\/benin-les-prochaines-legislatives-ne-seront-pas-libres-et-transparentes-rbd#article","isPartOf":{"@id":"https:\/\/www.africa-press.net\/benin\/politique\/benin-les-prochaines-legislatives-ne-seront-pas-libres-et-transparentes-rbd"},"author":{"name":"cfeditorfr","@id":"https:\/\/www.africa-press.net\/benin\/#\/schema\/person\/2b1cf3cd81a31e3cd26889ca66d677f1"},"headline":"B\u00e9nin: \u00ab\u00a0les prochaines l\u00e9gislatives ne seront pas libres et transparentes\u00a0\u00bb, RBD","datePublished":"2022-09-01T17:09:03+00:00","dateModified":"2022-09-01T17:23:51+00:00","mainEntityOfPage":{"@id":"https:\/\/www.africa-press.net\/benin\/politique\/benin-les-prochaines-legislatives-ne-seront-pas-libres-et-transparentes-rbd"},"wordCount":330,"commentCount":0,"image":{"@id":"https:\/\/www.africa-press.net\/benin\/politique\/benin-les-prochaines-legislatives-ne-seront-pas-libres-et-transparentes-rbd#primaryimage"},"thumbnailUrl":"https:\/\/static.africa-press.net\/benin\/sites\/46\/2022\/09\/postQueueImg_23.jpg","keywords":["Africa Press","Africa Press-Benin","B\u00e9nin"],"articleSection":["homepage-french","Politique","Top Nouvelles","Toutes les actualit\u00e9s"],"inLanguage":"fr-FR","potentialAction":[{"@type":"CommentAction","name":"Comment","target":["https:\/\/www.africa-press.net\/benin\/politique\/benin-les-prochaines-legislatives-ne-seront-pas-libres-et-transparentes-rbd#respond"]}]},{"@type":"WebPage","@id":"https:\/\/www.africa-press.net\/benin\/politique\/benin-les-prochaines-legislatives-ne-seront-pas-libres-et-transparentes-rbd","url":"https:\/\/www.africa-press.net\/benin\/politique\/benin-les-prochaines-legislatives-ne-seront-pas-libres-et-transparentes-rbd","name":"B\u00e9nin: \u00ab\u00a0les prochaines l\u00e9gislatives ne seront pas libres et transparentes\u00a0\u00bb, RBD - B\u00e9nin","isPartOf":{"@id":"https:\/\/www.africa-press.net\/benin\/#website"},"primaryImageOfPage":{"@id":"https:\/\/www.africa-press.net\/benin\/politique\/benin-les-prochaines-legislatives-ne-seront-pas-libres-et-transparentes-rbd#primaryimage"},"image":{"@id":"https:\/\/www.africa-press.net\/benin\/politique\/benin-les-prochaines-legislatives-ne-seront-pas-libres-et-transparentes-rbd#primaryimage"},"thumbnailUrl":"https:\/\/static.africa-press.net\/benin\/sites\/46\/2022\/09\/postQueueImg_23.jpg","datePublished":"2022-09-01T17:09:03+00:00","dateModified":"2022-09-01T17:23:51+00:00","author":{"@id":"https:\/\/www.africa-press.net\/benin\/#\/schema\/person\/2b1cf3cd81a31e3cd26889ca66d677f1"},"description":"La R\u00e9sistance B\u00e9ninoise dans la Diaspora (RBD) appelle au boycott des \u00e9lections l\u00e9gislatives du 08 janvier 2023. Dans un ...","breadcrumb":{"@id":"https:\/\/www.africa-press.net\/benin\/politique\/benin-les-prochaines-legislatives-ne-seront-pas-libres-et-transparentes-rbd#breadcrumb"},"inLanguage":"fr-FR","potentialAction":[{"@type":"ReadAction","target":["https:\/\/www.africa-press.net\/benin\/politique\/benin-les-prochaines-legislatives-ne-seront-pas-libres-et-transparentes-rbd"]}]},{"@type":"ImageObject","inLanguage":"fr-FR","@id":"https:\/\/www.africa-press.net\/benin\/politique\/benin-les-prochaines-legislatives-ne-seront-pas-libres-et-transparentes-rbd#primaryimage","url":"https:\/\/static.africa-press.net\/benin\/sites\/46\/2022\/09\/postQueueImg_23.jpg","contentUrl":"https:\/\/static.africa-press.net\/benin\/sites\/46\/2022\/09\/postQueueImg_23.jpg","width":1500,"height":800,"caption":"B\u00e9nin: \u00ab\u00a0les prochaines l\u00e9gislatives ne seront pas libres et transparentes\u00a0\u00bb, RBD"},{"@type":"BreadcrumbList","@id":"https:\/\/www.africa-press.net\/benin\/politique\/benin-les-prochaines-legislatives-ne-seront-pas-libres-et-transparentes-rbd#breadcrumb","itemListElement":[{"@type":"ListItem","position":1,"name":"Accueil","item":"https:\/\/www.africa-press.net\/benin\/"},{"@type":"ListItem","position":2,"name":"B\u00e9nin: \u00ab\u00a0les prochaines l\u00e9gislatives ne seront pas libres et transparentes\u00a0\u00bb, RBD"}]},{"@type":"WebSite","@id":"https:\/\/www.africa-press.net\/benin\/#website","url":"https:\/\/www.africa-press.net\/benin\/","name":"B\u00e9nin","description":"Just another Africa News Agency Sites site","potentialAction":[{"@type":"SearchAction","target":{"@type":"EntryPoint","urlTemplate":"https:\/\/www.africa-press.net\/benin\/?s={search_term_string}"},"query-input":{"@type":"PropertyValueSpecification","valueRequired":true,"valueName":"search_term_string"}}],"inLanguage":"fr-FR"},{"@type":"Person","@id":"https:\/\/www.africa-press.net\/benin\/#\/schema\/person\/2b1cf3cd81a31e3cd26889ca66d677f1","name":"cfeditorfr"}]}},"_links":{"self":[{"href":"https:\/\/www.africa-press.net\/benin\/wp-json\/wp\/v2\/posts\/8499","targetHints":{"allow":["GET"]}}],"collection":[{"href":"https:\/\/www.africa-press.net\/benin\/wp-json\/wp\/v2\/posts"}],"about":[{"href":"https:\/\/www.africa-press.net\/benin\/wp-json\/wp\/v2\/types\/post"}],"author":[{"embeddable":true,"href":"https:\/\/www.africa-press.net\/benin\/wp-json\/wp\/v2\/users\/82"}],"replies":[{"embeddable":true,"href":"https:\/\/www.africa-press.net\/benin\/wp-json\/wp\/v2\/comments?post=8499"}],"version-history":[{"count":0,"href":"https:\/\/www.africa-press.net\/benin\/wp-json\/wp\/v2\/posts\/8499\/revisions"}],"wp:featuredmedia":[{"embeddable":true,"href":"https:\/\/www.africa-press.net\/benin\/wp-json\/wp\/v2\/media\/8498"}],"wp:attachment":[{"href":"https:\/\/www.africa-press.net\/benin\/wp-json\/wp\/v2\/media?parent=8499"}],"wp:term":[{"taxonomy":"category","embeddable":true,"href":"https:\/\/www.africa-press.net\/benin\/wp-json\/wp\/v2\/categories?post=8499"},{"taxonomy":"post_tag","embeddable":true,"href":"https:\/\/www.africa-press.net\/benin\/wp-json\/wp\/v2\/tags?post=8499"}],"curies":[{"name":"wp","href":"https:\/\/api.w.org\/{rel}","templated":true}]}}