{"id":8508,"date":"2022-09-01T17:09:34","date_gmt":"2022-09-01T17:09:34","guid":{"rendered":"https:\/\/www.africa-press.net\/benin\/politique\/benin-lartiste-gg-lapino-dans-lunion-progressiste-le-renouveau"},"modified":"2022-09-01T17:25:30","modified_gmt":"2022-09-01T17:25:30","slug":"benin-lartiste-gg-lapino-dans-lunion-progressiste-le-renouveau","status":"publish","type":"post","link":"https:\/\/www.africa-press.net\/benin\/culture-et-art\/benin-lartiste-gg-lapino-dans-lunion-progressiste-le-renouveau","title":{"rendered":"B\u00e9nin: l\u2019artiste GG Lapino dans \u00ab\u00a0l\u2019Union Progressiste le Renouveau\u00a0\u00bb"},"content":{"rendered":"<p><span style=\"color: #ff6600\"><strong>Africa-Press &#8211; Benin. <\/strong><\/span>Trois leaders politiques de l\u2019arrondissement de Godomey veulent rejoindre l\u2019Union Progressiste le Renouveau. Parmi ceux-ci, on retrouve le c\u00e9l\u00e8bre artiste GG Lapino, \u00e0 l\u2019\u00e9tat civil Th\u00e9odore Gougounon. De sources concordantes, la d\u00e9claration d\u2019adh\u00e9sion est pr\u00e9vue pour ce samedi 03 septembre 2022 \u00e0 Abomey-Calavi.<\/p>\n<p>L\u2019Union Progressiste le Renouveau est en plein mercato politique. Apr\u00e8s le PER qui vient de se fondre dans le nouveau parti, trois ex-membres influents de l\u2019Union D\u00e9mocratique pour un B\u00e9nin Nouveau (UDBN) sont \u00e0 la porte du \u00ab baobab \u00bb et de \u00ab l\u2019arc-ciel-ciel \u00bb. Il s\u2019agit de GG Lapino (Th\u00e9odore Gougounon) ; Gilles Agossou, aliais Akpa Gladja et Mathias Totin.<\/p>\n<p>Artiste engag\u00e9, GG Lapino s\u2019est toujours montr\u00e9 politiquement actif sur le terrain et \u00e0 travers certaines de ses chansons. En 2020, il avait \u00e9t\u00e9 positionn\u00e9 sur la liste du parti UDBN pour le compte des \u00e9lections communales.<\/p>\n<p>En 2016, GG Lapino avait sorti \u00ab l\u2019hymne de la victoire \u00bb, un album d\u00e9di\u00e9 \u00e0 la propagande du candidat Lionel Zinsou. Par la m\u00eame occasion, Th\u00e9odore Gougounon avait lanc\u00e9 un mouvement politique d\u00e9nomm\u00e9 \u00ab Nouvelle Etoile \u00bb.<\/p>\n<p><strong>Pour plus d&rsquo;informations et d&rsquo;analyses sur la <a href=\"https:\/\/www.africa-press.net\/benin\">Benin<\/a>, suivez <a href=\"https:\/\/www.africa-press.net\/\">Africa-Press<\/a><\/strong><\/p>\n","protected":false},"excerpt":{"rendered":"<p>Africa-Press &#8211; Benin. Trois leaders politiques de l\u2019arrondissement de Godomey veulent rejoindre l\u2019Union Progressiste le Renouveau. Parmi ceux-ci, on retrouve le c\u00e9l\u00e8bre artiste GG Lapino, \u00e0 l\u2019\u00e9tat civil Th\u00e9odore Gougounon. De sources concordantes, la d\u00e9claration d\u2019adh\u00e9sion est pr\u00e9vue pour ce samedi 03 septembre 2022 \u00e0 Abomey-Calavi. L\u2019Union Progressiste le Renouveau est en plein mercato politique. [&hellip;]<\/p>\n","protected":false},"author":82,"featured_media":8507,"comment_status":"open","ping_status":"closed","sticky":false,"template":"","format":"standard","meta":{"footnotes":""},"categories":[5,11,10],"tags":[36,50,45],"class_list":["post-8508","post","type-post","status-publish","format-standard","has-post-thumbnail","hentry","category-culture-et-art","category-homepage-french","category-toutes-les-actualites","tag-africa-press","tag-africa-press-benin","tag-benin"],"yoast_head":"<!-- This site is optimized with the Yoast SEO Premium plugin v26.1 (Yoast SEO v27.0) - https:\/\/yoast.com\/product\/yoast-seo-premium-wordpress\/ -->\n<title>B\u00e9nin: l\u2019artiste GG Lapino dans \u00ab\u00a0l\u2019Union Progressiste le Renouveau\u00a0\u00bb - B\u00e9nin<\/title>\n<meta name=\"description\" content=\"Trois leaders politiques de l\u2019arrondissement de Godomey veulent rejoindre l\u2019Union Progressiste le Renouveau. Parmi ceux- ...\" \/>\n<meta name=\"robots\" content=\"index, follow, max-snippet:-1, max-image-preview:large, max-video-preview:-1\" \/>\n<link rel=\"canonical\" href=\"https:\/\/www.africa-press.net\/benin\/culture-et-art\/benin-lartiste-gg-lapino-dans-lunion-progressiste-le-renouveau\" \/>\n<meta property=\"og:locale\" content=\"fr_FR\" \/>\n<meta property=\"og:type\" content=\"article\" \/>\n<meta property=\"og:title\" content=\"B\u00e9nin: l\u2019artiste GG Lapino dans \u00ab\u00a0l\u2019Union Progressiste le Renouveau\u00a0\u00bb\" \/>\n<meta property=\"og:description\" content=\"Trois leaders politiques de l\u2019arrondissement de Godomey veulent rejoindre l\u2019Union Progressiste le Renouveau. Parmi ceux- ...\" \/>\n<meta property=\"og:url\" content=\"https:\/\/www.africa-press.net\/benin\/culture-et-art\/benin-lartiste-gg-lapino-dans-lunion-progressiste-le-renouveau\" \/>\n<meta property=\"og:site_name\" content=\"B\u00e9nin\" \/>\n<meta property=\"article:published_time\" content=\"2022-09-01T17:09:34+00:00\" \/>\n<meta property=\"article:modified_time\" content=\"2022-09-01T17:25:30+00:00\" \/>\n<meta property=\"og:image\" content=\"https:\/\/static.africa-press.net\/benin\/sites\/46\/2022\/09\/postQueueImg_26.jpg\" \/>\n\t<meta property=\"og:image:width\" content=\"1280\" \/>\n\t<meta property=\"og:image:height\" content=\"720\" \/>\n\t<meta property=\"og:image:type\" content=\"image\/jpeg\" \/>\n<meta name=\"author\" content=\"cfeditorfr\" \/>\n<meta name=\"twitter:card\" content=\"summary_large_image\" \/>\n<meta name=\"twitter:label1\" content=\"\u00c9crit par\" \/>\n\t<meta name=\"twitter:data1\" content=\"cfeditorfr\" \/>\n\t<meta name=\"twitter:label2\" content=\"Dur\u00e9e de lecture estim\u00e9e\" \/>\n\t<meta name=\"twitter:data2\" content=\"1 minute\" \/>\n<script type=\"application\/ld+json\" class=\"yoast-schema-graph\">{\"@context\":\"https:\/\/schema.org\",\"@graph\":[{\"@type\":\"Article\",\"@id\":\"https:\/\/www.africa-press.net\/benin\/culture-et-art\/benin-lartiste-gg-lapino-dans-lunion-progressiste-le-renouveau#article\",\"isPartOf\":{\"@id\":\"https:\/\/www.africa-press.net\/benin\/culture-et-art\/benin-lartiste-gg-lapino-dans-lunion-progressiste-le-renouveau\"},\"author\":{\"name\":\"cfeditorfr\",\"@id\":\"https:\/\/www.africa-press.net\/benin\/#\/schema\/person\/2b1cf3cd81a31e3cd26889ca66d677f1\"},\"headline\":\"B\u00e9nin: l\u2019artiste GG Lapino dans \u00ab\u00a0l\u2019Union Progressiste le Renouveau\u00a0\u00bb\",\"datePublished\":\"2022-09-01T17:09:34+00:00\",\"dateModified\":\"2022-09-01T17:25:30+00:00\",\"mainEntityOfPage\":{\"@id\":\"https:\/\/www.africa-press.net\/benin\/culture-et-art\/benin-lartiste-gg-lapino-dans-lunion-progressiste-le-renouveau\"},\"wordCount\":212,\"commentCount\":0,\"image\":{\"@id\":\"https:\/\/www.africa-press.net\/benin\/culture-et-art\/benin-lartiste-gg-lapino-dans-lunion-progressiste-le-renouveau#primaryimage\"},\"thumbnailUrl\":\"https:\/\/static.africa-press.net\/benin\/sites\/46\/2022\/09\/postQueueImg_26.jpg\",\"keywords\":[\"Africa Press\",\"Africa Press-Benin\",\"B\u00e9nin\"],\"articleSection\":[\"Culture et Art\",\"homepage-french\",\"Toutes les actualit\u00e9s\"],\"inLanguage\":\"fr-FR\",\"potentialAction\":[{\"@type\":\"CommentAction\",\"name\":\"Comment\",\"target\":[\"https:\/\/www.africa-press.net\/benin\/culture-et-art\/benin-lartiste-gg-lapino-dans-lunion-progressiste-le-renouveau#respond\"]}]},{\"@type\":\"WebPage\",\"@id\":\"https:\/\/www.africa-press.net\/benin\/culture-et-art\/benin-lartiste-gg-lapino-dans-lunion-progressiste-le-renouveau\",\"url\":\"https:\/\/www.africa-press.net\/benin\/culture-et-art\/benin-lartiste-gg-lapino-dans-lunion-progressiste-le-renouveau\",\"name\":\"B\u00e9nin: l\u2019artiste GG Lapino dans \u00ab\u00a0l\u2019Union Progressiste le Renouveau\u00a0\u00bb - B\u00e9nin\",\"isPartOf\":{\"@id\":\"https:\/\/www.africa-press.net\/benin\/#website\"},\"primaryImageOfPage\":{\"@id\":\"https:\/\/www.africa-press.net\/benin\/culture-et-art\/benin-lartiste-gg-lapino-dans-lunion-progressiste-le-renouveau#primaryimage\"},\"image\":{\"@id\":\"https:\/\/www.africa-press.net\/benin\/culture-et-art\/benin-lartiste-gg-lapino-dans-lunion-progressiste-le-renouveau#primaryimage\"},\"thumbnailUrl\":\"https:\/\/static.africa-press.net\/benin\/sites\/46\/2022\/09\/postQueueImg_26.jpg\",\"datePublished\":\"2022-09-01T17:09:34+00:00\",\"dateModified\":\"2022-09-01T17:25:30+00:00\",\"author\":{\"@id\":\"https:\/\/www.africa-press.net\/benin\/#\/schema\/person\/2b1cf3cd81a31e3cd26889ca66d677f1\"},\"description\":\"Trois leaders politiques de l\u2019arrondissement de Godomey veulent rejoindre l\u2019Union Progressiste le Renouveau. Parmi ceux- ...\",\"breadcrumb\":{\"@id\":\"https:\/\/www.africa-press.net\/benin\/culture-et-art\/benin-lartiste-gg-lapino-dans-lunion-progressiste-le-renouveau#breadcrumb\"},\"inLanguage\":\"fr-FR\",\"potentialAction\":[{\"@type\":\"ReadAction\",\"target\":[\"https:\/\/www.africa-press.net\/benin\/culture-et-art\/benin-lartiste-gg-lapino-dans-lunion-progressiste-le-renouveau\"]}]},{\"@type\":\"ImageObject\",\"inLanguage\":\"fr-FR\",\"@id\":\"https:\/\/www.africa-press.net\/benin\/culture-et-art\/benin-lartiste-gg-lapino-dans-lunion-progressiste-le-renouveau#primaryimage\",\"url\":\"https:\/\/static.africa-press.net\/benin\/sites\/46\/2022\/09\/postQueueImg_26.jpg\",\"contentUrl\":\"https:\/\/static.africa-press.net\/benin\/sites\/46\/2022\/09\/postQueueImg_26.jpg\",\"width\":1280,\"height\":720,\"caption\":\"B\u00e9nin: l\u2019artiste GG Lapino dans \u00ab\u00a0l\u2019Union Progressiste le Renouveau\u00a0\u00bb\"},{\"@type\":\"BreadcrumbList\",\"@id\":\"https:\/\/www.africa-press.net\/benin\/culture-et-art\/benin-lartiste-gg-lapino-dans-lunion-progressiste-le-renouveau#breadcrumb\",\"itemListElement\":[{\"@type\":\"ListItem\",\"position\":1,\"name\":\"Accueil\",\"item\":\"https:\/\/www.africa-press.net\/benin\/\"},{\"@type\":\"ListItem\",\"position\":2,\"name\":\"B\u00e9nin: l\u2019artiste GG Lapino dans \u00ab\u00a0l\u2019Union Progressiste le Renouveau\u00a0\u00bb\"}]},{\"@type\":\"WebSite\",\"@id\":\"https:\/\/www.africa-press.net\/benin\/#website\",\"url\":\"https:\/\/www.africa-press.net\/benin\/\",\"name\":\"B\u00e9nin\",\"description\":\"Just another Africa News Agency Sites site\",\"potentialAction\":[{\"@type\":\"SearchAction\",\"target\":{\"@type\":\"EntryPoint\",\"urlTemplate\":\"https:\/\/www.africa-press.net\/benin\/?s={search_term_string}\"},\"query-input\":{\"@type\":\"PropertyValueSpecification\",\"valueRequired\":true,\"valueName\":\"search_term_string\"}}],\"inLanguage\":\"fr-FR\"},{\"@type\":\"Person\",\"@id\":\"https:\/\/www.africa-press.net\/benin\/#\/schema\/person\/2b1cf3cd81a31e3cd26889ca66d677f1\",\"name\":\"cfeditorfr\"}]}<\/script>\n<!-- \/ Yoast SEO Premium plugin. -->","yoast_head_json":{"title":"B\u00e9nin: l\u2019artiste GG Lapino dans \u00ab\u00a0l\u2019Union Progressiste le Renouveau\u00a0\u00bb - B\u00e9nin","description":"Trois leaders politiques de l\u2019arrondissement de Godomey veulent rejoindre l\u2019Union Progressiste le Renouveau. Parmi ceux- ...","robots":{"index":"index","follow":"follow","max-snippet":"max-snippet:-1","max-image-preview":"max-image-preview:large","max-video-preview":"max-video-preview:-1"},"canonical":"https:\/\/www.africa-press.net\/benin\/culture-et-art\/benin-lartiste-gg-lapino-dans-lunion-progressiste-le-renouveau","og_locale":"fr_FR","og_type":"article","og_title":"B\u00e9nin: l\u2019artiste GG Lapino dans \u00ab\u00a0l\u2019Union Progressiste le Renouveau\u00a0\u00bb","og_description":"Trois leaders politiques de l\u2019arrondissement de Godomey veulent rejoindre l\u2019Union Progressiste le Renouveau. Parmi ceux- ...","og_url":"https:\/\/www.africa-press.net\/benin\/culture-et-art\/benin-lartiste-gg-lapino-dans-lunion-progressiste-le-renouveau","og_site_name":"B\u00e9nin","article_published_time":"2022-09-01T17:09:34+00:00","article_modified_time":"2022-09-01T17:25:30+00:00","og_image":[{"width":1280,"height":720,"url":"https:\/\/static.africa-press.net\/benin\/sites\/46\/2022\/09\/postQueueImg_26.jpg","type":"image\/jpeg"}],"author":"cfeditorfr","twitter_card":"summary_large_image","twitter_misc":{"\u00c9crit par":"cfeditorfr","Dur\u00e9e de lecture estim\u00e9e":"1 minute"},"schema":{"@context":"https:\/\/schema.org","@graph":[{"@type":"Article","@id":"https:\/\/www.africa-press.net\/benin\/culture-et-art\/benin-lartiste-gg-lapino-dans-lunion-progressiste-le-renouveau#article","isPartOf":{"@id":"https:\/\/www.africa-press.net\/benin\/culture-et-art\/benin-lartiste-gg-lapino-dans-lunion-progressiste-le-renouveau"},"author":{"name":"cfeditorfr","@id":"https:\/\/www.africa-press.net\/benin\/#\/schema\/person\/2b1cf3cd81a31e3cd26889ca66d677f1"},"headline":"B\u00e9nin: l\u2019artiste GG Lapino dans \u00ab\u00a0l\u2019Union Progressiste le Renouveau\u00a0\u00bb","datePublished":"2022-09-01T17:09:34+00:00","dateModified":"2022-09-01T17:25:30+00:00","mainEntityOfPage":{"@id":"https:\/\/www.africa-press.net\/benin\/culture-et-art\/benin-lartiste-gg-lapino-dans-lunion-progressiste-le-renouveau"},"wordCount":212,"commentCount":0,"image":{"@id":"https:\/\/www.africa-press.net\/benin\/culture-et-art\/benin-lartiste-gg-lapino-dans-lunion-progressiste-le-renouveau#primaryimage"},"thumbnailUrl":"https:\/\/static.africa-press.net\/benin\/sites\/46\/2022\/09\/postQueueImg_26.jpg","keywords":["Africa Press","Africa Press-Benin","B\u00e9nin"],"articleSection":["Culture et Art","homepage-french","Toutes les actualit\u00e9s"],"inLanguage":"fr-FR","potentialAction":[{"@type":"CommentAction","name":"Comment","target":["https:\/\/www.africa-press.net\/benin\/culture-et-art\/benin-lartiste-gg-lapino-dans-lunion-progressiste-le-renouveau#respond"]}]},{"@type":"WebPage","@id":"https:\/\/www.africa-press.net\/benin\/culture-et-art\/benin-lartiste-gg-lapino-dans-lunion-progressiste-le-renouveau","url":"https:\/\/www.africa-press.net\/benin\/culture-et-art\/benin-lartiste-gg-lapino-dans-lunion-progressiste-le-renouveau","name":"B\u00e9nin: l\u2019artiste GG Lapino dans \u00ab\u00a0l\u2019Union Progressiste le Renouveau\u00a0\u00bb - B\u00e9nin","isPartOf":{"@id":"https:\/\/www.africa-press.net\/benin\/#website"},"primaryImageOfPage":{"@id":"https:\/\/www.africa-press.net\/benin\/culture-et-art\/benin-lartiste-gg-lapino-dans-lunion-progressiste-le-renouveau#primaryimage"},"image":{"@id":"https:\/\/www.africa-press.net\/benin\/culture-et-art\/benin-lartiste-gg-lapino-dans-lunion-progressiste-le-renouveau#primaryimage"},"thumbnailUrl":"https:\/\/static.africa-press.net\/benin\/sites\/46\/2022\/09\/postQueueImg_26.jpg","datePublished":"2022-09-01T17:09:34+00:00","dateModified":"2022-09-01T17:25:30+00:00","author":{"@id":"https:\/\/www.africa-press.net\/benin\/#\/schema\/person\/2b1cf3cd81a31e3cd26889ca66d677f1"},"description":"Trois leaders politiques de l\u2019arrondissement de Godomey veulent rejoindre l\u2019Union Progressiste le Renouveau. Parmi ceux- ...","breadcrumb":{"@id":"https:\/\/www.africa-press.net\/benin\/culture-et-art\/benin-lartiste-gg-lapino-dans-lunion-progressiste-le-renouveau#breadcrumb"},"inLanguage":"fr-FR","potentialAction":[{"@type":"ReadAction","target":["https:\/\/www.africa-press.net\/benin\/culture-et-art\/benin-lartiste-gg-lapino-dans-lunion-progressiste-le-renouveau"]}]},{"@type":"ImageObject","inLanguage":"fr-FR","@id":"https:\/\/www.africa-press.net\/benin\/culture-et-art\/benin-lartiste-gg-lapino-dans-lunion-progressiste-le-renouveau#primaryimage","url":"https:\/\/static.africa-press.net\/benin\/sites\/46\/2022\/09\/postQueueImg_26.jpg","contentUrl":"https:\/\/static.africa-press.net\/benin\/sites\/46\/2022\/09\/postQueueImg_26.jpg","width":1280,"height":720,"caption":"B\u00e9nin: l\u2019artiste GG Lapino dans \u00ab\u00a0l\u2019Union Progressiste le Renouveau\u00a0\u00bb"},{"@type":"BreadcrumbList","@id":"https:\/\/www.africa-press.net\/benin\/culture-et-art\/benin-lartiste-gg-lapino-dans-lunion-progressiste-le-renouveau#breadcrumb","itemListElement":[{"@type":"ListItem","position":1,"name":"Accueil","item":"https:\/\/www.africa-press.net\/benin\/"},{"@type":"ListItem","position":2,"name":"B\u00e9nin: l\u2019artiste GG Lapino dans \u00ab\u00a0l\u2019Union Progressiste le Renouveau\u00a0\u00bb"}]},{"@type":"WebSite","@id":"https:\/\/www.africa-press.net\/benin\/#website","url":"https:\/\/www.africa-press.net\/benin\/","name":"B\u00e9nin","description":"Just another Africa News Agency Sites site","potentialAction":[{"@type":"SearchAction","target":{"@type":"EntryPoint","urlTemplate":"https:\/\/www.africa-press.net\/benin\/?s={search_term_string}"},"query-input":{"@type":"PropertyValueSpecification","valueRequired":true,"valueName":"search_term_string"}}],"inLanguage":"fr-FR"},{"@type":"Person","@id":"https:\/\/www.africa-press.net\/benin\/#\/schema\/person\/2b1cf3cd81a31e3cd26889ca66d677f1","name":"cfeditorfr"}]}},"_links":{"self":[{"href":"https:\/\/www.africa-press.net\/benin\/wp-json\/wp\/v2\/posts\/8508","targetHints":{"allow":["GET"]}}],"collection":[{"href":"https:\/\/www.africa-press.net\/benin\/wp-json\/wp\/v2\/posts"}],"about":[{"href":"https:\/\/www.africa-press.net\/benin\/wp-json\/wp\/v2\/types\/post"}],"author":[{"embeddable":true,"href":"https:\/\/www.africa-press.net\/benin\/wp-json\/wp\/v2\/users\/82"}],"replies":[{"embeddable":true,"href":"https:\/\/www.africa-press.net\/benin\/wp-json\/wp\/v2\/comments?post=8508"}],"version-history":[{"count":0,"href":"https:\/\/www.africa-press.net\/benin\/wp-json\/wp\/v2\/posts\/8508\/revisions"}],"wp:featuredmedia":[{"embeddable":true,"href":"https:\/\/www.africa-press.net\/benin\/wp-json\/wp\/v2\/media\/8507"}],"wp:attachment":[{"href":"https:\/\/www.africa-press.net\/benin\/wp-json\/wp\/v2\/media?parent=8508"}],"wp:term":[{"taxonomy":"category","embeddable":true,"href":"https:\/\/www.africa-press.net\/benin\/wp-json\/wp\/v2\/categories?post=8508"},{"taxonomy":"post_tag","embeddable":true,"href":"https:\/\/www.africa-press.net\/benin\/wp-json\/wp\/v2\/tags?post=8508"}],"curies":[{"name":"wp","href":"https:\/\/api.w.org\/{rel}","templated":true}]}}