{"id":8517,"date":"2022-09-02T16:48:52","date_gmt":"2022-09-02T16:48:52","guid":{"rendered":"https:\/\/www.africa-press.net\/benin\/politique\/benin-une-vingtaine-dofficiers-superieurs-de-la-police-redeployes"},"modified":"2022-09-02T17:02:33","modified_gmt":"2022-09-02T17:02:33","slug":"benin-une-vingtaine-dofficiers-superieurs-de-la-police-redeployes","status":"publish","type":"post","link":"https:\/\/www.africa-press.net\/benin\/toutes-les-actualites\/benin-une-vingtaine-dofficiers-superieurs-de-la-police-redeployes","title":{"rendered":"B\u00e9nin: une vingtaine d\u2019officiers sup\u00e9rieurs de la police red\u00e9ploy\u00e9s"},"content":{"rendered":"<p><span style=\"color: #ff6600\"><strong>Africa-Press &#8211; Benin. <\/strong><\/span>Le directeur g\u00e9n\u00e9ral de la police r\u00e9publicaine, le g\u00e9n\u00e9ral Souma\u00efla Yaya a proc\u00e9d\u00e9 au red\u00e9ploiement d\u2019une vingtaine d\u2019officiers sup\u00e9rieurs de la police \u00e0 diff\u00e9rents postes.<\/p>\n<p>Par d\u00e9cision N\u00b02002\/1621\/DGPR\/DRH\/SPR\/SA du 31 Ao\u00fbt 2022 portant red\u00e9ploiement et nomination de 20 officiers sup\u00e9rieurs de la police r\u00e9publicaine, le g\u00e9n\u00e9ral Souma\u00efla Yaya a envoy\u00e9 plusieurs de ses \u00e9l\u00e9ments \u00e0 certains postes de responsabilit\u00e9.<\/p>\n<p>Ces officiers sup\u00e9rieurs de la police r\u00e9publicaine doivent prendre service au plus tard le jeudi 08 Septembre 2022. La d\u00e9cision N\u00b02002\/1621\/DGPR\/DRH\/SPR\/SA du 31 Ao\u00fbt 2022 portant red\u00e9ploiement et nomination de 20 officiers sup\u00e9rieurs de la police r\u00e9publicaine tient lieu de notification et abroge toute disposition ant\u00e9rieure.<\/p>\n<p>Liste des officiers red\u00e9ploy\u00e9s\u2026<\/p>\n<p><strong>Pour plus d&rsquo;informations et d&rsquo;analyses sur la <a href=\"https:\/\/www.africa-press.net\/benin\">Benin<\/a>, suivez <a href=\"https:\/\/www.africa-press.net\/\">Africa-Press<\/a><\/strong><\/p>\n","protected":false},"excerpt":{"rendered":"<p>Africa-Press &#8211; Benin. Le directeur g\u00e9n\u00e9ral de la police r\u00e9publicaine, le g\u00e9n\u00e9ral Souma\u00efla Yaya a proc\u00e9d\u00e9 au red\u00e9ploiement d\u2019une vingtaine d\u2019officiers sup\u00e9rieurs de la police \u00e0 diff\u00e9rents postes. Par d\u00e9cision N\u00b02002\/1621\/DGPR\/DRH\/SPR\/SA du 31 Ao\u00fbt 2022 portant red\u00e9ploiement et nomination de 20 officiers sup\u00e9rieurs de la police r\u00e9publicaine, le g\u00e9n\u00e9ral Souma\u00efla Yaya a envoy\u00e9 plusieurs de [&hellip;]<\/p>\n","protected":false},"author":82,"featured_media":8516,"comment_status":"open","ping_status":"closed","sticky":false,"template":"","format":"standard","meta":{"footnotes":""},"categories":[21,11,10],"tags":[36,50,45],"class_list":["post-8517","post","type-post","status-publish","format-standard","has-post-thumbnail","hentry","category-communaute","category-homepage-french","category-toutes-les-actualites","tag-africa-press","tag-africa-press-benin","tag-benin"],"yoast_head":"<!-- This site is optimized with the Yoast SEO Premium plugin v26.1 (Yoast SEO v27.0) - https:\/\/yoast.com\/product\/yoast-seo-premium-wordpress\/ -->\n<title>B\u00e9nin: une vingtaine d\u2019officiers sup\u00e9rieurs de la police red\u00e9ploy\u00e9s - B\u00e9nin<\/title>\n<meta name=\"description\" content=\"Le directeur g\u00e9n\u00e9ral de la police r\u00e9publicaine, le g\u00e9n\u00e9ral Souma\u00efla Yaya a proc\u00e9d\u00e9 au red\u00e9ploiement d\u2019une vingtaine d\u2019of ...\" \/>\n<meta name=\"robots\" content=\"index, follow, max-snippet:-1, max-image-preview:large, max-video-preview:-1\" \/>\n<link rel=\"canonical\" href=\"https:\/\/www.africa-press.net\/benin\/toutes-les-actualites\/benin-une-vingtaine-dofficiers-superieurs-de-la-police-redeployes\" \/>\n<meta property=\"og:locale\" content=\"fr_FR\" \/>\n<meta property=\"og:type\" content=\"article\" \/>\n<meta property=\"og:title\" content=\"B\u00e9nin: une vingtaine d\u2019officiers sup\u00e9rieurs de la police red\u00e9ploy\u00e9s\" \/>\n<meta property=\"og:description\" content=\"Le directeur g\u00e9n\u00e9ral de la police r\u00e9publicaine, le g\u00e9n\u00e9ral Souma\u00efla Yaya a proc\u00e9d\u00e9 au red\u00e9ploiement d\u2019une vingtaine d\u2019of ...\" \/>\n<meta property=\"og:url\" content=\"https:\/\/www.africa-press.net\/benin\/toutes-les-actualites\/benin-une-vingtaine-dofficiers-superieurs-de-la-police-redeployes\" \/>\n<meta property=\"og:site_name\" content=\"B\u00e9nin\" \/>\n<meta property=\"article:published_time\" content=\"2022-09-02T16:48:52+00:00\" \/>\n<meta property=\"article:modified_time\" content=\"2022-09-02T17:02:33+00:00\" \/>\n<meta property=\"og:image\" content=\"https:\/\/static.africa-press.net\/benin\/sites\/46\/2022\/09\/postQueueImg_16.jpg\" \/>\n\t<meta property=\"og:image:width\" content=\"1300\" \/>\n\t<meta property=\"og:image:height\" content=\"812\" \/>\n\t<meta property=\"og:image:type\" content=\"image\/jpeg\" \/>\n<meta name=\"author\" content=\"cfeditorfr\" \/>\n<meta name=\"twitter:card\" content=\"summary_large_image\" \/>\n<meta name=\"twitter:label1\" content=\"\u00c9crit par\" \/>\n\t<meta name=\"twitter:data1\" content=\"cfeditorfr\" \/>\n\t<meta name=\"twitter:label2\" content=\"Dur\u00e9e de lecture estim\u00e9e\" \/>\n\t<meta name=\"twitter:data2\" content=\"1 minute\" \/>\n<script type=\"application\/ld+json\" class=\"yoast-schema-graph\">{\"@context\":\"https:\/\/schema.org\",\"@graph\":[{\"@type\":\"Article\",\"@id\":\"https:\/\/www.africa-press.net\/benin\/toutes-les-actualites\/benin-une-vingtaine-dofficiers-superieurs-de-la-police-redeployes#article\",\"isPartOf\":{\"@id\":\"https:\/\/www.africa-press.net\/benin\/toutes-les-actualites\/benin-une-vingtaine-dofficiers-superieurs-de-la-police-redeployes\"},\"author\":{\"name\":\"cfeditorfr\",\"@id\":\"https:\/\/www.africa-press.net\/benin\/#\/schema\/person\/2b1cf3cd81a31e3cd26889ca66d677f1\"},\"headline\":\"B\u00e9nin: une vingtaine d\u2019officiers sup\u00e9rieurs de la police red\u00e9ploy\u00e9s\",\"datePublished\":\"2022-09-02T16:48:52+00:00\",\"dateModified\":\"2022-09-02T17:02:33+00:00\",\"mainEntityOfPage\":{\"@id\":\"https:\/\/www.africa-press.net\/benin\/toutes-les-actualites\/benin-une-vingtaine-dofficiers-superieurs-de-la-police-redeployes\"},\"wordCount\":167,\"commentCount\":0,\"image\":{\"@id\":\"https:\/\/www.africa-press.net\/benin\/toutes-les-actualites\/benin-une-vingtaine-dofficiers-superieurs-de-la-police-redeployes#primaryimage\"},\"thumbnailUrl\":\"https:\/\/static.africa-press.net\/benin\/sites\/46\/2022\/09\/postQueueImg_16.jpg\",\"keywords\":[\"Africa Press\",\"Africa Press-Benin\",\"B\u00e9nin\"],\"articleSection\":[\"Communaut\u00e9\",\"homepage-french\",\"Toutes les actualit\u00e9s\"],\"inLanguage\":\"fr-FR\",\"potentialAction\":[{\"@type\":\"CommentAction\",\"name\":\"Comment\",\"target\":[\"https:\/\/www.africa-press.net\/benin\/toutes-les-actualites\/benin-une-vingtaine-dofficiers-superieurs-de-la-police-redeployes#respond\"]}]},{\"@type\":\"WebPage\",\"@id\":\"https:\/\/www.africa-press.net\/benin\/toutes-les-actualites\/benin-une-vingtaine-dofficiers-superieurs-de-la-police-redeployes\",\"url\":\"https:\/\/www.africa-press.net\/benin\/toutes-les-actualites\/benin-une-vingtaine-dofficiers-superieurs-de-la-police-redeployes\",\"name\":\"B\u00e9nin: une vingtaine d\u2019officiers sup\u00e9rieurs de la police red\u00e9ploy\u00e9s - B\u00e9nin\",\"isPartOf\":{\"@id\":\"https:\/\/www.africa-press.net\/benin\/#website\"},\"primaryImageOfPage\":{\"@id\":\"https:\/\/www.africa-press.net\/benin\/toutes-les-actualites\/benin-une-vingtaine-dofficiers-superieurs-de-la-police-redeployes#primaryimage\"},\"image\":{\"@id\":\"https:\/\/www.africa-press.net\/benin\/toutes-les-actualites\/benin-une-vingtaine-dofficiers-superieurs-de-la-police-redeployes#primaryimage\"},\"thumbnailUrl\":\"https:\/\/static.africa-press.net\/benin\/sites\/46\/2022\/09\/postQueueImg_16.jpg\",\"datePublished\":\"2022-09-02T16:48:52+00:00\",\"dateModified\":\"2022-09-02T17:02:33+00:00\",\"author\":{\"@id\":\"https:\/\/www.africa-press.net\/benin\/#\/schema\/person\/2b1cf3cd81a31e3cd26889ca66d677f1\"},\"description\":\"Le directeur g\u00e9n\u00e9ral de la police r\u00e9publicaine, le g\u00e9n\u00e9ral Souma\u00efla Yaya a proc\u00e9d\u00e9 au red\u00e9ploiement d\u2019une vingtaine d\u2019of ...\",\"breadcrumb\":{\"@id\":\"https:\/\/www.africa-press.net\/benin\/toutes-les-actualites\/benin-une-vingtaine-dofficiers-superieurs-de-la-police-redeployes#breadcrumb\"},\"inLanguage\":\"fr-FR\",\"potentialAction\":[{\"@type\":\"ReadAction\",\"target\":[\"https:\/\/www.africa-press.net\/benin\/toutes-les-actualites\/benin-une-vingtaine-dofficiers-superieurs-de-la-police-redeployes\"]}]},{\"@type\":\"ImageObject\",\"inLanguage\":\"fr-FR\",\"@id\":\"https:\/\/www.africa-press.net\/benin\/toutes-les-actualites\/benin-une-vingtaine-dofficiers-superieurs-de-la-police-redeployes#primaryimage\",\"url\":\"https:\/\/static.africa-press.net\/benin\/sites\/46\/2022\/09\/postQueueImg_16.jpg\",\"contentUrl\":\"https:\/\/static.africa-press.net\/benin\/sites\/46\/2022\/09\/postQueueImg_16.jpg\",\"width\":1300,\"height\":812,\"caption\":\"B\u00e9nin: une vingtaine d\u2019officiers sup\u00e9rieurs de la police red\u00e9ploy\u00e9s\"},{\"@type\":\"BreadcrumbList\",\"@id\":\"https:\/\/www.africa-press.net\/benin\/toutes-les-actualites\/benin-une-vingtaine-dofficiers-superieurs-de-la-police-redeployes#breadcrumb\",\"itemListElement\":[{\"@type\":\"ListItem\",\"position\":1,\"name\":\"Accueil\",\"item\":\"https:\/\/www.africa-press.net\/benin\/\"},{\"@type\":\"ListItem\",\"position\":2,\"name\":\"B\u00e9nin: une vingtaine d\u2019officiers sup\u00e9rieurs de la police red\u00e9ploy\u00e9s\"}]},{\"@type\":\"WebSite\",\"@id\":\"https:\/\/www.africa-press.net\/benin\/#website\",\"url\":\"https:\/\/www.africa-press.net\/benin\/\",\"name\":\"B\u00e9nin\",\"description\":\"Just another Africa News Agency Sites site\",\"potentialAction\":[{\"@type\":\"SearchAction\",\"target\":{\"@type\":\"EntryPoint\",\"urlTemplate\":\"https:\/\/www.africa-press.net\/benin\/?s={search_term_string}\"},\"query-input\":{\"@type\":\"PropertyValueSpecification\",\"valueRequired\":true,\"valueName\":\"search_term_string\"}}],\"inLanguage\":\"fr-FR\"},{\"@type\":\"Person\",\"@id\":\"https:\/\/www.africa-press.net\/benin\/#\/schema\/person\/2b1cf3cd81a31e3cd26889ca66d677f1\",\"name\":\"cfeditorfr\"}]}<\/script>\n<!-- \/ Yoast SEO Premium plugin. -->","yoast_head_json":{"title":"B\u00e9nin: une vingtaine d\u2019officiers sup\u00e9rieurs de la police red\u00e9ploy\u00e9s - B\u00e9nin","description":"Le directeur g\u00e9n\u00e9ral de la police r\u00e9publicaine, le g\u00e9n\u00e9ral Souma\u00efla Yaya a proc\u00e9d\u00e9 au red\u00e9ploiement d\u2019une vingtaine d\u2019of ...","robots":{"index":"index","follow":"follow","max-snippet":"max-snippet:-1","max-image-preview":"max-image-preview:large","max-video-preview":"max-video-preview:-1"},"canonical":"https:\/\/www.africa-press.net\/benin\/toutes-les-actualites\/benin-une-vingtaine-dofficiers-superieurs-de-la-police-redeployes","og_locale":"fr_FR","og_type":"article","og_title":"B\u00e9nin: une vingtaine d\u2019officiers sup\u00e9rieurs de la police red\u00e9ploy\u00e9s","og_description":"Le directeur g\u00e9n\u00e9ral de la police r\u00e9publicaine, le g\u00e9n\u00e9ral Souma\u00efla Yaya a proc\u00e9d\u00e9 au red\u00e9ploiement d\u2019une vingtaine d\u2019of ...","og_url":"https:\/\/www.africa-press.net\/benin\/toutes-les-actualites\/benin-une-vingtaine-dofficiers-superieurs-de-la-police-redeployes","og_site_name":"B\u00e9nin","article_published_time":"2022-09-02T16:48:52+00:00","article_modified_time":"2022-09-02T17:02:33+00:00","og_image":[{"width":1300,"height":812,"url":"https:\/\/static.africa-press.net\/benin\/sites\/46\/2022\/09\/postQueueImg_16.jpg","type":"image\/jpeg"}],"author":"cfeditorfr","twitter_card":"summary_large_image","twitter_misc":{"\u00c9crit par":"cfeditorfr","Dur\u00e9e de lecture estim\u00e9e":"1 minute"},"schema":{"@context":"https:\/\/schema.org","@graph":[{"@type":"Article","@id":"https:\/\/www.africa-press.net\/benin\/toutes-les-actualites\/benin-une-vingtaine-dofficiers-superieurs-de-la-police-redeployes#article","isPartOf":{"@id":"https:\/\/www.africa-press.net\/benin\/toutes-les-actualites\/benin-une-vingtaine-dofficiers-superieurs-de-la-police-redeployes"},"author":{"name":"cfeditorfr","@id":"https:\/\/www.africa-press.net\/benin\/#\/schema\/person\/2b1cf3cd81a31e3cd26889ca66d677f1"},"headline":"B\u00e9nin: une vingtaine d\u2019officiers sup\u00e9rieurs de la police red\u00e9ploy\u00e9s","datePublished":"2022-09-02T16:48:52+00:00","dateModified":"2022-09-02T17:02:33+00:00","mainEntityOfPage":{"@id":"https:\/\/www.africa-press.net\/benin\/toutes-les-actualites\/benin-une-vingtaine-dofficiers-superieurs-de-la-police-redeployes"},"wordCount":167,"commentCount":0,"image":{"@id":"https:\/\/www.africa-press.net\/benin\/toutes-les-actualites\/benin-une-vingtaine-dofficiers-superieurs-de-la-police-redeployes#primaryimage"},"thumbnailUrl":"https:\/\/static.africa-press.net\/benin\/sites\/46\/2022\/09\/postQueueImg_16.jpg","keywords":["Africa Press","Africa Press-Benin","B\u00e9nin"],"articleSection":["Communaut\u00e9","homepage-french","Toutes les actualit\u00e9s"],"inLanguage":"fr-FR","potentialAction":[{"@type":"CommentAction","name":"Comment","target":["https:\/\/www.africa-press.net\/benin\/toutes-les-actualites\/benin-une-vingtaine-dofficiers-superieurs-de-la-police-redeployes#respond"]}]},{"@type":"WebPage","@id":"https:\/\/www.africa-press.net\/benin\/toutes-les-actualites\/benin-une-vingtaine-dofficiers-superieurs-de-la-police-redeployes","url":"https:\/\/www.africa-press.net\/benin\/toutes-les-actualites\/benin-une-vingtaine-dofficiers-superieurs-de-la-police-redeployes","name":"B\u00e9nin: une vingtaine d\u2019officiers sup\u00e9rieurs de la police red\u00e9ploy\u00e9s - B\u00e9nin","isPartOf":{"@id":"https:\/\/www.africa-press.net\/benin\/#website"},"primaryImageOfPage":{"@id":"https:\/\/www.africa-press.net\/benin\/toutes-les-actualites\/benin-une-vingtaine-dofficiers-superieurs-de-la-police-redeployes#primaryimage"},"image":{"@id":"https:\/\/www.africa-press.net\/benin\/toutes-les-actualites\/benin-une-vingtaine-dofficiers-superieurs-de-la-police-redeployes#primaryimage"},"thumbnailUrl":"https:\/\/static.africa-press.net\/benin\/sites\/46\/2022\/09\/postQueueImg_16.jpg","datePublished":"2022-09-02T16:48:52+00:00","dateModified":"2022-09-02T17:02:33+00:00","author":{"@id":"https:\/\/www.africa-press.net\/benin\/#\/schema\/person\/2b1cf3cd81a31e3cd26889ca66d677f1"},"description":"Le directeur g\u00e9n\u00e9ral de la police r\u00e9publicaine, le g\u00e9n\u00e9ral Souma\u00efla Yaya a proc\u00e9d\u00e9 au red\u00e9ploiement d\u2019une vingtaine d\u2019of ...","breadcrumb":{"@id":"https:\/\/www.africa-press.net\/benin\/toutes-les-actualites\/benin-une-vingtaine-dofficiers-superieurs-de-la-police-redeployes#breadcrumb"},"inLanguage":"fr-FR","potentialAction":[{"@type":"ReadAction","target":["https:\/\/www.africa-press.net\/benin\/toutes-les-actualites\/benin-une-vingtaine-dofficiers-superieurs-de-la-police-redeployes"]}]},{"@type":"ImageObject","inLanguage":"fr-FR","@id":"https:\/\/www.africa-press.net\/benin\/toutes-les-actualites\/benin-une-vingtaine-dofficiers-superieurs-de-la-police-redeployes#primaryimage","url":"https:\/\/static.africa-press.net\/benin\/sites\/46\/2022\/09\/postQueueImg_16.jpg","contentUrl":"https:\/\/static.africa-press.net\/benin\/sites\/46\/2022\/09\/postQueueImg_16.jpg","width":1300,"height":812,"caption":"B\u00e9nin: une vingtaine d\u2019officiers sup\u00e9rieurs de la police red\u00e9ploy\u00e9s"},{"@type":"BreadcrumbList","@id":"https:\/\/www.africa-press.net\/benin\/toutes-les-actualites\/benin-une-vingtaine-dofficiers-superieurs-de-la-police-redeployes#breadcrumb","itemListElement":[{"@type":"ListItem","position":1,"name":"Accueil","item":"https:\/\/www.africa-press.net\/benin\/"},{"@type":"ListItem","position":2,"name":"B\u00e9nin: une vingtaine d\u2019officiers sup\u00e9rieurs de la police red\u00e9ploy\u00e9s"}]},{"@type":"WebSite","@id":"https:\/\/www.africa-press.net\/benin\/#website","url":"https:\/\/www.africa-press.net\/benin\/","name":"B\u00e9nin","description":"Just another Africa News Agency Sites site","potentialAction":[{"@type":"SearchAction","target":{"@type":"EntryPoint","urlTemplate":"https:\/\/www.africa-press.net\/benin\/?s={search_term_string}"},"query-input":{"@type":"PropertyValueSpecification","valueRequired":true,"valueName":"search_term_string"}}],"inLanguage":"fr-FR"},{"@type":"Person","@id":"https:\/\/www.africa-press.net\/benin\/#\/schema\/person\/2b1cf3cd81a31e3cd26889ca66d677f1","name":"cfeditorfr"}]}},"_links":{"self":[{"href":"https:\/\/www.africa-press.net\/benin\/wp-json\/wp\/v2\/posts\/8517","targetHints":{"allow":["GET"]}}],"collection":[{"href":"https:\/\/www.africa-press.net\/benin\/wp-json\/wp\/v2\/posts"}],"about":[{"href":"https:\/\/www.africa-press.net\/benin\/wp-json\/wp\/v2\/types\/post"}],"author":[{"embeddable":true,"href":"https:\/\/www.africa-press.net\/benin\/wp-json\/wp\/v2\/users\/82"}],"replies":[{"embeddable":true,"href":"https:\/\/www.africa-press.net\/benin\/wp-json\/wp\/v2\/comments?post=8517"}],"version-history":[{"count":0,"href":"https:\/\/www.africa-press.net\/benin\/wp-json\/wp\/v2\/posts\/8517\/revisions"}],"wp:featuredmedia":[{"embeddable":true,"href":"https:\/\/www.africa-press.net\/benin\/wp-json\/wp\/v2\/media\/8516"}],"wp:attachment":[{"href":"https:\/\/www.africa-press.net\/benin\/wp-json\/wp\/v2\/media?parent=8517"}],"wp:term":[{"taxonomy":"category","embeddable":true,"href":"https:\/\/www.africa-press.net\/benin\/wp-json\/wp\/v2\/categories?post=8517"},{"taxonomy":"post_tag","embeddable":true,"href":"https:\/\/www.africa-press.net\/benin\/wp-json\/wp\/v2\/tags?post=8517"}],"curies":[{"name":"wp","href":"https:\/\/api.w.org\/{rel}","templated":true}]}}