{"id":8520,"date":"2022-09-02T16:49:02","date_gmt":"2022-09-02T16:49:02","guid":{"rendered":"https:\/\/www.africa-press.net\/benin\/politique\/benin-negociation-gouvernement-syndicats-le-rendez-vous-pris-pour-le-8-septembre"},"modified":"2022-09-02T17:03:21","modified_gmt":"2022-09-02T17:03:21","slug":"benin-negociation-gouvernement-syndicats-le-rendez-vous-pris-pour-le-8-septembre","status":"publish","type":"post","link":"https:\/\/www.africa-press.net\/benin\/toutes-les-actualites\/benin-negociation-gouvernement-syndicats-le-rendez-vous-pris-pour-le-8-septembre","title":{"rendered":"B\u00e9nin \u2013 N\u00e9gociation gouvernement-syndicats: le rendez-vous pris pour le 8 Septembre"},"content":{"rendered":"<p><span style=\"color: #ff6600\"><strong>Africa-Press &#8211; Benin. <\/strong><\/span>La deuxi\u00e8me session ordinaire de la commission nationale de concertation, de consultation et de n\u00e9gociations collectives entre le gouvernement et les conf\u00e9d\u00e9rations syndicales aura lieu le Jeudi 08 Septembre prochain.<\/p>\n<p>Le gouvernement par le biais du ministre d\u2019Etat charg\u00e9 de la coordination de l\u2019action gouvernementale a convoqu\u00e9 les trois ordres syndicales les plus repr\u00e9sentatives \u00e0 la poursuite des n\u00e9gociations. C\u2019est par une correspondance en date \u00e0 Cotonou du 30 Ao\u00fbt 2022 que le ministre Abdoulaye Bio Tchan\u00e9 a invit\u00e9 les responsables syndicaux \u00e0 participer \u00e0 la deuxi\u00e8me session ordinaire de la commission nationale de concertation, de consultation et de n\u00e9gociations collective de l\u2019ann\u00e9e 2022.<\/p>\n<p>\u00ab <b>J\u2019ai l\u2019honneur de vous inviter accompagner d\u2019un membre de votre organisation \u00e0 prendre part aux travaux de la deuxi\u00e8me session de la commission nationale de concertation, de consultation et de n\u00e9gociations collectives, au titre de l\u2019ann\u00e9e 2022<\/b>\u00ab , lit-on dans la correspondance sign\u00e9e du ministre Abdoulaye Bio Tchan\u00e9.<\/p>\n<p>Les travaux vont se tenir \u00e0 la salle \u00ab Collines \u00bb de l\u2019INFOSEC le jeudi 08 Septembre 2022 \u00e0 partir de 10 heures. Sont attendus \u00e0 ces travaux, les secr\u00e9taires g\u00e9n\u00e9raux de la conf\u00e9d\u00e9ration syndicale des travailleurs du B\u00e9nin (CSTB), de la conf\u00e9d\u00e9ration des syndicats autonomes du B\u00e9nin (CSA-B\u00e9nin) et la conf\u00e9d\u00e9ration des organisations syndicales ind\u00e9pendantes du B\u00e9nin (COSI-B\u00e9nin).<\/p>\n<p>Les diligences effectu\u00e9es dans le cadre de la pr\u00e9paration de la rentr\u00e9e scolaire et universitaires 2022-2023 et des questions diverses sont les deux points qui seront abord\u00e9s au cours des travaux.<\/p>\n<p><strong>Pour plus d&rsquo;informations et d&rsquo;analyses sur la <a href=\"https:\/\/www.africa-press.net\/benin\">Benin<\/a>, suivez <a href=\"https:\/\/www.africa-press.net\/\">Africa-Press<\/a><\/strong><\/p>\n","protected":false},"excerpt":{"rendered":"<p>Africa-Press &#8211; Benin. La deuxi\u00e8me session ordinaire de la commission nationale de concertation, de consultation et de n\u00e9gociations collectives entre le gouvernement et les conf\u00e9d\u00e9rations syndicales aura lieu le Jeudi 08 Septembre prochain. Le gouvernement par le biais du ministre d\u2019Etat charg\u00e9 de la coordination de l\u2019action gouvernementale a convoqu\u00e9 les trois ordres syndicales les [&hellip;]<\/p>\n","protected":false},"author":82,"featured_media":8519,"comment_status":"open","ping_status":"closed","sticky":false,"template":"","format":"standard","meta":{"footnotes":""},"categories":[21,11,10],"tags":[36,50,45],"class_list":["post-8520","post","type-post","status-publish","format-standard","has-post-thumbnail","hentry","category-communaute","category-homepage-french","category-toutes-les-actualites","tag-africa-press","tag-africa-press-benin","tag-benin"],"yoast_head":"<!-- This site is optimized with the Yoast SEO Premium plugin v26.1 (Yoast SEO v27.0) - https:\/\/yoast.com\/product\/yoast-seo-premium-wordpress\/ -->\n<title>B\u00e9nin \u2013 N\u00e9gociation gouvernement-syndicats: le rendez-vous pris pour le 8 Septembre - B\u00e9nin<\/title>\n<meta name=\"description\" content=\"La deuxi\u00e8me session ordinaire de la commission nationale de concertation, de consultation et de n\u00e9gociations collectives ...\" \/>\n<meta name=\"robots\" content=\"index, follow, max-snippet:-1, max-image-preview:large, max-video-preview:-1\" \/>\n<link rel=\"canonical\" href=\"https:\/\/www.africa-press.net\/benin\/toutes-les-actualites\/benin-negociation-gouvernement-syndicats-le-rendez-vous-pris-pour-le-8-septembre\" \/>\n<meta property=\"og:locale\" content=\"fr_FR\" \/>\n<meta property=\"og:type\" content=\"article\" \/>\n<meta property=\"og:title\" content=\"B\u00e9nin \u2013 N\u00e9gociation gouvernement-syndicats: le rendez-vous pris pour le 8 Septembre\" \/>\n<meta property=\"og:description\" content=\"La deuxi\u00e8me session ordinaire de la commission nationale de concertation, de consultation et de n\u00e9gociations collectives ...\" \/>\n<meta property=\"og:url\" content=\"https:\/\/www.africa-press.net\/benin\/toutes-les-actualites\/benin-negociation-gouvernement-syndicats-le-rendez-vous-pris-pour-le-8-septembre\" \/>\n<meta property=\"og:site_name\" content=\"B\u00e9nin\" \/>\n<meta property=\"article:published_time\" content=\"2022-09-02T16:49:02+00:00\" \/>\n<meta property=\"article:modified_time\" content=\"2022-09-02T17:03:21+00:00\" \/>\n<meta property=\"og:image\" content=\"https:\/\/static.africa-press.net\/benin\/sites\/46\/2022\/09\/postQueueImg_17.jpg\" \/>\n\t<meta property=\"og:image:width\" content=\"1280\" \/>\n\t<meta property=\"og:image:height\" content=\"720\" \/>\n\t<meta property=\"og:image:type\" content=\"image\/jpeg\" \/>\n<meta name=\"author\" content=\"cfeditorfr\" \/>\n<meta name=\"twitter:card\" content=\"summary_large_image\" \/>\n<meta name=\"twitter:label1\" content=\"\u00c9crit par\" \/>\n\t<meta name=\"twitter:data1\" content=\"cfeditorfr\" \/>\n\t<meta name=\"twitter:label2\" content=\"Dur\u00e9e de lecture estim\u00e9e\" \/>\n\t<meta name=\"twitter:data2\" content=\"2 minutes\" \/>\n<script type=\"application\/ld+json\" class=\"yoast-schema-graph\">{\"@context\":\"https:\/\/schema.org\",\"@graph\":[{\"@type\":\"Article\",\"@id\":\"https:\/\/www.africa-press.net\/benin\/toutes-les-actualites\/benin-negociation-gouvernement-syndicats-le-rendez-vous-pris-pour-le-8-septembre#article\",\"isPartOf\":{\"@id\":\"https:\/\/www.africa-press.net\/benin\/toutes-les-actualites\/benin-negociation-gouvernement-syndicats-le-rendez-vous-pris-pour-le-8-septembre\"},\"author\":{\"name\":\"cfeditorfr\",\"@id\":\"https:\/\/www.africa-press.net\/benin\/#\/schema\/person\/2b1cf3cd81a31e3cd26889ca66d677f1\"},\"headline\":\"B\u00e9nin \u2013 N\u00e9gociation gouvernement-syndicats: le rendez-vous pris pour le 8 Septembre\",\"datePublished\":\"2022-09-02T16:49:02+00:00\",\"dateModified\":\"2022-09-02T17:03:21+00:00\",\"mainEntityOfPage\":{\"@id\":\"https:\/\/www.africa-press.net\/benin\/toutes-les-actualites\/benin-negociation-gouvernement-syndicats-le-rendez-vous-pris-pour-le-8-septembre\"},\"wordCount\":291,\"commentCount\":0,\"image\":{\"@id\":\"https:\/\/www.africa-press.net\/benin\/toutes-les-actualites\/benin-negociation-gouvernement-syndicats-le-rendez-vous-pris-pour-le-8-septembre#primaryimage\"},\"thumbnailUrl\":\"https:\/\/static.africa-press.net\/benin\/sites\/46\/2022\/09\/postQueueImg_17.jpg\",\"keywords\":[\"Africa Press\",\"Africa Press-Benin\",\"B\u00e9nin\"],\"articleSection\":[\"Communaut\u00e9\",\"homepage-french\",\"Toutes les actualit\u00e9s\"],\"inLanguage\":\"fr-FR\",\"potentialAction\":[{\"@type\":\"CommentAction\",\"name\":\"Comment\",\"target\":[\"https:\/\/www.africa-press.net\/benin\/toutes-les-actualites\/benin-negociation-gouvernement-syndicats-le-rendez-vous-pris-pour-le-8-septembre#respond\"]}]},{\"@type\":\"WebPage\",\"@id\":\"https:\/\/www.africa-press.net\/benin\/toutes-les-actualites\/benin-negociation-gouvernement-syndicats-le-rendez-vous-pris-pour-le-8-septembre\",\"url\":\"https:\/\/www.africa-press.net\/benin\/toutes-les-actualites\/benin-negociation-gouvernement-syndicats-le-rendez-vous-pris-pour-le-8-septembre\",\"name\":\"B\u00e9nin \u2013 N\u00e9gociation gouvernement-syndicats: le rendez-vous pris pour le 8 Septembre - B\u00e9nin\",\"isPartOf\":{\"@id\":\"https:\/\/www.africa-press.net\/benin\/#website\"},\"primaryImageOfPage\":{\"@id\":\"https:\/\/www.africa-press.net\/benin\/toutes-les-actualites\/benin-negociation-gouvernement-syndicats-le-rendez-vous-pris-pour-le-8-septembre#primaryimage\"},\"image\":{\"@id\":\"https:\/\/www.africa-press.net\/benin\/toutes-les-actualites\/benin-negociation-gouvernement-syndicats-le-rendez-vous-pris-pour-le-8-septembre#primaryimage\"},\"thumbnailUrl\":\"https:\/\/static.africa-press.net\/benin\/sites\/46\/2022\/09\/postQueueImg_17.jpg\",\"datePublished\":\"2022-09-02T16:49:02+00:00\",\"dateModified\":\"2022-09-02T17:03:21+00:00\",\"author\":{\"@id\":\"https:\/\/www.africa-press.net\/benin\/#\/schema\/person\/2b1cf3cd81a31e3cd26889ca66d677f1\"},\"description\":\"La deuxi\u00e8me session ordinaire de la commission nationale de concertation, de consultation et de n\u00e9gociations collectives ...\",\"breadcrumb\":{\"@id\":\"https:\/\/www.africa-press.net\/benin\/toutes-les-actualites\/benin-negociation-gouvernement-syndicats-le-rendez-vous-pris-pour-le-8-septembre#breadcrumb\"},\"inLanguage\":\"fr-FR\",\"potentialAction\":[{\"@type\":\"ReadAction\",\"target\":[\"https:\/\/www.africa-press.net\/benin\/toutes-les-actualites\/benin-negociation-gouvernement-syndicats-le-rendez-vous-pris-pour-le-8-septembre\"]}]},{\"@type\":\"ImageObject\",\"inLanguage\":\"fr-FR\",\"@id\":\"https:\/\/www.africa-press.net\/benin\/toutes-les-actualites\/benin-negociation-gouvernement-syndicats-le-rendez-vous-pris-pour-le-8-septembre#primaryimage\",\"url\":\"https:\/\/static.africa-press.net\/benin\/sites\/46\/2022\/09\/postQueueImg_17.jpg\",\"contentUrl\":\"https:\/\/static.africa-press.net\/benin\/sites\/46\/2022\/09\/postQueueImg_17.jpg\",\"width\":1280,\"height\":720,\"caption\":\"B\u00e9nin \u2013 N\u00e9gociation gouvernement-syndicats: le rendez-vous pris pour le 8 Septembre\"},{\"@type\":\"BreadcrumbList\",\"@id\":\"https:\/\/www.africa-press.net\/benin\/toutes-les-actualites\/benin-negociation-gouvernement-syndicats-le-rendez-vous-pris-pour-le-8-septembre#breadcrumb\",\"itemListElement\":[{\"@type\":\"ListItem\",\"position\":1,\"name\":\"Accueil\",\"item\":\"https:\/\/www.africa-press.net\/benin\/\"},{\"@type\":\"ListItem\",\"position\":2,\"name\":\"B\u00e9nin \u2013 N\u00e9gociation gouvernement-syndicats: le rendez-vous pris pour le 8 Septembre\"}]},{\"@type\":\"WebSite\",\"@id\":\"https:\/\/www.africa-press.net\/benin\/#website\",\"url\":\"https:\/\/www.africa-press.net\/benin\/\",\"name\":\"B\u00e9nin\",\"description\":\"Just another Africa News Agency Sites site\",\"potentialAction\":[{\"@type\":\"SearchAction\",\"target\":{\"@type\":\"EntryPoint\",\"urlTemplate\":\"https:\/\/www.africa-press.net\/benin\/?s={search_term_string}\"},\"query-input\":{\"@type\":\"PropertyValueSpecification\",\"valueRequired\":true,\"valueName\":\"search_term_string\"}}],\"inLanguage\":\"fr-FR\"},{\"@type\":\"Person\",\"@id\":\"https:\/\/www.africa-press.net\/benin\/#\/schema\/person\/2b1cf3cd81a31e3cd26889ca66d677f1\",\"name\":\"cfeditorfr\"}]}<\/script>\n<!-- \/ Yoast SEO Premium plugin. -->","yoast_head_json":{"title":"B\u00e9nin \u2013 N\u00e9gociation gouvernement-syndicats: le rendez-vous pris pour le 8 Septembre - B\u00e9nin","description":"La deuxi\u00e8me session ordinaire de la commission nationale de concertation, de consultation et de n\u00e9gociations collectives ...","robots":{"index":"index","follow":"follow","max-snippet":"max-snippet:-1","max-image-preview":"max-image-preview:large","max-video-preview":"max-video-preview:-1"},"canonical":"https:\/\/www.africa-press.net\/benin\/toutes-les-actualites\/benin-negociation-gouvernement-syndicats-le-rendez-vous-pris-pour-le-8-septembre","og_locale":"fr_FR","og_type":"article","og_title":"B\u00e9nin \u2013 N\u00e9gociation gouvernement-syndicats: le rendez-vous pris pour le 8 Septembre","og_description":"La deuxi\u00e8me session ordinaire de la commission nationale de concertation, de consultation et de n\u00e9gociations collectives ...","og_url":"https:\/\/www.africa-press.net\/benin\/toutes-les-actualites\/benin-negociation-gouvernement-syndicats-le-rendez-vous-pris-pour-le-8-septembre","og_site_name":"B\u00e9nin","article_published_time":"2022-09-02T16:49:02+00:00","article_modified_time":"2022-09-02T17:03:21+00:00","og_image":[{"width":1280,"height":720,"url":"https:\/\/static.africa-press.net\/benin\/sites\/46\/2022\/09\/postQueueImg_17.jpg","type":"image\/jpeg"}],"author":"cfeditorfr","twitter_card":"summary_large_image","twitter_misc":{"\u00c9crit par":"cfeditorfr","Dur\u00e9e de lecture estim\u00e9e":"2 minutes"},"schema":{"@context":"https:\/\/schema.org","@graph":[{"@type":"Article","@id":"https:\/\/www.africa-press.net\/benin\/toutes-les-actualites\/benin-negociation-gouvernement-syndicats-le-rendez-vous-pris-pour-le-8-septembre#article","isPartOf":{"@id":"https:\/\/www.africa-press.net\/benin\/toutes-les-actualites\/benin-negociation-gouvernement-syndicats-le-rendez-vous-pris-pour-le-8-septembre"},"author":{"name":"cfeditorfr","@id":"https:\/\/www.africa-press.net\/benin\/#\/schema\/person\/2b1cf3cd81a31e3cd26889ca66d677f1"},"headline":"B\u00e9nin \u2013 N\u00e9gociation gouvernement-syndicats: le rendez-vous pris pour le 8 Septembre","datePublished":"2022-09-02T16:49:02+00:00","dateModified":"2022-09-02T17:03:21+00:00","mainEntityOfPage":{"@id":"https:\/\/www.africa-press.net\/benin\/toutes-les-actualites\/benin-negociation-gouvernement-syndicats-le-rendez-vous-pris-pour-le-8-septembre"},"wordCount":291,"commentCount":0,"image":{"@id":"https:\/\/www.africa-press.net\/benin\/toutes-les-actualites\/benin-negociation-gouvernement-syndicats-le-rendez-vous-pris-pour-le-8-septembre#primaryimage"},"thumbnailUrl":"https:\/\/static.africa-press.net\/benin\/sites\/46\/2022\/09\/postQueueImg_17.jpg","keywords":["Africa Press","Africa Press-Benin","B\u00e9nin"],"articleSection":["Communaut\u00e9","homepage-french","Toutes les actualit\u00e9s"],"inLanguage":"fr-FR","potentialAction":[{"@type":"CommentAction","name":"Comment","target":["https:\/\/www.africa-press.net\/benin\/toutes-les-actualites\/benin-negociation-gouvernement-syndicats-le-rendez-vous-pris-pour-le-8-septembre#respond"]}]},{"@type":"WebPage","@id":"https:\/\/www.africa-press.net\/benin\/toutes-les-actualites\/benin-negociation-gouvernement-syndicats-le-rendez-vous-pris-pour-le-8-septembre","url":"https:\/\/www.africa-press.net\/benin\/toutes-les-actualites\/benin-negociation-gouvernement-syndicats-le-rendez-vous-pris-pour-le-8-septembre","name":"B\u00e9nin \u2013 N\u00e9gociation gouvernement-syndicats: le rendez-vous pris pour le 8 Septembre - B\u00e9nin","isPartOf":{"@id":"https:\/\/www.africa-press.net\/benin\/#website"},"primaryImageOfPage":{"@id":"https:\/\/www.africa-press.net\/benin\/toutes-les-actualites\/benin-negociation-gouvernement-syndicats-le-rendez-vous-pris-pour-le-8-septembre#primaryimage"},"image":{"@id":"https:\/\/www.africa-press.net\/benin\/toutes-les-actualites\/benin-negociation-gouvernement-syndicats-le-rendez-vous-pris-pour-le-8-septembre#primaryimage"},"thumbnailUrl":"https:\/\/static.africa-press.net\/benin\/sites\/46\/2022\/09\/postQueueImg_17.jpg","datePublished":"2022-09-02T16:49:02+00:00","dateModified":"2022-09-02T17:03:21+00:00","author":{"@id":"https:\/\/www.africa-press.net\/benin\/#\/schema\/person\/2b1cf3cd81a31e3cd26889ca66d677f1"},"description":"La deuxi\u00e8me session ordinaire de la commission nationale de concertation, de consultation et de n\u00e9gociations collectives ...","breadcrumb":{"@id":"https:\/\/www.africa-press.net\/benin\/toutes-les-actualites\/benin-negociation-gouvernement-syndicats-le-rendez-vous-pris-pour-le-8-septembre#breadcrumb"},"inLanguage":"fr-FR","potentialAction":[{"@type":"ReadAction","target":["https:\/\/www.africa-press.net\/benin\/toutes-les-actualites\/benin-negociation-gouvernement-syndicats-le-rendez-vous-pris-pour-le-8-septembre"]}]},{"@type":"ImageObject","inLanguage":"fr-FR","@id":"https:\/\/www.africa-press.net\/benin\/toutes-les-actualites\/benin-negociation-gouvernement-syndicats-le-rendez-vous-pris-pour-le-8-septembre#primaryimage","url":"https:\/\/static.africa-press.net\/benin\/sites\/46\/2022\/09\/postQueueImg_17.jpg","contentUrl":"https:\/\/static.africa-press.net\/benin\/sites\/46\/2022\/09\/postQueueImg_17.jpg","width":1280,"height":720,"caption":"B\u00e9nin \u2013 N\u00e9gociation gouvernement-syndicats: le rendez-vous pris pour le 8 Septembre"},{"@type":"BreadcrumbList","@id":"https:\/\/www.africa-press.net\/benin\/toutes-les-actualites\/benin-negociation-gouvernement-syndicats-le-rendez-vous-pris-pour-le-8-septembre#breadcrumb","itemListElement":[{"@type":"ListItem","position":1,"name":"Accueil","item":"https:\/\/www.africa-press.net\/benin\/"},{"@type":"ListItem","position":2,"name":"B\u00e9nin \u2013 N\u00e9gociation gouvernement-syndicats: le rendez-vous pris pour le 8 Septembre"}]},{"@type":"WebSite","@id":"https:\/\/www.africa-press.net\/benin\/#website","url":"https:\/\/www.africa-press.net\/benin\/","name":"B\u00e9nin","description":"Just another Africa News Agency Sites site","potentialAction":[{"@type":"SearchAction","target":{"@type":"EntryPoint","urlTemplate":"https:\/\/www.africa-press.net\/benin\/?s={search_term_string}"},"query-input":{"@type":"PropertyValueSpecification","valueRequired":true,"valueName":"search_term_string"}}],"inLanguage":"fr-FR"},{"@type":"Person","@id":"https:\/\/www.africa-press.net\/benin\/#\/schema\/person\/2b1cf3cd81a31e3cd26889ca66d677f1","name":"cfeditorfr"}]}},"_links":{"self":[{"href":"https:\/\/www.africa-press.net\/benin\/wp-json\/wp\/v2\/posts\/8520","targetHints":{"allow":["GET"]}}],"collection":[{"href":"https:\/\/www.africa-press.net\/benin\/wp-json\/wp\/v2\/posts"}],"about":[{"href":"https:\/\/www.africa-press.net\/benin\/wp-json\/wp\/v2\/types\/post"}],"author":[{"embeddable":true,"href":"https:\/\/www.africa-press.net\/benin\/wp-json\/wp\/v2\/users\/82"}],"replies":[{"embeddable":true,"href":"https:\/\/www.africa-press.net\/benin\/wp-json\/wp\/v2\/comments?post=8520"}],"version-history":[{"count":0,"href":"https:\/\/www.africa-press.net\/benin\/wp-json\/wp\/v2\/posts\/8520\/revisions"}],"wp:featuredmedia":[{"embeddable":true,"href":"https:\/\/www.africa-press.net\/benin\/wp-json\/wp\/v2\/media\/8519"}],"wp:attachment":[{"href":"https:\/\/www.africa-press.net\/benin\/wp-json\/wp\/v2\/media?parent=8520"}],"wp:term":[{"taxonomy":"category","embeddable":true,"href":"https:\/\/www.africa-press.net\/benin\/wp-json\/wp\/v2\/categories?post=8520"},{"taxonomy":"post_tag","embeddable":true,"href":"https:\/\/www.africa-press.net\/benin\/wp-json\/wp\/v2\/tags?post=8520"}],"curies":[{"name":"wp","href":"https:\/\/api.w.org\/{rel}","templated":true}]}}