{"id":8529,"date":"2022-09-02T16:49:44","date_gmt":"2022-09-02T16:49:44","guid":{"rendered":"https:\/\/www.africa-press.net\/benin\/politique\/benin-upmb-zakiath-latoundji-reelue-dans-un-chaos-mehouenou-et-sossa-contestent"},"modified":"2022-09-02T17:05:24","modified_gmt":"2022-09-02T17:05:24","slug":"benin-upmb-zakiath-latoundji-reelue-dans-un-chaos-mehouenou-et-sossa-contestent","status":"publish","type":"post","link":"https:\/\/www.africa-press.net\/benin\/politique\/benin-upmb-zakiath-latoundji-reelue-dans-un-chaos-mehouenou-et-sossa-contestent","title":{"rendered":"B\u00e9nin \u2013 UPMB: Zakiath Latoundji r\u00e9\u00e9lue dans un chaos, Mehou\u00e9nou et Sossa contestent"},"content":{"rendered":"<p><span style=\"color: #ff6600\"><strong>Africa-Press &#8211; Benin. <\/strong><\/span>Les membres de l\u2019Union des Professionnels des M\u00e9dias du B\u00e9nin (UPBM) \u00e9taient en Assembl\u00e9e g\u00e9n\u00e9rale \u00e9lective ce jeudi 1er septembre 2022 \u00e0 la Maison des M\u00e9dias \u00e0 Cotonou. A l\u2019issue du vote, la pr\u00e9sidente sortante, Zakiath Latoundji a \u00e9t\u00e9 r\u00e9\u00e9lue \u00e0 la t\u00eate de l\u2019Association, mais son \u00e9lection est contest\u00e9e par la Coalition \u00ab Dynamisons l\u2019Union \u00bb conduite par Josu\u00e9 Mehou\u00e9nou.<\/p>\n<p>Zakiath Latoundji r\u00e9\u00e9lue pr\u00e9sidente de l\u2019Union des Professionnels des M\u00e9dias du B\u00e9nin sur fond de conflit. La r\u00e9\u00e9lection de la pr\u00e9sidente sortante est contest\u00e9e par le camp de Josu\u00e9 Mehou\u00e9nou qui estime qu\u2019il n\u2019y a pas eu \u00e9lection. <b>\u00ab La Coalition Dynamisons l\u2019Union demande \u00e0 l\u2019opinion publique nationale et internationale de constater qu\u2019aucune \u00e9lection n\u2019a \u00e9t\u00e9 faite ce jeudi 1er septembre 2022 au cours de cette assembl\u00e9e g\u00e9n\u00e9rale \u00bb<\/b>, lit-on dans une d\u00e9claration.<\/p>\n<p>L\u2019Assembl\u00e9e G\u00e9n\u00e9rale \u00c9lective (AGE) s\u2019est d\u00e9roul\u00e9e dans une ambiance \u00e9lectrique. C\u2019\u00e9tait d\u2019ailleurs sans surprise au regard des \u00e9v\u00e9nements qui ont pr\u00e9c\u00e9d\u00e9 la convocation des d\u00e9l\u00e9gu\u00e9s. Un groupe de journalistes avait d\u2019ailleurs suscit\u00e9 un premier report par une d\u00e9nonciation de \u00ab troubles \u00e0 l\u2019ordre public \u00bb. Zakiath Latoundji a \u00e9t\u00e9 r\u00e9\u00e9lue dans un chaos ; entre bagarres, coupure d\u2019\u00e9lectricit\u00e9 et contestations.<\/p>\n<p><b>Un intrus d\u00e9tect\u00e9 dans le pr\u00e9sidium<\/b><\/p>\n<p>Le pr\u00e9sidium install\u00e9 pour conduire les travaux de l\u2019Assembl\u00e9e G\u00e9n\u00e9rale a \u00e9t\u00e9 tr\u00e8s vite contest\u00e9. Selon les contestataires, l\u2019un des membres dudit pr\u00e9sidium n\u2019y avait pas sa place. <b>\u00ab On nous a frauduleusement fait mettre dans le pr\u00e9sidium quelqu\u2019un dont on n\u2019a pas \u00e9t\u00e9 capable de faire la preuve de son appartenance \u00e0 l\u2019UPMB \u00bb<\/b>, a d\u00e9clar\u00e9 Josu\u00e9 Mehou\u00e9nou. Dans la foul\u00e9e, le membre contest\u00e9 a \u00e9t\u00e9 retir\u00e9 du pr\u00e9sidium et exfiltr\u00e9 de la salle.<\/p>\n<p>Pendant que Josu\u00e9 Mehou\u00e9nou insistait pour avoir des clarifications sur la pr\u00e9sence dans la salle du membre exfiltr\u00e9, le pr\u00e9sidium \u00e9tait d\u00e9j\u00e0 pass\u00e9 \u00e0 autre. Le membre a \u00e9t\u00e9 remplac\u00e9 et les travaux ont continu\u00e9 dans le tohu-bohu. \u00ab <b>C\u2019est dans ce spectacle que le pr\u00e9sident du pr\u00e9sidium, entre coupure d\u2019\u00e9lectricit\u00e9, de sonorisation, et interdiction de parole aux participants, a d\u00e9clar\u00e9 r\u00e9\u00e9lue la pr\u00e9sidente sortante \u00e0 la surprise de cette derni\u00e8re qui n\u2019\u00e9tait m\u00eame pas dans la salle<\/b>\u00ab , a d\u00e9plor\u00e9 la Coalition \u00ab Dynamisons l\u2019Union \u00bb.<\/p>\n<p>Finalement, c\u2019est donc uniquement la liste de Zakiath Latoundji qui a \u00e9t\u00e9 soumise \u00e0 l\u2019avis des d\u00e9l\u00e9gu\u00e9s pr\u00e9sents \u00e0 l\u2019AG. \u00ab Restaurer l\u2019Union \u00bb de Fortun\u00e9 Sossa et de \u00ab Dynamisons l\u2019Union \u00bb de Josu\u00e9 Mehou\u00e9nou ont \u00e9t\u00e9 donc laiss\u00e9es de c\u00f4t\u00e9. Les deux listes n\u2019auraient pas r\u00e9pondu \u00e0 l\u2019appel du pr\u00e9sidium.<\/p>\n<p><b>\u00ab Liste \u00e9lectorale truqu\u00e9e et tronqu\u00e9e avec des \u00e9lecteurs fictifs \u00bb<\/b><\/p>\n<p>Selon la Coalition \u00ab Dynamisons l\u2019Union \u00bb, il y avait plusieurs pr\u00e9occupations majeures qu\u2019il fallait vider d\u2019abord avant d\u2019aller au vote. C\u2019\u00e9tait la seule condition d\u2019aboutir \u00e0 une \u00e9lection transparente. Malheureusement, elle a constat\u00e9 \u00ab <b>l\u2019orchestration par la pr\u00e9sidente sortante et le comit\u00e9 d\u2019organisation d\u2019un sc\u00e9nario indigne d\u2019une corporation comme celle de la presse<\/b>\u00ab .<\/p>\n<p>L\u2019\u00e9quipe de Josu\u00e9 Mehou\u00e9nou d\u00e9nonce une liste \u00e9lectorale \u00ab truqu\u00e9e et tronqu\u00e9e avec des \u00e9lecteurs fictifs \u00bb. \u00ab <b>Face \u00e0 cette marche au forceps pour se maintenir \u00e0 la t\u00eate de l\u2019union, la coalition \u00ab Dynamisons l\u2019Union \u00bb se r\u00e9serve le droit d\u2019agir afin que force reste aux textes de l\u2019Union<\/b>\u00ab , a-t-elle indiqu\u00e9.<\/p>\n<p>La r\u00e9\u00e9lection de Zakiath Latoundji est \u00e9galement contest\u00e9 par le camp de Fortun\u00e9 Sossa. Ils rejoignent la Coalition \u00ab Dynamisons l\u2019Union \u00bb pour dire qu\u2019il \u00ab n\u2019y pas eu d\u2019\u00e9lection \u00bb. <b>\u00ab Nous prenons donc l\u2019opinion publique \u00e0 t\u00e9moin et mettons en garde quiconque utilisera les attributs de l\u2019Union en se pr\u00e9valant d\u2019un quelconque titre aupr\u00e8s des institutions et partenaires \u00bb, averti la Direction de campagne de Fortun\u00e9 Sossa.<\/b><br \/>\n<b>Zakiath Latoundji tente de calmer les ardeurs<\/b><\/p>\n<p>Apr\u00e8s l\u2019Assembl\u00e9e G\u00e9n\u00e9rale, Zakiath Latoundji s\u2019est adress\u00e9e aux professionnels des m\u00e9dias et appelle \u00e0 l\u2019unit\u00e9 d\u2019action. <b>\u00ab Je voudrais qu\u2019\u00e0 partir de maintenant, on ne consid\u00e8re plus un camp X ou un camp Y. Que chacun d\u2019entre nous se consid\u00e8re \u00e9tant comme un membre de l\u2019union et participe vraiment dans l\u2019unit\u00e9 d\u2019action pour que rayonne davantage notre Union \u00bb<\/b>, a-t-elle d\u00e9clar\u00e9. Aux derni\u00e8res nouvelles, le dossier est d\u00e9sormais dans les mains de la justice qui essaiera de d\u00e9partager les deux camps.<\/p>\n<p><strong>Pour plus d&rsquo;informations et d&rsquo;analyses sur la <a href=\"https:\/\/www.africa-press.net\/benin\">Benin<\/a>, suivez <a href=\"https:\/\/www.africa-press.net\/\">Africa-Press<\/a><\/strong><\/p>\n","protected":false},"excerpt":{"rendered":"<p>Africa-Press &#8211; Benin. Les membres de l\u2019Union des Professionnels des M\u00e9dias du B\u00e9nin (UPBM) \u00e9taient en Assembl\u00e9e g\u00e9n\u00e9rale \u00e9lective ce jeudi 1er septembre 2022 \u00e0 la Maison des M\u00e9dias \u00e0 Cotonou. A l\u2019issue du vote, la pr\u00e9sidente sortante, Zakiath Latoundji a \u00e9t\u00e9 r\u00e9\u00e9lue \u00e0 la t\u00eate de l\u2019Association, mais son \u00e9lection est contest\u00e9e par la [&hellip;]<\/p>\n","protected":false},"author":82,"featured_media":8528,"comment_status":"open","ping_status":"closed","sticky":false,"template":"","format":"standard","meta":{"footnotes":""},"categories":[11,2,10],"tags":[36,50,45],"class_list":["post-8529","post","type-post","status-publish","format-standard","has-post-thumbnail","hentry","category-homepage-french","category-politique","category-toutes-les-actualites","tag-africa-press","tag-africa-press-benin","tag-benin"],"yoast_head":"<!-- This site is optimized with the Yoast SEO Premium plugin v26.1 (Yoast SEO v27.0) - https:\/\/yoast.com\/product\/yoast-seo-premium-wordpress\/ -->\n<title>B\u00e9nin \u2013 UPMB: Zakiath Latoundji r\u00e9\u00e9lue dans un chaos, Mehou\u00e9nou et Sossa contestent - B\u00e9nin<\/title>\n<meta name=\"description\" content=\"Les membres de l\u2019Union des Professionnels des M\u00e9dias du B\u00e9nin (UPBM) \u00e9taient en Assembl\u00e9e g\u00e9n\u00e9rale \u00e9lective ce jeudi 1er ...\" \/>\n<meta name=\"robots\" content=\"index, follow, max-snippet:-1, max-image-preview:large, max-video-preview:-1\" \/>\n<link rel=\"canonical\" href=\"https:\/\/www.africa-press.net\/benin\/politique\/benin-upmb-zakiath-latoundji-reelue-dans-un-chaos-mehouenou-et-sossa-contestent\" \/>\n<meta property=\"og:locale\" content=\"fr_FR\" \/>\n<meta property=\"og:type\" content=\"article\" \/>\n<meta property=\"og:title\" content=\"B\u00e9nin \u2013 UPMB: Zakiath Latoundji r\u00e9\u00e9lue dans un chaos, Mehou\u00e9nou et Sossa contestent\" \/>\n<meta property=\"og:description\" content=\"Les membres de l\u2019Union des Professionnels des M\u00e9dias du B\u00e9nin (UPBM) \u00e9taient en Assembl\u00e9e g\u00e9n\u00e9rale \u00e9lective ce jeudi 1er ...\" \/>\n<meta property=\"og:url\" content=\"https:\/\/www.africa-press.net\/benin\/politique\/benin-upmb-zakiath-latoundji-reelue-dans-un-chaos-mehouenou-et-sossa-contestent\" \/>\n<meta property=\"og:site_name\" content=\"B\u00e9nin\" \/>\n<meta property=\"article:published_time\" content=\"2022-09-02T16:49:44+00:00\" \/>\n<meta property=\"article:modified_time\" content=\"2022-09-02T17:05:24+00:00\" \/>\n<meta property=\"og:image\" content=\"https:\/\/static.africa-press.net\/benin\/sites\/46\/2022\/09\/postQueueImg_20-631237ae29953.jpg\" \/>\n\t<meta property=\"og:image:width\" content=\"1200\" \/>\n\t<meta property=\"og:image:height\" content=\"675\" \/>\n\t<meta property=\"og:image:type\" content=\"image\/jpeg\" \/>\n<meta name=\"author\" content=\"cfeditorfr\" \/>\n<meta name=\"twitter:card\" content=\"summary_large_image\" \/>\n<meta name=\"twitter:label1\" content=\"\u00c9crit par\" \/>\n\t<meta name=\"twitter:data1\" content=\"cfeditorfr\" \/>\n\t<meta name=\"twitter:label2\" content=\"Dur\u00e9e de lecture estim\u00e9e\" \/>\n\t<meta name=\"twitter:data2\" content=\"4 minutes\" \/>\n<script type=\"application\/ld+json\" class=\"yoast-schema-graph\">{\"@context\":\"https:\/\/schema.org\",\"@graph\":[{\"@type\":\"Article\",\"@id\":\"https:\/\/www.africa-press.net\/benin\/politique\/benin-upmb-zakiath-latoundji-reelue-dans-un-chaos-mehouenou-et-sossa-contestent#article\",\"isPartOf\":{\"@id\":\"https:\/\/www.africa-press.net\/benin\/politique\/benin-upmb-zakiath-latoundji-reelue-dans-un-chaos-mehouenou-et-sossa-contestent\"},\"author\":{\"name\":\"cfeditorfr\",\"@id\":\"https:\/\/www.africa-press.net\/benin\/#\/schema\/person\/2b1cf3cd81a31e3cd26889ca66d677f1\"},\"headline\":\"B\u00e9nin \u2013 UPMB: Zakiath Latoundji r\u00e9\u00e9lue dans un chaos, Mehou\u00e9nou et Sossa contestent\",\"datePublished\":\"2022-09-02T16:49:44+00:00\",\"dateModified\":\"2022-09-02T17:05:24+00:00\",\"mainEntityOfPage\":{\"@id\":\"https:\/\/www.africa-press.net\/benin\/politique\/benin-upmb-zakiath-latoundji-reelue-dans-un-chaos-mehouenou-et-sossa-contestent\"},\"wordCount\":828,\"commentCount\":0,\"image\":{\"@id\":\"https:\/\/www.africa-press.net\/benin\/politique\/benin-upmb-zakiath-latoundji-reelue-dans-un-chaos-mehouenou-et-sossa-contestent#primaryimage\"},\"thumbnailUrl\":\"https:\/\/static.africa-press.net\/benin\/sites\/46\/2022\/09\/postQueueImg_20-631237ae29953.jpg\",\"keywords\":[\"Africa Press\",\"Africa Press-Benin\",\"B\u00e9nin\"],\"articleSection\":[\"homepage-french\",\"Politique\",\"Toutes les actualit\u00e9s\"],\"inLanguage\":\"fr-FR\",\"potentialAction\":[{\"@type\":\"CommentAction\",\"name\":\"Comment\",\"target\":[\"https:\/\/www.africa-press.net\/benin\/politique\/benin-upmb-zakiath-latoundji-reelue-dans-un-chaos-mehouenou-et-sossa-contestent#respond\"]}]},{\"@type\":\"WebPage\",\"@id\":\"https:\/\/www.africa-press.net\/benin\/politique\/benin-upmb-zakiath-latoundji-reelue-dans-un-chaos-mehouenou-et-sossa-contestent\",\"url\":\"https:\/\/www.africa-press.net\/benin\/politique\/benin-upmb-zakiath-latoundji-reelue-dans-un-chaos-mehouenou-et-sossa-contestent\",\"name\":\"B\u00e9nin \u2013 UPMB: Zakiath Latoundji r\u00e9\u00e9lue dans un chaos, Mehou\u00e9nou et Sossa contestent - B\u00e9nin\",\"isPartOf\":{\"@id\":\"https:\/\/www.africa-press.net\/benin\/#website\"},\"primaryImageOfPage\":{\"@id\":\"https:\/\/www.africa-press.net\/benin\/politique\/benin-upmb-zakiath-latoundji-reelue-dans-un-chaos-mehouenou-et-sossa-contestent#primaryimage\"},\"image\":{\"@id\":\"https:\/\/www.africa-press.net\/benin\/politique\/benin-upmb-zakiath-latoundji-reelue-dans-un-chaos-mehouenou-et-sossa-contestent#primaryimage\"},\"thumbnailUrl\":\"https:\/\/static.africa-press.net\/benin\/sites\/46\/2022\/09\/postQueueImg_20-631237ae29953.jpg\",\"datePublished\":\"2022-09-02T16:49:44+00:00\",\"dateModified\":\"2022-09-02T17:05:24+00:00\",\"author\":{\"@id\":\"https:\/\/www.africa-press.net\/benin\/#\/schema\/person\/2b1cf3cd81a31e3cd26889ca66d677f1\"},\"description\":\"Les membres de l\u2019Union des Professionnels des M\u00e9dias du B\u00e9nin (UPBM) \u00e9taient en Assembl\u00e9e g\u00e9n\u00e9rale \u00e9lective ce jeudi 1er ...\",\"breadcrumb\":{\"@id\":\"https:\/\/www.africa-press.net\/benin\/politique\/benin-upmb-zakiath-latoundji-reelue-dans-un-chaos-mehouenou-et-sossa-contestent#breadcrumb\"},\"inLanguage\":\"fr-FR\",\"potentialAction\":[{\"@type\":\"ReadAction\",\"target\":[\"https:\/\/www.africa-press.net\/benin\/politique\/benin-upmb-zakiath-latoundji-reelue-dans-un-chaos-mehouenou-et-sossa-contestent\"]}]},{\"@type\":\"ImageObject\",\"inLanguage\":\"fr-FR\",\"@id\":\"https:\/\/www.africa-press.net\/benin\/politique\/benin-upmb-zakiath-latoundji-reelue-dans-un-chaos-mehouenou-et-sossa-contestent#primaryimage\",\"url\":\"https:\/\/static.africa-press.net\/benin\/sites\/46\/2022\/09\/postQueueImg_20-631237ae29953.jpg\",\"contentUrl\":\"https:\/\/static.africa-press.net\/benin\/sites\/46\/2022\/09\/postQueueImg_20-631237ae29953.jpg\",\"width\":1200,\"height\":675,\"caption\":\"B\u00e9nin \u2013 UPMB: Zakiath Latoundji r\u00e9\u00e9lue dans un chaos, Mehou\u00e9nou et Sossa contestent\"},{\"@type\":\"BreadcrumbList\",\"@id\":\"https:\/\/www.africa-press.net\/benin\/politique\/benin-upmb-zakiath-latoundji-reelue-dans-un-chaos-mehouenou-et-sossa-contestent#breadcrumb\",\"itemListElement\":[{\"@type\":\"ListItem\",\"position\":1,\"name\":\"Accueil\",\"item\":\"https:\/\/www.africa-press.net\/benin\/\"},{\"@type\":\"ListItem\",\"position\":2,\"name\":\"B\u00e9nin \u2013 UPMB: Zakiath Latoundji r\u00e9\u00e9lue dans un chaos, Mehou\u00e9nou et Sossa contestent\"}]},{\"@type\":\"WebSite\",\"@id\":\"https:\/\/www.africa-press.net\/benin\/#website\",\"url\":\"https:\/\/www.africa-press.net\/benin\/\",\"name\":\"B\u00e9nin\",\"description\":\"Just another Africa News Agency Sites site\",\"potentialAction\":[{\"@type\":\"SearchAction\",\"target\":{\"@type\":\"EntryPoint\",\"urlTemplate\":\"https:\/\/www.africa-press.net\/benin\/?s={search_term_string}\"},\"query-input\":{\"@type\":\"PropertyValueSpecification\",\"valueRequired\":true,\"valueName\":\"search_term_string\"}}],\"inLanguage\":\"fr-FR\"},{\"@type\":\"Person\",\"@id\":\"https:\/\/www.africa-press.net\/benin\/#\/schema\/person\/2b1cf3cd81a31e3cd26889ca66d677f1\",\"name\":\"cfeditorfr\"}]}<\/script>\n<!-- \/ Yoast SEO Premium plugin. -->","yoast_head_json":{"title":"B\u00e9nin \u2013 UPMB: Zakiath Latoundji r\u00e9\u00e9lue dans un chaos, Mehou\u00e9nou et Sossa contestent - B\u00e9nin","description":"Les membres de l\u2019Union des Professionnels des M\u00e9dias du B\u00e9nin (UPBM) \u00e9taient en Assembl\u00e9e g\u00e9n\u00e9rale \u00e9lective ce jeudi 1er ...","robots":{"index":"index","follow":"follow","max-snippet":"max-snippet:-1","max-image-preview":"max-image-preview:large","max-video-preview":"max-video-preview:-1"},"canonical":"https:\/\/www.africa-press.net\/benin\/politique\/benin-upmb-zakiath-latoundji-reelue-dans-un-chaos-mehouenou-et-sossa-contestent","og_locale":"fr_FR","og_type":"article","og_title":"B\u00e9nin \u2013 UPMB: Zakiath Latoundji r\u00e9\u00e9lue dans un chaos, Mehou\u00e9nou et Sossa contestent","og_description":"Les membres de l\u2019Union des Professionnels des M\u00e9dias du B\u00e9nin (UPBM) \u00e9taient en Assembl\u00e9e g\u00e9n\u00e9rale \u00e9lective ce jeudi 1er ...","og_url":"https:\/\/www.africa-press.net\/benin\/politique\/benin-upmb-zakiath-latoundji-reelue-dans-un-chaos-mehouenou-et-sossa-contestent","og_site_name":"B\u00e9nin","article_published_time":"2022-09-02T16:49:44+00:00","article_modified_time":"2022-09-02T17:05:24+00:00","og_image":[{"width":1200,"height":675,"url":"https:\/\/static.africa-press.net\/benin\/sites\/46\/2022\/09\/postQueueImg_20-631237ae29953.jpg","type":"image\/jpeg"}],"author":"cfeditorfr","twitter_card":"summary_large_image","twitter_misc":{"\u00c9crit par":"cfeditorfr","Dur\u00e9e de lecture estim\u00e9e":"4 minutes"},"schema":{"@context":"https:\/\/schema.org","@graph":[{"@type":"Article","@id":"https:\/\/www.africa-press.net\/benin\/politique\/benin-upmb-zakiath-latoundji-reelue-dans-un-chaos-mehouenou-et-sossa-contestent#article","isPartOf":{"@id":"https:\/\/www.africa-press.net\/benin\/politique\/benin-upmb-zakiath-latoundji-reelue-dans-un-chaos-mehouenou-et-sossa-contestent"},"author":{"name":"cfeditorfr","@id":"https:\/\/www.africa-press.net\/benin\/#\/schema\/person\/2b1cf3cd81a31e3cd26889ca66d677f1"},"headline":"B\u00e9nin \u2013 UPMB: Zakiath Latoundji r\u00e9\u00e9lue dans un chaos, Mehou\u00e9nou et Sossa contestent","datePublished":"2022-09-02T16:49:44+00:00","dateModified":"2022-09-02T17:05:24+00:00","mainEntityOfPage":{"@id":"https:\/\/www.africa-press.net\/benin\/politique\/benin-upmb-zakiath-latoundji-reelue-dans-un-chaos-mehouenou-et-sossa-contestent"},"wordCount":828,"commentCount":0,"image":{"@id":"https:\/\/www.africa-press.net\/benin\/politique\/benin-upmb-zakiath-latoundji-reelue-dans-un-chaos-mehouenou-et-sossa-contestent#primaryimage"},"thumbnailUrl":"https:\/\/static.africa-press.net\/benin\/sites\/46\/2022\/09\/postQueueImg_20-631237ae29953.jpg","keywords":["Africa Press","Africa Press-Benin","B\u00e9nin"],"articleSection":["homepage-french","Politique","Toutes les actualit\u00e9s"],"inLanguage":"fr-FR","potentialAction":[{"@type":"CommentAction","name":"Comment","target":["https:\/\/www.africa-press.net\/benin\/politique\/benin-upmb-zakiath-latoundji-reelue-dans-un-chaos-mehouenou-et-sossa-contestent#respond"]}]},{"@type":"WebPage","@id":"https:\/\/www.africa-press.net\/benin\/politique\/benin-upmb-zakiath-latoundji-reelue-dans-un-chaos-mehouenou-et-sossa-contestent","url":"https:\/\/www.africa-press.net\/benin\/politique\/benin-upmb-zakiath-latoundji-reelue-dans-un-chaos-mehouenou-et-sossa-contestent","name":"B\u00e9nin \u2013 UPMB: Zakiath Latoundji r\u00e9\u00e9lue dans un chaos, Mehou\u00e9nou et Sossa contestent - B\u00e9nin","isPartOf":{"@id":"https:\/\/www.africa-press.net\/benin\/#website"},"primaryImageOfPage":{"@id":"https:\/\/www.africa-press.net\/benin\/politique\/benin-upmb-zakiath-latoundji-reelue-dans-un-chaos-mehouenou-et-sossa-contestent#primaryimage"},"image":{"@id":"https:\/\/www.africa-press.net\/benin\/politique\/benin-upmb-zakiath-latoundji-reelue-dans-un-chaos-mehouenou-et-sossa-contestent#primaryimage"},"thumbnailUrl":"https:\/\/static.africa-press.net\/benin\/sites\/46\/2022\/09\/postQueueImg_20-631237ae29953.jpg","datePublished":"2022-09-02T16:49:44+00:00","dateModified":"2022-09-02T17:05:24+00:00","author":{"@id":"https:\/\/www.africa-press.net\/benin\/#\/schema\/person\/2b1cf3cd81a31e3cd26889ca66d677f1"},"description":"Les membres de l\u2019Union des Professionnels des M\u00e9dias du B\u00e9nin (UPBM) \u00e9taient en Assembl\u00e9e g\u00e9n\u00e9rale \u00e9lective ce jeudi 1er ...","breadcrumb":{"@id":"https:\/\/www.africa-press.net\/benin\/politique\/benin-upmb-zakiath-latoundji-reelue-dans-un-chaos-mehouenou-et-sossa-contestent#breadcrumb"},"inLanguage":"fr-FR","potentialAction":[{"@type":"ReadAction","target":["https:\/\/www.africa-press.net\/benin\/politique\/benin-upmb-zakiath-latoundji-reelue-dans-un-chaos-mehouenou-et-sossa-contestent"]}]},{"@type":"ImageObject","inLanguage":"fr-FR","@id":"https:\/\/www.africa-press.net\/benin\/politique\/benin-upmb-zakiath-latoundji-reelue-dans-un-chaos-mehouenou-et-sossa-contestent#primaryimage","url":"https:\/\/static.africa-press.net\/benin\/sites\/46\/2022\/09\/postQueueImg_20-631237ae29953.jpg","contentUrl":"https:\/\/static.africa-press.net\/benin\/sites\/46\/2022\/09\/postQueueImg_20-631237ae29953.jpg","width":1200,"height":675,"caption":"B\u00e9nin \u2013 UPMB: Zakiath Latoundji r\u00e9\u00e9lue dans un chaos, Mehou\u00e9nou et Sossa contestent"},{"@type":"BreadcrumbList","@id":"https:\/\/www.africa-press.net\/benin\/politique\/benin-upmb-zakiath-latoundji-reelue-dans-un-chaos-mehouenou-et-sossa-contestent#breadcrumb","itemListElement":[{"@type":"ListItem","position":1,"name":"Accueil","item":"https:\/\/www.africa-press.net\/benin\/"},{"@type":"ListItem","position":2,"name":"B\u00e9nin \u2013 UPMB: Zakiath Latoundji r\u00e9\u00e9lue dans un chaos, Mehou\u00e9nou et Sossa contestent"}]},{"@type":"WebSite","@id":"https:\/\/www.africa-press.net\/benin\/#website","url":"https:\/\/www.africa-press.net\/benin\/","name":"B\u00e9nin","description":"Just another Africa News Agency Sites site","potentialAction":[{"@type":"SearchAction","target":{"@type":"EntryPoint","urlTemplate":"https:\/\/www.africa-press.net\/benin\/?s={search_term_string}"},"query-input":{"@type":"PropertyValueSpecification","valueRequired":true,"valueName":"search_term_string"}}],"inLanguage":"fr-FR"},{"@type":"Person","@id":"https:\/\/www.africa-press.net\/benin\/#\/schema\/person\/2b1cf3cd81a31e3cd26889ca66d677f1","name":"cfeditorfr"}]}},"_links":{"self":[{"href":"https:\/\/www.africa-press.net\/benin\/wp-json\/wp\/v2\/posts\/8529","targetHints":{"allow":["GET"]}}],"collection":[{"href":"https:\/\/www.africa-press.net\/benin\/wp-json\/wp\/v2\/posts"}],"about":[{"href":"https:\/\/www.africa-press.net\/benin\/wp-json\/wp\/v2\/types\/post"}],"author":[{"embeddable":true,"href":"https:\/\/www.africa-press.net\/benin\/wp-json\/wp\/v2\/users\/82"}],"replies":[{"embeddable":true,"href":"https:\/\/www.africa-press.net\/benin\/wp-json\/wp\/v2\/comments?post=8529"}],"version-history":[{"count":0,"href":"https:\/\/www.africa-press.net\/benin\/wp-json\/wp\/v2\/posts\/8529\/revisions"}],"wp:featuredmedia":[{"embeddable":true,"href":"https:\/\/www.africa-press.net\/benin\/wp-json\/wp\/v2\/media\/8528"}],"wp:attachment":[{"href":"https:\/\/www.africa-press.net\/benin\/wp-json\/wp\/v2\/media?parent=8529"}],"wp:term":[{"taxonomy":"category","embeddable":true,"href":"https:\/\/www.africa-press.net\/benin\/wp-json\/wp\/v2\/categories?post=8529"},{"taxonomy":"post_tag","embeddable":true,"href":"https:\/\/www.africa-press.net\/benin\/wp-json\/wp\/v2\/tags?post=8529"}],"curies":[{"name":"wp","href":"https:\/\/api.w.org\/{rel}","templated":true}]}}