{"id":8532,"date":"2022-09-02T16:50:20","date_gmt":"2022-09-02T16:50:20","guid":{"rendered":"https:\/\/www.africa-press.net\/benin\/politique\/benin-le-message-de-soutien-de-komi-koutche-aux-populations-sinistrees"},"modified":"2022-09-02T17:06:09","modified_gmt":"2022-09-02T17:06:09","slug":"benin-le-message-de-soutien-de-komi-koutche-aux-populations-sinistrees","status":"publish","type":"post","link":"https:\/\/www.africa-press.net\/benin\/politique\/benin-le-message-de-soutien-de-komi-koutche-aux-populations-sinistrees","title":{"rendered":"B\u00e9nin: le message de soutien de Komi Koutch\u00e9 aux populations sinistr\u00e9es"},"content":{"rendered":"<p><span style=\"color: #ff6600\"><strong>Africa-Press &#8211; Benin. <\/strong><\/span><b>L\u2019ancien ministre de l\u2019\u00e9conomie et des finances de Boni Yayi, Komi Koutch\u00e9 pour ne pas le nommer compatit \u00e0 la situation des populations menac\u00e9es par l\u2019inondation due \u00e0 la mont\u00e9e des eaux des bassins du fleuve Ou\u00e9m\u00e9.<\/b><\/p>\n<p>Les populations de certaines communes au nord du B\u00e9nin sont menac\u00e9es par la mont\u00e9e des eaux des bassins du fleuve Ou\u00e9m\u00e9. Cette situation qui a d\u00e9j\u00e0 cr\u00e9\u00e9 deux pertes en vie humaine ne laisse pas indiff\u00e9rent l\u2019ancien ministre de l\u2019\u00e9conomie, des finances et des programmes de d\u00e9nationalisation.<\/p>\n<p>Dans un message \u00e0 l\u2019endroit de ces populations, Dr Komi Koutch\u00e9 actuellement en exil aux \u00c9tats Unis les invite \u00e0 observer certaines mesures de prudence pour \u00e9viter de subir les cons\u00e9quences de la crue. \u00ab <b>Notre vie vaut ce qu\u2019elle nous a co\u00fbt\u00e9 d\u2019efforts. Par cette belle citation de Fran\u00e7ois Mauriac, j\u2019invite chacune et chacun de nos compatriotes se trouvant en zone \u00e0 risques d\u2019inondations de faire l\u2019effort d\u2019anticipation n\u00e9cessaire \u00e0 la pr\u00e9servation de sa vie<\/b>\u00ab , a \u00e9crit Komi Koutch\u00e9.<\/p>\n<p>L\u2019ancien ministre n\u2019a pas manqu\u00e9 d\u2019exprimer sa compassion \u00e0 l\u2019endroit des personnes qui sont d\u00e9j\u00e0 victimes des affres de cette inondation. \u00ab<b> \u00c0 toutes les communaut\u00e9s expos\u00e9es au ph\u00e9nom\u00e8ne naturel des inondations avec d\u2019importants d\u00e9g\u00e2ts d\u00e9j\u00e0 enregistr\u00e9s \u00bb pr\u00e9cise-t-il dans son adresse, j\u2019adresse ma compassion et ma proximit\u00e9<\/b>\u00ab , \u00e9crit-il.<\/p>\n<p><strong>Pour plus d&rsquo;informations et d&rsquo;analyses sur la <a href=\"https:\/\/www.africa-press.net\/benin\">Benin<\/a>, suivez <a href=\"https:\/\/www.africa-press.net\/\">Africa-Press<\/a><\/strong><\/p>\n","protected":false},"excerpt":{"rendered":"<p>Africa-Press &#8211; Benin. L\u2019ancien ministre de l\u2019\u00e9conomie et des finances de Boni Yayi, Komi Koutch\u00e9 pour ne pas le nommer compatit \u00e0 la situation des populations menac\u00e9es par l\u2019inondation due \u00e0 la mont\u00e9e des eaux des bassins du fleuve Ou\u00e9m\u00e9. Les populations de certaines communes au nord du B\u00e9nin sont menac\u00e9es par la mont\u00e9e des [&hellip;]<\/p>\n","protected":false},"author":82,"featured_media":8531,"comment_status":"open","ping_status":"closed","sticky":false,"template":"","format":"standard","meta":{"footnotes":""},"categories":[11,2,20,10],"tags":[36,50,45],"class_list":["post-8532","post","type-post","status-publish","format-standard","has-post-thumbnail","hentry","category-homepage-french","category-politique","category-top-nouvelles","category-toutes-les-actualites","tag-africa-press","tag-africa-press-benin","tag-benin"],"yoast_head":"<!-- This site is optimized with the Yoast SEO Premium plugin v26.1 (Yoast SEO v27.0) - https:\/\/yoast.com\/product\/yoast-seo-premium-wordpress\/ -->\n<title>B\u00e9nin: le message de soutien de Komi Koutch\u00e9 aux populations sinistr\u00e9es - B\u00e9nin<\/title>\n<meta name=\"description\" content=\"L\u2019ancien ministre de l\u2019\u00e9conomie et des finances de Boni Yayi, Komi Koutch\u00e9 pour ne pas le nommer compatit \u00e0 la situat ...\" \/>\n<meta name=\"robots\" content=\"index, follow, max-snippet:-1, max-image-preview:large, max-video-preview:-1\" \/>\n<link rel=\"canonical\" href=\"https:\/\/www.africa-press.net\/benin\/politique\/benin-le-message-de-soutien-de-komi-koutche-aux-populations-sinistrees\" \/>\n<meta property=\"og:locale\" content=\"fr_FR\" \/>\n<meta property=\"og:type\" content=\"article\" \/>\n<meta property=\"og:title\" content=\"B\u00e9nin: le message de soutien de Komi Koutch\u00e9 aux populations sinistr\u00e9es\" \/>\n<meta property=\"og:description\" content=\"L\u2019ancien ministre de l\u2019\u00e9conomie et des finances de Boni Yayi, Komi Koutch\u00e9 pour ne pas le nommer compatit \u00e0 la situat ...\" \/>\n<meta property=\"og:url\" content=\"https:\/\/www.africa-press.net\/benin\/politique\/benin-le-message-de-soutien-de-komi-koutche-aux-populations-sinistrees\" \/>\n<meta property=\"og:site_name\" content=\"B\u00e9nin\" \/>\n<meta property=\"article:published_time\" content=\"2022-09-02T16:50:20+00:00\" \/>\n<meta property=\"article:modified_time\" content=\"2022-09-02T17:06:09+00:00\" \/>\n<meta property=\"og:image\" content=\"https:\/\/static.africa-press.net\/benin\/sites\/46\/2022\/09\/postQueueImg_21-631237d91014a.jpg\" \/>\n\t<meta property=\"og:image:width\" content=\"1280\" \/>\n\t<meta property=\"og:image:height\" content=\"720\" \/>\n\t<meta property=\"og:image:type\" content=\"image\/jpeg\" \/>\n<meta name=\"author\" content=\"cfeditorfr\" \/>\n<meta name=\"twitter:card\" content=\"summary_large_image\" \/>\n<meta name=\"twitter:label1\" content=\"\u00c9crit par\" \/>\n\t<meta name=\"twitter:data1\" content=\"cfeditorfr\" \/>\n\t<meta name=\"twitter:label2\" content=\"Dur\u00e9e de lecture estim\u00e9e\" \/>\n\t<meta name=\"twitter:data2\" content=\"2 minutes\" \/>\n<script type=\"application\/ld+json\" class=\"yoast-schema-graph\">{\"@context\":\"https:\/\/schema.org\",\"@graph\":[{\"@type\":\"Article\",\"@id\":\"https:\/\/www.africa-press.net\/benin\/politique\/benin-le-message-de-soutien-de-komi-koutche-aux-populations-sinistrees#article\",\"isPartOf\":{\"@id\":\"https:\/\/www.africa-press.net\/benin\/politique\/benin-le-message-de-soutien-de-komi-koutche-aux-populations-sinistrees\"},\"author\":{\"name\":\"cfeditorfr\",\"@id\":\"https:\/\/www.africa-press.net\/benin\/#\/schema\/person\/2b1cf3cd81a31e3cd26889ca66d677f1\"},\"headline\":\"B\u00e9nin: le message de soutien de Komi Koutch\u00e9 aux populations sinistr\u00e9es\",\"datePublished\":\"2022-09-02T16:50:20+00:00\",\"dateModified\":\"2022-09-02T17:06:09+00:00\",\"mainEntityOfPage\":{\"@id\":\"https:\/\/www.africa-press.net\/benin\/politique\/benin-le-message-de-soutien-de-komi-koutche-aux-populations-sinistrees\"},\"wordCount\":273,\"commentCount\":0,\"image\":{\"@id\":\"https:\/\/www.africa-press.net\/benin\/politique\/benin-le-message-de-soutien-de-komi-koutche-aux-populations-sinistrees#primaryimage\"},\"thumbnailUrl\":\"https:\/\/static.africa-press.net\/benin\/sites\/46\/2022\/09\/postQueueImg_21-631237d91014a.jpg\",\"keywords\":[\"Africa Press\",\"Africa Press-Benin\",\"B\u00e9nin\"],\"articleSection\":[\"homepage-french\",\"Politique\",\"Top Nouvelles\",\"Toutes les actualit\u00e9s\"],\"inLanguage\":\"fr-FR\",\"potentialAction\":[{\"@type\":\"CommentAction\",\"name\":\"Comment\",\"target\":[\"https:\/\/www.africa-press.net\/benin\/politique\/benin-le-message-de-soutien-de-komi-koutche-aux-populations-sinistrees#respond\"]}]},{\"@type\":\"WebPage\",\"@id\":\"https:\/\/www.africa-press.net\/benin\/politique\/benin-le-message-de-soutien-de-komi-koutche-aux-populations-sinistrees\",\"url\":\"https:\/\/www.africa-press.net\/benin\/politique\/benin-le-message-de-soutien-de-komi-koutche-aux-populations-sinistrees\",\"name\":\"B\u00e9nin: le message de soutien de Komi Koutch\u00e9 aux populations sinistr\u00e9es - B\u00e9nin\",\"isPartOf\":{\"@id\":\"https:\/\/www.africa-press.net\/benin\/#website\"},\"primaryImageOfPage\":{\"@id\":\"https:\/\/www.africa-press.net\/benin\/politique\/benin-le-message-de-soutien-de-komi-koutche-aux-populations-sinistrees#primaryimage\"},\"image\":{\"@id\":\"https:\/\/www.africa-press.net\/benin\/politique\/benin-le-message-de-soutien-de-komi-koutche-aux-populations-sinistrees#primaryimage\"},\"thumbnailUrl\":\"https:\/\/static.africa-press.net\/benin\/sites\/46\/2022\/09\/postQueueImg_21-631237d91014a.jpg\",\"datePublished\":\"2022-09-02T16:50:20+00:00\",\"dateModified\":\"2022-09-02T17:06:09+00:00\",\"author\":{\"@id\":\"https:\/\/www.africa-press.net\/benin\/#\/schema\/person\/2b1cf3cd81a31e3cd26889ca66d677f1\"},\"description\":\"L\u2019ancien ministre de l\u2019\u00e9conomie et des finances de Boni Yayi, Komi Koutch\u00e9 pour ne pas le nommer compatit \u00e0 la situat ...\",\"breadcrumb\":{\"@id\":\"https:\/\/www.africa-press.net\/benin\/politique\/benin-le-message-de-soutien-de-komi-koutche-aux-populations-sinistrees#breadcrumb\"},\"inLanguage\":\"fr-FR\",\"potentialAction\":[{\"@type\":\"ReadAction\",\"target\":[\"https:\/\/www.africa-press.net\/benin\/politique\/benin-le-message-de-soutien-de-komi-koutche-aux-populations-sinistrees\"]}]},{\"@type\":\"ImageObject\",\"inLanguage\":\"fr-FR\",\"@id\":\"https:\/\/www.africa-press.net\/benin\/politique\/benin-le-message-de-soutien-de-komi-koutche-aux-populations-sinistrees#primaryimage\",\"url\":\"https:\/\/static.africa-press.net\/benin\/sites\/46\/2022\/09\/postQueueImg_21-631237d91014a.jpg\",\"contentUrl\":\"https:\/\/static.africa-press.net\/benin\/sites\/46\/2022\/09\/postQueueImg_21-631237d91014a.jpg\",\"width\":1280,\"height\":720,\"caption\":\"B\u00e9nin: le message de soutien de Komi Koutch\u00e9 aux populations sinistr\u00e9es\"},{\"@type\":\"BreadcrumbList\",\"@id\":\"https:\/\/www.africa-press.net\/benin\/politique\/benin-le-message-de-soutien-de-komi-koutche-aux-populations-sinistrees#breadcrumb\",\"itemListElement\":[{\"@type\":\"ListItem\",\"position\":1,\"name\":\"Accueil\",\"item\":\"https:\/\/www.africa-press.net\/benin\/\"},{\"@type\":\"ListItem\",\"position\":2,\"name\":\"B\u00e9nin: le message de soutien de Komi Koutch\u00e9 aux populations sinistr\u00e9es\"}]},{\"@type\":\"WebSite\",\"@id\":\"https:\/\/www.africa-press.net\/benin\/#website\",\"url\":\"https:\/\/www.africa-press.net\/benin\/\",\"name\":\"B\u00e9nin\",\"description\":\"Just another Africa News Agency Sites site\",\"potentialAction\":[{\"@type\":\"SearchAction\",\"target\":{\"@type\":\"EntryPoint\",\"urlTemplate\":\"https:\/\/www.africa-press.net\/benin\/?s={search_term_string}\"},\"query-input\":{\"@type\":\"PropertyValueSpecification\",\"valueRequired\":true,\"valueName\":\"search_term_string\"}}],\"inLanguage\":\"fr-FR\"},{\"@type\":\"Person\",\"@id\":\"https:\/\/www.africa-press.net\/benin\/#\/schema\/person\/2b1cf3cd81a31e3cd26889ca66d677f1\",\"name\":\"cfeditorfr\"}]}<\/script>\n<!-- \/ Yoast SEO Premium plugin. -->","yoast_head_json":{"title":"B\u00e9nin: le message de soutien de Komi Koutch\u00e9 aux populations sinistr\u00e9es - B\u00e9nin","description":"L\u2019ancien ministre de l\u2019\u00e9conomie et des finances de Boni Yayi, Komi Koutch\u00e9 pour ne pas le nommer compatit \u00e0 la situat ...","robots":{"index":"index","follow":"follow","max-snippet":"max-snippet:-1","max-image-preview":"max-image-preview:large","max-video-preview":"max-video-preview:-1"},"canonical":"https:\/\/www.africa-press.net\/benin\/politique\/benin-le-message-de-soutien-de-komi-koutche-aux-populations-sinistrees","og_locale":"fr_FR","og_type":"article","og_title":"B\u00e9nin: le message de soutien de Komi Koutch\u00e9 aux populations sinistr\u00e9es","og_description":"L\u2019ancien ministre de l\u2019\u00e9conomie et des finances de Boni Yayi, Komi Koutch\u00e9 pour ne pas le nommer compatit \u00e0 la situat ...","og_url":"https:\/\/www.africa-press.net\/benin\/politique\/benin-le-message-de-soutien-de-komi-koutche-aux-populations-sinistrees","og_site_name":"B\u00e9nin","article_published_time":"2022-09-02T16:50:20+00:00","article_modified_time":"2022-09-02T17:06:09+00:00","og_image":[{"width":1280,"height":720,"url":"https:\/\/static.africa-press.net\/benin\/sites\/46\/2022\/09\/postQueueImg_21-631237d91014a.jpg","type":"image\/jpeg"}],"author":"cfeditorfr","twitter_card":"summary_large_image","twitter_misc":{"\u00c9crit par":"cfeditorfr","Dur\u00e9e de lecture estim\u00e9e":"2 minutes"},"schema":{"@context":"https:\/\/schema.org","@graph":[{"@type":"Article","@id":"https:\/\/www.africa-press.net\/benin\/politique\/benin-le-message-de-soutien-de-komi-koutche-aux-populations-sinistrees#article","isPartOf":{"@id":"https:\/\/www.africa-press.net\/benin\/politique\/benin-le-message-de-soutien-de-komi-koutche-aux-populations-sinistrees"},"author":{"name":"cfeditorfr","@id":"https:\/\/www.africa-press.net\/benin\/#\/schema\/person\/2b1cf3cd81a31e3cd26889ca66d677f1"},"headline":"B\u00e9nin: le message de soutien de Komi Koutch\u00e9 aux populations sinistr\u00e9es","datePublished":"2022-09-02T16:50:20+00:00","dateModified":"2022-09-02T17:06:09+00:00","mainEntityOfPage":{"@id":"https:\/\/www.africa-press.net\/benin\/politique\/benin-le-message-de-soutien-de-komi-koutche-aux-populations-sinistrees"},"wordCount":273,"commentCount":0,"image":{"@id":"https:\/\/www.africa-press.net\/benin\/politique\/benin-le-message-de-soutien-de-komi-koutche-aux-populations-sinistrees#primaryimage"},"thumbnailUrl":"https:\/\/static.africa-press.net\/benin\/sites\/46\/2022\/09\/postQueueImg_21-631237d91014a.jpg","keywords":["Africa Press","Africa Press-Benin","B\u00e9nin"],"articleSection":["homepage-french","Politique","Top Nouvelles","Toutes les actualit\u00e9s"],"inLanguage":"fr-FR","potentialAction":[{"@type":"CommentAction","name":"Comment","target":["https:\/\/www.africa-press.net\/benin\/politique\/benin-le-message-de-soutien-de-komi-koutche-aux-populations-sinistrees#respond"]}]},{"@type":"WebPage","@id":"https:\/\/www.africa-press.net\/benin\/politique\/benin-le-message-de-soutien-de-komi-koutche-aux-populations-sinistrees","url":"https:\/\/www.africa-press.net\/benin\/politique\/benin-le-message-de-soutien-de-komi-koutche-aux-populations-sinistrees","name":"B\u00e9nin: le message de soutien de Komi Koutch\u00e9 aux populations sinistr\u00e9es - B\u00e9nin","isPartOf":{"@id":"https:\/\/www.africa-press.net\/benin\/#website"},"primaryImageOfPage":{"@id":"https:\/\/www.africa-press.net\/benin\/politique\/benin-le-message-de-soutien-de-komi-koutche-aux-populations-sinistrees#primaryimage"},"image":{"@id":"https:\/\/www.africa-press.net\/benin\/politique\/benin-le-message-de-soutien-de-komi-koutche-aux-populations-sinistrees#primaryimage"},"thumbnailUrl":"https:\/\/static.africa-press.net\/benin\/sites\/46\/2022\/09\/postQueueImg_21-631237d91014a.jpg","datePublished":"2022-09-02T16:50:20+00:00","dateModified":"2022-09-02T17:06:09+00:00","author":{"@id":"https:\/\/www.africa-press.net\/benin\/#\/schema\/person\/2b1cf3cd81a31e3cd26889ca66d677f1"},"description":"L\u2019ancien ministre de l\u2019\u00e9conomie et des finances de Boni Yayi, Komi Koutch\u00e9 pour ne pas le nommer compatit \u00e0 la situat ...","breadcrumb":{"@id":"https:\/\/www.africa-press.net\/benin\/politique\/benin-le-message-de-soutien-de-komi-koutche-aux-populations-sinistrees#breadcrumb"},"inLanguage":"fr-FR","potentialAction":[{"@type":"ReadAction","target":["https:\/\/www.africa-press.net\/benin\/politique\/benin-le-message-de-soutien-de-komi-koutche-aux-populations-sinistrees"]}]},{"@type":"ImageObject","inLanguage":"fr-FR","@id":"https:\/\/www.africa-press.net\/benin\/politique\/benin-le-message-de-soutien-de-komi-koutche-aux-populations-sinistrees#primaryimage","url":"https:\/\/static.africa-press.net\/benin\/sites\/46\/2022\/09\/postQueueImg_21-631237d91014a.jpg","contentUrl":"https:\/\/static.africa-press.net\/benin\/sites\/46\/2022\/09\/postQueueImg_21-631237d91014a.jpg","width":1280,"height":720,"caption":"B\u00e9nin: le message de soutien de Komi Koutch\u00e9 aux populations sinistr\u00e9es"},{"@type":"BreadcrumbList","@id":"https:\/\/www.africa-press.net\/benin\/politique\/benin-le-message-de-soutien-de-komi-koutche-aux-populations-sinistrees#breadcrumb","itemListElement":[{"@type":"ListItem","position":1,"name":"Accueil","item":"https:\/\/www.africa-press.net\/benin\/"},{"@type":"ListItem","position":2,"name":"B\u00e9nin: le message de soutien de Komi Koutch\u00e9 aux populations sinistr\u00e9es"}]},{"@type":"WebSite","@id":"https:\/\/www.africa-press.net\/benin\/#website","url":"https:\/\/www.africa-press.net\/benin\/","name":"B\u00e9nin","description":"Just another Africa News Agency Sites site","potentialAction":[{"@type":"SearchAction","target":{"@type":"EntryPoint","urlTemplate":"https:\/\/www.africa-press.net\/benin\/?s={search_term_string}"},"query-input":{"@type":"PropertyValueSpecification","valueRequired":true,"valueName":"search_term_string"}}],"inLanguage":"fr-FR"},{"@type":"Person","@id":"https:\/\/www.africa-press.net\/benin\/#\/schema\/person\/2b1cf3cd81a31e3cd26889ca66d677f1","name":"cfeditorfr"}]}},"_links":{"self":[{"href":"https:\/\/www.africa-press.net\/benin\/wp-json\/wp\/v2\/posts\/8532","targetHints":{"allow":["GET"]}}],"collection":[{"href":"https:\/\/www.africa-press.net\/benin\/wp-json\/wp\/v2\/posts"}],"about":[{"href":"https:\/\/www.africa-press.net\/benin\/wp-json\/wp\/v2\/types\/post"}],"author":[{"embeddable":true,"href":"https:\/\/www.africa-press.net\/benin\/wp-json\/wp\/v2\/users\/82"}],"replies":[{"embeddable":true,"href":"https:\/\/www.africa-press.net\/benin\/wp-json\/wp\/v2\/comments?post=8532"}],"version-history":[{"count":0,"href":"https:\/\/www.africa-press.net\/benin\/wp-json\/wp\/v2\/posts\/8532\/revisions"}],"wp:featuredmedia":[{"embeddable":true,"href":"https:\/\/www.africa-press.net\/benin\/wp-json\/wp\/v2\/media\/8531"}],"wp:attachment":[{"href":"https:\/\/www.africa-press.net\/benin\/wp-json\/wp\/v2\/media?parent=8532"}],"wp:term":[{"taxonomy":"category","embeddable":true,"href":"https:\/\/www.africa-press.net\/benin\/wp-json\/wp\/v2\/categories?post=8532"},{"taxonomy":"post_tag","embeddable":true,"href":"https:\/\/www.africa-press.net\/benin\/wp-json\/wp\/v2\/tags?post=8532"}],"curies":[{"name":"wp","href":"https:\/\/api.w.org\/{rel}","templated":true}]}}