{"id":8535,"date":"2022-09-02T16:50:28","date_gmt":"2022-09-02T16:50:28","guid":{"rendered":"https:\/\/www.africa-press.net\/benin\/politique\/benin-le-memp-explique-les-raisons-de-la-poursuite-du-programme-des-ame"},"modified":"2022-09-02T17:07:07","modified_gmt":"2022-09-02T17:07:07","slug":"benin-le-memp-explique-les-raisons-de-la-poursuite-du-programme-des-ame","status":"publish","type":"post","link":"https:\/\/www.africa-press.net\/benin\/toutes-les-actualites\/benin-le-memp-explique-les-raisons-de-la-poursuite-du-programme-des-ame","title":{"rendered":"B\u00e9nin: le MEMP explique les raisons de la poursuite du programme des AME"},"content":{"rendered":"<p><span style=\"color: #ff6600\"><strong>Africa-Press &#8211; Benin. <\/strong><\/span><b>Le 19 Septembre 2022, l\u2019\u00e9cole b\u00e9ninoise va rouvrir ses classes apr\u00e8s plusieurs mois de vacances. Cette rentr\u00e9e des classes ne se fera par sans les aspirants au m\u00e9tier d\u2019enseignant (AME). La poursuite du programme a \u00e9t\u00e9 valid\u00e9e lors d\u2019un atelier.<\/b><\/p>\n<p>Le minist\u00e8re de l\u2019enseignement maternel et primaire (MEMP) a organis\u00e9 un atelier d\u2019\u00e9valuation du programme des aspirants au m\u00e9tier d\u2019enseignant. L\u2019atelier de r\u00e9flexion organis\u00e9 par ce sous secteur de l\u2019\u00e9ducation le 30 Ao\u00fbt dernier a valid\u00e9 la poursuite du programme des AME.<\/p>\n<p>Selon le ministre de l\u2019enseignement maternel et primaire, Karimou Salimane, le programme va se poursuivre parce que le gouvernement ne dispose pas pour le moment une autre alternative face au probl\u00e8me de d\u00e9ficit d\u2019enseignants. Cette \u00e9valuation \u00e0 mis parcours du programme a donc permis d\u2019identifier les facteurs positifs du programme et ses insuffisances. Le programme se poursuivra donc en attendant que le gouvernement ne trouve une r\u00e9ponse satisfaisante \u00e0 la situation de d\u00e9ficit et de la qualit\u00e9 de l\u2019enseignement dispens\u00e9 dans les \u00e9coles b\u00e9ninoises.<\/p>\n<p><b>Une opportunit\u00e9 pour 4000 nouveaux aspirants<\/b><\/p>\n<p>La poursuite du programme des aspirants au m\u00e9tier d\u2019enseignant pour la rentr\u00e9e 2022-2023 est une opportunit\u00e9 offerte \u00e0 pr\u00e8s de 4000 aspirants en attente de recrutement. En effet, selon l\u2019\u00e9valuation de ce programme lanc\u00e9 en 2019, il y a un besoin de 4000 enseignants pour combler le gap actuel.<\/p>\n<p>Il s\u2019agit plus pr\u00e9cis\u00e9ment d\u2019un besoin de 2266 titulaires de dipl\u00f4mes professionnels et de 2139 autres titulaires du baccalaur\u00e9at. Ces derniers b\u00e9n\u00e9ficieront au m\u00eame titre que les enseignants promus directeurs d\u2019\u00e9cole, avant leur prise de service, du renforcement de capacit\u00e9s qui leur permettra d\u2019\u00eatre \u00e0 la hauteur de l\u2019attente qui est plac\u00e9e en eux au titre de la rentr\u00e9e scolaire 2022-2023.<\/p>\n<p>En ce moment:<\/p>\n<p><strong>Pour plus d&rsquo;informations et d&rsquo;analyses sur la <a href=\"https:\/\/www.africa-press.net\/benin\">Benin<\/a>, suivez <a href=\"https:\/\/www.africa-press.net\/\">Africa-Press<\/a><\/strong><\/p>\n","protected":false},"excerpt":{"rendered":"<p>Africa-Press &#8211; Benin. Le 19 Septembre 2022, l\u2019\u00e9cole b\u00e9ninoise va rouvrir ses classes apr\u00e8s plusieurs mois de vacances. Cette rentr\u00e9e des classes ne se fera par sans les aspirants au m\u00e9tier d\u2019enseignant (AME). La poursuite du programme a \u00e9t\u00e9 valid\u00e9e lors d\u2019un atelier. Le minist\u00e8re de l\u2019enseignement maternel et primaire (MEMP) a organis\u00e9 un atelier [&hellip;]<\/p>\n","protected":false},"author":82,"featured_media":8534,"comment_status":"open","ping_status":"closed","sticky":false,"template":"","format":"standard","meta":{"footnotes":""},"categories":[21,11,10],"tags":[36,50,45],"class_list":["post-8535","post","type-post","status-publish","format-standard","has-post-thumbnail","hentry","category-communaute","category-homepage-french","category-toutes-les-actualites","tag-africa-press","tag-africa-press-benin","tag-benin"],"yoast_head":"<!-- This site is optimized with the Yoast SEO Premium plugin v26.1 (Yoast SEO v27.0) - https:\/\/yoast.com\/product\/yoast-seo-premium-wordpress\/ -->\n<title>B\u00e9nin: le MEMP explique les raisons de la poursuite du programme des AME - B\u00e9nin<\/title>\n<meta name=\"description\" content=\"Le 19 Septembre 2022, l\u2019\u00e9cole b\u00e9ninoise va rouvrir ses classes apr\u00e8s plusieurs mois de vacances. Cette rentr\u00e9e des cl ...\" \/>\n<meta name=\"robots\" content=\"index, follow, max-snippet:-1, max-image-preview:large, max-video-preview:-1\" \/>\n<link rel=\"canonical\" href=\"https:\/\/www.africa-press.net\/benin\/toutes-les-actualites\/benin-le-memp-explique-les-raisons-de-la-poursuite-du-programme-des-ame\" \/>\n<meta property=\"og:locale\" content=\"fr_FR\" \/>\n<meta property=\"og:type\" content=\"article\" \/>\n<meta property=\"og:title\" content=\"B\u00e9nin: le MEMP explique les raisons de la poursuite du programme des AME\" \/>\n<meta property=\"og:description\" content=\"Le 19 Septembre 2022, l\u2019\u00e9cole b\u00e9ninoise va rouvrir ses classes apr\u00e8s plusieurs mois de vacances. Cette rentr\u00e9e des cl ...\" \/>\n<meta property=\"og:url\" content=\"https:\/\/www.africa-press.net\/benin\/toutes-les-actualites\/benin-le-memp-explique-les-raisons-de-la-poursuite-du-programme-des-ame\" \/>\n<meta property=\"og:site_name\" content=\"B\u00e9nin\" \/>\n<meta property=\"article:published_time\" content=\"2022-09-02T16:50:28+00:00\" \/>\n<meta property=\"article:modified_time\" content=\"2022-09-02T17:07:07+00:00\" \/>\n<meta property=\"og:image\" content=\"https:\/\/static.africa-press.net\/benin\/sites\/46\/2022\/09\/postQueueImg_22-631238065fcb0.jpg\" \/>\n\t<meta property=\"og:image:width\" content=\"1374\" \/>\n\t<meta property=\"og:image:height\" content=\"957\" \/>\n\t<meta property=\"og:image:type\" content=\"image\/jpeg\" \/>\n<meta name=\"author\" content=\"cfeditorfr\" \/>\n<meta name=\"twitter:card\" content=\"summary_large_image\" \/>\n<meta name=\"twitter:label1\" content=\"\u00c9crit par\" \/>\n\t<meta name=\"twitter:data1\" content=\"cfeditorfr\" \/>\n\t<meta name=\"twitter:label2\" content=\"Dur\u00e9e de lecture estim\u00e9e\" \/>\n\t<meta name=\"twitter:data2\" content=\"2 minutes\" \/>\n<script type=\"application\/ld+json\" class=\"yoast-schema-graph\">{\"@context\":\"https:\/\/schema.org\",\"@graph\":[{\"@type\":\"Article\",\"@id\":\"https:\/\/www.africa-press.net\/benin\/toutes-les-actualites\/benin-le-memp-explique-les-raisons-de-la-poursuite-du-programme-des-ame#article\",\"isPartOf\":{\"@id\":\"https:\/\/www.africa-press.net\/benin\/toutes-les-actualites\/benin-le-memp-explique-les-raisons-de-la-poursuite-du-programme-des-ame\"},\"author\":{\"name\":\"cfeditorfr\",\"@id\":\"https:\/\/www.africa-press.net\/benin\/#\/schema\/person\/2b1cf3cd81a31e3cd26889ca66d677f1\"},\"headline\":\"B\u00e9nin: le MEMP explique les raisons de la poursuite du programme des AME\",\"datePublished\":\"2022-09-02T16:50:28+00:00\",\"dateModified\":\"2022-09-02T17:07:07+00:00\",\"mainEntityOfPage\":{\"@id\":\"https:\/\/www.africa-press.net\/benin\/toutes-les-actualites\/benin-le-memp-explique-les-raisons-de-la-poursuite-du-programme-des-ame\"},\"wordCount\":347,\"commentCount\":0,\"image\":{\"@id\":\"https:\/\/www.africa-press.net\/benin\/toutes-les-actualites\/benin-le-memp-explique-les-raisons-de-la-poursuite-du-programme-des-ame#primaryimage\"},\"thumbnailUrl\":\"https:\/\/static.africa-press.net\/benin\/sites\/46\/2022\/09\/postQueueImg_22-631238065fcb0.jpg\",\"keywords\":[\"Africa Press\",\"Africa Press-Benin\",\"B\u00e9nin\"],\"articleSection\":[\"Communaut\u00e9\",\"homepage-french\",\"Toutes les actualit\u00e9s\"],\"inLanguage\":\"fr-FR\",\"potentialAction\":[{\"@type\":\"CommentAction\",\"name\":\"Comment\",\"target\":[\"https:\/\/www.africa-press.net\/benin\/toutes-les-actualites\/benin-le-memp-explique-les-raisons-de-la-poursuite-du-programme-des-ame#respond\"]}]},{\"@type\":\"WebPage\",\"@id\":\"https:\/\/www.africa-press.net\/benin\/toutes-les-actualites\/benin-le-memp-explique-les-raisons-de-la-poursuite-du-programme-des-ame\",\"url\":\"https:\/\/www.africa-press.net\/benin\/toutes-les-actualites\/benin-le-memp-explique-les-raisons-de-la-poursuite-du-programme-des-ame\",\"name\":\"B\u00e9nin: le MEMP explique les raisons de la poursuite du programme des AME - B\u00e9nin\",\"isPartOf\":{\"@id\":\"https:\/\/www.africa-press.net\/benin\/#website\"},\"primaryImageOfPage\":{\"@id\":\"https:\/\/www.africa-press.net\/benin\/toutes-les-actualites\/benin-le-memp-explique-les-raisons-de-la-poursuite-du-programme-des-ame#primaryimage\"},\"image\":{\"@id\":\"https:\/\/www.africa-press.net\/benin\/toutes-les-actualites\/benin-le-memp-explique-les-raisons-de-la-poursuite-du-programme-des-ame#primaryimage\"},\"thumbnailUrl\":\"https:\/\/static.africa-press.net\/benin\/sites\/46\/2022\/09\/postQueueImg_22-631238065fcb0.jpg\",\"datePublished\":\"2022-09-02T16:50:28+00:00\",\"dateModified\":\"2022-09-02T17:07:07+00:00\",\"author\":{\"@id\":\"https:\/\/www.africa-press.net\/benin\/#\/schema\/person\/2b1cf3cd81a31e3cd26889ca66d677f1\"},\"description\":\"Le 19 Septembre 2022, l\u2019\u00e9cole b\u00e9ninoise va rouvrir ses classes apr\u00e8s plusieurs mois de vacances. Cette rentr\u00e9e des cl ...\",\"breadcrumb\":{\"@id\":\"https:\/\/www.africa-press.net\/benin\/toutes-les-actualites\/benin-le-memp-explique-les-raisons-de-la-poursuite-du-programme-des-ame#breadcrumb\"},\"inLanguage\":\"fr-FR\",\"potentialAction\":[{\"@type\":\"ReadAction\",\"target\":[\"https:\/\/www.africa-press.net\/benin\/toutes-les-actualites\/benin-le-memp-explique-les-raisons-de-la-poursuite-du-programme-des-ame\"]}]},{\"@type\":\"ImageObject\",\"inLanguage\":\"fr-FR\",\"@id\":\"https:\/\/www.africa-press.net\/benin\/toutes-les-actualites\/benin-le-memp-explique-les-raisons-de-la-poursuite-du-programme-des-ame#primaryimage\",\"url\":\"https:\/\/static.africa-press.net\/benin\/sites\/46\/2022\/09\/postQueueImg_22-631238065fcb0.jpg\",\"contentUrl\":\"https:\/\/static.africa-press.net\/benin\/sites\/46\/2022\/09\/postQueueImg_22-631238065fcb0.jpg\",\"width\":1374,\"height\":957,\"caption\":\"B\u00e9nin: le MEMP explique les raisons de la poursuite du programme des AME\"},{\"@type\":\"BreadcrumbList\",\"@id\":\"https:\/\/www.africa-press.net\/benin\/toutes-les-actualites\/benin-le-memp-explique-les-raisons-de-la-poursuite-du-programme-des-ame#breadcrumb\",\"itemListElement\":[{\"@type\":\"ListItem\",\"position\":1,\"name\":\"Accueil\",\"item\":\"https:\/\/www.africa-press.net\/benin\/\"},{\"@type\":\"ListItem\",\"position\":2,\"name\":\"B\u00e9nin: le MEMP explique les raisons de la poursuite du programme des AME\"}]},{\"@type\":\"WebSite\",\"@id\":\"https:\/\/www.africa-press.net\/benin\/#website\",\"url\":\"https:\/\/www.africa-press.net\/benin\/\",\"name\":\"B\u00e9nin\",\"description\":\"Just another Africa News Agency Sites site\",\"potentialAction\":[{\"@type\":\"SearchAction\",\"target\":{\"@type\":\"EntryPoint\",\"urlTemplate\":\"https:\/\/www.africa-press.net\/benin\/?s={search_term_string}\"},\"query-input\":{\"@type\":\"PropertyValueSpecification\",\"valueRequired\":true,\"valueName\":\"search_term_string\"}}],\"inLanguage\":\"fr-FR\"},{\"@type\":\"Person\",\"@id\":\"https:\/\/www.africa-press.net\/benin\/#\/schema\/person\/2b1cf3cd81a31e3cd26889ca66d677f1\",\"name\":\"cfeditorfr\"}]}<\/script>\n<!-- \/ Yoast SEO Premium plugin. -->","yoast_head_json":{"title":"B\u00e9nin: le MEMP explique les raisons de la poursuite du programme des AME - B\u00e9nin","description":"Le 19 Septembre 2022, l\u2019\u00e9cole b\u00e9ninoise va rouvrir ses classes apr\u00e8s plusieurs mois de vacances. Cette rentr\u00e9e des cl ...","robots":{"index":"index","follow":"follow","max-snippet":"max-snippet:-1","max-image-preview":"max-image-preview:large","max-video-preview":"max-video-preview:-1"},"canonical":"https:\/\/www.africa-press.net\/benin\/toutes-les-actualites\/benin-le-memp-explique-les-raisons-de-la-poursuite-du-programme-des-ame","og_locale":"fr_FR","og_type":"article","og_title":"B\u00e9nin: le MEMP explique les raisons de la poursuite du programme des AME","og_description":"Le 19 Septembre 2022, l\u2019\u00e9cole b\u00e9ninoise va rouvrir ses classes apr\u00e8s plusieurs mois de vacances. Cette rentr\u00e9e des cl ...","og_url":"https:\/\/www.africa-press.net\/benin\/toutes-les-actualites\/benin-le-memp-explique-les-raisons-de-la-poursuite-du-programme-des-ame","og_site_name":"B\u00e9nin","article_published_time":"2022-09-02T16:50:28+00:00","article_modified_time":"2022-09-02T17:07:07+00:00","og_image":[{"width":1374,"height":957,"url":"https:\/\/static.africa-press.net\/benin\/sites\/46\/2022\/09\/postQueueImg_22-631238065fcb0.jpg","type":"image\/jpeg"}],"author":"cfeditorfr","twitter_card":"summary_large_image","twitter_misc":{"\u00c9crit par":"cfeditorfr","Dur\u00e9e de lecture estim\u00e9e":"2 minutes"},"schema":{"@context":"https:\/\/schema.org","@graph":[{"@type":"Article","@id":"https:\/\/www.africa-press.net\/benin\/toutes-les-actualites\/benin-le-memp-explique-les-raisons-de-la-poursuite-du-programme-des-ame#article","isPartOf":{"@id":"https:\/\/www.africa-press.net\/benin\/toutes-les-actualites\/benin-le-memp-explique-les-raisons-de-la-poursuite-du-programme-des-ame"},"author":{"name":"cfeditorfr","@id":"https:\/\/www.africa-press.net\/benin\/#\/schema\/person\/2b1cf3cd81a31e3cd26889ca66d677f1"},"headline":"B\u00e9nin: le MEMP explique les raisons de la poursuite du programme des AME","datePublished":"2022-09-02T16:50:28+00:00","dateModified":"2022-09-02T17:07:07+00:00","mainEntityOfPage":{"@id":"https:\/\/www.africa-press.net\/benin\/toutes-les-actualites\/benin-le-memp-explique-les-raisons-de-la-poursuite-du-programme-des-ame"},"wordCount":347,"commentCount":0,"image":{"@id":"https:\/\/www.africa-press.net\/benin\/toutes-les-actualites\/benin-le-memp-explique-les-raisons-de-la-poursuite-du-programme-des-ame#primaryimage"},"thumbnailUrl":"https:\/\/static.africa-press.net\/benin\/sites\/46\/2022\/09\/postQueueImg_22-631238065fcb0.jpg","keywords":["Africa Press","Africa Press-Benin","B\u00e9nin"],"articleSection":["Communaut\u00e9","homepage-french","Toutes les actualit\u00e9s"],"inLanguage":"fr-FR","potentialAction":[{"@type":"CommentAction","name":"Comment","target":["https:\/\/www.africa-press.net\/benin\/toutes-les-actualites\/benin-le-memp-explique-les-raisons-de-la-poursuite-du-programme-des-ame#respond"]}]},{"@type":"WebPage","@id":"https:\/\/www.africa-press.net\/benin\/toutes-les-actualites\/benin-le-memp-explique-les-raisons-de-la-poursuite-du-programme-des-ame","url":"https:\/\/www.africa-press.net\/benin\/toutes-les-actualites\/benin-le-memp-explique-les-raisons-de-la-poursuite-du-programme-des-ame","name":"B\u00e9nin: le MEMP explique les raisons de la poursuite du programme des AME - B\u00e9nin","isPartOf":{"@id":"https:\/\/www.africa-press.net\/benin\/#website"},"primaryImageOfPage":{"@id":"https:\/\/www.africa-press.net\/benin\/toutes-les-actualites\/benin-le-memp-explique-les-raisons-de-la-poursuite-du-programme-des-ame#primaryimage"},"image":{"@id":"https:\/\/www.africa-press.net\/benin\/toutes-les-actualites\/benin-le-memp-explique-les-raisons-de-la-poursuite-du-programme-des-ame#primaryimage"},"thumbnailUrl":"https:\/\/static.africa-press.net\/benin\/sites\/46\/2022\/09\/postQueueImg_22-631238065fcb0.jpg","datePublished":"2022-09-02T16:50:28+00:00","dateModified":"2022-09-02T17:07:07+00:00","author":{"@id":"https:\/\/www.africa-press.net\/benin\/#\/schema\/person\/2b1cf3cd81a31e3cd26889ca66d677f1"},"description":"Le 19 Septembre 2022, l\u2019\u00e9cole b\u00e9ninoise va rouvrir ses classes apr\u00e8s plusieurs mois de vacances. Cette rentr\u00e9e des cl ...","breadcrumb":{"@id":"https:\/\/www.africa-press.net\/benin\/toutes-les-actualites\/benin-le-memp-explique-les-raisons-de-la-poursuite-du-programme-des-ame#breadcrumb"},"inLanguage":"fr-FR","potentialAction":[{"@type":"ReadAction","target":["https:\/\/www.africa-press.net\/benin\/toutes-les-actualites\/benin-le-memp-explique-les-raisons-de-la-poursuite-du-programme-des-ame"]}]},{"@type":"ImageObject","inLanguage":"fr-FR","@id":"https:\/\/www.africa-press.net\/benin\/toutes-les-actualites\/benin-le-memp-explique-les-raisons-de-la-poursuite-du-programme-des-ame#primaryimage","url":"https:\/\/static.africa-press.net\/benin\/sites\/46\/2022\/09\/postQueueImg_22-631238065fcb0.jpg","contentUrl":"https:\/\/static.africa-press.net\/benin\/sites\/46\/2022\/09\/postQueueImg_22-631238065fcb0.jpg","width":1374,"height":957,"caption":"B\u00e9nin: le MEMP explique les raisons de la poursuite du programme des AME"},{"@type":"BreadcrumbList","@id":"https:\/\/www.africa-press.net\/benin\/toutes-les-actualites\/benin-le-memp-explique-les-raisons-de-la-poursuite-du-programme-des-ame#breadcrumb","itemListElement":[{"@type":"ListItem","position":1,"name":"Accueil","item":"https:\/\/www.africa-press.net\/benin\/"},{"@type":"ListItem","position":2,"name":"B\u00e9nin: le MEMP explique les raisons de la poursuite du programme des AME"}]},{"@type":"WebSite","@id":"https:\/\/www.africa-press.net\/benin\/#website","url":"https:\/\/www.africa-press.net\/benin\/","name":"B\u00e9nin","description":"Just another Africa News Agency Sites site","potentialAction":[{"@type":"SearchAction","target":{"@type":"EntryPoint","urlTemplate":"https:\/\/www.africa-press.net\/benin\/?s={search_term_string}"},"query-input":{"@type":"PropertyValueSpecification","valueRequired":true,"valueName":"search_term_string"}}],"inLanguage":"fr-FR"},{"@type":"Person","@id":"https:\/\/www.africa-press.net\/benin\/#\/schema\/person\/2b1cf3cd81a31e3cd26889ca66d677f1","name":"cfeditorfr"}]}},"_links":{"self":[{"href":"https:\/\/www.africa-press.net\/benin\/wp-json\/wp\/v2\/posts\/8535","targetHints":{"allow":["GET"]}}],"collection":[{"href":"https:\/\/www.africa-press.net\/benin\/wp-json\/wp\/v2\/posts"}],"about":[{"href":"https:\/\/www.africa-press.net\/benin\/wp-json\/wp\/v2\/types\/post"}],"author":[{"embeddable":true,"href":"https:\/\/www.africa-press.net\/benin\/wp-json\/wp\/v2\/users\/82"}],"replies":[{"embeddable":true,"href":"https:\/\/www.africa-press.net\/benin\/wp-json\/wp\/v2\/comments?post=8535"}],"version-history":[{"count":0,"href":"https:\/\/www.africa-press.net\/benin\/wp-json\/wp\/v2\/posts\/8535\/revisions"}],"wp:featuredmedia":[{"embeddable":true,"href":"https:\/\/www.africa-press.net\/benin\/wp-json\/wp\/v2\/media\/8534"}],"wp:attachment":[{"href":"https:\/\/www.africa-press.net\/benin\/wp-json\/wp\/v2\/media?parent=8535"}],"wp:term":[{"taxonomy":"category","embeddable":true,"href":"https:\/\/www.africa-press.net\/benin\/wp-json\/wp\/v2\/categories?post=8535"},{"taxonomy":"post_tag","embeddable":true,"href":"https:\/\/www.africa-press.net\/benin\/wp-json\/wp\/v2\/tags?post=8535"}],"curies":[{"name":"wp","href":"https:\/\/api.w.org\/{rel}","templated":true}]}}