{"id":8544,"date":"2022-09-03T19:59:54","date_gmt":"2022-09-03T19:59:54","guid":{"rendered":"https:\/\/www.africa-press.net\/benin\/politique\/viol-de-2-jumelles-a-calavi-depose-en-prison-le-presume-auteur-risque-la-perpetuite"},"modified":"2022-09-03T20:11:00","modified_gmt":"2022-09-03T20:11:00","slug":"viol-de-2-jumelles-a-calavi-depose-en-prison-le-presume-auteur-risque-la-perpetuite","status":"publish","type":"post","link":"https:\/\/www.africa-press.net\/benin\/toutes-les-actualites\/viol-de-2-jumelles-a-calavi-depose-en-prison-le-presume-auteur-risque-la-perpetuite","title":{"rendered":"Viol de 2 jumelles \u00e0 Calavi: d\u00e9pos\u00e9 en prison, le pr\u00e9sum\u00e9 auteur risque la perp\u00e9tuit\u00e9"},"content":{"rendered":"<p><span style=\"color: #ff6600\"><strong>Africa-Press &#8211; Benin. <\/strong><\/span>Accus\u00e9 de viol sur deux (02) jumelles dans la commune d\u2019Abomey-Calavi, un jeune homme de 20 ans a \u00e9t\u00e9 d\u00e9pos\u00e9 en prison, apr\u00e8s sa pr\u00e9sentation au Procureur sp\u00e9cial de la Cour de r\u00e9pression des infractions \u00e9conomiques et du terrorisme (Criet).<\/p>\n<p>En d\u00e9tention provisoire pour viol sur mineure, le jeune de 20 ans arr\u00eat\u00e9 \u00e0 Abomey-Calavi sera jug\u00e9 le 26 octobre prochain. Compte tenu de l\u2019\u00e2ge des victimes, le dossier a \u00e9t\u00e9 confi\u00e9 \u00e0 la Criet. Cet aspect de l\u2019\u00e2ge complique \u00e9galement le cas du jeune homme qui risque la prison \u00e0 perp\u00e9tuit\u00e9.<\/p>\n<p>Toujours dans la commune d\u2019Abomey-Calavi, un autre jeune de 20 ans a \u00e9t\u00e9 interpell\u00e9 pour viol sur sa cousine de 15 ans. Le pr\u00e9sum\u00e9 auteur est gard\u00e9 \u00e0 vue.<\/p>\n<p>Conform\u00e9ment au code p\u00e9nal, lorsque la victime a moins de 13 ans, la r\u00e9clusion criminelle est \u00e0 perp\u00e9tuit\u00e9. <b>\u00ab Lorsque le viol, a \u00e9t\u00e9 commis dans des circonstances un peu sp\u00e9ciales, par quelqu\u2019un qui exerce une certaine autorit\u00e9 sur la victime, le code a pr\u00e9vu que la peine varie de 15 \u00e0 20 ans \u00bb<\/b>, a pr\u00e9cis\u00e9 Me Clarisse Hounzali au micro de Frissons radio.<\/p>\n<p><strong>Pour plus d&rsquo;informations et d&rsquo;analyses sur la <a href=\"https:\/\/www.africa-press.net\/benin\">Benin<\/a>, suivez <a href=\"https:\/\/www.africa-press.net\/\">Africa-Press<\/a><\/strong><\/p>\n","protected":false},"excerpt":{"rendered":"<p>Africa-Press &#8211; Benin. Accus\u00e9 de viol sur deux (02) jumelles dans la commune d\u2019Abomey-Calavi, un jeune homme de 20 ans a \u00e9t\u00e9 d\u00e9pos\u00e9 en prison, apr\u00e8s sa pr\u00e9sentation au Procureur sp\u00e9cial de la Cour de r\u00e9pression des infractions \u00e9conomiques et du terrorisme (Criet). En d\u00e9tention provisoire pour viol sur mineure, le jeune de 20 ans [&hellip;]<\/p>\n","protected":false},"author":82,"featured_media":8543,"comment_status":"open","ping_status":"closed","sticky":false,"template":"","format":"standard","meta":{"footnotes":""},"categories":[21,11,10],"tags":[36,50,45],"class_list":["post-8544","post","type-post","status-publish","format-standard","has-post-thumbnail","hentry","category-communaute","category-homepage-french","category-toutes-les-actualites","tag-africa-press","tag-africa-press-benin","tag-benin"],"yoast_head":"<!-- This site is optimized with the Yoast SEO Premium plugin v26.1 (Yoast SEO v27.0) - https:\/\/yoast.com\/product\/yoast-seo-premium-wordpress\/ -->\n<title>Viol de 2 jumelles \u00e0 Calavi: d\u00e9pos\u00e9 en prison, le pr\u00e9sum\u00e9 auteur risque la perp\u00e9tuit\u00e9 - B\u00e9nin<\/title>\n<meta name=\"description\" content=\"Accus\u00e9 de viol sur deux (02) jumelles dans la commune d\u2019Abomey-Calavi, un jeune homme de 20 ans a \u00e9t\u00e9 d\u00e9pos\u00e9 en prison, ...\" \/>\n<meta name=\"robots\" content=\"index, follow, max-snippet:-1, max-image-preview:large, max-video-preview:-1\" \/>\n<link rel=\"canonical\" href=\"https:\/\/www.africa-press.net\/benin\/toutes-les-actualites\/viol-de-2-jumelles-a-calavi-depose-en-prison-le-presume-auteur-risque-la-perpetuite\" \/>\n<meta property=\"og:locale\" content=\"fr_FR\" \/>\n<meta property=\"og:type\" content=\"article\" \/>\n<meta property=\"og:title\" content=\"Viol de 2 jumelles \u00e0 Calavi: d\u00e9pos\u00e9 en prison, le pr\u00e9sum\u00e9 auteur risque la perp\u00e9tuit\u00e9\" \/>\n<meta property=\"og:description\" content=\"Accus\u00e9 de viol sur deux (02) jumelles dans la commune d\u2019Abomey-Calavi, un jeune homme de 20 ans a \u00e9t\u00e9 d\u00e9pos\u00e9 en prison, ...\" \/>\n<meta property=\"og:url\" content=\"https:\/\/www.africa-press.net\/benin\/toutes-les-actualites\/viol-de-2-jumelles-a-calavi-depose-en-prison-le-presume-auteur-risque-la-perpetuite\" \/>\n<meta property=\"og:site_name\" content=\"B\u00e9nin\" \/>\n<meta property=\"article:published_time\" content=\"2022-09-03T19:59:54+00:00\" \/>\n<meta property=\"article:modified_time\" content=\"2022-09-03T20:11:00+00:00\" \/>\n<meta property=\"og:image\" content=\"https:\/\/static.africa-press.net\/benin\/sites\/46\/2022\/09\/postQueueImg_10.jpg\" \/>\n\t<meta property=\"og:image:width\" content=\"1200\" \/>\n\t<meta property=\"og:image:height\" content=\"675\" \/>\n\t<meta property=\"og:image:type\" content=\"image\/jpeg\" \/>\n<meta name=\"author\" content=\"cfeditorfr\" \/>\n<meta name=\"twitter:card\" content=\"summary_large_image\" \/>\n<meta name=\"twitter:label1\" content=\"\u00c9crit par\" \/>\n\t<meta name=\"twitter:data1\" content=\"cfeditorfr\" \/>\n\t<meta name=\"twitter:label2\" content=\"Dur\u00e9e de lecture estim\u00e9e\" \/>\n\t<meta name=\"twitter:data2\" content=\"2 minutes\" \/>\n<script type=\"application\/ld+json\" class=\"yoast-schema-graph\">{\"@context\":\"https:\/\/schema.org\",\"@graph\":[{\"@type\":\"Article\",\"@id\":\"https:\/\/www.africa-press.net\/benin\/toutes-les-actualites\/viol-de-2-jumelles-a-calavi-depose-en-prison-le-presume-auteur-risque-la-perpetuite#article\",\"isPartOf\":{\"@id\":\"https:\/\/www.africa-press.net\/benin\/toutes-les-actualites\/viol-de-2-jumelles-a-calavi-depose-en-prison-le-presume-auteur-risque-la-perpetuite\"},\"author\":{\"name\":\"cfeditorfr\",\"@id\":\"https:\/\/www.africa-press.net\/benin\/#\/schema\/person\/2b1cf3cd81a31e3cd26889ca66d677f1\"},\"headline\":\"Viol de 2 jumelles \u00e0 Calavi: d\u00e9pos\u00e9 en prison, le pr\u00e9sum\u00e9 auteur risque la perp\u00e9tuit\u00e9\",\"datePublished\":\"2022-09-03T19:59:54+00:00\",\"dateModified\":\"2022-09-03T20:11:00+00:00\",\"mainEntityOfPage\":{\"@id\":\"https:\/\/www.africa-press.net\/benin\/toutes-les-actualites\/viol-de-2-jumelles-a-calavi-depose-en-prison-le-presume-auteur-risque-la-perpetuite\"},\"wordCount\":221,\"commentCount\":0,\"image\":{\"@id\":\"https:\/\/www.africa-press.net\/benin\/toutes-les-actualites\/viol-de-2-jumelles-a-calavi-depose-en-prison-le-presume-auteur-risque-la-perpetuite#primaryimage\"},\"thumbnailUrl\":\"https:\/\/static.africa-press.net\/benin\/sites\/46\/2022\/09\/postQueueImg_10.jpg\",\"keywords\":[\"Africa Press\",\"Africa Press-Benin\",\"B\u00e9nin\"],\"articleSection\":[\"Communaut\u00e9\",\"homepage-french\",\"Toutes les actualit\u00e9s\"],\"inLanguage\":\"fr-FR\",\"potentialAction\":[{\"@type\":\"CommentAction\",\"name\":\"Comment\",\"target\":[\"https:\/\/www.africa-press.net\/benin\/toutes-les-actualites\/viol-de-2-jumelles-a-calavi-depose-en-prison-le-presume-auteur-risque-la-perpetuite#respond\"]}]},{\"@type\":\"WebPage\",\"@id\":\"https:\/\/www.africa-press.net\/benin\/toutes-les-actualites\/viol-de-2-jumelles-a-calavi-depose-en-prison-le-presume-auteur-risque-la-perpetuite\",\"url\":\"https:\/\/www.africa-press.net\/benin\/toutes-les-actualites\/viol-de-2-jumelles-a-calavi-depose-en-prison-le-presume-auteur-risque-la-perpetuite\",\"name\":\"Viol de 2 jumelles \u00e0 Calavi: d\u00e9pos\u00e9 en prison, le pr\u00e9sum\u00e9 auteur risque la perp\u00e9tuit\u00e9 - B\u00e9nin\",\"isPartOf\":{\"@id\":\"https:\/\/www.africa-press.net\/benin\/#website\"},\"primaryImageOfPage\":{\"@id\":\"https:\/\/www.africa-press.net\/benin\/toutes-les-actualites\/viol-de-2-jumelles-a-calavi-depose-en-prison-le-presume-auteur-risque-la-perpetuite#primaryimage\"},\"image\":{\"@id\":\"https:\/\/www.africa-press.net\/benin\/toutes-les-actualites\/viol-de-2-jumelles-a-calavi-depose-en-prison-le-presume-auteur-risque-la-perpetuite#primaryimage\"},\"thumbnailUrl\":\"https:\/\/static.africa-press.net\/benin\/sites\/46\/2022\/09\/postQueueImg_10.jpg\",\"datePublished\":\"2022-09-03T19:59:54+00:00\",\"dateModified\":\"2022-09-03T20:11:00+00:00\",\"author\":{\"@id\":\"https:\/\/www.africa-press.net\/benin\/#\/schema\/person\/2b1cf3cd81a31e3cd26889ca66d677f1\"},\"description\":\"Accus\u00e9 de viol sur deux (02) jumelles dans la commune d\u2019Abomey-Calavi, un jeune homme de 20 ans a \u00e9t\u00e9 d\u00e9pos\u00e9 en prison, ...\",\"breadcrumb\":{\"@id\":\"https:\/\/www.africa-press.net\/benin\/toutes-les-actualites\/viol-de-2-jumelles-a-calavi-depose-en-prison-le-presume-auteur-risque-la-perpetuite#breadcrumb\"},\"inLanguage\":\"fr-FR\",\"potentialAction\":[{\"@type\":\"ReadAction\",\"target\":[\"https:\/\/www.africa-press.net\/benin\/toutes-les-actualites\/viol-de-2-jumelles-a-calavi-depose-en-prison-le-presume-auteur-risque-la-perpetuite\"]}]},{\"@type\":\"ImageObject\",\"inLanguage\":\"fr-FR\",\"@id\":\"https:\/\/www.africa-press.net\/benin\/toutes-les-actualites\/viol-de-2-jumelles-a-calavi-depose-en-prison-le-presume-auteur-risque-la-perpetuite#primaryimage\",\"url\":\"https:\/\/static.africa-press.net\/benin\/sites\/46\/2022\/09\/postQueueImg_10.jpg\",\"contentUrl\":\"https:\/\/static.africa-press.net\/benin\/sites\/46\/2022\/09\/postQueueImg_10.jpg\",\"width\":1200,\"height\":675,\"caption\":\"Viol de 2 jumelles \u00e0 Calavi: d\u00e9pos\u00e9 en prison, le pr\u00e9sum\u00e9 auteur risque la perp\u00e9tuit\u00e9\"},{\"@type\":\"BreadcrumbList\",\"@id\":\"https:\/\/www.africa-press.net\/benin\/toutes-les-actualites\/viol-de-2-jumelles-a-calavi-depose-en-prison-le-presume-auteur-risque-la-perpetuite#breadcrumb\",\"itemListElement\":[{\"@type\":\"ListItem\",\"position\":1,\"name\":\"Accueil\",\"item\":\"https:\/\/www.africa-press.net\/benin\/\"},{\"@type\":\"ListItem\",\"position\":2,\"name\":\"Viol de 2 jumelles \u00e0 Calavi: d\u00e9pos\u00e9 en prison, le pr\u00e9sum\u00e9 auteur risque la perp\u00e9tuit\u00e9\"}]},{\"@type\":\"WebSite\",\"@id\":\"https:\/\/www.africa-press.net\/benin\/#website\",\"url\":\"https:\/\/www.africa-press.net\/benin\/\",\"name\":\"B\u00e9nin\",\"description\":\"Just another Africa News Agency Sites site\",\"potentialAction\":[{\"@type\":\"SearchAction\",\"target\":{\"@type\":\"EntryPoint\",\"urlTemplate\":\"https:\/\/www.africa-press.net\/benin\/?s={search_term_string}\"},\"query-input\":{\"@type\":\"PropertyValueSpecification\",\"valueRequired\":true,\"valueName\":\"search_term_string\"}}],\"inLanguage\":\"fr-FR\"},{\"@type\":\"Person\",\"@id\":\"https:\/\/www.africa-press.net\/benin\/#\/schema\/person\/2b1cf3cd81a31e3cd26889ca66d677f1\",\"name\":\"cfeditorfr\"}]}<\/script>\n<!-- \/ Yoast SEO Premium plugin. -->","yoast_head_json":{"title":"Viol de 2 jumelles \u00e0 Calavi: d\u00e9pos\u00e9 en prison, le pr\u00e9sum\u00e9 auteur risque la perp\u00e9tuit\u00e9 - B\u00e9nin","description":"Accus\u00e9 de viol sur deux (02) jumelles dans la commune d\u2019Abomey-Calavi, un jeune homme de 20 ans a \u00e9t\u00e9 d\u00e9pos\u00e9 en prison, ...","robots":{"index":"index","follow":"follow","max-snippet":"max-snippet:-1","max-image-preview":"max-image-preview:large","max-video-preview":"max-video-preview:-1"},"canonical":"https:\/\/www.africa-press.net\/benin\/toutes-les-actualites\/viol-de-2-jumelles-a-calavi-depose-en-prison-le-presume-auteur-risque-la-perpetuite","og_locale":"fr_FR","og_type":"article","og_title":"Viol de 2 jumelles \u00e0 Calavi: d\u00e9pos\u00e9 en prison, le pr\u00e9sum\u00e9 auteur risque la perp\u00e9tuit\u00e9","og_description":"Accus\u00e9 de viol sur deux (02) jumelles dans la commune d\u2019Abomey-Calavi, un jeune homme de 20 ans a \u00e9t\u00e9 d\u00e9pos\u00e9 en prison, ...","og_url":"https:\/\/www.africa-press.net\/benin\/toutes-les-actualites\/viol-de-2-jumelles-a-calavi-depose-en-prison-le-presume-auteur-risque-la-perpetuite","og_site_name":"B\u00e9nin","article_published_time":"2022-09-03T19:59:54+00:00","article_modified_time":"2022-09-03T20:11:00+00:00","og_image":[{"width":1200,"height":675,"url":"https:\/\/static.africa-press.net\/benin\/sites\/46\/2022\/09\/postQueueImg_10.jpg","type":"image\/jpeg"}],"author":"cfeditorfr","twitter_card":"summary_large_image","twitter_misc":{"\u00c9crit par":"cfeditorfr","Dur\u00e9e de lecture estim\u00e9e":"2 minutes"},"schema":{"@context":"https:\/\/schema.org","@graph":[{"@type":"Article","@id":"https:\/\/www.africa-press.net\/benin\/toutes-les-actualites\/viol-de-2-jumelles-a-calavi-depose-en-prison-le-presume-auteur-risque-la-perpetuite#article","isPartOf":{"@id":"https:\/\/www.africa-press.net\/benin\/toutes-les-actualites\/viol-de-2-jumelles-a-calavi-depose-en-prison-le-presume-auteur-risque-la-perpetuite"},"author":{"name":"cfeditorfr","@id":"https:\/\/www.africa-press.net\/benin\/#\/schema\/person\/2b1cf3cd81a31e3cd26889ca66d677f1"},"headline":"Viol de 2 jumelles \u00e0 Calavi: d\u00e9pos\u00e9 en prison, le pr\u00e9sum\u00e9 auteur risque la perp\u00e9tuit\u00e9","datePublished":"2022-09-03T19:59:54+00:00","dateModified":"2022-09-03T20:11:00+00:00","mainEntityOfPage":{"@id":"https:\/\/www.africa-press.net\/benin\/toutes-les-actualites\/viol-de-2-jumelles-a-calavi-depose-en-prison-le-presume-auteur-risque-la-perpetuite"},"wordCount":221,"commentCount":0,"image":{"@id":"https:\/\/www.africa-press.net\/benin\/toutes-les-actualites\/viol-de-2-jumelles-a-calavi-depose-en-prison-le-presume-auteur-risque-la-perpetuite#primaryimage"},"thumbnailUrl":"https:\/\/static.africa-press.net\/benin\/sites\/46\/2022\/09\/postQueueImg_10.jpg","keywords":["Africa Press","Africa Press-Benin","B\u00e9nin"],"articleSection":["Communaut\u00e9","homepage-french","Toutes les actualit\u00e9s"],"inLanguage":"fr-FR","potentialAction":[{"@type":"CommentAction","name":"Comment","target":["https:\/\/www.africa-press.net\/benin\/toutes-les-actualites\/viol-de-2-jumelles-a-calavi-depose-en-prison-le-presume-auteur-risque-la-perpetuite#respond"]}]},{"@type":"WebPage","@id":"https:\/\/www.africa-press.net\/benin\/toutes-les-actualites\/viol-de-2-jumelles-a-calavi-depose-en-prison-le-presume-auteur-risque-la-perpetuite","url":"https:\/\/www.africa-press.net\/benin\/toutes-les-actualites\/viol-de-2-jumelles-a-calavi-depose-en-prison-le-presume-auteur-risque-la-perpetuite","name":"Viol de 2 jumelles \u00e0 Calavi: d\u00e9pos\u00e9 en prison, le pr\u00e9sum\u00e9 auteur risque la perp\u00e9tuit\u00e9 - B\u00e9nin","isPartOf":{"@id":"https:\/\/www.africa-press.net\/benin\/#website"},"primaryImageOfPage":{"@id":"https:\/\/www.africa-press.net\/benin\/toutes-les-actualites\/viol-de-2-jumelles-a-calavi-depose-en-prison-le-presume-auteur-risque-la-perpetuite#primaryimage"},"image":{"@id":"https:\/\/www.africa-press.net\/benin\/toutes-les-actualites\/viol-de-2-jumelles-a-calavi-depose-en-prison-le-presume-auteur-risque-la-perpetuite#primaryimage"},"thumbnailUrl":"https:\/\/static.africa-press.net\/benin\/sites\/46\/2022\/09\/postQueueImg_10.jpg","datePublished":"2022-09-03T19:59:54+00:00","dateModified":"2022-09-03T20:11:00+00:00","author":{"@id":"https:\/\/www.africa-press.net\/benin\/#\/schema\/person\/2b1cf3cd81a31e3cd26889ca66d677f1"},"description":"Accus\u00e9 de viol sur deux (02) jumelles dans la commune d\u2019Abomey-Calavi, un jeune homme de 20 ans a \u00e9t\u00e9 d\u00e9pos\u00e9 en prison, ...","breadcrumb":{"@id":"https:\/\/www.africa-press.net\/benin\/toutes-les-actualites\/viol-de-2-jumelles-a-calavi-depose-en-prison-le-presume-auteur-risque-la-perpetuite#breadcrumb"},"inLanguage":"fr-FR","potentialAction":[{"@type":"ReadAction","target":["https:\/\/www.africa-press.net\/benin\/toutes-les-actualites\/viol-de-2-jumelles-a-calavi-depose-en-prison-le-presume-auteur-risque-la-perpetuite"]}]},{"@type":"ImageObject","inLanguage":"fr-FR","@id":"https:\/\/www.africa-press.net\/benin\/toutes-les-actualites\/viol-de-2-jumelles-a-calavi-depose-en-prison-le-presume-auteur-risque-la-perpetuite#primaryimage","url":"https:\/\/static.africa-press.net\/benin\/sites\/46\/2022\/09\/postQueueImg_10.jpg","contentUrl":"https:\/\/static.africa-press.net\/benin\/sites\/46\/2022\/09\/postQueueImg_10.jpg","width":1200,"height":675,"caption":"Viol de 2 jumelles \u00e0 Calavi: d\u00e9pos\u00e9 en prison, le pr\u00e9sum\u00e9 auteur risque la perp\u00e9tuit\u00e9"},{"@type":"BreadcrumbList","@id":"https:\/\/www.africa-press.net\/benin\/toutes-les-actualites\/viol-de-2-jumelles-a-calavi-depose-en-prison-le-presume-auteur-risque-la-perpetuite#breadcrumb","itemListElement":[{"@type":"ListItem","position":1,"name":"Accueil","item":"https:\/\/www.africa-press.net\/benin\/"},{"@type":"ListItem","position":2,"name":"Viol de 2 jumelles \u00e0 Calavi: d\u00e9pos\u00e9 en prison, le pr\u00e9sum\u00e9 auteur risque la perp\u00e9tuit\u00e9"}]},{"@type":"WebSite","@id":"https:\/\/www.africa-press.net\/benin\/#website","url":"https:\/\/www.africa-press.net\/benin\/","name":"B\u00e9nin","description":"Just another Africa News Agency Sites site","potentialAction":[{"@type":"SearchAction","target":{"@type":"EntryPoint","urlTemplate":"https:\/\/www.africa-press.net\/benin\/?s={search_term_string}"},"query-input":{"@type":"PropertyValueSpecification","valueRequired":true,"valueName":"search_term_string"}}],"inLanguage":"fr-FR"},{"@type":"Person","@id":"https:\/\/www.africa-press.net\/benin\/#\/schema\/person\/2b1cf3cd81a31e3cd26889ca66d677f1","name":"cfeditorfr"}]}},"_links":{"self":[{"href":"https:\/\/www.africa-press.net\/benin\/wp-json\/wp\/v2\/posts\/8544","targetHints":{"allow":["GET"]}}],"collection":[{"href":"https:\/\/www.africa-press.net\/benin\/wp-json\/wp\/v2\/posts"}],"about":[{"href":"https:\/\/www.africa-press.net\/benin\/wp-json\/wp\/v2\/types\/post"}],"author":[{"embeddable":true,"href":"https:\/\/www.africa-press.net\/benin\/wp-json\/wp\/v2\/users\/82"}],"replies":[{"embeddable":true,"href":"https:\/\/www.africa-press.net\/benin\/wp-json\/wp\/v2\/comments?post=8544"}],"version-history":[{"count":0,"href":"https:\/\/www.africa-press.net\/benin\/wp-json\/wp\/v2\/posts\/8544\/revisions"}],"wp:featuredmedia":[{"embeddable":true,"href":"https:\/\/www.africa-press.net\/benin\/wp-json\/wp\/v2\/media\/8543"}],"wp:attachment":[{"href":"https:\/\/www.africa-press.net\/benin\/wp-json\/wp\/v2\/media?parent=8544"}],"wp:term":[{"taxonomy":"category","embeddable":true,"href":"https:\/\/www.africa-press.net\/benin\/wp-json\/wp\/v2\/categories?post=8544"},{"taxonomy":"post_tag","embeddable":true,"href":"https:\/\/www.africa-press.net\/benin\/wp-json\/wp\/v2\/tags?post=8544"}],"curies":[{"name":"wp","href":"https:\/\/api.w.org\/{rel}","templated":true}]}}