{"id":8547,"date":"2022-09-03T20:00:04","date_gmt":"2022-09-03T20:00:04","guid":{"rendered":"https:\/\/www.africa-press.net\/benin\/politique\/benin-10-jours-apres-sa-creation-lup-le-renouveau-obtient-son-recepisse-definitif"},"modified":"2022-09-03T20:11:29","modified_gmt":"2022-09-03T20:11:29","slug":"benin-10-jours-apres-sa-creation-lup-le-renouveau-obtient-son-recepisse-definitif","status":"publish","type":"post","link":"https:\/\/www.africa-press.net\/benin\/politique\/benin-10-jours-apres-sa-creation-lup-le-renouveau-obtient-son-recepisse-definitif","title":{"rendered":"B\u00e9nin: 10 jours apr\u00e8s sa cr\u00e9ation, \u00ab\u00a0l\u2019UP-le Renouveau\u00a0\u00bb obtient son r\u00e9c\u00e9piss\u00e9 d\u00e9finitif"},"content":{"rendered":"<p><span style=\"color: #ff6600\"><strong>Africa-Press &#8211; Benin. <\/strong><\/span>L\u2019Union Progressiste le Renouveau \u00bb est d\u00e9sormais enregistr\u00e9 dans le registre du Minist\u00e8re de l\u2019Int\u00e9rieur et de la S\u00e9curit\u00e9 Publique (MISP). Le parti a obtenu son r\u00e9c\u00e9piss\u00e9 d\u2019enregistrement d\u00e9finitif, a appris BENIN WEB TV ce vendredi 2 septembre 2022.<\/p>\n<p>Seulement 10 jours apr\u00e8s sa cr\u00e9ation, l\u2019Union Progressiste le Renouveau a d\u00e9j\u00e0 obtenu son r\u00e9c\u00e9piss\u00e9 d\u2019enregistrement d\u00e9finitif. Cr\u00e9\u00e9 le dimanche 21 ao\u00fbt dernier gr\u00e2ce \u00e0 la fusion du Parti du Renouveau D\u00e9mocratique (PRD) et l\u2019Union Progressiste (UP), l\u2019UP le Renouveau existe d\u00e9sormais l\u00e9galement et peut convenablement mener ses activit\u00e9s en vue des \u00e9lections l\u00e9gislatives du 8 janvier 2023.<\/p>\n<p>Depuis le vote et la promulgation de la nouvelle charte des partis politiques, l\u2019UP le Renouveau est l\u2019un des rares partis, sinon le seul, a obtenu en un temps record le pr\u00e9cieux s\u00e9same. Faut-il le rappeler, le Ministre de l\u2019Int\u00e9rieur et de S\u00e9curit\u00e9 Publique, Alassane S\u00e9\u00efdou, charg\u00e9 de d\u00e9livrer le r\u00e9c\u00e9piss\u00e9, est un membre actif du parti UP le Renouveau.<\/p>\n<p><strong>Pour plus d&rsquo;informations et d&rsquo;analyses sur la <a href=\"https:\/\/www.africa-press.net\/benin\">Benin<\/a>, suivez <a href=\"https:\/\/www.africa-press.net\/\">Africa-Press<\/a><\/strong><\/p>\n","protected":false},"excerpt":{"rendered":"<p>Africa-Press &#8211; Benin. L\u2019Union Progressiste le Renouveau \u00bb est d\u00e9sormais enregistr\u00e9 dans le registre du Minist\u00e8re de l\u2019Int\u00e9rieur et de la S\u00e9curit\u00e9 Publique (MISP). Le parti a obtenu son r\u00e9c\u00e9piss\u00e9 d\u2019enregistrement d\u00e9finitif, a appris BENIN WEB TV ce vendredi 2 septembre 2022. Seulement 10 jours apr\u00e8s sa cr\u00e9ation, l\u2019Union Progressiste le Renouveau a d\u00e9j\u00e0 obtenu [&hellip;]<\/p>\n","protected":false},"author":82,"featured_media":8546,"comment_status":"open","ping_status":"closed","sticky":false,"template":"","format":"standard","meta":{"footnotes":""},"categories":[11,2,10],"tags":[36,50,45],"class_list":["post-8547","post","type-post","status-publish","format-standard","has-post-thumbnail","hentry","category-homepage-french","category-politique","category-toutes-les-actualites","tag-africa-press","tag-africa-press-benin","tag-benin"],"yoast_head":"<!-- This site is optimized with the Yoast SEO Premium plugin v26.1 (Yoast SEO v27.0) - https:\/\/yoast.com\/product\/yoast-seo-premium-wordpress\/ -->\n<title>B\u00e9nin: 10 jours apr\u00e8s sa cr\u00e9ation, \u00ab\u00a0l\u2019UP-le Renouveau\u00a0\u00bb obtient son r\u00e9c\u00e9piss\u00e9 d\u00e9finitif - B\u00e9nin<\/title>\n<meta name=\"description\" content=\"L\u2019Union Progressiste le Renouveau \u00bb est d\u00e9sormais enregistr\u00e9 dans le registre du Minist\u00e8re de l\u2019Int\u00e9rieur et de la S\u00e9cur ...\" \/>\n<meta name=\"robots\" content=\"index, follow, max-snippet:-1, max-image-preview:large, max-video-preview:-1\" \/>\n<link rel=\"canonical\" href=\"https:\/\/www.africa-press.net\/benin\/politique\/benin-10-jours-apres-sa-creation-lup-le-renouveau-obtient-son-recepisse-definitif\" \/>\n<meta property=\"og:locale\" content=\"fr_FR\" \/>\n<meta property=\"og:type\" content=\"article\" \/>\n<meta property=\"og:title\" content=\"B\u00e9nin: 10 jours apr\u00e8s sa cr\u00e9ation, \u00ab\u00a0l\u2019UP-le Renouveau\u00a0\u00bb obtient son r\u00e9c\u00e9piss\u00e9 d\u00e9finitif\" \/>\n<meta property=\"og:description\" content=\"L\u2019Union Progressiste le Renouveau \u00bb est d\u00e9sormais enregistr\u00e9 dans le registre du Minist\u00e8re de l\u2019Int\u00e9rieur et de la S\u00e9cur ...\" \/>\n<meta property=\"og:url\" content=\"https:\/\/www.africa-press.net\/benin\/politique\/benin-10-jours-apres-sa-creation-lup-le-renouveau-obtient-son-recepisse-definitif\" \/>\n<meta property=\"og:site_name\" content=\"B\u00e9nin\" \/>\n<meta property=\"article:published_time\" content=\"2022-09-03T20:00:04+00:00\" \/>\n<meta property=\"article:modified_time\" content=\"2022-09-03T20:11:29+00:00\" \/>\n<meta property=\"og:image\" content=\"https:\/\/static.africa-press.net\/benin\/sites\/46\/2022\/09\/postQueueImg_11.jpg\" \/>\n\t<meta property=\"og:image:width\" content=\"1200\" \/>\n\t<meta property=\"og:image:height\" content=\"795\" \/>\n\t<meta property=\"og:image:type\" content=\"image\/jpeg\" \/>\n<meta name=\"author\" content=\"cfeditorfr\" \/>\n<meta name=\"twitter:card\" content=\"summary_large_image\" \/>\n<meta name=\"twitter:label1\" content=\"\u00c9crit par\" \/>\n\t<meta name=\"twitter:data1\" content=\"cfeditorfr\" \/>\n\t<meta name=\"twitter:label2\" content=\"Dur\u00e9e de lecture estim\u00e9e\" \/>\n\t<meta name=\"twitter:data2\" content=\"1 minute\" \/>\n<script type=\"application\/ld+json\" class=\"yoast-schema-graph\">{\"@context\":\"https:\/\/schema.org\",\"@graph\":[{\"@type\":\"Article\",\"@id\":\"https:\/\/www.africa-press.net\/benin\/politique\/benin-10-jours-apres-sa-creation-lup-le-renouveau-obtient-son-recepisse-definitif#article\",\"isPartOf\":{\"@id\":\"https:\/\/www.africa-press.net\/benin\/politique\/benin-10-jours-apres-sa-creation-lup-le-renouveau-obtient-son-recepisse-definitif\"},\"author\":{\"name\":\"cfeditorfr\",\"@id\":\"https:\/\/www.africa-press.net\/benin\/#\/schema\/person\/2b1cf3cd81a31e3cd26889ca66d677f1\"},\"headline\":\"B\u00e9nin: 10 jours apr\u00e8s sa cr\u00e9ation, \u00ab\u00a0l\u2019UP-le Renouveau\u00a0\u00bb obtient son r\u00e9c\u00e9piss\u00e9 d\u00e9finitif\",\"datePublished\":\"2022-09-03T20:00:04+00:00\",\"dateModified\":\"2022-09-03T20:11:29+00:00\",\"mainEntityOfPage\":{\"@id\":\"https:\/\/www.africa-press.net\/benin\/politique\/benin-10-jours-apres-sa-creation-lup-le-renouveau-obtient-son-recepisse-definitif\"},\"wordCount\":220,\"commentCount\":0,\"image\":{\"@id\":\"https:\/\/www.africa-press.net\/benin\/politique\/benin-10-jours-apres-sa-creation-lup-le-renouveau-obtient-son-recepisse-definitif#primaryimage\"},\"thumbnailUrl\":\"https:\/\/static.africa-press.net\/benin\/sites\/46\/2022\/09\/postQueueImg_11.jpg\",\"keywords\":[\"Africa Press\",\"Africa Press-Benin\",\"B\u00e9nin\"],\"articleSection\":[\"homepage-french\",\"Politique\",\"Toutes les actualit\u00e9s\"],\"inLanguage\":\"fr-FR\",\"potentialAction\":[{\"@type\":\"CommentAction\",\"name\":\"Comment\",\"target\":[\"https:\/\/www.africa-press.net\/benin\/politique\/benin-10-jours-apres-sa-creation-lup-le-renouveau-obtient-son-recepisse-definitif#respond\"]}]},{\"@type\":\"WebPage\",\"@id\":\"https:\/\/www.africa-press.net\/benin\/politique\/benin-10-jours-apres-sa-creation-lup-le-renouveau-obtient-son-recepisse-definitif\",\"url\":\"https:\/\/www.africa-press.net\/benin\/politique\/benin-10-jours-apres-sa-creation-lup-le-renouveau-obtient-son-recepisse-definitif\",\"name\":\"B\u00e9nin: 10 jours apr\u00e8s sa cr\u00e9ation, \u00ab\u00a0l\u2019UP-le Renouveau\u00a0\u00bb obtient son r\u00e9c\u00e9piss\u00e9 d\u00e9finitif - B\u00e9nin\",\"isPartOf\":{\"@id\":\"https:\/\/www.africa-press.net\/benin\/#website\"},\"primaryImageOfPage\":{\"@id\":\"https:\/\/www.africa-press.net\/benin\/politique\/benin-10-jours-apres-sa-creation-lup-le-renouveau-obtient-son-recepisse-definitif#primaryimage\"},\"image\":{\"@id\":\"https:\/\/www.africa-press.net\/benin\/politique\/benin-10-jours-apres-sa-creation-lup-le-renouveau-obtient-son-recepisse-definitif#primaryimage\"},\"thumbnailUrl\":\"https:\/\/static.africa-press.net\/benin\/sites\/46\/2022\/09\/postQueueImg_11.jpg\",\"datePublished\":\"2022-09-03T20:00:04+00:00\",\"dateModified\":\"2022-09-03T20:11:29+00:00\",\"author\":{\"@id\":\"https:\/\/www.africa-press.net\/benin\/#\/schema\/person\/2b1cf3cd81a31e3cd26889ca66d677f1\"},\"description\":\"L\u2019Union Progressiste le Renouveau \u00bb est d\u00e9sormais enregistr\u00e9 dans le registre du Minist\u00e8re de l\u2019Int\u00e9rieur et de la S\u00e9cur ...\",\"breadcrumb\":{\"@id\":\"https:\/\/www.africa-press.net\/benin\/politique\/benin-10-jours-apres-sa-creation-lup-le-renouveau-obtient-son-recepisse-definitif#breadcrumb\"},\"inLanguage\":\"fr-FR\",\"potentialAction\":[{\"@type\":\"ReadAction\",\"target\":[\"https:\/\/www.africa-press.net\/benin\/politique\/benin-10-jours-apres-sa-creation-lup-le-renouveau-obtient-son-recepisse-definitif\"]}]},{\"@type\":\"ImageObject\",\"inLanguage\":\"fr-FR\",\"@id\":\"https:\/\/www.africa-press.net\/benin\/politique\/benin-10-jours-apres-sa-creation-lup-le-renouveau-obtient-son-recepisse-definitif#primaryimage\",\"url\":\"https:\/\/static.africa-press.net\/benin\/sites\/46\/2022\/09\/postQueueImg_11.jpg\",\"contentUrl\":\"https:\/\/static.africa-press.net\/benin\/sites\/46\/2022\/09\/postQueueImg_11.jpg\",\"width\":1200,\"height\":795,\"caption\":\"B\u00e9nin: 10 jours apr\u00e8s sa cr\u00e9ation, \u00ab\u00a0l\u2019UP-le Renouveau\u00a0\u00bb obtient son r\u00e9c\u00e9piss\u00e9 d\u00e9finitif\"},{\"@type\":\"BreadcrumbList\",\"@id\":\"https:\/\/www.africa-press.net\/benin\/politique\/benin-10-jours-apres-sa-creation-lup-le-renouveau-obtient-son-recepisse-definitif#breadcrumb\",\"itemListElement\":[{\"@type\":\"ListItem\",\"position\":1,\"name\":\"Accueil\",\"item\":\"https:\/\/www.africa-press.net\/benin\/\"},{\"@type\":\"ListItem\",\"position\":2,\"name\":\"B\u00e9nin: 10 jours apr\u00e8s sa cr\u00e9ation, \u00ab\u00a0l\u2019UP-le Renouveau\u00a0\u00bb obtient son r\u00e9c\u00e9piss\u00e9 d\u00e9finitif\"}]},{\"@type\":\"WebSite\",\"@id\":\"https:\/\/www.africa-press.net\/benin\/#website\",\"url\":\"https:\/\/www.africa-press.net\/benin\/\",\"name\":\"B\u00e9nin\",\"description\":\"Just another Africa News Agency Sites site\",\"potentialAction\":[{\"@type\":\"SearchAction\",\"target\":{\"@type\":\"EntryPoint\",\"urlTemplate\":\"https:\/\/www.africa-press.net\/benin\/?s={search_term_string}\"},\"query-input\":{\"@type\":\"PropertyValueSpecification\",\"valueRequired\":true,\"valueName\":\"search_term_string\"}}],\"inLanguage\":\"fr-FR\"},{\"@type\":\"Person\",\"@id\":\"https:\/\/www.africa-press.net\/benin\/#\/schema\/person\/2b1cf3cd81a31e3cd26889ca66d677f1\",\"name\":\"cfeditorfr\"}]}<\/script>\n<!-- \/ Yoast SEO Premium plugin. -->","yoast_head_json":{"title":"B\u00e9nin: 10 jours apr\u00e8s sa cr\u00e9ation, \u00ab\u00a0l\u2019UP-le Renouveau\u00a0\u00bb obtient son r\u00e9c\u00e9piss\u00e9 d\u00e9finitif - B\u00e9nin","description":"L\u2019Union Progressiste le Renouveau \u00bb est d\u00e9sormais enregistr\u00e9 dans le registre du Minist\u00e8re de l\u2019Int\u00e9rieur et de la S\u00e9cur ...","robots":{"index":"index","follow":"follow","max-snippet":"max-snippet:-1","max-image-preview":"max-image-preview:large","max-video-preview":"max-video-preview:-1"},"canonical":"https:\/\/www.africa-press.net\/benin\/politique\/benin-10-jours-apres-sa-creation-lup-le-renouveau-obtient-son-recepisse-definitif","og_locale":"fr_FR","og_type":"article","og_title":"B\u00e9nin: 10 jours apr\u00e8s sa cr\u00e9ation, \u00ab\u00a0l\u2019UP-le Renouveau\u00a0\u00bb obtient son r\u00e9c\u00e9piss\u00e9 d\u00e9finitif","og_description":"L\u2019Union Progressiste le Renouveau \u00bb est d\u00e9sormais enregistr\u00e9 dans le registre du Minist\u00e8re de l\u2019Int\u00e9rieur et de la S\u00e9cur ...","og_url":"https:\/\/www.africa-press.net\/benin\/politique\/benin-10-jours-apres-sa-creation-lup-le-renouveau-obtient-son-recepisse-definitif","og_site_name":"B\u00e9nin","article_published_time":"2022-09-03T20:00:04+00:00","article_modified_time":"2022-09-03T20:11:29+00:00","og_image":[{"width":1200,"height":795,"url":"https:\/\/static.africa-press.net\/benin\/sites\/46\/2022\/09\/postQueueImg_11.jpg","type":"image\/jpeg"}],"author":"cfeditorfr","twitter_card":"summary_large_image","twitter_misc":{"\u00c9crit par":"cfeditorfr","Dur\u00e9e de lecture estim\u00e9e":"1 minute"},"schema":{"@context":"https:\/\/schema.org","@graph":[{"@type":"Article","@id":"https:\/\/www.africa-press.net\/benin\/politique\/benin-10-jours-apres-sa-creation-lup-le-renouveau-obtient-son-recepisse-definitif#article","isPartOf":{"@id":"https:\/\/www.africa-press.net\/benin\/politique\/benin-10-jours-apres-sa-creation-lup-le-renouveau-obtient-son-recepisse-definitif"},"author":{"name":"cfeditorfr","@id":"https:\/\/www.africa-press.net\/benin\/#\/schema\/person\/2b1cf3cd81a31e3cd26889ca66d677f1"},"headline":"B\u00e9nin: 10 jours apr\u00e8s sa cr\u00e9ation, \u00ab\u00a0l\u2019UP-le Renouveau\u00a0\u00bb obtient son r\u00e9c\u00e9piss\u00e9 d\u00e9finitif","datePublished":"2022-09-03T20:00:04+00:00","dateModified":"2022-09-03T20:11:29+00:00","mainEntityOfPage":{"@id":"https:\/\/www.africa-press.net\/benin\/politique\/benin-10-jours-apres-sa-creation-lup-le-renouveau-obtient-son-recepisse-definitif"},"wordCount":220,"commentCount":0,"image":{"@id":"https:\/\/www.africa-press.net\/benin\/politique\/benin-10-jours-apres-sa-creation-lup-le-renouveau-obtient-son-recepisse-definitif#primaryimage"},"thumbnailUrl":"https:\/\/static.africa-press.net\/benin\/sites\/46\/2022\/09\/postQueueImg_11.jpg","keywords":["Africa Press","Africa Press-Benin","B\u00e9nin"],"articleSection":["homepage-french","Politique","Toutes les actualit\u00e9s"],"inLanguage":"fr-FR","potentialAction":[{"@type":"CommentAction","name":"Comment","target":["https:\/\/www.africa-press.net\/benin\/politique\/benin-10-jours-apres-sa-creation-lup-le-renouveau-obtient-son-recepisse-definitif#respond"]}]},{"@type":"WebPage","@id":"https:\/\/www.africa-press.net\/benin\/politique\/benin-10-jours-apres-sa-creation-lup-le-renouveau-obtient-son-recepisse-definitif","url":"https:\/\/www.africa-press.net\/benin\/politique\/benin-10-jours-apres-sa-creation-lup-le-renouveau-obtient-son-recepisse-definitif","name":"B\u00e9nin: 10 jours apr\u00e8s sa cr\u00e9ation, \u00ab\u00a0l\u2019UP-le Renouveau\u00a0\u00bb obtient son r\u00e9c\u00e9piss\u00e9 d\u00e9finitif - B\u00e9nin","isPartOf":{"@id":"https:\/\/www.africa-press.net\/benin\/#website"},"primaryImageOfPage":{"@id":"https:\/\/www.africa-press.net\/benin\/politique\/benin-10-jours-apres-sa-creation-lup-le-renouveau-obtient-son-recepisse-definitif#primaryimage"},"image":{"@id":"https:\/\/www.africa-press.net\/benin\/politique\/benin-10-jours-apres-sa-creation-lup-le-renouveau-obtient-son-recepisse-definitif#primaryimage"},"thumbnailUrl":"https:\/\/static.africa-press.net\/benin\/sites\/46\/2022\/09\/postQueueImg_11.jpg","datePublished":"2022-09-03T20:00:04+00:00","dateModified":"2022-09-03T20:11:29+00:00","author":{"@id":"https:\/\/www.africa-press.net\/benin\/#\/schema\/person\/2b1cf3cd81a31e3cd26889ca66d677f1"},"description":"L\u2019Union Progressiste le Renouveau \u00bb est d\u00e9sormais enregistr\u00e9 dans le registre du Minist\u00e8re de l\u2019Int\u00e9rieur et de la S\u00e9cur ...","breadcrumb":{"@id":"https:\/\/www.africa-press.net\/benin\/politique\/benin-10-jours-apres-sa-creation-lup-le-renouveau-obtient-son-recepisse-definitif#breadcrumb"},"inLanguage":"fr-FR","potentialAction":[{"@type":"ReadAction","target":["https:\/\/www.africa-press.net\/benin\/politique\/benin-10-jours-apres-sa-creation-lup-le-renouveau-obtient-son-recepisse-definitif"]}]},{"@type":"ImageObject","inLanguage":"fr-FR","@id":"https:\/\/www.africa-press.net\/benin\/politique\/benin-10-jours-apres-sa-creation-lup-le-renouveau-obtient-son-recepisse-definitif#primaryimage","url":"https:\/\/static.africa-press.net\/benin\/sites\/46\/2022\/09\/postQueueImg_11.jpg","contentUrl":"https:\/\/static.africa-press.net\/benin\/sites\/46\/2022\/09\/postQueueImg_11.jpg","width":1200,"height":795,"caption":"B\u00e9nin: 10 jours apr\u00e8s sa cr\u00e9ation, \u00ab\u00a0l\u2019UP-le Renouveau\u00a0\u00bb obtient son r\u00e9c\u00e9piss\u00e9 d\u00e9finitif"},{"@type":"BreadcrumbList","@id":"https:\/\/www.africa-press.net\/benin\/politique\/benin-10-jours-apres-sa-creation-lup-le-renouveau-obtient-son-recepisse-definitif#breadcrumb","itemListElement":[{"@type":"ListItem","position":1,"name":"Accueil","item":"https:\/\/www.africa-press.net\/benin\/"},{"@type":"ListItem","position":2,"name":"B\u00e9nin: 10 jours apr\u00e8s sa cr\u00e9ation, \u00ab\u00a0l\u2019UP-le Renouveau\u00a0\u00bb obtient son r\u00e9c\u00e9piss\u00e9 d\u00e9finitif"}]},{"@type":"WebSite","@id":"https:\/\/www.africa-press.net\/benin\/#website","url":"https:\/\/www.africa-press.net\/benin\/","name":"B\u00e9nin","description":"Just another Africa News Agency Sites site","potentialAction":[{"@type":"SearchAction","target":{"@type":"EntryPoint","urlTemplate":"https:\/\/www.africa-press.net\/benin\/?s={search_term_string}"},"query-input":{"@type":"PropertyValueSpecification","valueRequired":true,"valueName":"search_term_string"}}],"inLanguage":"fr-FR"},{"@type":"Person","@id":"https:\/\/www.africa-press.net\/benin\/#\/schema\/person\/2b1cf3cd81a31e3cd26889ca66d677f1","name":"cfeditorfr"}]}},"_links":{"self":[{"href":"https:\/\/www.africa-press.net\/benin\/wp-json\/wp\/v2\/posts\/8547","targetHints":{"allow":["GET"]}}],"collection":[{"href":"https:\/\/www.africa-press.net\/benin\/wp-json\/wp\/v2\/posts"}],"about":[{"href":"https:\/\/www.africa-press.net\/benin\/wp-json\/wp\/v2\/types\/post"}],"author":[{"embeddable":true,"href":"https:\/\/www.africa-press.net\/benin\/wp-json\/wp\/v2\/users\/82"}],"replies":[{"embeddable":true,"href":"https:\/\/www.africa-press.net\/benin\/wp-json\/wp\/v2\/comments?post=8547"}],"version-history":[{"count":0,"href":"https:\/\/www.africa-press.net\/benin\/wp-json\/wp\/v2\/posts\/8547\/revisions"}],"wp:featuredmedia":[{"embeddable":true,"href":"https:\/\/www.africa-press.net\/benin\/wp-json\/wp\/v2\/media\/8546"}],"wp:attachment":[{"href":"https:\/\/www.africa-press.net\/benin\/wp-json\/wp\/v2\/media?parent=8547"}],"wp:term":[{"taxonomy":"category","embeddable":true,"href":"https:\/\/www.africa-press.net\/benin\/wp-json\/wp\/v2\/categories?post=8547"},{"taxonomy":"post_tag","embeddable":true,"href":"https:\/\/www.africa-press.net\/benin\/wp-json\/wp\/v2\/tags?post=8547"}],"curies":[{"name":"wp","href":"https:\/\/api.w.org\/{rel}","templated":true}]}}