{"id":8594,"date":"2022-09-04T17:03:09","date_gmt":"2022-09-04T17:03:09","guid":{"rendered":"https:\/\/www.africa-press.net\/benin\/politique\/je-suis-sincerement-peine-pour-nos-compatriotes-en-prison-paul-hounkpe-ce-samedi-a-lokossa"},"modified":"2022-09-04T17:21:17","modified_gmt":"2022-09-04T17:21:17","slug":"je-suis-sincerement-peine-pour-nos-compatriotes-en-prison-paul-hounkpe-ce-samedi-a-lokossa","status":"publish","type":"post","link":"https:\/\/www.africa-press.net\/benin\/politique\/je-suis-sincerement-peine-pour-nos-compatriotes-en-prison-paul-hounkpe-ce-samedi-a-lokossa","title":{"rendered":"\u00ab\u00a0Je suis sinc\u00e8rement pein\u00e9 pour nos compatriotes en prison\u00a0\u00bb, Paul Hounkp\u00e8 ce samedi \u00e0 Lokossa"},"content":{"rendered":"<p><span style=\"color: #ff6600\"><strong>Africa-Press &#8211; Benin. <\/strong><\/span>Le parti Force cauris pour un B\u00e9nin \u00e9mergent (FCBE) a tenu ce samedi 3 Septembre 2022 son deuxi\u00e8me congr\u00e8s ordinaire annuel. Dans son discours d\u2019ouverture, le secr\u00e9taire ex\u00e9cutif national, Paul Hounkp\u00e8 apr\u00e8s avoir charg\u00e9 le r\u00e9gime de la rupture a compati au sort des b\u00e9ninois encore en prison pour leur opinion.<\/p>\n<p>En pr\u00e9lude aux \u00e9lections l\u00e9gislatives du 08 Janvier 2022, les responsables du parti force cauris pour un B\u00e9nin \u00e9mergent (FCBE) \u00e9taient en conclave ce samedi. Cette deuxi\u00e8me session ordinaire annuelle du parti est consacr\u00e9e aux pr\u00e9paratifs des l\u00e9gislatives qui s\u2019annoncent.<\/p>\n<p>Dans son discours d\u2019ouverture, le chef de fil de l\u2019opposition et premier responsable du parti, Paul Hounkp\u00e8 s\u2019est prononc\u00e9 sur la gouvernance actuelle et a d\u00e9plor\u00e9 la situation de certaines personnalit\u00e9s politiques maintenues en prison pour leur opinion.<\/p>\n<p>\u00ab Je suis sinc\u00e8rement pein\u00e9 pour nos compatriotes en prison pour des raisons li\u00e9es \u00e0 la derni\u00e8re pr\u00e9sidentielle, notamment monsieur Jo\u00ebl A\u00efvo et madame Reckya Madougou \u00bb a confi\u00e9 l\u2019ancien ministre de la culture de Boni Yayi. Le chef de fil de l\u2019opposition a profit\u00e9 de la tribune pour tacler les responsables des d\u00e9mocrates qui s\u2019activent pour participer aux \u00e9lections l\u00e9gislatives de 2023. \u00ab Le slogan \u20185 ans c\u2019est 5 ans\u2019 est-il d\u00e9j\u00e0 oubli\u00e9 par les acteurs politiques dont ils \u00e9taient les porte-voix ? \u00bb, s\u2019est-il demand\u00e9.<\/p>\n<p>L\u2019ancien ministre Paul Hounkp\u00e8 reste n\u00e9anmoins certain d\u2019une chose : une solution sera trouv\u00e9e pour ces compatriotes (gard\u00e9s en prison \u2013 Ndlr) et ils vont retrouver leur libert\u00e9. \u00ab Nous esp\u00e9rons qu\u2019une fois lib\u00e9r\u00e9s, ils comprendront qu\u2019ils ont \u00e9t\u00e9 entre temps trahis par certains de leurs anciens amis qui ont pr\u00e9f\u00e9r\u00e9 se compromettre dans des n\u00e9gociations sordides\u00bb, a laiss\u00e9 entendre Paul Hounkp\u00e8.<\/p>\n<p><strong>Pour plus d&rsquo;informations et d&rsquo;analyses sur la <a href=\"https:\/\/www.africa-press.net\/benin\">Benin<\/a>, suivez <a href=\"https:\/\/www.africa-press.net\/\">Africa-Press<\/a><\/strong><\/p>\n","protected":false},"excerpt":{"rendered":"<p>Africa-Press &#8211; Benin. Le parti Force cauris pour un B\u00e9nin \u00e9mergent (FCBE) a tenu ce samedi 3 Septembre 2022 son deuxi\u00e8me congr\u00e8s ordinaire annuel. Dans son discours d\u2019ouverture, le secr\u00e9taire ex\u00e9cutif national, Paul Hounkp\u00e8 apr\u00e8s avoir charg\u00e9 le r\u00e9gime de la rupture a compati au sort des b\u00e9ninois encore en prison pour leur opinion. En [&hellip;]<\/p>\n","protected":false},"author":82,"featured_media":8593,"comment_status":"open","ping_status":"closed","sticky":false,"template":"","format":"standard","meta":{"footnotes":""},"categories":[11,2,20,10],"tags":[36,50,45],"class_list":["post-8594","post","type-post","status-publish","format-standard","has-post-thumbnail","hentry","category-homepage-french","category-politique","category-top-nouvelles","category-toutes-les-actualites","tag-africa-press","tag-africa-press-benin","tag-benin"],"yoast_head":"<!-- This site is optimized with the Yoast SEO Premium plugin v26.1 (Yoast SEO v27.0) - https:\/\/yoast.com\/product\/yoast-seo-premium-wordpress\/ -->\n<title>\u00ab\u00a0Je suis sinc\u00e8rement pein\u00e9 pour nos compatriotes en prison\u00a0\u00bb, Paul Hounkp\u00e8 ce samedi \u00e0 Lokossa - B\u00e9nin<\/title>\n<meta name=\"description\" content=\"Le parti Force cauris pour un B\u00e9nin \u00e9mergent (FCBE) a tenu ce samedi 3 Septembre 2022 son deuxi\u00e8me congr\u00e8s ordinaire ann ...\" \/>\n<meta name=\"robots\" content=\"index, follow, max-snippet:-1, max-image-preview:large, max-video-preview:-1\" \/>\n<link rel=\"canonical\" href=\"https:\/\/www.africa-press.net\/benin\/politique\/je-suis-sincerement-peine-pour-nos-compatriotes-en-prison-paul-hounkpe-ce-samedi-a-lokossa\" \/>\n<meta property=\"og:locale\" content=\"fr_FR\" \/>\n<meta property=\"og:type\" content=\"article\" \/>\n<meta property=\"og:title\" content=\"\u00ab\u00a0Je suis sinc\u00e8rement pein\u00e9 pour nos compatriotes en prison\u00a0\u00bb, Paul Hounkp\u00e8 ce samedi \u00e0 Lokossa\" \/>\n<meta property=\"og:description\" content=\"Le parti Force cauris pour un B\u00e9nin \u00e9mergent (FCBE) a tenu ce samedi 3 Septembre 2022 son deuxi\u00e8me congr\u00e8s ordinaire ann ...\" \/>\n<meta property=\"og:url\" content=\"https:\/\/www.africa-press.net\/benin\/politique\/je-suis-sincerement-peine-pour-nos-compatriotes-en-prison-paul-hounkpe-ce-samedi-a-lokossa\" \/>\n<meta property=\"og:site_name\" content=\"B\u00e9nin\" \/>\n<meta property=\"article:published_time\" content=\"2022-09-04T17:03:09+00:00\" \/>\n<meta property=\"article:modified_time\" content=\"2022-09-04T17:21:17+00:00\" \/>\n<meta property=\"og:image\" content=\"https:\/\/static.africa-press.net\/benin\/sites\/46\/2022\/09\/postQueueImg_12-6314de6341142.jpg\" \/>\n\t<meta property=\"og:image:width\" content=\"1200\" \/>\n\t<meta property=\"og:image:height\" content=\"684\" \/>\n\t<meta property=\"og:image:type\" content=\"image\/jpeg\" \/>\n<meta name=\"author\" content=\"cfeditorfr\" \/>\n<meta name=\"twitter:card\" content=\"summary_large_image\" \/>\n<meta name=\"twitter:label1\" content=\"\u00c9crit par\" \/>\n\t<meta name=\"twitter:data1\" content=\"cfeditorfr\" \/>\n\t<meta name=\"twitter:label2\" content=\"Dur\u00e9e de lecture estim\u00e9e\" \/>\n\t<meta name=\"twitter:data2\" content=\"2 minutes\" \/>\n<script type=\"application\/ld+json\" class=\"yoast-schema-graph\">{\"@context\":\"https:\/\/schema.org\",\"@graph\":[{\"@type\":\"Article\",\"@id\":\"https:\/\/www.africa-press.net\/benin\/politique\/je-suis-sincerement-peine-pour-nos-compatriotes-en-prison-paul-hounkpe-ce-samedi-a-lokossa#article\",\"isPartOf\":{\"@id\":\"https:\/\/www.africa-press.net\/benin\/politique\/je-suis-sincerement-peine-pour-nos-compatriotes-en-prison-paul-hounkpe-ce-samedi-a-lokossa\"},\"author\":{\"name\":\"cfeditorfr\",\"@id\":\"https:\/\/www.africa-press.net\/benin\/#\/schema\/person\/2b1cf3cd81a31e3cd26889ca66d677f1\"},\"headline\":\"\u00ab\u00a0Je suis sinc\u00e8rement pein\u00e9 pour nos compatriotes en prison\u00a0\u00bb, Paul Hounkp\u00e8 ce samedi \u00e0 Lokossa\",\"datePublished\":\"2022-09-04T17:03:09+00:00\",\"dateModified\":\"2022-09-04T17:21:17+00:00\",\"mainEntityOfPage\":{\"@id\":\"https:\/\/www.africa-press.net\/benin\/politique\/je-suis-sincerement-peine-pour-nos-compatriotes-en-prison-paul-hounkpe-ce-samedi-a-lokossa\"},\"wordCount\":341,\"commentCount\":0,\"image\":{\"@id\":\"https:\/\/www.africa-press.net\/benin\/politique\/je-suis-sincerement-peine-pour-nos-compatriotes-en-prison-paul-hounkpe-ce-samedi-a-lokossa#primaryimage\"},\"thumbnailUrl\":\"https:\/\/static.africa-press.net\/benin\/sites\/46\/2022\/09\/postQueueImg_12-6314de6341142.jpg\",\"keywords\":[\"Africa Press\",\"Africa Press-Benin\",\"B\u00e9nin\"],\"articleSection\":[\"homepage-french\",\"Politique\",\"Top Nouvelles\",\"Toutes les actualit\u00e9s\"],\"inLanguage\":\"fr-FR\",\"potentialAction\":[{\"@type\":\"CommentAction\",\"name\":\"Comment\",\"target\":[\"https:\/\/www.africa-press.net\/benin\/politique\/je-suis-sincerement-peine-pour-nos-compatriotes-en-prison-paul-hounkpe-ce-samedi-a-lokossa#respond\"]}]},{\"@type\":\"WebPage\",\"@id\":\"https:\/\/www.africa-press.net\/benin\/politique\/je-suis-sincerement-peine-pour-nos-compatriotes-en-prison-paul-hounkpe-ce-samedi-a-lokossa\",\"url\":\"https:\/\/www.africa-press.net\/benin\/politique\/je-suis-sincerement-peine-pour-nos-compatriotes-en-prison-paul-hounkpe-ce-samedi-a-lokossa\",\"name\":\"\u00ab\u00a0Je suis sinc\u00e8rement pein\u00e9 pour nos compatriotes en prison\u00a0\u00bb, Paul Hounkp\u00e8 ce samedi \u00e0 Lokossa - B\u00e9nin\",\"isPartOf\":{\"@id\":\"https:\/\/www.africa-press.net\/benin\/#website\"},\"primaryImageOfPage\":{\"@id\":\"https:\/\/www.africa-press.net\/benin\/politique\/je-suis-sincerement-peine-pour-nos-compatriotes-en-prison-paul-hounkpe-ce-samedi-a-lokossa#primaryimage\"},\"image\":{\"@id\":\"https:\/\/www.africa-press.net\/benin\/politique\/je-suis-sincerement-peine-pour-nos-compatriotes-en-prison-paul-hounkpe-ce-samedi-a-lokossa#primaryimage\"},\"thumbnailUrl\":\"https:\/\/static.africa-press.net\/benin\/sites\/46\/2022\/09\/postQueueImg_12-6314de6341142.jpg\",\"datePublished\":\"2022-09-04T17:03:09+00:00\",\"dateModified\":\"2022-09-04T17:21:17+00:00\",\"author\":{\"@id\":\"https:\/\/www.africa-press.net\/benin\/#\/schema\/person\/2b1cf3cd81a31e3cd26889ca66d677f1\"},\"description\":\"Le parti Force cauris pour un B\u00e9nin \u00e9mergent (FCBE) a tenu ce samedi 3 Septembre 2022 son deuxi\u00e8me congr\u00e8s ordinaire ann ...\",\"breadcrumb\":{\"@id\":\"https:\/\/www.africa-press.net\/benin\/politique\/je-suis-sincerement-peine-pour-nos-compatriotes-en-prison-paul-hounkpe-ce-samedi-a-lokossa#breadcrumb\"},\"inLanguage\":\"fr-FR\",\"potentialAction\":[{\"@type\":\"ReadAction\",\"target\":[\"https:\/\/www.africa-press.net\/benin\/politique\/je-suis-sincerement-peine-pour-nos-compatriotes-en-prison-paul-hounkpe-ce-samedi-a-lokossa\"]}]},{\"@type\":\"ImageObject\",\"inLanguage\":\"fr-FR\",\"@id\":\"https:\/\/www.africa-press.net\/benin\/politique\/je-suis-sincerement-peine-pour-nos-compatriotes-en-prison-paul-hounkpe-ce-samedi-a-lokossa#primaryimage\",\"url\":\"https:\/\/static.africa-press.net\/benin\/sites\/46\/2022\/09\/postQueueImg_12-6314de6341142.jpg\",\"contentUrl\":\"https:\/\/static.africa-press.net\/benin\/sites\/46\/2022\/09\/postQueueImg_12-6314de6341142.jpg\",\"width\":1200,\"height\":684,\"caption\":\"\u00ab\u00a0Je suis sinc\u00e8rement pein\u00e9 pour nos compatriotes en prison\u00a0\u00bb, Paul Hounkp\u00e8 ce samedi \u00e0 Lokossa\"},{\"@type\":\"BreadcrumbList\",\"@id\":\"https:\/\/www.africa-press.net\/benin\/politique\/je-suis-sincerement-peine-pour-nos-compatriotes-en-prison-paul-hounkpe-ce-samedi-a-lokossa#breadcrumb\",\"itemListElement\":[{\"@type\":\"ListItem\",\"position\":1,\"name\":\"Accueil\",\"item\":\"https:\/\/www.africa-press.net\/benin\/\"},{\"@type\":\"ListItem\",\"position\":2,\"name\":\"\u00ab\u00a0Je suis sinc\u00e8rement pein\u00e9 pour nos compatriotes en prison\u00a0\u00bb, Paul Hounkp\u00e8 ce samedi \u00e0 Lokossa\"}]},{\"@type\":\"WebSite\",\"@id\":\"https:\/\/www.africa-press.net\/benin\/#website\",\"url\":\"https:\/\/www.africa-press.net\/benin\/\",\"name\":\"B\u00e9nin\",\"description\":\"Just another Africa News Agency Sites site\",\"potentialAction\":[{\"@type\":\"SearchAction\",\"target\":{\"@type\":\"EntryPoint\",\"urlTemplate\":\"https:\/\/www.africa-press.net\/benin\/?s={search_term_string}\"},\"query-input\":{\"@type\":\"PropertyValueSpecification\",\"valueRequired\":true,\"valueName\":\"search_term_string\"}}],\"inLanguage\":\"fr-FR\"},{\"@type\":\"Person\",\"@id\":\"https:\/\/www.africa-press.net\/benin\/#\/schema\/person\/2b1cf3cd81a31e3cd26889ca66d677f1\",\"name\":\"cfeditorfr\"}]}<\/script>\n<!-- \/ Yoast SEO Premium plugin. -->","yoast_head_json":{"title":"\u00ab\u00a0Je suis sinc\u00e8rement pein\u00e9 pour nos compatriotes en prison\u00a0\u00bb, Paul Hounkp\u00e8 ce samedi \u00e0 Lokossa - B\u00e9nin","description":"Le parti Force cauris pour un B\u00e9nin \u00e9mergent (FCBE) a tenu ce samedi 3 Septembre 2022 son deuxi\u00e8me congr\u00e8s ordinaire ann ...","robots":{"index":"index","follow":"follow","max-snippet":"max-snippet:-1","max-image-preview":"max-image-preview:large","max-video-preview":"max-video-preview:-1"},"canonical":"https:\/\/www.africa-press.net\/benin\/politique\/je-suis-sincerement-peine-pour-nos-compatriotes-en-prison-paul-hounkpe-ce-samedi-a-lokossa","og_locale":"fr_FR","og_type":"article","og_title":"\u00ab\u00a0Je suis sinc\u00e8rement pein\u00e9 pour nos compatriotes en prison\u00a0\u00bb, Paul Hounkp\u00e8 ce samedi \u00e0 Lokossa","og_description":"Le parti Force cauris pour un B\u00e9nin \u00e9mergent (FCBE) a tenu ce samedi 3 Septembre 2022 son deuxi\u00e8me congr\u00e8s ordinaire ann ...","og_url":"https:\/\/www.africa-press.net\/benin\/politique\/je-suis-sincerement-peine-pour-nos-compatriotes-en-prison-paul-hounkpe-ce-samedi-a-lokossa","og_site_name":"B\u00e9nin","article_published_time":"2022-09-04T17:03:09+00:00","article_modified_time":"2022-09-04T17:21:17+00:00","og_image":[{"width":1200,"height":684,"url":"https:\/\/static.africa-press.net\/benin\/sites\/46\/2022\/09\/postQueueImg_12-6314de6341142.jpg","type":"image\/jpeg"}],"author":"cfeditorfr","twitter_card":"summary_large_image","twitter_misc":{"\u00c9crit par":"cfeditorfr","Dur\u00e9e de lecture estim\u00e9e":"2 minutes"},"schema":{"@context":"https:\/\/schema.org","@graph":[{"@type":"Article","@id":"https:\/\/www.africa-press.net\/benin\/politique\/je-suis-sincerement-peine-pour-nos-compatriotes-en-prison-paul-hounkpe-ce-samedi-a-lokossa#article","isPartOf":{"@id":"https:\/\/www.africa-press.net\/benin\/politique\/je-suis-sincerement-peine-pour-nos-compatriotes-en-prison-paul-hounkpe-ce-samedi-a-lokossa"},"author":{"name":"cfeditorfr","@id":"https:\/\/www.africa-press.net\/benin\/#\/schema\/person\/2b1cf3cd81a31e3cd26889ca66d677f1"},"headline":"\u00ab\u00a0Je suis sinc\u00e8rement pein\u00e9 pour nos compatriotes en prison\u00a0\u00bb, Paul Hounkp\u00e8 ce samedi \u00e0 Lokossa","datePublished":"2022-09-04T17:03:09+00:00","dateModified":"2022-09-04T17:21:17+00:00","mainEntityOfPage":{"@id":"https:\/\/www.africa-press.net\/benin\/politique\/je-suis-sincerement-peine-pour-nos-compatriotes-en-prison-paul-hounkpe-ce-samedi-a-lokossa"},"wordCount":341,"commentCount":0,"image":{"@id":"https:\/\/www.africa-press.net\/benin\/politique\/je-suis-sincerement-peine-pour-nos-compatriotes-en-prison-paul-hounkpe-ce-samedi-a-lokossa#primaryimage"},"thumbnailUrl":"https:\/\/static.africa-press.net\/benin\/sites\/46\/2022\/09\/postQueueImg_12-6314de6341142.jpg","keywords":["Africa Press","Africa Press-Benin","B\u00e9nin"],"articleSection":["homepage-french","Politique","Top Nouvelles","Toutes les actualit\u00e9s"],"inLanguage":"fr-FR","potentialAction":[{"@type":"CommentAction","name":"Comment","target":["https:\/\/www.africa-press.net\/benin\/politique\/je-suis-sincerement-peine-pour-nos-compatriotes-en-prison-paul-hounkpe-ce-samedi-a-lokossa#respond"]}]},{"@type":"WebPage","@id":"https:\/\/www.africa-press.net\/benin\/politique\/je-suis-sincerement-peine-pour-nos-compatriotes-en-prison-paul-hounkpe-ce-samedi-a-lokossa","url":"https:\/\/www.africa-press.net\/benin\/politique\/je-suis-sincerement-peine-pour-nos-compatriotes-en-prison-paul-hounkpe-ce-samedi-a-lokossa","name":"\u00ab\u00a0Je suis sinc\u00e8rement pein\u00e9 pour nos compatriotes en prison\u00a0\u00bb, Paul Hounkp\u00e8 ce samedi \u00e0 Lokossa - B\u00e9nin","isPartOf":{"@id":"https:\/\/www.africa-press.net\/benin\/#website"},"primaryImageOfPage":{"@id":"https:\/\/www.africa-press.net\/benin\/politique\/je-suis-sincerement-peine-pour-nos-compatriotes-en-prison-paul-hounkpe-ce-samedi-a-lokossa#primaryimage"},"image":{"@id":"https:\/\/www.africa-press.net\/benin\/politique\/je-suis-sincerement-peine-pour-nos-compatriotes-en-prison-paul-hounkpe-ce-samedi-a-lokossa#primaryimage"},"thumbnailUrl":"https:\/\/static.africa-press.net\/benin\/sites\/46\/2022\/09\/postQueueImg_12-6314de6341142.jpg","datePublished":"2022-09-04T17:03:09+00:00","dateModified":"2022-09-04T17:21:17+00:00","author":{"@id":"https:\/\/www.africa-press.net\/benin\/#\/schema\/person\/2b1cf3cd81a31e3cd26889ca66d677f1"},"description":"Le parti Force cauris pour un B\u00e9nin \u00e9mergent (FCBE) a tenu ce samedi 3 Septembre 2022 son deuxi\u00e8me congr\u00e8s ordinaire ann ...","breadcrumb":{"@id":"https:\/\/www.africa-press.net\/benin\/politique\/je-suis-sincerement-peine-pour-nos-compatriotes-en-prison-paul-hounkpe-ce-samedi-a-lokossa#breadcrumb"},"inLanguage":"fr-FR","potentialAction":[{"@type":"ReadAction","target":["https:\/\/www.africa-press.net\/benin\/politique\/je-suis-sincerement-peine-pour-nos-compatriotes-en-prison-paul-hounkpe-ce-samedi-a-lokossa"]}]},{"@type":"ImageObject","inLanguage":"fr-FR","@id":"https:\/\/www.africa-press.net\/benin\/politique\/je-suis-sincerement-peine-pour-nos-compatriotes-en-prison-paul-hounkpe-ce-samedi-a-lokossa#primaryimage","url":"https:\/\/static.africa-press.net\/benin\/sites\/46\/2022\/09\/postQueueImg_12-6314de6341142.jpg","contentUrl":"https:\/\/static.africa-press.net\/benin\/sites\/46\/2022\/09\/postQueueImg_12-6314de6341142.jpg","width":1200,"height":684,"caption":"\u00ab\u00a0Je suis sinc\u00e8rement pein\u00e9 pour nos compatriotes en prison\u00a0\u00bb, Paul Hounkp\u00e8 ce samedi \u00e0 Lokossa"},{"@type":"BreadcrumbList","@id":"https:\/\/www.africa-press.net\/benin\/politique\/je-suis-sincerement-peine-pour-nos-compatriotes-en-prison-paul-hounkpe-ce-samedi-a-lokossa#breadcrumb","itemListElement":[{"@type":"ListItem","position":1,"name":"Accueil","item":"https:\/\/www.africa-press.net\/benin\/"},{"@type":"ListItem","position":2,"name":"\u00ab\u00a0Je suis sinc\u00e8rement pein\u00e9 pour nos compatriotes en prison\u00a0\u00bb, Paul Hounkp\u00e8 ce samedi \u00e0 Lokossa"}]},{"@type":"WebSite","@id":"https:\/\/www.africa-press.net\/benin\/#website","url":"https:\/\/www.africa-press.net\/benin\/","name":"B\u00e9nin","description":"Just another Africa News Agency Sites site","potentialAction":[{"@type":"SearchAction","target":{"@type":"EntryPoint","urlTemplate":"https:\/\/www.africa-press.net\/benin\/?s={search_term_string}"},"query-input":{"@type":"PropertyValueSpecification","valueRequired":true,"valueName":"search_term_string"}}],"inLanguage":"fr-FR"},{"@type":"Person","@id":"https:\/\/www.africa-press.net\/benin\/#\/schema\/person\/2b1cf3cd81a31e3cd26889ca66d677f1","name":"cfeditorfr"}]}},"_links":{"self":[{"href":"https:\/\/www.africa-press.net\/benin\/wp-json\/wp\/v2\/posts\/8594","targetHints":{"allow":["GET"]}}],"collection":[{"href":"https:\/\/www.africa-press.net\/benin\/wp-json\/wp\/v2\/posts"}],"about":[{"href":"https:\/\/www.africa-press.net\/benin\/wp-json\/wp\/v2\/types\/post"}],"author":[{"embeddable":true,"href":"https:\/\/www.africa-press.net\/benin\/wp-json\/wp\/v2\/users\/82"}],"replies":[{"embeddable":true,"href":"https:\/\/www.africa-press.net\/benin\/wp-json\/wp\/v2\/comments?post=8594"}],"version-history":[{"count":0,"href":"https:\/\/www.africa-press.net\/benin\/wp-json\/wp\/v2\/posts\/8594\/revisions"}],"wp:featuredmedia":[{"embeddable":true,"href":"https:\/\/www.africa-press.net\/benin\/wp-json\/wp\/v2\/media\/8593"}],"wp:attachment":[{"href":"https:\/\/www.africa-press.net\/benin\/wp-json\/wp\/v2\/media?parent=8594"}],"wp:term":[{"taxonomy":"category","embeddable":true,"href":"https:\/\/www.africa-press.net\/benin\/wp-json\/wp\/v2\/categories?post=8594"},{"taxonomy":"post_tag","embeddable":true,"href":"https:\/\/www.africa-press.net\/benin\/wp-json\/wp\/v2\/tags?post=8594"}],"curies":[{"name":"wp","href":"https:\/\/api.w.org\/{rel}","templated":true}]}}