{"id":8597,"date":"2022-09-04T17:03:22","date_gmt":"2022-09-04T17:03:22","guid":{"rendered":"https:\/\/www.africa-press.net\/benin\/politique\/benin-realisation-de-la-lei-periode-de-laffichage-de-la-liste-electorale"},"modified":"2022-09-04T17:21:51","modified_gmt":"2022-09-04T17:21:51","slug":"benin-realisation-de-la-lei-periode-de-laffichage-de-la-liste-electorale","status":"publish","type":"post","link":"https:\/\/www.africa-press.net\/benin\/politique\/benin-realisation-de-la-lei-periode-de-laffichage-de-la-liste-electorale","title":{"rendered":"B\u00e9nin \u2013 R\u00e9alisation de la lei: p\u00e9riode de l\u2019affichage de la liste \u00e9lectorale"},"content":{"rendered":"<p><span style=\"color: #ff6600\"><strong>Africa-Press &#8211; Benin. <\/strong><\/span>Dans la perspective de la tenue des \u00e9lections l\u00e9gislatives du 08 janvier 2022 au B\u00e9nin, l\u2019agence nationale d\u2019identification des personnes (ANIP), l\u2019organe charg\u00e9 de la confection de la liste \u00e9lectorale informatis\u00e9e (LEI), va proc\u00e9der les jours \u00e0 venir \u00e0 l\u2019affichage de la liste \u00e9lectorale.<\/p>\n<p>La liste \u00e9lectorale informatis\u00e9e sera bient\u00f4t affich\u00e9e. C\u2019est par un communiqu\u00e9 en date du vendredi 02 Septembre 2022 que l\u2019agence nationale d\u2019identification des personnes a rendu public l\u2019information.<\/p>\n<p>Selon ledit communiqu\u00e9, l\u2019affichage de ladite liste va durer 15 jours \u00e0 compter du 08 Septembre au 22 Septembre 2022 dans les centres de vote sur l\u2019ensemble du territoire national.<\/p>\n<p>Les \u00e9lecteurs sont invit\u00e9s \u00e0 cet effet \u00e0 consulter la liste afin de s\u2019assurer de leur pr\u00e9sence effective. Un agent de collecte d\u2019informations sera plac\u00e9 dans chaque arrondissement pour faciliter la consultation de la liste et recueillir les \u00e9ventuelles r\u00e9clamations. Par ailleurs, chaque \u00e9ventuel \u00e9lecteur peut consulter en ligne ladite liste sur le site : http:\/\/www.lei.anip.bj<\/p>\n<p><strong>Pour plus d&rsquo;informations et d&rsquo;analyses sur la <a href=\"https:\/\/www.africa-press.net\/benin\">Benin<\/a>, suivez <a href=\"https:\/\/www.africa-press.net\/\">Africa-Press<\/a><\/strong><\/p>\n","protected":false},"excerpt":{"rendered":"<p>Africa-Press &#8211; Benin. Dans la perspective de la tenue des \u00e9lections l\u00e9gislatives du 08 janvier 2022 au B\u00e9nin, l\u2019agence nationale d\u2019identification des personnes (ANIP), l\u2019organe charg\u00e9 de la confection de la liste \u00e9lectorale informatis\u00e9e (LEI), va proc\u00e9der les jours \u00e0 venir \u00e0 l\u2019affichage de la liste \u00e9lectorale. La liste \u00e9lectorale informatis\u00e9e sera bient\u00f4t affich\u00e9e. C\u2019est [&hellip;]<\/p>\n","protected":false},"author":82,"featured_media":8596,"comment_status":"open","ping_status":"closed","sticky":false,"template":"","format":"standard","meta":{"footnotes":""},"categories":[11,2,10],"tags":[36,50,45],"class_list":["post-8597","post","type-post","status-publish","format-standard","has-post-thumbnail","hentry","category-homepage-french","category-politique","category-toutes-les-actualites","tag-africa-press","tag-africa-press-benin","tag-benin"],"yoast_head":"<!-- This site is optimized with the Yoast SEO Premium plugin v26.1 (Yoast SEO v27.0) - https:\/\/yoast.com\/product\/yoast-seo-premium-wordpress\/ -->\n<title>B\u00e9nin \u2013 R\u00e9alisation de la lei: p\u00e9riode de l\u2019affichage de la liste \u00e9lectorale - B\u00e9nin<\/title>\n<meta name=\"description\" content=\"Dans la perspective de la tenue des \u00e9lections l\u00e9gislatives du 08 janvier 2022 au B\u00e9nin, l\u2019agence nationale d\u2019identificat ...\" \/>\n<meta name=\"robots\" content=\"index, follow, max-snippet:-1, max-image-preview:large, max-video-preview:-1\" \/>\n<link rel=\"canonical\" href=\"https:\/\/www.africa-press.net\/benin\/politique\/benin-realisation-de-la-lei-periode-de-laffichage-de-la-liste-electorale\" \/>\n<meta property=\"og:locale\" content=\"fr_FR\" \/>\n<meta property=\"og:type\" content=\"article\" \/>\n<meta property=\"og:title\" content=\"B\u00e9nin \u2013 R\u00e9alisation de la lei: p\u00e9riode de l\u2019affichage de la liste \u00e9lectorale\" \/>\n<meta property=\"og:description\" content=\"Dans la perspective de la tenue des \u00e9lections l\u00e9gislatives du 08 janvier 2022 au B\u00e9nin, l\u2019agence nationale d\u2019identificat ...\" \/>\n<meta property=\"og:url\" content=\"https:\/\/www.africa-press.net\/benin\/politique\/benin-realisation-de-la-lei-periode-de-laffichage-de-la-liste-electorale\" \/>\n<meta property=\"og:site_name\" content=\"B\u00e9nin\" \/>\n<meta property=\"article:published_time\" content=\"2022-09-04T17:03:22+00:00\" \/>\n<meta property=\"article:modified_time\" content=\"2022-09-04T17:21:51+00:00\" \/>\n<meta property=\"og:image\" content=\"https:\/\/static.africa-press.net\/benin\/sites\/46\/2022\/09\/postQueueImg_13-6314de913840e.jpg\" \/>\n\t<meta property=\"og:image:width\" content=\"1209\" \/>\n\t<meta property=\"og:image:height\" content=\"805\" \/>\n\t<meta property=\"og:image:type\" content=\"image\/jpeg\" \/>\n<meta name=\"author\" content=\"cfeditorfr\" \/>\n<meta name=\"twitter:card\" content=\"summary_large_image\" \/>\n<meta name=\"twitter:label1\" content=\"\u00c9crit par\" \/>\n\t<meta name=\"twitter:data1\" content=\"cfeditorfr\" \/>\n\t<meta name=\"twitter:label2\" content=\"Dur\u00e9e de lecture estim\u00e9e\" \/>\n\t<meta name=\"twitter:data2\" content=\"1 minute\" \/>\n<script type=\"application\/ld+json\" class=\"yoast-schema-graph\">{\"@context\":\"https:\/\/schema.org\",\"@graph\":[{\"@type\":\"Article\",\"@id\":\"https:\/\/www.africa-press.net\/benin\/politique\/benin-realisation-de-la-lei-periode-de-laffichage-de-la-liste-electorale#article\",\"isPartOf\":{\"@id\":\"https:\/\/www.africa-press.net\/benin\/politique\/benin-realisation-de-la-lei-periode-de-laffichage-de-la-liste-electorale\"},\"author\":{\"name\":\"cfeditorfr\",\"@id\":\"https:\/\/www.africa-press.net\/benin\/#\/schema\/person\/2b1cf3cd81a31e3cd26889ca66d677f1\"},\"headline\":\"B\u00e9nin \u2013 R\u00e9alisation de la lei: p\u00e9riode de l\u2019affichage de la liste \u00e9lectorale\",\"datePublished\":\"2022-09-04T17:03:22+00:00\",\"dateModified\":\"2022-09-04T17:21:51+00:00\",\"mainEntityOfPage\":{\"@id\":\"https:\/\/www.africa-press.net\/benin\/politique\/benin-realisation-de-la-lei-periode-de-laffichage-de-la-liste-electorale\"},\"wordCount\":201,\"commentCount\":0,\"image\":{\"@id\":\"https:\/\/www.africa-press.net\/benin\/politique\/benin-realisation-de-la-lei-periode-de-laffichage-de-la-liste-electorale#primaryimage\"},\"thumbnailUrl\":\"https:\/\/static.africa-press.net\/benin\/sites\/46\/2022\/09\/postQueueImg_13-6314de913840e.jpg\",\"keywords\":[\"Africa Press\",\"Africa Press-Benin\",\"B\u00e9nin\"],\"articleSection\":[\"homepage-french\",\"Politique\",\"Toutes les actualit\u00e9s\"],\"inLanguage\":\"fr-FR\",\"potentialAction\":[{\"@type\":\"CommentAction\",\"name\":\"Comment\",\"target\":[\"https:\/\/www.africa-press.net\/benin\/politique\/benin-realisation-de-la-lei-periode-de-laffichage-de-la-liste-electorale#respond\"]}]},{\"@type\":\"WebPage\",\"@id\":\"https:\/\/www.africa-press.net\/benin\/politique\/benin-realisation-de-la-lei-periode-de-laffichage-de-la-liste-electorale\",\"url\":\"https:\/\/www.africa-press.net\/benin\/politique\/benin-realisation-de-la-lei-periode-de-laffichage-de-la-liste-electorale\",\"name\":\"B\u00e9nin \u2013 R\u00e9alisation de la lei: p\u00e9riode de l\u2019affichage de la liste \u00e9lectorale - B\u00e9nin\",\"isPartOf\":{\"@id\":\"https:\/\/www.africa-press.net\/benin\/#website\"},\"primaryImageOfPage\":{\"@id\":\"https:\/\/www.africa-press.net\/benin\/politique\/benin-realisation-de-la-lei-periode-de-laffichage-de-la-liste-electorale#primaryimage\"},\"image\":{\"@id\":\"https:\/\/www.africa-press.net\/benin\/politique\/benin-realisation-de-la-lei-periode-de-laffichage-de-la-liste-electorale#primaryimage\"},\"thumbnailUrl\":\"https:\/\/static.africa-press.net\/benin\/sites\/46\/2022\/09\/postQueueImg_13-6314de913840e.jpg\",\"datePublished\":\"2022-09-04T17:03:22+00:00\",\"dateModified\":\"2022-09-04T17:21:51+00:00\",\"author\":{\"@id\":\"https:\/\/www.africa-press.net\/benin\/#\/schema\/person\/2b1cf3cd81a31e3cd26889ca66d677f1\"},\"description\":\"Dans la perspective de la tenue des \u00e9lections l\u00e9gislatives du 08 janvier 2022 au B\u00e9nin, l\u2019agence nationale d\u2019identificat ...\",\"breadcrumb\":{\"@id\":\"https:\/\/www.africa-press.net\/benin\/politique\/benin-realisation-de-la-lei-periode-de-laffichage-de-la-liste-electorale#breadcrumb\"},\"inLanguage\":\"fr-FR\",\"potentialAction\":[{\"@type\":\"ReadAction\",\"target\":[\"https:\/\/www.africa-press.net\/benin\/politique\/benin-realisation-de-la-lei-periode-de-laffichage-de-la-liste-electorale\"]}]},{\"@type\":\"ImageObject\",\"inLanguage\":\"fr-FR\",\"@id\":\"https:\/\/www.africa-press.net\/benin\/politique\/benin-realisation-de-la-lei-periode-de-laffichage-de-la-liste-electorale#primaryimage\",\"url\":\"https:\/\/static.africa-press.net\/benin\/sites\/46\/2022\/09\/postQueueImg_13-6314de913840e.jpg\",\"contentUrl\":\"https:\/\/static.africa-press.net\/benin\/sites\/46\/2022\/09\/postQueueImg_13-6314de913840e.jpg\",\"width\":1209,\"height\":805,\"caption\":\"B\u00e9nin \u2013 R\u00e9alisation de la lei: p\u00e9riode de l\u2019affichage de la liste \u00e9lectorale\"},{\"@type\":\"BreadcrumbList\",\"@id\":\"https:\/\/www.africa-press.net\/benin\/politique\/benin-realisation-de-la-lei-periode-de-laffichage-de-la-liste-electorale#breadcrumb\",\"itemListElement\":[{\"@type\":\"ListItem\",\"position\":1,\"name\":\"Accueil\",\"item\":\"https:\/\/www.africa-press.net\/benin\/\"},{\"@type\":\"ListItem\",\"position\":2,\"name\":\"B\u00e9nin \u2013 R\u00e9alisation de la lei: p\u00e9riode de l\u2019affichage de la liste \u00e9lectorale\"}]},{\"@type\":\"WebSite\",\"@id\":\"https:\/\/www.africa-press.net\/benin\/#website\",\"url\":\"https:\/\/www.africa-press.net\/benin\/\",\"name\":\"B\u00e9nin\",\"description\":\"Just another Africa News Agency Sites site\",\"potentialAction\":[{\"@type\":\"SearchAction\",\"target\":{\"@type\":\"EntryPoint\",\"urlTemplate\":\"https:\/\/www.africa-press.net\/benin\/?s={search_term_string}\"},\"query-input\":{\"@type\":\"PropertyValueSpecification\",\"valueRequired\":true,\"valueName\":\"search_term_string\"}}],\"inLanguage\":\"fr-FR\"},{\"@type\":\"Person\",\"@id\":\"https:\/\/www.africa-press.net\/benin\/#\/schema\/person\/2b1cf3cd81a31e3cd26889ca66d677f1\",\"name\":\"cfeditorfr\"}]}<\/script>\n<!-- \/ Yoast SEO Premium plugin. -->","yoast_head_json":{"title":"B\u00e9nin \u2013 R\u00e9alisation de la lei: p\u00e9riode de l\u2019affichage de la liste \u00e9lectorale - B\u00e9nin","description":"Dans la perspective de la tenue des \u00e9lections l\u00e9gislatives du 08 janvier 2022 au B\u00e9nin, l\u2019agence nationale d\u2019identificat ...","robots":{"index":"index","follow":"follow","max-snippet":"max-snippet:-1","max-image-preview":"max-image-preview:large","max-video-preview":"max-video-preview:-1"},"canonical":"https:\/\/www.africa-press.net\/benin\/politique\/benin-realisation-de-la-lei-periode-de-laffichage-de-la-liste-electorale","og_locale":"fr_FR","og_type":"article","og_title":"B\u00e9nin \u2013 R\u00e9alisation de la lei: p\u00e9riode de l\u2019affichage de la liste \u00e9lectorale","og_description":"Dans la perspective de la tenue des \u00e9lections l\u00e9gislatives du 08 janvier 2022 au B\u00e9nin, l\u2019agence nationale d\u2019identificat ...","og_url":"https:\/\/www.africa-press.net\/benin\/politique\/benin-realisation-de-la-lei-periode-de-laffichage-de-la-liste-electorale","og_site_name":"B\u00e9nin","article_published_time":"2022-09-04T17:03:22+00:00","article_modified_time":"2022-09-04T17:21:51+00:00","og_image":[{"width":1209,"height":805,"url":"https:\/\/static.africa-press.net\/benin\/sites\/46\/2022\/09\/postQueueImg_13-6314de913840e.jpg","type":"image\/jpeg"}],"author":"cfeditorfr","twitter_card":"summary_large_image","twitter_misc":{"\u00c9crit par":"cfeditorfr","Dur\u00e9e de lecture estim\u00e9e":"1 minute"},"schema":{"@context":"https:\/\/schema.org","@graph":[{"@type":"Article","@id":"https:\/\/www.africa-press.net\/benin\/politique\/benin-realisation-de-la-lei-periode-de-laffichage-de-la-liste-electorale#article","isPartOf":{"@id":"https:\/\/www.africa-press.net\/benin\/politique\/benin-realisation-de-la-lei-periode-de-laffichage-de-la-liste-electorale"},"author":{"name":"cfeditorfr","@id":"https:\/\/www.africa-press.net\/benin\/#\/schema\/person\/2b1cf3cd81a31e3cd26889ca66d677f1"},"headline":"B\u00e9nin \u2013 R\u00e9alisation de la lei: p\u00e9riode de l\u2019affichage de la liste \u00e9lectorale","datePublished":"2022-09-04T17:03:22+00:00","dateModified":"2022-09-04T17:21:51+00:00","mainEntityOfPage":{"@id":"https:\/\/www.africa-press.net\/benin\/politique\/benin-realisation-de-la-lei-periode-de-laffichage-de-la-liste-electorale"},"wordCount":201,"commentCount":0,"image":{"@id":"https:\/\/www.africa-press.net\/benin\/politique\/benin-realisation-de-la-lei-periode-de-laffichage-de-la-liste-electorale#primaryimage"},"thumbnailUrl":"https:\/\/static.africa-press.net\/benin\/sites\/46\/2022\/09\/postQueueImg_13-6314de913840e.jpg","keywords":["Africa Press","Africa Press-Benin","B\u00e9nin"],"articleSection":["homepage-french","Politique","Toutes les actualit\u00e9s"],"inLanguage":"fr-FR","potentialAction":[{"@type":"CommentAction","name":"Comment","target":["https:\/\/www.africa-press.net\/benin\/politique\/benin-realisation-de-la-lei-periode-de-laffichage-de-la-liste-electorale#respond"]}]},{"@type":"WebPage","@id":"https:\/\/www.africa-press.net\/benin\/politique\/benin-realisation-de-la-lei-periode-de-laffichage-de-la-liste-electorale","url":"https:\/\/www.africa-press.net\/benin\/politique\/benin-realisation-de-la-lei-periode-de-laffichage-de-la-liste-electorale","name":"B\u00e9nin \u2013 R\u00e9alisation de la lei: p\u00e9riode de l\u2019affichage de la liste \u00e9lectorale - B\u00e9nin","isPartOf":{"@id":"https:\/\/www.africa-press.net\/benin\/#website"},"primaryImageOfPage":{"@id":"https:\/\/www.africa-press.net\/benin\/politique\/benin-realisation-de-la-lei-periode-de-laffichage-de-la-liste-electorale#primaryimage"},"image":{"@id":"https:\/\/www.africa-press.net\/benin\/politique\/benin-realisation-de-la-lei-periode-de-laffichage-de-la-liste-electorale#primaryimage"},"thumbnailUrl":"https:\/\/static.africa-press.net\/benin\/sites\/46\/2022\/09\/postQueueImg_13-6314de913840e.jpg","datePublished":"2022-09-04T17:03:22+00:00","dateModified":"2022-09-04T17:21:51+00:00","author":{"@id":"https:\/\/www.africa-press.net\/benin\/#\/schema\/person\/2b1cf3cd81a31e3cd26889ca66d677f1"},"description":"Dans la perspective de la tenue des \u00e9lections l\u00e9gislatives du 08 janvier 2022 au B\u00e9nin, l\u2019agence nationale d\u2019identificat ...","breadcrumb":{"@id":"https:\/\/www.africa-press.net\/benin\/politique\/benin-realisation-de-la-lei-periode-de-laffichage-de-la-liste-electorale#breadcrumb"},"inLanguage":"fr-FR","potentialAction":[{"@type":"ReadAction","target":["https:\/\/www.africa-press.net\/benin\/politique\/benin-realisation-de-la-lei-periode-de-laffichage-de-la-liste-electorale"]}]},{"@type":"ImageObject","inLanguage":"fr-FR","@id":"https:\/\/www.africa-press.net\/benin\/politique\/benin-realisation-de-la-lei-periode-de-laffichage-de-la-liste-electorale#primaryimage","url":"https:\/\/static.africa-press.net\/benin\/sites\/46\/2022\/09\/postQueueImg_13-6314de913840e.jpg","contentUrl":"https:\/\/static.africa-press.net\/benin\/sites\/46\/2022\/09\/postQueueImg_13-6314de913840e.jpg","width":1209,"height":805,"caption":"B\u00e9nin \u2013 R\u00e9alisation de la lei: p\u00e9riode de l\u2019affichage de la liste \u00e9lectorale"},{"@type":"BreadcrumbList","@id":"https:\/\/www.africa-press.net\/benin\/politique\/benin-realisation-de-la-lei-periode-de-laffichage-de-la-liste-electorale#breadcrumb","itemListElement":[{"@type":"ListItem","position":1,"name":"Accueil","item":"https:\/\/www.africa-press.net\/benin\/"},{"@type":"ListItem","position":2,"name":"B\u00e9nin \u2013 R\u00e9alisation de la lei: p\u00e9riode de l\u2019affichage de la liste \u00e9lectorale"}]},{"@type":"WebSite","@id":"https:\/\/www.africa-press.net\/benin\/#website","url":"https:\/\/www.africa-press.net\/benin\/","name":"B\u00e9nin","description":"Just another Africa News Agency Sites site","potentialAction":[{"@type":"SearchAction","target":{"@type":"EntryPoint","urlTemplate":"https:\/\/www.africa-press.net\/benin\/?s={search_term_string}"},"query-input":{"@type":"PropertyValueSpecification","valueRequired":true,"valueName":"search_term_string"}}],"inLanguage":"fr-FR"},{"@type":"Person","@id":"https:\/\/www.africa-press.net\/benin\/#\/schema\/person\/2b1cf3cd81a31e3cd26889ca66d677f1","name":"cfeditorfr"}]}},"_links":{"self":[{"href":"https:\/\/www.africa-press.net\/benin\/wp-json\/wp\/v2\/posts\/8597","targetHints":{"allow":["GET"]}}],"collection":[{"href":"https:\/\/www.africa-press.net\/benin\/wp-json\/wp\/v2\/posts"}],"about":[{"href":"https:\/\/www.africa-press.net\/benin\/wp-json\/wp\/v2\/types\/post"}],"author":[{"embeddable":true,"href":"https:\/\/www.africa-press.net\/benin\/wp-json\/wp\/v2\/users\/82"}],"replies":[{"embeddable":true,"href":"https:\/\/www.africa-press.net\/benin\/wp-json\/wp\/v2\/comments?post=8597"}],"version-history":[{"count":0,"href":"https:\/\/www.africa-press.net\/benin\/wp-json\/wp\/v2\/posts\/8597\/revisions"}],"wp:featuredmedia":[{"embeddable":true,"href":"https:\/\/www.africa-press.net\/benin\/wp-json\/wp\/v2\/media\/8596"}],"wp:attachment":[{"href":"https:\/\/www.africa-press.net\/benin\/wp-json\/wp\/v2\/media?parent=8597"}],"wp:term":[{"taxonomy":"category","embeddable":true,"href":"https:\/\/www.africa-press.net\/benin\/wp-json\/wp\/v2\/categories?post=8597"},{"taxonomy":"post_tag","embeddable":true,"href":"https:\/\/www.africa-press.net\/benin\/wp-json\/wp\/v2\/tags?post=8597"}],"curies":[{"name":"wp","href":"https:\/\/api.w.org\/{rel}","templated":true}]}}