{"id":8600,"date":"2022-09-04T17:03:48","date_gmt":"2022-09-04T17:03:48","guid":{"rendered":"https:\/\/www.africa-press.net\/benin\/politique\/benin-le-mpl-lance-son-programme-emploi-au-profit-de-231-jeunes"},"modified":"2022-09-04T17:22:35","modified_gmt":"2022-09-04T17:22:35","slug":"benin-le-mpl-lance-son-programme-emploi-au-profit-de-231-jeunes","status":"publish","type":"post","link":"https:\/\/www.africa-press.net\/benin\/toutes-les-actualites\/benin-le-mpl-lance-son-programme-emploi-au-profit-de-231-jeunes","title":{"rendered":"B\u00e9nin: le MPL lance son Programme Emploi au profit de 231 jeunes"},"content":{"rendered":"<p><span style=\"color: #ff6600\"><strong>Africa-Press &#8211; Benin. <\/strong><\/span>Le Mouvement Populaire de Lib\u00e9ration (MPL) active son Programme Emploi au profit de 231 jeunes. Les b\u00e9n\u00e9ficiaires seront s\u00e9lectionn\u00e9s sur toute l\u2019\u00e9tendue du territoire national, \u00e0 raison de trois (03) par commune.<\/p>\n<p>En partenariat avec l\u2019ISAPAB, le Mouvement Populaire de Lib\u00e9ration a d\u00e9cid\u00e9 de prendre en charge la formation de 231 jeunes en sciences de l\u2019agronomie, une fili\u00e8re comp\u00e9titive sur le march\u00e9 de l\u2019emploi. Selon Exp\u00e9rience T\u00e8b\u00e8, ce Programme r\u00e9pond \u00e0 la vision du MPL qui est d\u00e9clin\u00e9e et ax\u00e9e sur la formation qualifiante des jeunes.<\/p>\n<p>Selon Samson Assangb\u00e9, le Programme Emploi du MPL a \u00e9t\u00e9 initi\u00e9<b> \u00ab pour orienter les jeunes vers les m\u00e9tiers d\u2019avenir qui sont en phase avec la vision du parti \u00bb<\/b>. Il faut souligner que le Projet met un accent particulier sur l\u2019autonomisation des femmes. Ainsi, au nombre des trois (03) b\u00e9n\u00e9ficiaires par commune, deux (02) places sont d\u2019office r\u00e9serv\u00e9es aux jeunes filles.<\/p>\n<p><strong>Pour plus d&rsquo;informations et d&rsquo;analyses sur la <a href=\"https:\/\/www.africa-press.net\/benin\">Benin<\/a>, suivez <a href=\"https:\/\/www.africa-press.net\/\">Africa-Press<\/a><\/strong><\/p>\n","protected":false},"excerpt":{"rendered":"<p>Africa-Press &#8211; Benin. Le Mouvement Populaire de Lib\u00e9ration (MPL) active son Programme Emploi au profit de 231 jeunes. Les b\u00e9n\u00e9ficiaires seront s\u00e9lectionn\u00e9s sur toute l\u2019\u00e9tendue du territoire national, \u00e0 raison de trois (03) par commune. En partenariat avec l\u2019ISAPAB, le Mouvement Populaire de Lib\u00e9ration a d\u00e9cid\u00e9 de prendre en charge la formation de 231 jeunes [&hellip;]<\/p>\n","protected":false},"author":82,"featured_media":8599,"comment_status":"open","ping_status":"closed","sticky":false,"template":"","format":"standard","meta":{"footnotes":""},"categories":[21,11,10],"tags":[36,50,45],"class_list":["post-8600","post","type-post","status-publish","format-standard","has-post-thumbnail","hentry","category-communaute","category-homepage-french","category-toutes-les-actualites","tag-africa-press","tag-africa-press-benin","tag-benin"],"yoast_head":"<!-- This site is optimized with the Yoast SEO Premium plugin v26.1 (Yoast SEO v27.0) - https:\/\/yoast.com\/product\/yoast-seo-premium-wordpress\/ -->\n<title>B\u00e9nin: le MPL lance son Programme Emploi au profit de 231 jeunes - B\u00e9nin<\/title>\n<meta name=\"description\" content=\"Le Mouvement Populaire de Lib\u00e9ration (MPL) active son Programme Emploi au profit de 231 jeunes. Les b\u00e9n\u00e9ficiaires seront ...\" \/>\n<meta name=\"robots\" content=\"index, follow, max-snippet:-1, max-image-preview:large, max-video-preview:-1\" \/>\n<link rel=\"canonical\" href=\"https:\/\/www.africa-press.net\/benin\/toutes-les-actualites\/benin-le-mpl-lance-son-programme-emploi-au-profit-de-231-jeunes\" \/>\n<meta property=\"og:locale\" content=\"fr_FR\" \/>\n<meta property=\"og:type\" content=\"article\" \/>\n<meta property=\"og:title\" content=\"B\u00e9nin: le MPL lance son Programme Emploi au profit de 231 jeunes\" \/>\n<meta property=\"og:description\" content=\"Le Mouvement Populaire de Lib\u00e9ration (MPL) active son Programme Emploi au profit de 231 jeunes. Les b\u00e9n\u00e9ficiaires seront ...\" \/>\n<meta property=\"og:url\" content=\"https:\/\/www.africa-press.net\/benin\/toutes-les-actualites\/benin-le-mpl-lance-son-programme-emploi-au-profit-de-231-jeunes\" \/>\n<meta property=\"og:site_name\" content=\"B\u00e9nin\" \/>\n<meta property=\"article:published_time\" content=\"2022-09-04T17:03:48+00:00\" \/>\n<meta property=\"article:modified_time\" content=\"2022-09-04T17:22:35+00:00\" \/>\n<meta property=\"og:image\" content=\"https:\/\/static.africa-press.net\/benin\/sites\/46\/2022\/09\/postQueueImg_14-6314deb7cd007.jpg\" \/>\n\t<meta property=\"og:image:width\" content=\"1280\" \/>\n\t<meta property=\"og:image:height\" content=\"960\" \/>\n\t<meta property=\"og:image:type\" content=\"image\/jpeg\" \/>\n<meta name=\"author\" content=\"cfeditorfr\" \/>\n<meta name=\"twitter:card\" content=\"summary_large_image\" \/>\n<meta name=\"twitter:label1\" content=\"\u00c9crit par\" \/>\n\t<meta name=\"twitter:data1\" content=\"cfeditorfr\" \/>\n\t<meta name=\"twitter:label2\" content=\"Dur\u00e9e de lecture estim\u00e9e\" \/>\n\t<meta name=\"twitter:data2\" content=\"1 minute\" \/>\n<script type=\"application\/ld+json\" class=\"yoast-schema-graph\">{\"@context\":\"https:\/\/schema.org\",\"@graph\":[{\"@type\":\"Article\",\"@id\":\"https:\/\/www.africa-press.net\/benin\/toutes-les-actualites\/benin-le-mpl-lance-son-programme-emploi-au-profit-de-231-jeunes#article\",\"isPartOf\":{\"@id\":\"https:\/\/www.africa-press.net\/benin\/toutes-les-actualites\/benin-le-mpl-lance-son-programme-emploi-au-profit-de-231-jeunes\"},\"author\":{\"name\":\"cfeditorfr\",\"@id\":\"https:\/\/www.africa-press.net\/benin\/#\/schema\/person\/2b1cf3cd81a31e3cd26889ca66d677f1\"},\"headline\":\"B\u00e9nin: le MPL lance son Programme Emploi au profit de 231 jeunes\",\"datePublished\":\"2022-09-04T17:03:48+00:00\",\"dateModified\":\"2022-09-04T17:22:35+00:00\",\"mainEntityOfPage\":{\"@id\":\"https:\/\/www.africa-press.net\/benin\/toutes-les-actualites\/benin-le-mpl-lance-son-programme-emploi-au-profit-de-231-jeunes\"},\"wordCount\":193,\"commentCount\":0,\"image\":{\"@id\":\"https:\/\/www.africa-press.net\/benin\/toutes-les-actualites\/benin-le-mpl-lance-son-programme-emploi-au-profit-de-231-jeunes#primaryimage\"},\"thumbnailUrl\":\"https:\/\/static.africa-press.net\/benin\/sites\/46\/2022\/09\/postQueueImg_14-6314deb7cd007.jpg\",\"keywords\":[\"Africa Press\",\"Africa Press-Benin\",\"B\u00e9nin\"],\"articleSection\":[\"Communaut\u00e9\",\"homepage-french\",\"Toutes les actualit\u00e9s\"],\"inLanguage\":\"fr-FR\",\"potentialAction\":[{\"@type\":\"CommentAction\",\"name\":\"Comment\",\"target\":[\"https:\/\/www.africa-press.net\/benin\/toutes-les-actualites\/benin-le-mpl-lance-son-programme-emploi-au-profit-de-231-jeunes#respond\"]}]},{\"@type\":\"WebPage\",\"@id\":\"https:\/\/www.africa-press.net\/benin\/toutes-les-actualites\/benin-le-mpl-lance-son-programme-emploi-au-profit-de-231-jeunes\",\"url\":\"https:\/\/www.africa-press.net\/benin\/toutes-les-actualites\/benin-le-mpl-lance-son-programme-emploi-au-profit-de-231-jeunes\",\"name\":\"B\u00e9nin: le MPL lance son Programme Emploi au profit de 231 jeunes - B\u00e9nin\",\"isPartOf\":{\"@id\":\"https:\/\/www.africa-press.net\/benin\/#website\"},\"primaryImageOfPage\":{\"@id\":\"https:\/\/www.africa-press.net\/benin\/toutes-les-actualites\/benin-le-mpl-lance-son-programme-emploi-au-profit-de-231-jeunes#primaryimage\"},\"image\":{\"@id\":\"https:\/\/www.africa-press.net\/benin\/toutes-les-actualites\/benin-le-mpl-lance-son-programme-emploi-au-profit-de-231-jeunes#primaryimage\"},\"thumbnailUrl\":\"https:\/\/static.africa-press.net\/benin\/sites\/46\/2022\/09\/postQueueImg_14-6314deb7cd007.jpg\",\"datePublished\":\"2022-09-04T17:03:48+00:00\",\"dateModified\":\"2022-09-04T17:22:35+00:00\",\"author\":{\"@id\":\"https:\/\/www.africa-press.net\/benin\/#\/schema\/person\/2b1cf3cd81a31e3cd26889ca66d677f1\"},\"description\":\"Le Mouvement Populaire de Lib\u00e9ration (MPL) active son Programme Emploi au profit de 231 jeunes. Les b\u00e9n\u00e9ficiaires seront ...\",\"breadcrumb\":{\"@id\":\"https:\/\/www.africa-press.net\/benin\/toutes-les-actualites\/benin-le-mpl-lance-son-programme-emploi-au-profit-de-231-jeunes#breadcrumb\"},\"inLanguage\":\"fr-FR\",\"potentialAction\":[{\"@type\":\"ReadAction\",\"target\":[\"https:\/\/www.africa-press.net\/benin\/toutes-les-actualites\/benin-le-mpl-lance-son-programme-emploi-au-profit-de-231-jeunes\"]}]},{\"@type\":\"ImageObject\",\"inLanguage\":\"fr-FR\",\"@id\":\"https:\/\/www.africa-press.net\/benin\/toutes-les-actualites\/benin-le-mpl-lance-son-programme-emploi-au-profit-de-231-jeunes#primaryimage\",\"url\":\"https:\/\/static.africa-press.net\/benin\/sites\/46\/2022\/09\/postQueueImg_14-6314deb7cd007.jpg\",\"contentUrl\":\"https:\/\/static.africa-press.net\/benin\/sites\/46\/2022\/09\/postQueueImg_14-6314deb7cd007.jpg\",\"width\":1280,\"height\":960,\"caption\":\"B\u00e9nin: le MPL lance son Programme Emploi au profit de 231 jeunes\"},{\"@type\":\"BreadcrumbList\",\"@id\":\"https:\/\/www.africa-press.net\/benin\/toutes-les-actualites\/benin-le-mpl-lance-son-programme-emploi-au-profit-de-231-jeunes#breadcrumb\",\"itemListElement\":[{\"@type\":\"ListItem\",\"position\":1,\"name\":\"Accueil\",\"item\":\"https:\/\/www.africa-press.net\/benin\/\"},{\"@type\":\"ListItem\",\"position\":2,\"name\":\"B\u00e9nin: le MPL lance son Programme Emploi au profit de 231 jeunes\"}]},{\"@type\":\"WebSite\",\"@id\":\"https:\/\/www.africa-press.net\/benin\/#website\",\"url\":\"https:\/\/www.africa-press.net\/benin\/\",\"name\":\"B\u00e9nin\",\"description\":\"Just another Africa News Agency Sites site\",\"potentialAction\":[{\"@type\":\"SearchAction\",\"target\":{\"@type\":\"EntryPoint\",\"urlTemplate\":\"https:\/\/www.africa-press.net\/benin\/?s={search_term_string}\"},\"query-input\":{\"@type\":\"PropertyValueSpecification\",\"valueRequired\":true,\"valueName\":\"search_term_string\"}}],\"inLanguage\":\"fr-FR\"},{\"@type\":\"Person\",\"@id\":\"https:\/\/www.africa-press.net\/benin\/#\/schema\/person\/2b1cf3cd81a31e3cd26889ca66d677f1\",\"name\":\"cfeditorfr\"}]}<\/script>\n<!-- \/ Yoast SEO Premium plugin. -->","yoast_head_json":{"title":"B\u00e9nin: le MPL lance son Programme Emploi au profit de 231 jeunes - B\u00e9nin","description":"Le Mouvement Populaire de Lib\u00e9ration (MPL) active son Programme Emploi au profit de 231 jeunes. Les b\u00e9n\u00e9ficiaires seront ...","robots":{"index":"index","follow":"follow","max-snippet":"max-snippet:-1","max-image-preview":"max-image-preview:large","max-video-preview":"max-video-preview:-1"},"canonical":"https:\/\/www.africa-press.net\/benin\/toutes-les-actualites\/benin-le-mpl-lance-son-programme-emploi-au-profit-de-231-jeunes","og_locale":"fr_FR","og_type":"article","og_title":"B\u00e9nin: le MPL lance son Programme Emploi au profit de 231 jeunes","og_description":"Le Mouvement Populaire de Lib\u00e9ration (MPL) active son Programme Emploi au profit de 231 jeunes. Les b\u00e9n\u00e9ficiaires seront ...","og_url":"https:\/\/www.africa-press.net\/benin\/toutes-les-actualites\/benin-le-mpl-lance-son-programme-emploi-au-profit-de-231-jeunes","og_site_name":"B\u00e9nin","article_published_time":"2022-09-04T17:03:48+00:00","article_modified_time":"2022-09-04T17:22:35+00:00","og_image":[{"width":1280,"height":960,"url":"https:\/\/static.africa-press.net\/benin\/sites\/46\/2022\/09\/postQueueImg_14-6314deb7cd007.jpg","type":"image\/jpeg"}],"author":"cfeditorfr","twitter_card":"summary_large_image","twitter_misc":{"\u00c9crit par":"cfeditorfr","Dur\u00e9e de lecture estim\u00e9e":"1 minute"},"schema":{"@context":"https:\/\/schema.org","@graph":[{"@type":"Article","@id":"https:\/\/www.africa-press.net\/benin\/toutes-les-actualites\/benin-le-mpl-lance-son-programme-emploi-au-profit-de-231-jeunes#article","isPartOf":{"@id":"https:\/\/www.africa-press.net\/benin\/toutes-les-actualites\/benin-le-mpl-lance-son-programme-emploi-au-profit-de-231-jeunes"},"author":{"name":"cfeditorfr","@id":"https:\/\/www.africa-press.net\/benin\/#\/schema\/person\/2b1cf3cd81a31e3cd26889ca66d677f1"},"headline":"B\u00e9nin: le MPL lance son Programme Emploi au profit de 231 jeunes","datePublished":"2022-09-04T17:03:48+00:00","dateModified":"2022-09-04T17:22:35+00:00","mainEntityOfPage":{"@id":"https:\/\/www.africa-press.net\/benin\/toutes-les-actualites\/benin-le-mpl-lance-son-programme-emploi-au-profit-de-231-jeunes"},"wordCount":193,"commentCount":0,"image":{"@id":"https:\/\/www.africa-press.net\/benin\/toutes-les-actualites\/benin-le-mpl-lance-son-programme-emploi-au-profit-de-231-jeunes#primaryimage"},"thumbnailUrl":"https:\/\/static.africa-press.net\/benin\/sites\/46\/2022\/09\/postQueueImg_14-6314deb7cd007.jpg","keywords":["Africa Press","Africa Press-Benin","B\u00e9nin"],"articleSection":["Communaut\u00e9","homepage-french","Toutes les actualit\u00e9s"],"inLanguage":"fr-FR","potentialAction":[{"@type":"CommentAction","name":"Comment","target":["https:\/\/www.africa-press.net\/benin\/toutes-les-actualites\/benin-le-mpl-lance-son-programme-emploi-au-profit-de-231-jeunes#respond"]}]},{"@type":"WebPage","@id":"https:\/\/www.africa-press.net\/benin\/toutes-les-actualites\/benin-le-mpl-lance-son-programme-emploi-au-profit-de-231-jeunes","url":"https:\/\/www.africa-press.net\/benin\/toutes-les-actualites\/benin-le-mpl-lance-son-programme-emploi-au-profit-de-231-jeunes","name":"B\u00e9nin: le MPL lance son Programme Emploi au profit de 231 jeunes - B\u00e9nin","isPartOf":{"@id":"https:\/\/www.africa-press.net\/benin\/#website"},"primaryImageOfPage":{"@id":"https:\/\/www.africa-press.net\/benin\/toutes-les-actualites\/benin-le-mpl-lance-son-programme-emploi-au-profit-de-231-jeunes#primaryimage"},"image":{"@id":"https:\/\/www.africa-press.net\/benin\/toutes-les-actualites\/benin-le-mpl-lance-son-programme-emploi-au-profit-de-231-jeunes#primaryimage"},"thumbnailUrl":"https:\/\/static.africa-press.net\/benin\/sites\/46\/2022\/09\/postQueueImg_14-6314deb7cd007.jpg","datePublished":"2022-09-04T17:03:48+00:00","dateModified":"2022-09-04T17:22:35+00:00","author":{"@id":"https:\/\/www.africa-press.net\/benin\/#\/schema\/person\/2b1cf3cd81a31e3cd26889ca66d677f1"},"description":"Le Mouvement Populaire de Lib\u00e9ration (MPL) active son Programme Emploi au profit de 231 jeunes. Les b\u00e9n\u00e9ficiaires seront ...","breadcrumb":{"@id":"https:\/\/www.africa-press.net\/benin\/toutes-les-actualites\/benin-le-mpl-lance-son-programme-emploi-au-profit-de-231-jeunes#breadcrumb"},"inLanguage":"fr-FR","potentialAction":[{"@type":"ReadAction","target":["https:\/\/www.africa-press.net\/benin\/toutes-les-actualites\/benin-le-mpl-lance-son-programme-emploi-au-profit-de-231-jeunes"]}]},{"@type":"ImageObject","inLanguage":"fr-FR","@id":"https:\/\/www.africa-press.net\/benin\/toutes-les-actualites\/benin-le-mpl-lance-son-programme-emploi-au-profit-de-231-jeunes#primaryimage","url":"https:\/\/static.africa-press.net\/benin\/sites\/46\/2022\/09\/postQueueImg_14-6314deb7cd007.jpg","contentUrl":"https:\/\/static.africa-press.net\/benin\/sites\/46\/2022\/09\/postQueueImg_14-6314deb7cd007.jpg","width":1280,"height":960,"caption":"B\u00e9nin: le MPL lance son Programme Emploi au profit de 231 jeunes"},{"@type":"BreadcrumbList","@id":"https:\/\/www.africa-press.net\/benin\/toutes-les-actualites\/benin-le-mpl-lance-son-programme-emploi-au-profit-de-231-jeunes#breadcrumb","itemListElement":[{"@type":"ListItem","position":1,"name":"Accueil","item":"https:\/\/www.africa-press.net\/benin\/"},{"@type":"ListItem","position":2,"name":"B\u00e9nin: le MPL lance son Programme Emploi au profit de 231 jeunes"}]},{"@type":"WebSite","@id":"https:\/\/www.africa-press.net\/benin\/#website","url":"https:\/\/www.africa-press.net\/benin\/","name":"B\u00e9nin","description":"Just another Africa News Agency Sites site","potentialAction":[{"@type":"SearchAction","target":{"@type":"EntryPoint","urlTemplate":"https:\/\/www.africa-press.net\/benin\/?s={search_term_string}"},"query-input":{"@type":"PropertyValueSpecification","valueRequired":true,"valueName":"search_term_string"}}],"inLanguage":"fr-FR"},{"@type":"Person","@id":"https:\/\/www.africa-press.net\/benin\/#\/schema\/person\/2b1cf3cd81a31e3cd26889ca66d677f1","name":"cfeditorfr"}]}},"_links":{"self":[{"href":"https:\/\/www.africa-press.net\/benin\/wp-json\/wp\/v2\/posts\/8600","targetHints":{"allow":["GET"]}}],"collection":[{"href":"https:\/\/www.africa-press.net\/benin\/wp-json\/wp\/v2\/posts"}],"about":[{"href":"https:\/\/www.africa-press.net\/benin\/wp-json\/wp\/v2\/types\/post"}],"author":[{"embeddable":true,"href":"https:\/\/www.africa-press.net\/benin\/wp-json\/wp\/v2\/users\/82"}],"replies":[{"embeddable":true,"href":"https:\/\/www.africa-press.net\/benin\/wp-json\/wp\/v2\/comments?post=8600"}],"version-history":[{"count":0,"href":"https:\/\/www.africa-press.net\/benin\/wp-json\/wp\/v2\/posts\/8600\/revisions"}],"wp:featuredmedia":[{"embeddable":true,"href":"https:\/\/www.africa-press.net\/benin\/wp-json\/wp\/v2\/media\/8599"}],"wp:attachment":[{"href":"https:\/\/www.africa-press.net\/benin\/wp-json\/wp\/v2\/media?parent=8600"}],"wp:term":[{"taxonomy":"category","embeddable":true,"href":"https:\/\/www.africa-press.net\/benin\/wp-json\/wp\/v2\/categories?post=8600"},{"taxonomy":"post_tag","embeddable":true,"href":"https:\/\/www.africa-press.net\/benin\/wp-json\/wp\/v2\/tags?post=8600"}],"curies":[{"name":"wp","href":"https:\/\/api.w.org\/{rel}","templated":true}]}}