{"id":8606,"date":"2022-09-04T17:04:03","date_gmt":"2022-09-04T17:04:03","guid":{"rendered":"https:\/\/www.africa-press.net\/benin\/politique\/up-le-renouveau-le-nombre-en-militants-ne-fait-pas-le-chiffre-en-sieges-joseph-djogbenou"},"modified":"2022-09-04T17:23:56","modified_gmt":"2022-09-04T17:23:56","slug":"up-le-renouveau-le-nombre-en-militants-ne-fait-pas-le-chiffre-en-sieges-joseph-djogbenou","status":"publish","type":"post","link":"https:\/\/www.africa-press.net\/benin\/politique\/up-le-renouveau-le-nombre-en-militants-ne-fait-pas-le-chiffre-en-sieges-joseph-djogbenou","title":{"rendered":"UP le Renouveau: \u00ab\u00a0le nombre en militants ne fait pas le chiffre en si\u00e8ges\u00a0\u00bb, Joseph Djogb\u00e9nou"},"content":{"rendered":"<p><span style=\"color: #ff6600\"><strong>Africa-Press &#8211; Benin. <\/strong><\/span>Face \u00e0 la vague d\u2019adh\u00e9sion enregistr\u00e9e ces derniers jours par l\u2019UP le Renouveau, Joseph Djogb\u00e9nou s\u2019est adress\u00e9 aux militants du parti. A travers un message publi\u00e9 ce dimanche 04 septembre 2022, le pr\u00e9sident des progressistes a invit\u00e9 les siens \u00e0 la concentration.<\/p>\n<p>Il faut rester concentrer et ne pas se laisser distraire par l\u2019euphorie de la vague d\u2019adh\u00e9sion. C\u2019est le message que le pr\u00e9sident de l\u2019UP le Renouveau a adress\u00e9 aux militants ce dimanche. Pour Joseph Djogb\u00e9nou, la machine UP le Renouveau est en plein ratissage \u00e0 travers le pays, mais \u00ab rien n\u2019est encore gagn\u00e9 \u00bb.<\/p>\n<p>Certes, les adh\u00e9sions constat\u00e9es et consacr\u00e9es cette semaine, sont la preuve qu\u2019avec les p\u00e8res fondateurs, nous ne nous sommes point tromp\u00e9s de chemin. Mais chacun sait qu\u2019aussi n\u00e9cessaires et importantes qu\u2019elles soient, les adh\u00e9sions ne font pas, \u00e0 elles seules, les r\u00e9sultats \u00e9lectoraux.<\/p>\n<p>Il a rappel\u00e9 \u00e0 l\u2019attention des militantes et militants que \u00ab seul, le travail acharn\u00e9, accompli avec humilit\u00e9, saisit l\u2019\u00e9lecteur et le d\u00e9cide \u00e0 adh\u00e9rer \u00e0 l\u2019offre politique qui lui est faite \u00bb. \u00ab Nous vous engageons \u00e0 ne pas perdre de vue cette donn\u00e9e politique que le nombre (en militants) ne fait pas le chiffre (en si\u00e8ges). Or seul, le chiffre (en si\u00e8ges) conforte, renforce et amplifie le nombre (en militants) \u00bb, a-t-il martel\u00e9.<\/p>\n<p><strong>Pour plus d&rsquo;informations et d&rsquo;analyses sur la <a href=\"https:\/\/www.africa-press.net\/benin\">Benin<\/a>, suivez <a href=\"https:\/\/www.africa-press.net\/\">Africa-Press<\/a><\/strong><\/p>\n","protected":false},"excerpt":{"rendered":"<p>Africa-Press &#8211; Benin. Face \u00e0 la vague d\u2019adh\u00e9sion enregistr\u00e9e ces derniers jours par l\u2019UP le Renouveau, Joseph Djogb\u00e9nou s\u2019est adress\u00e9 aux militants du parti. A travers un message publi\u00e9 ce dimanche 04 septembre 2022, le pr\u00e9sident des progressistes a invit\u00e9 les siens \u00e0 la concentration. Il faut rester concentrer et ne pas se laisser distraire [&hellip;]<\/p>\n","protected":false},"author":82,"featured_media":8605,"comment_status":"open","ping_status":"closed","sticky":false,"template":"","format":"standard","meta":{"footnotes":""},"categories":[11,2,10],"tags":[36,50,45],"class_list":["post-8606","post","type-post","status-publish","format-standard","has-post-thumbnail","hentry","category-homepage-french","category-politique","category-toutes-les-actualites","tag-africa-press","tag-africa-press-benin","tag-benin"],"yoast_head":"<!-- This site is optimized with the Yoast SEO Premium plugin v26.1 (Yoast SEO v27.0) - https:\/\/yoast.com\/product\/yoast-seo-premium-wordpress\/ -->\n<title>UP le Renouveau: \u00ab\u00a0le nombre en militants ne fait pas le chiffre en si\u00e8ges\u00a0\u00bb, Joseph Djogb\u00e9nou - B\u00e9nin<\/title>\n<meta name=\"description\" content=\"Face \u00e0 la vague d\u2019adh\u00e9sion enregistr\u00e9e ces derniers jours par l\u2019UP le Renouveau, Joseph Djogb\u00e9nou s\u2019est adress\u00e9 aux mili ...\" \/>\n<meta name=\"robots\" content=\"index, follow, max-snippet:-1, max-image-preview:large, max-video-preview:-1\" \/>\n<link rel=\"canonical\" href=\"https:\/\/www.africa-press.net\/benin\/politique\/up-le-renouveau-le-nombre-en-militants-ne-fait-pas-le-chiffre-en-sieges-joseph-djogbenou\" \/>\n<meta property=\"og:locale\" content=\"fr_FR\" \/>\n<meta property=\"og:type\" content=\"article\" \/>\n<meta property=\"og:title\" content=\"UP le Renouveau: \u00ab\u00a0le nombre en militants ne fait pas le chiffre en si\u00e8ges\u00a0\u00bb, Joseph Djogb\u00e9nou\" \/>\n<meta property=\"og:description\" content=\"Face \u00e0 la vague d\u2019adh\u00e9sion enregistr\u00e9e ces derniers jours par l\u2019UP le Renouveau, Joseph Djogb\u00e9nou s\u2019est adress\u00e9 aux mili ...\" \/>\n<meta property=\"og:url\" content=\"https:\/\/www.africa-press.net\/benin\/politique\/up-le-renouveau-le-nombre-en-militants-ne-fait-pas-le-chiffre-en-sieges-joseph-djogbenou\" \/>\n<meta property=\"og:site_name\" content=\"B\u00e9nin\" \/>\n<meta property=\"article:published_time\" content=\"2022-09-04T17:04:03+00:00\" \/>\n<meta property=\"article:modified_time\" content=\"2022-09-04T17:23:56+00:00\" \/>\n<meta property=\"og:image\" content=\"https:\/\/static.africa-press.net\/benin\/sites\/46\/2022\/09\/postQueueImg_16-6314df0b9b251.jpg\" \/>\n\t<meta property=\"og:image:width\" content=\"1200\" \/>\n\t<meta property=\"og:image:height\" content=\"675\" \/>\n\t<meta property=\"og:image:type\" content=\"image\/jpeg\" \/>\n<meta name=\"author\" content=\"cfeditorfr\" \/>\n<meta name=\"twitter:card\" content=\"summary_large_image\" \/>\n<meta name=\"twitter:label1\" content=\"\u00c9crit par\" \/>\n\t<meta name=\"twitter:data1\" content=\"cfeditorfr\" \/>\n\t<meta name=\"twitter:label2\" content=\"Dur\u00e9e de lecture estim\u00e9e\" \/>\n\t<meta name=\"twitter:data2\" content=\"2 minutes\" \/>\n<script type=\"application\/ld+json\" class=\"yoast-schema-graph\">{\"@context\":\"https:\/\/schema.org\",\"@graph\":[{\"@type\":\"Article\",\"@id\":\"https:\/\/www.africa-press.net\/benin\/politique\/up-le-renouveau-le-nombre-en-militants-ne-fait-pas-le-chiffre-en-sieges-joseph-djogbenou#article\",\"isPartOf\":{\"@id\":\"https:\/\/www.africa-press.net\/benin\/politique\/up-le-renouveau-le-nombre-en-militants-ne-fait-pas-le-chiffre-en-sieges-joseph-djogbenou\"},\"author\":{\"name\":\"cfeditorfr\",\"@id\":\"https:\/\/www.africa-press.net\/benin\/#\/schema\/person\/2b1cf3cd81a31e3cd26889ca66d677f1\"},\"headline\":\"UP le Renouveau: \u00ab\u00a0le nombre en militants ne fait pas le chiffre en si\u00e8ges\u00a0\u00bb, Joseph Djogb\u00e9nou\",\"datePublished\":\"2022-09-04T17:04:03+00:00\",\"dateModified\":\"2022-09-04T17:23:56+00:00\",\"mainEntityOfPage\":{\"@id\":\"https:\/\/www.africa-press.net\/benin\/politique\/up-le-renouveau-le-nombre-en-militants-ne-fait-pas-le-chiffre-en-sieges-joseph-djogbenou\"},\"wordCount\":266,\"commentCount\":0,\"image\":{\"@id\":\"https:\/\/www.africa-press.net\/benin\/politique\/up-le-renouveau-le-nombre-en-militants-ne-fait-pas-le-chiffre-en-sieges-joseph-djogbenou#primaryimage\"},\"thumbnailUrl\":\"https:\/\/static.africa-press.net\/benin\/sites\/46\/2022\/09\/postQueueImg_16-6314df0b9b251.jpg\",\"keywords\":[\"Africa Press\",\"Africa Press-Benin\",\"B\u00e9nin\"],\"articleSection\":[\"homepage-french\",\"Politique\",\"Toutes les actualit\u00e9s\"],\"inLanguage\":\"fr-FR\",\"potentialAction\":[{\"@type\":\"CommentAction\",\"name\":\"Comment\",\"target\":[\"https:\/\/www.africa-press.net\/benin\/politique\/up-le-renouveau-le-nombre-en-militants-ne-fait-pas-le-chiffre-en-sieges-joseph-djogbenou#respond\"]}]},{\"@type\":\"WebPage\",\"@id\":\"https:\/\/www.africa-press.net\/benin\/politique\/up-le-renouveau-le-nombre-en-militants-ne-fait-pas-le-chiffre-en-sieges-joseph-djogbenou\",\"url\":\"https:\/\/www.africa-press.net\/benin\/politique\/up-le-renouveau-le-nombre-en-militants-ne-fait-pas-le-chiffre-en-sieges-joseph-djogbenou\",\"name\":\"UP le Renouveau: \u00ab\u00a0le nombre en militants ne fait pas le chiffre en si\u00e8ges\u00a0\u00bb, Joseph Djogb\u00e9nou - B\u00e9nin\",\"isPartOf\":{\"@id\":\"https:\/\/www.africa-press.net\/benin\/#website\"},\"primaryImageOfPage\":{\"@id\":\"https:\/\/www.africa-press.net\/benin\/politique\/up-le-renouveau-le-nombre-en-militants-ne-fait-pas-le-chiffre-en-sieges-joseph-djogbenou#primaryimage\"},\"image\":{\"@id\":\"https:\/\/www.africa-press.net\/benin\/politique\/up-le-renouveau-le-nombre-en-militants-ne-fait-pas-le-chiffre-en-sieges-joseph-djogbenou#primaryimage\"},\"thumbnailUrl\":\"https:\/\/static.africa-press.net\/benin\/sites\/46\/2022\/09\/postQueueImg_16-6314df0b9b251.jpg\",\"datePublished\":\"2022-09-04T17:04:03+00:00\",\"dateModified\":\"2022-09-04T17:23:56+00:00\",\"author\":{\"@id\":\"https:\/\/www.africa-press.net\/benin\/#\/schema\/person\/2b1cf3cd81a31e3cd26889ca66d677f1\"},\"description\":\"Face \u00e0 la vague d\u2019adh\u00e9sion enregistr\u00e9e ces derniers jours par l\u2019UP le Renouveau, Joseph Djogb\u00e9nou s\u2019est adress\u00e9 aux mili ...\",\"breadcrumb\":{\"@id\":\"https:\/\/www.africa-press.net\/benin\/politique\/up-le-renouveau-le-nombre-en-militants-ne-fait-pas-le-chiffre-en-sieges-joseph-djogbenou#breadcrumb\"},\"inLanguage\":\"fr-FR\",\"potentialAction\":[{\"@type\":\"ReadAction\",\"target\":[\"https:\/\/www.africa-press.net\/benin\/politique\/up-le-renouveau-le-nombre-en-militants-ne-fait-pas-le-chiffre-en-sieges-joseph-djogbenou\"]}]},{\"@type\":\"ImageObject\",\"inLanguage\":\"fr-FR\",\"@id\":\"https:\/\/www.africa-press.net\/benin\/politique\/up-le-renouveau-le-nombre-en-militants-ne-fait-pas-le-chiffre-en-sieges-joseph-djogbenou#primaryimage\",\"url\":\"https:\/\/static.africa-press.net\/benin\/sites\/46\/2022\/09\/postQueueImg_16-6314df0b9b251.jpg\",\"contentUrl\":\"https:\/\/static.africa-press.net\/benin\/sites\/46\/2022\/09\/postQueueImg_16-6314df0b9b251.jpg\",\"width\":1200,\"height\":675,\"caption\":\"UP le Renouveau: \u00ab\u00a0le nombre en militants ne fait pas le chiffre en si\u00e8ges\u00a0\u00bb, Joseph Djogb\u00e9nou\"},{\"@type\":\"BreadcrumbList\",\"@id\":\"https:\/\/www.africa-press.net\/benin\/politique\/up-le-renouveau-le-nombre-en-militants-ne-fait-pas-le-chiffre-en-sieges-joseph-djogbenou#breadcrumb\",\"itemListElement\":[{\"@type\":\"ListItem\",\"position\":1,\"name\":\"Accueil\",\"item\":\"https:\/\/www.africa-press.net\/benin\/\"},{\"@type\":\"ListItem\",\"position\":2,\"name\":\"UP le Renouveau: \u00ab\u00a0le nombre en militants ne fait pas le chiffre en si\u00e8ges\u00a0\u00bb, Joseph Djogb\u00e9nou\"}]},{\"@type\":\"WebSite\",\"@id\":\"https:\/\/www.africa-press.net\/benin\/#website\",\"url\":\"https:\/\/www.africa-press.net\/benin\/\",\"name\":\"B\u00e9nin\",\"description\":\"Just another Africa News Agency Sites site\",\"potentialAction\":[{\"@type\":\"SearchAction\",\"target\":{\"@type\":\"EntryPoint\",\"urlTemplate\":\"https:\/\/www.africa-press.net\/benin\/?s={search_term_string}\"},\"query-input\":{\"@type\":\"PropertyValueSpecification\",\"valueRequired\":true,\"valueName\":\"search_term_string\"}}],\"inLanguage\":\"fr-FR\"},{\"@type\":\"Person\",\"@id\":\"https:\/\/www.africa-press.net\/benin\/#\/schema\/person\/2b1cf3cd81a31e3cd26889ca66d677f1\",\"name\":\"cfeditorfr\"}]}<\/script>\n<!-- \/ Yoast SEO Premium plugin. -->","yoast_head_json":{"title":"UP le Renouveau: \u00ab\u00a0le nombre en militants ne fait pas le chiffre en si\u00e8ges\u00a0\u00bb, Joseph Djogb\u00e9nou - B\u00e9nin","description":"Face \u00e0 la vague d\u2019adh\u00e9sion enregistr\u00e9e ces derniers jours par l\u2019UP le Renouveau, Joseph Djogb\u00e9nou s\u2019est adress\u00e9 aux mili ...","robots":{"index":"index","follow":"follow","max-snippet":"max-snippet:-1","max-image-preview":"max-image-preview:large","max-video-preview":"max-video-preview:-1"},"canonical":"https:\/\/www.africa-press.net\/benin\/politique\/up-le-renouveau-le-nombre-en-militants-ne-fait-pas-le-chiffre-en-sieges-joseph-djogbenou","og_locale":"fr_FR","og_type":"article","og_title":"UP le Renouveau: \u00ab\u00a0le nombre en militants ne fait pas le chiffre en si\u00e8ges\u00a0\u00bb, Joseph Djogb\u00e9nou","og_description":"Face \u00e0 la vague d\u2019adh\u00e9sion enregistr\u00e9e ces derniers jours par l\u2019UP le Renouveau, Joseph Djogb\u00e9nou s\u2019est adress\u00e9 aux mili ...","og_url":"https:\/\/www.africa-press.net\/benin\/politique\/up-le-renouveau-le-nombre-en-militants-ne-fait-pas-le-chiffre-en-sieges-joseph-djogbenou","og_site_name":"B\u00e9nin","article_published_time":"2022-09-04T17:04:03+00:00","article_modified_time":"2022-09-04T17:23:56+00:00","og_image":[{"width":1200,"height":675,"url":"https:\/\/static.africa-press.net\/benin\/sites\/46\/2022\/09\/postQueueImg_16-6314df0b9b251.jpg","type":"image\/jpeg"}],"author":"cfeditorfr","twitter_card":"summary_large_image","twitter_misc":{"\u00c9crit par":"cfeditorfr","Dur\u00e9e de lecture estim\u00e9e":"2 minutes"},"schema":{"@context":"https:\/\/schema.org","@graph":[{"@type":"Article","@id":"https:\/\/www.africa-press.net\/benin\/politique\/up-le-renouveau-le-nombre-en-militants-ne-fait-pas-le-chiffre-en-sieges-joseph-djogbenou#article","isPartOf":{"@id":"https:\/\/www.africa-press.net\/benin\/politique\/up-le-renouveau-le-nombre-en-militants-ne-fait-pas-le-chiffre-en-sieges-joseph-djogbenou"},"author":{"name":"cfeditorfr","@id":"https:\/\/www.africa-press.net\/benin\/#\/schema\/person\/2b1cf3cd81a31e3cd26889ca66d677f1"},"headline":"UP le Renouveau: \u00ab\u00a0le nombre en militants ne fait pas le chiffre en si\u00e8ges\u00a0\u00bb, Joseph Djogb\u00e9nou","datePublished":"2022-09-04T17:04:03+00:00","dateModified":"2022-09-04T17:23:56+00:00","mainEntityOfPage":{"@id":"https:\/\/www.africa-press.net\/benin\/politique\/up-le-renouveau-le-nombre-en-militants-ne-fait-pas-le-chiffre-en-sieges-joseph-djogbenou"},"wordCount":266,"commentCount":0,"image":{"@id":"https:\/\/www.africa-press.net\/benin\/politique\/up-le-renouveau-le-nombre-en-militants-ne-fait-pas-le-chiffre-en-sieges-joseph-djogbenou#primaryimage"},"thumbnailUrl":"https:\/\/static.africa-press.net\/benin\/sites\/46\/2022\/09\/postQueueImg_16-6314df0b9b251.jpg","keywords":["Africa Press","Africa Press-Benin","B\u00e9nin"],"articleSection":["homepage-french","Politique","Toutes les actualit\u00e9s"],"inLanguage":"fr-FR","potentialAction":[{"@type":"CommentAction","name":"Comment","target":["https:\/\/www.africa-press.net\/benin\/politique\/up-le-renouveau-le-nombre-en-militants-ne-fait-pas-le-chiffre-en-sieges-joseph-djogbenou#respond"]}]},{"@type":"WebPage","@id":"https:\/\/www.africa-press.net\/benin\/politique\/up-le-renouveau-le-nombre-en-militants-ne-fait-pas-le-chiffre-en-sieges-joseph-djogbenou","url":"https:\/\/www.africa-press.net\/benin\/politique\/up-le-renouveau-le-nombre-en-militants-ne-fait-pas-le-chiffre-en-sieges-joseph-djogbenou","name":"UP le Renouveau: \u00ab\u00a0le nombre en militants ne fait pas le chiffre en si\u00e8ges\u00a0\u00bb, Joseph Djogb\u00e9nou - B\u00e9nin","isPartOf":{"@id":"https:\/\/www.africa-press.net\/benin\/#website"},"primaryImageOfPage":{"@id":"https:\/\/www.africa-press.net\/benin\/politique\/up-le-renouveau-le-nombre-en-militants-ne-fait-pas-le-chiffre-en-sieges-joseph-djogbenou#primaryimage"},"image":{"@id":"https:\/\/www.africa-press.net\/benin\/politique\/up-le-renouveau-le-nombre-en-militants-ne-fait-pas-le-chiffre-en-sieges-joseph-djogbenou#primaryimage"},"thumbnailUrl":"https:\/\/static.africa-press.net\/benin\/sites\/46\/2022\/09\/postQueueImg_16-6314df0b9b251.jpg","datePublished":"2022-09-04T17:04:03+00:00","dateModified":"2022-09-04T17:23:56+00:00","author":{"@id":"https:\/\/www.africa-press.net\/benin\/#\/schema\/person\/2b1cf3cd81a31e3cd26889ca66d677f1"},"description":"Face \u00e0 la vague d\u2019adh\u00e9sion enregistr\u00e9e ces derniers jours par l\u2019UP le Renouveau, Joseph Djogb\u00e9nou s\u2019est adress\u00e9 aux mili ...","breadcrumb":{"@id":"https:\/\/www.africa-press.net\/benin\/politique\/up-le-renouveau-le-nombre-en-militants-ne-fait-pas-le-chiffre-en-sieges-joseph-djogbenou#breadcrumb"},"inLanguage":"fr-FR","potentialAction":[{"@type":"ReadAction","target":["https:\/\/www.africa-press.net\/benin\/politique\/up-le-renouveau-le-nombre-en-militants-ne-fait-pas-le-chiffre-en-sieges-joseph-djogbenou"]}]},{"@type":"ImageObject","inLanguage":"fr-FR","@id":"https:\/\/www.africa-press.net\/benin\/politique\/up-le-renouveau-le-nombre-en-militants-ne-fait-pas-le-chiffre-en-sieges-joseph-djogbenou#primaryimage","url":"https:\/\/static.africa-press.net\/benin\/sites\/46\/2022\/09\/postQueueImg_16-6314df0b9b251.jpg","contentUrl":"https:\/\/static.africa-press.net\/benin\/sites\/46\/2022\/09\/postQueueImg_16-6314df0b9b251.jpg","width":1200,"height":675,"caption":"UP le Renouveau: \u00ab\u00a0le nombre en militants ne fait pas le chiffre en si\u00e8ges\u00a0\u00bb, Joseph Djogb\u00e9nou"},{"@type":"BreadcrumbList","@id":"https:\/\/www.africa-press.net\/benin\/politique\/up-le-renouveau-le-nombre-en-militants-ne-fait-pas-le-chiffre-en-sieges-joseph-djogbenou#breadcrumb","itemListElement":[{"@type":"ListItem","position":1,"name":"Accueil","item":"https:\/\/www.africa-press.net\/benin\/"},{"@type":"ListItem","position":2,"name":"UP le Renouveau: \u00ab\u00a0le nombre en militants ne fait pas le chiffre en si\u00e8ges\u00a0\u00bb, Joseph Djogb\u00e9nou"}]},{"@type":"WebSite","@id":"https:\/\/www.africa-press.net\/benin\/#website","url":"https:\/\/www.africa-press.net\/benin\/","name":"B\u00e9nin","description":"Just another Africa News Agency Sites site","potentialAction":[{"@type":"SearchAction","target":{"@type":"EntryPoint","urlTemplate":"https:\/\/www.africa-press.net\/benin\/?s={search_term_string}"},"query-input":{"@type":"PropertyValueSpecification","valueRequired":true,"valueName":"search_term_string"}}],"inLanguage":"fr-FR"},{"@type":"Person","@id":"https:\/\/www.africa-press.net\/benin\/#\/schema\/person\/2b1cf3cd81a31e3cd26889ca66d677f1","name":"cfeditorfr"}]}},"_links":{"self":[{"href":"https:\/\/www.africa-press.net\/benin\/wp-json\/wp\/v2\/posts\/8606","targetHints":{"allow":["GET"]}}],"collection":[{"href":"https:\/\/www.africa-press.net\/benin\/wp-json\/wp\/v2\/posts"}],"about":[{"href":"https:\/\/www.africa-press.net\/benin\/wp-json\/wp\/v2\/types\/post"}],"author":[{"embeddable":true,"href":"https:\/\/www.africa-press.net\/benin\/wp-json\/wp\/v2\/users\/82"}],"replies":[{"embeddable":true,"href":"https:\/\/www.africa-press.net\/benin\/wp-json\/wp\/v2\/comments?post=8606"}],"version-history":[{"count":0,"href":"https:\/\/www.africa-press.net\/benin\/wp-json\/wp\/v2\/posts\/8606\/revisions"}],"wp:featuredmedia":[{"embeddable":true,"href":"https:\/\/www.africa-press.net\/benin\/wp-json\/wp\/v2\/media\/8605"}],"wp:attachment":[{"href":"https:\/\/www.africa-press.net\/benin\/wp-json\/wp\/v2\/media?parent=8606"}],"wp:term":[{"taxonomy":"category","embeddable":true,"href":"https:\/\/www.africa-press.net\/benin\/wp-json\/wp\/v2\/categories?post=8606"},{"taxonomy":"post_tag","embeddable":true,"href":"https:\/\/www.africa-press.net\/benin\/wp-json\/wp\/v2\/tags?post=8606"}],"curies":[{"name":"wp","href":"https:\/\/api.w.org\/{rel}","templated":true}]}}