{"id":8609,"date":"2022-09-05T19:11:22","date_gmt":"2022-09-05T19:11:22","guid":{"rendered":"https:\/\/www.africa-press.net\/benin\/politique\/benin-17-elus-demissionnaires-de-la-fcbe-adherent-au-bloc-republicain-a-bante"},"modified":"2022-09-05T19:25:07","modified_gmt":"2022-09-05T19:25:07","slug":"benin-17-elus-demissionnaires-de-la-fcbe-adherent-au-bloc-republicain-a-bante","status":"publish","type":"post","link":"https:\/\/www.africa-press.net\/benin\/politique\/benin-17-elus-demissionnaires-de-la-fcbe-adherent-au-bloc-republicain-a-bante","title":{"rendered":"B\u00e9nin: 17 \u00e9lus, d\u00e9missionnaires de la FCBE, adh\u00e8rent au Bloc R\u00e9publicain \u00e0 Bant\u00e8"},"content":{"rendered":"<p><span style=\"color: #ff6600\"><strong>Africa-Press &#8211; Benin. <\/strong><\/span>Dans la commune de Bant\u00e8, la Force Cauris pour un B\u00e9nin \u00c9mergent (FCBE) a enregistr\u00e9 la d\u00e9mission de 17 \u00e9lus communaux. Ces derniers n\u2019ont pas tard\u00e9 sur le choix de leur prochaine destination. Ce samedi 03 septembre 2022, ils ont opt\u00e9 pour le Bloc R\u00e9publicain pour la suite de leur aventure politique.<\/p>\n<p>Le Bloc R\u00e9publicain (BR) re\u00e7oit l\u2019adh\u00e9sion de 17 d\u00e9missionnaires de la FCBE \u00e0 Bant\u00e8. Il s\u2019agit des Chefs d\u2019arrondissement de Pira (Pierre Ainin), Bob\u00e8 (Seydou Odjouoni), Akpassi (Hyancinthe Oguisso), Bant\u00e8 (Moussa Ogou), Koko (Paulin Tchalla) et Agoua (Lucien Worou). Les conseillers communaux Augustin Ologou, Modeste Takp\u00e9 et 9 suppl\u00e9ants d\u2019\u00e9lus communaux ont \u00e9galement atterri sur le cheval cabr\u00e9.<\/p>\n<p>Les nouveaux r\u00e9publicains ont \u00e9t\u00e9 accueillis \u00e0 bras ouverts. <b>\u00ab Vous \u00eates d\u00e9sormais chez vous et nous comptons d\u00e9sormais sur vous pour l\u2019enracinement du Bloc r\u00e9publicain dans notre Commune de Bant\u00e8 \u00bb<\/b>, a lanc\u00e9 le No\u00ebl Bioni, repr\u00e9sentant du coordonnateur communal BR.<\/p>\n<p>Vous faites enti\u00e8rement partie du BR et votre int\u00e9gration sera totale, j\u2019y veillerai personnellement. Vous serez accueillis les bras ouverts au sein de votre nouvelle famille politique.<\/p>\n<p>Gr\u00e2ce \u00e0 cette adh\u00e9sion d\u2019\u00e9lus communaux, le Bloc R\u00e9publicain est d\u00e9sormais majoritaire au sein du Conseil communal de Bant\u00e8. En effet, le BR dispose \u00e0 pr\u00e9sent de 15 Conseillers communaux sur les 25 du Conseil communal. Aussi, Sur les 9 arrondissements, le parti contr\u00f4le 7.<\/p>\n<p><strong>Pour plus d&rsquo;informations et d&rsquo;analyses sur la <a href=\"https:\/\/www.africa-press.net\/benin\">Benin<\/a>, suivez <a href=\"https:\/\/www.africa-press.net\/\">Africa-Press<\/a><\/strong><\/p>\n","protected":false},"excerpt":{"rendered":"<p>Africa-Press &#8211; Benin. Dans la commune de Bant\u00e8, la Force Cauris pour un B\u00e9nin \u00c9mergent (FCBE) a enregistr\u00e9 la d\u00e9mission de 17 \u00e9lus communaux. Ces derniers n\u2019ont pas tard\u00e9 sur le choix de leur prochaine destination. Ce samedi 03 septembre 2022, ils ont opt\u00e9 pour le Bloc R\u00e9publicain pour la suite de leur aventure politique. [&hellip;]<\/p>\n","protected":false},"author":82,"featured_media":8608,"comment_status":"open","ping_status":"closed","sticky":false,"template":"","format":"standard","meta":{"footnotes":""},"categories":[11,2,10],"tags":[36,50,45],"class_list":["post-8609","post","type-post","status-publish","format-standard","has-post-thumbnail","hentry","category-homepage-french","category-politique","category-toutes-les-actualites","tag-africa-press","tag-africa-press-benin","tag-benin"],"yoast_head":"<!-- This site is optimized with the Yoast SEO Premium plugin v26.1 (Yoast SEO v27.0) - https:\/\/yoast.com\/product\/yoast-seo-premium-wordpress\/ -->\n<title>B\u00e9nin: 17 \u00e9lus, d\u00e9missionnaires de la FCBE, adh\u00e8rent au Bloc R\u00e9publicain \u00e0 Bant\u00e8 - B\u00e9nin<\/title>\n<meta name=\"description\" content=\"Dans la commune de Bant\u00e8, la Force Cauris pour un B\u00e9nin \u00c9mergent (FCBE) a enregistr\u00e9 la d\u00e9mission de 17 \u00e9lus communaux. ...\" \/>\n<meta name=\"robots\" content=\"index, follow, max-snippet:-1, max-image-preview:large, max-video-preview:-1\" \/>\n<link rel=\"canonical\" href=\"https:\/\/www.africa-press.net\/benin\/politique\/benin-17-elus-demissionnaires-de-la-fcbe-adherent-au-bloc-republicain-a-bante\" \/>\n<meta property=\"og:locale\" content=\"fr_FR\" \/>\n<meta property=\"og:type\" content=\"article\" \/>\n<meta property=\"og:title\" content=\"B\u00e9nin: 17 \u00e9lus, d\u00e9missionnaires de la FCBE, adh\u00e8rent au Bloc R\u00e9publicain \u00e0 Bant\u00e8\" \/>\n<meta property=\"og:description\" content=\"Dans la commune de Bant\u00e8, la Force Cauris pour un B\u00e9nin \u00c9mergent (FCBE) a enregistr\u00e9 la d\u00e9mission de 17 \u00e9lus communaux. ...\" \/>\n<meta property=\"og:url\" content=\"https:\/\/www.africa-press.net\/benin\/politique\/benin-17-elus-demissionnaires-de-la-fcbe-adherent-au-bloc-republicain-a-bante\" \/>\n<meta property=\"og:site_name\" content=\"B\u00e9nin\" \/>\n<meta property=\"article:published_time\" content=\"2022-09-05T19:11:22+00:00\" \/>\n<meta property=\"article:modified_time\" content=\"2022-09-05T19:25:07+00:00\" \/>\n<meta property=\"og:image\" content=\"https:\/\/static.africa-press.net\/benin\/sites\/46\/2022\/09\/postQueueImg_21-63164ce705070.jpg\" \/>\n\t<meta property=\"og:image:width\" content=\"1200\" \/>\n\t<meta property=\"og:image:height\" content=\"675\" \/>\n\t<meta property=\"og:image:type\" content=\"image\/jpeg\" \/>\n<meta name=\"author\" content=\"cfeditorfr\" \/>\n<meta name=\"twitter:card\" content=\"summary_large_image\" \/>\n<meta name=\"twitter:label1\" content=\"\u00c9crit par\" \/>\n\t<meta name=\"twitter:data1\" content=\"cfeditorfr\" \/>\n\t<meta name=\"twitter:label2\" content=\"Dur\u00e9e de lecture estim\u00e9e\" \/>\n\t<meta name=\"twitter:data2\" content=\"2 minutes\" \/>\n<script type=\"application\/ld+json\" class=\"yoast-schema-graph\">{\"@context\":\"https:\/\/schema.org\",\"@graph\":[{\"@type\":\"Article\",\"@id\":\"https:\/\/www.africa-press.net\/benin\/politique\/benin-17-elus-demissionnaires-de-la-fcbe-adherent-au-bloc-republicain-a-bante#article\",\"isPartOf\":{\"@id\":\"https:\/\/www.africa-press.net\/benin\/politique\/benin-17-elus-demissionnaires-de-la-fcbe-adherent-au-bloc-republicain-a-bante\"},\"author\":{\"name\":\"cfeditorfr\",\"@id\":\"https:\/\/www.africa-press.net\/benin\/#\/schema\/person\/2b1cf3cd81a31e3cd26889ca66d677f1\"},\"headline\":\"B\u00e9nin: 17 \u00e9lus, d\u00e9missionnaires de la FCBE, adh\u00e8rent au Bloc R\u00e9publicain \u00e0 Bant\u00e8\",\"datePublished\":\"2022-09-05T19:11:22+00:00\",\"dateModified\":\"2022-09-05T19:25:07+00:00\",\"mainEntityOfPage\":{\"@id\":\"https:\/\/www.africa-press.net\/benin\/politique\/benin-17-elus-demissionnaires-de-la-fcbe-adherent-au-bloc-republicain-a-bante\"},\"wordCount\":269,\"commentCount\":0,\"image\":{\"@id\":\"https:\/\/www.africa-press.net\/benin\/politique\/benin-17-elus-demissionnaires-de-la-fcbe-adherent-au-bloc-republicain-a-bante#primaryimage\"},\"thumbnailUrl\":\"https:\/\/static.africa-press.net\/benin\/sites\/46\/2022\/09\/postQueueImg_21-63164ce705070.jpg\",\"keywords\":[\"Africa Press\",\"Africa Press-Benin\",\"B\u00e9nin\"],\"articleSection\":[\"homepage-french\",\"Politique\",\"Toutes les actualit\u00e9s\"],\"inLanguage\":\"fr-FR\",\"potentialAction\":[{\"@type\":\"CommentAction\",\"name\":\"Comment\",\"target\":[\"https:\/\/www.africa-press.net\/benin\/politique\/benin-17-elus-demissionnaires-de-la-fcbe-adherent-au-bloc-republicain-a-bante#respond\"]}]},{\"@type\":\"WebPage\",\"@id\":\"https:\/\/www.africa-press.net\/benin\/politique\/benin-17-elus-demissionnaires-de-la-fcbe-adherent-au-bloc-republicain-a-bante\",\"url\":\"https:\/\/www.africa-press.net\/benin\/politique\/benin-17-elus-demissionnaires-de-la-fcbe-adherent-au-bloc-republicain-a-bante\",\"name\":\"B\u00e9nin: 17 \u00e9lus, d\u00e9missionnaires de la FCBE, adh\u00e8rent au Bloc R\u00e9publicain \u00e0 Bant\u00e8 - B\u00e9nin\",\"isPartOf\":{\"@id\":\"https:\/\/www.africa-press.net\/benin\/#website\"},\"primaryImageOfPage\":{\"@id\":\"https:\/\/www.africa-press.net\/benin\/politique\/benin-17-elus-demissionnaires-de-la-fcbe-adherent-au-bloc-republicain-a-bante#primaryimage\"},\"image\":{\"@id\":\"https:\/\/www.africa-press.net\/benin\/politique\/benin-17-elus-demissionnaires-de-la-fcbe-adherent-au-bloc-republicain-a-bante#primaryimage\"},\"thumbnailUrl\":\"https:\/\/static.africa-press.net\/benin\/sites\/46\/2022\/09\/postQueueImg_21-63164ce705070.jpg\",\"datePublished\":\"2022-09-05T19:11:22+00:00\",\"dateModified\":\"2022-09-05T19:25:07+00:00\",\"author\":{\"@id\":\"https:\/\/www.africa-press.net\/benin\/#\/schema\/person\/2b1cf3cd81a31e3cd26889ca66d677f1\"},\"description\":\"Dans la commune de Bant\u00e8, la Force Cauris pour un B\u00e9nin \u00c9mergent (FCBE) a enregistr\u00e9 la d\u00e9mission de 17 \u00e9lus communaux. ...\",\"breadcrumb\":{\"@id\":\"https:\/\/www.africa-press.net\/benin\/politique\/benin-17-elus-demissionnaires-de-la-fcbe-adherent-au-bloc-republicain-a-bante#breadcrumb\"},\"inLanguage\":\"fr-FR\",\"potentialAction\":[{\"@type\":\"ReadAction\",\"target\":[\"https:\/\/www.africa-press.net\/benin\/politique\/benin-17-elus-demissionnaires-de-la-fcbe-adherent-au-bloc-republicain-a-bante\"]}]},{\"@type\":\"ImageObject\",\"inLanguage\":\"fr-FR\",\"@id\":\"https:\/\/www.africa-press.net\/benin\/politique\/benin-17-elus-demissionnaires-de-la-fcbe-adherent-au-bloc-republicain-a-bante#primaryimage\",\"url\":\"https:\/\/static.africa-press.net\/benin\/sites\/46\/2022\/09\/postQueueImg_21-63164ce705070.jpg\",\"contentUrl\":\"https:\/\/static.africa-press.net\/benin\/sites\/46\/2022\/09\/postQueueImg_21-63164ce705070.jpg\",\"width\":1200,\"height\":675,\"caption\":\"B\u00e9nin: 17 \u00e9lus, d\u00e9missionnaires de la FCBE, adh\u00e8rent au Bloc R\u00e9publicain \u00e0 Bant\u00e8\"},{\"@type\":\"BreadcrumbList\",\"@id\":\"https:\/\/www.africa-press.net\/benin\/politique\/benin-17-elus-demissionnaires-de-la-fcbe-adherent-au-bloc-republicain-a-bante#breadcrumb\",\"itemListElement\":[{\"@type\":\"ListItem\",\"position\":1,\"name\":\"Accueil\",\"item\":\"https:\/\/www.africa-press.net\/benin\/\"},{\"@type\":\"ListItem\",\"position\":2,\"name\":\"B\u00e9nin: 17 \u00e9lus, d\u00e9missionnaires de la FCBE, adh\u00e8rent au Bloc R\u00e9publicain \u00e0 Bant\u00e8\"}]},{\"@type\":\"WebSite\",\"@id\":\"https:\/\/www.africa-press.net\/benin\/#website\",\"url\":\"https:\/\/www.africa-press.net\/benin\/\",\"name\":\"B\u00e9nin\",\"description\":\"Just another Africa News Agency Sites site\",\"potentialAction\":[{\"@type\":\"SearchAction\",\"target\":{\"@type\":\"EntryPoint\",\"urlTemplate\":\"https:\/\/www.africa-press.net\/benin\/?s={search_term_string}\"},\"query-input\":{\"@type\":\"PropertyValueSpecification\",\"valueRequired\":true,\"valueName\":\"search_term_string\"}}],\"inLanguage\":\"fr-FR\"},{\"@type\":\"Person\",\"@id\":\"https:\/\/www.africa-press.net\/benin\/#\/schema\/person\/2b1cf3cd81a31e3cd26889ca66d677f1\",\"name\":\"cfeditorfr\"}]}<\/script>\n<!-- \/ Yoast SEO Premium plugin. -->","yoast_head_json":{"title":"B\u00e9nin: 17 \u00e9lus, d\u00e9missionnaires de la FCBE, adh\u00e8rent au Bloc R\u00e9publicain \u00e0 Bant\u00e8 - B\u00e9nin","description":"Dans la commune de Bant\u00e8, la Force Cauris pour un B\u00e9nin \u00c9mergent (FCBE) a enregistr\u00e9 la d\u00e9mission de 17 \u00e9lus communaux. ...","robots":{"index":"index","follow":"follow","max-snippet":"max-snippet:-1","max-image-preview":"max-image-preview:large","max-video-preview":"max-video-preview:-1"},"canonical":"https:\/\/www.africa-press.net\/benin\/politique\/benin-17-elus-demissionnaires-de-la-fcbe-adherent-au-bloc-republicain-a-bante","og_locale":"fr_FR","og_type":"article","og_title":"B\u00e9nin: 17 \u00e9lus, d\u00e9missionnaires de la FCBE, adh\u00e8rent au Bloc R\u00e9publicain \u00e0 Bant\u00e8","og_description":"Dans la commune de Bant\u00e8, la Force Cauris pour un B\u00e9nin \u00c9mergent (FCBE) a enregistr\u00e9 la d\u00e9mission de 17 \u00e9lus communaux. ...","og_url":"https:\/\/www.africa-press.net\/benin\/politique\/benin-17-elus-demissionnaires-de-la-fcbe-adherent-au-bloc-republicain-a-bante","og_site_name":"B\u00e9nin","article_published_time":"2022-09-05T19:11:22+00:00","article_modified_time":"2022-09-05T19:25:07+00:00","og_image":[{"width":1200,"height":675,"url":"https:\/\/static.africa-press.net\/benin\/sites\/46\/2022\/09\/postQueueImg_21-63164ce705070.jpg","type":"image\/jpeg"}],"author":"cfeditorfr","twitter_card":"summary_large_image","twitter_misc":{"\u00c9crit par":"cfeditorfr","Dur\u00e9e de lecture estim\u00e9e":"2 minutes"},"schema":{"@context":"https:\/\/schema.org","@graph":[{"@type":"Article","@id":"https:\/\/www.africa-press.net\/benin\/politique\/benin-17-elus-demissionnaires-de-la-fcbe-adherent-au-bloc-republicain-a-bante#article","isPartOf":{"@id":"https:\/\/www.africa-press.net\/benin\/politique\/benin-17-elus-demissionnaires-de-la-fcbe-adherent-au-bloc-republicain-a-bante"},"author":{"name":"cfeditorfr","@id":"https:\/\/www.africa-press.net\/benin\/#\/schema\/person\/2b1cf3cd81a31e3cd26889ca66d677f1"},"headline":"B\u00e9nin: 17 \u00e9lus, d\u00e9missionnaires de la FCBE, adh\u00e8rent au Bloc R\u00e9publicain \u00e0 Bant\u00e8","datePublished":"2022-09-05T19:11:22+00:00","dateModified":"2022-09-05T19:25:07+00:00","mainEntityOfPage":{"@id":"https:\/\/www.africa-press.net\/benin\/politique\/benin-17-elus-demissionnaires-de-la-fcbe-adherent-au-bloc-republicain-a-bante"},"wordCount":269,"commentCount":0,"image":{"@id":"https:\/\/www.africa-press.net\/benin\/politique\/benin-17-elus-demissionnaires-de-la-fcbe-adherent-au-bloc-republicain-a-bante#primaryimage"},"thumbnailUrl":"https:\/\/static.africa-press.net\/benin\/sites\/46\/2022\/09\/postQueueImg_21-63164ce705070.jpg","keywords":["Africa Press","Africa Press-Benin","B\u00e9nin"],"articleSection":["homepage-french","Politique","Toutes les actualit\u00e9s"],"inLanguage":"fr-FR","potentialAction":[{"@type":"CommentAction","name":"Comment","target":["https:\/\/www.africa-press.net\/benin\/politique\/benin-17-elus-demissionnaires-de-la-fcbe-adherent-au-bloc-republicain-a-bante#respond"]}]},{"@type":"WebPage","@id":"https:\/\/www.africa-press.net\/benin\/politique\/benin-17-elus-demissionnaires-de-la-fcbe-adherent-au-bloc-republicain-a-bante","url":"https:\/\/www.africa-press.net\/benin\/politique\/benin-17-elus-demissionnaires-de-la-fcbe-adherent-au-bloc-republicain-a-bante","name":"B\u00e9nin: 17 \u00e9lus, d\u00e9missionnaires de la FCBE, adh\u00e8rent au Bloc R\u00e9publicain \u00e0 Bant\u00e8 - B\u00e9nin","isPartOf":{"@id":"https:\/\/www.africa-press.net\/benin\/#website"},"primaryImageOfPage":{"@id":"https:\/\/www.africa-press.net\/benin\/politique\/benin-17-elus-demissionnaires-de-la-fcbe-adherent-au-bloc-republicain-a-bante#primaryimage"},"image":{"@id":"https:\/\/www.africa-press.net\/benin\/politique\/benin-17-elus-demissionnaires-de-la-fcbe-adherent-au-bloc-republicain-a-bante#primaryimage"},"thumbnailUrl":"https:\/\/static.africa-press.net\/benin\/sites\/46\/2022\/09\/postQueueImg_21-63164ce705070.jpg","datePublished":"2022-09-05T19:11:22+00:00","dateModified":"2022-09-05T19:25:07+00:00","author":{"@id":"https:\/\/www.africa-press.net\/benin\/#\/schema\/person\/2b1cf3cd81a31e3cd26889ca66d677f1"},"description":"Dans la commune de Bant\u00e8, la Force Cauris pour un B\u00e9nin \u00c9mergent (FCBE) a enregistr\u00e9 la d\u00e9mission de 17 \u00e9lus communaux. ...","breadcrumb":{"@id":"https:\/\/www.africa-press.net\/benin\/politique\/benin-17-elus-demissionnaires-de-la-fcbe-adherent-au-bloc-republicain-a-bante#breadcrumb"},"inLanguage":"fr-FR","potentialAction":[{"@type":"ReadAction","target":["https:\/\/www.africa-press.net\/benin\/politique\/benin-17-elus-demissionnaires-de-la-fcbe-adherent-au-bloc-republicain-a-bante"]}]},{"@type":"ImageObject","inLanguage":"fr-FR","@id":"https:\/\/www.africa-press.net\/benin\/politique\/benin-17-elus-demissionnaires-de-la-fcbe-adherent-au-bloc-republicain-a-bante#primaryimage","url":"https:\/\/static.africa-press.net\/benin\/sites\/46\/2022\/09\/postQueueImg_21-63164ce705070.jpg","contentUrl":"https:\/\/static.africa-press.net\/benin\/sites\/46\/2022\/09\/postQueueImg_21-63164ce705070.jpg","width":1200,"height":675,"caption":"B\u00e9nin: 17 \u00e9lus, d\u00e9missionnaires de la FCBE, adh\u00e8rent au Bloc R\u00e9publicain \u00e0 Bant\u00e8"},{"@type":"BreadcrumbList","@id":"https:\/\/www.africa-press.net\/benin\/politique\/benin-17-elus-demissionnaires-de-la-fcbe-adherent-au-bloc-republicain-a-bante#breadcrumb","itemListElement":[{"@type":"ListItem","position":1,"name":"Accueil","item":"https:\/\/www.africa-press.net\/benin\/"},{"@type":"ListItem","position":2,"name":"B\u00e9nin: 17 \u00e9lus, d\u00e9missionnaires de la FCBE, adh\u00e8rent au Bloc R\u00e9publicain \u00e0 Bant\u00e8"}]},{"@type":"WebSite","@id":"https:\/\/www.africa-press.net\/benin\/#website","url":"https:\/\/www.africa-press.net\/benin\/","name":"B\u00e9nin","description":"Just another Africa News Agency Sites site","potentialAction":[{"@type":"SearchAction","target":{"@type":"EntryPoint","urlTemplate":"https:\/\/www.africa-press.net\/benin\/?s={search_term_string}"},"query-input":{"@type":"PropertyValueSpecification","valueRequired":true,"valueName":"search_term_string"}}],"inLanguage":"fr-FR"},{"@type":"Person","@id":"https:\/\/www.africa-press.net\/benin\/#\/schema\/person\/2b1cf3cd81a31e3cd26889ca66d677f1","name":"cfeditorfr"}]}},"_links":{"self":[{"href":"https:\/\/www.africa-press.net\/benin\/wp-json\/wp\/v2\/posts\/8609","targetHints":{"allow":["GET"]}}],"collection":[{"href":"https:\/\/www.africa-press.net\/benin\/wp-json\/wp\/v2\/posts"}],"about":[{"href":"https:\/\/www.africa-press.net\/benin\/wp-json\/wp\/v2\/types\/post"}],"author":[{"embeddable":true,"href":"https:\/\/www.africa-press.net\/benin\/wp-json\/wp\/v2\/users\/82"}],"replies":[{"embeddable":true,"href":"https:\/\/www.africa-press.net\/benin\/wp-json\/wp\/v2\/comments?post=8609"}],"version-history":[{"count":0,"href":"https:\/\/www.africa-press.net\/benin\/wp-json\/wp\/v2\/posts\/8609\/revisions"}],"wp:featuredmedia":[{"embeddable":true,"href":"https:\/\/www.africa-press.net\/benin\/wp-json\/wp\/v2\/media\/8608"}],"wp:attachment":[{"href":"https:\/\/www.africa-press.net\/benin\/wp-json\/wp\/v2\/media?parent=8609"}],"wp:term":[{"taxonomy":"category","embeddable":true,"href":"https:\/\/www.africa-press.net\/benin\/wp-json\/wp\/v2\/categories?post=8609"},{"taxonomy":"post_tag","embeddable":true,"href":"https:\/\/www.africa-press.net\/benin\/wp-json\/wp\/v2\/tags?post=8609"}],"curies":[{"name":"wp","href":"https:\/\/api.w.org\/{rel}","templated":true}]}}