{"id":8612,"date":"2022-09-05T19:11:33","date_gmt":"2022-09-05T19:11:33","guid":{"rendered":"https:\/\/www.africa-press.net\/benin\/politique\/benin-ce-que-adrien-houngbedji-et-louis-vlavonou-se-sont-dits-ce-dimanche"},"modified":"2022-09-05T19:25:49","modified_gmt":"2022-09-05T19:25:49","slug":"benin-ce-que-adrien-houngbedji-et-louis-vlavonou-se-sont-dits-ce-dimanche","status":"publish","type":"post","link":"https:\/\/www.africa-press.net\/benin\/politique\/benin-ce-que-adrien-houngbedji-et-louis-vlavonou-se-sont-dits-ce-dimanche","title":{"rendered":"B\u00e9nin: ce que Adrien Houngb\u00e9dji et Louis Vlavonou se sont dits ce dimanche"},"content":{"rendered":"<p><span style=\"color: #ff6600\"><strong>Africa-Press &#8211; Benin. <\/strong><\/span>Devenus membres d\u2019une m\u00eame formation politique, l\u2019ancien pr\u00e9sident de l\u2019assembl\u00e9e nationale, Me Adrien Houngb\u00e9dji et son successeur, Louis Vlavonou ont \u00e9chang\u00e9 ce dimanche 04 Septembre 2022.<\/p>\n<p>Le pr\u00e9sident de l\u2019assembl\u00e9e nationale, Louis Vlavonou s\u2019est rendu le dimanche 4 Septembre 2022 au domicile de son successeur, Me Adrien Houngb\u00e9dji. Les deux personnalit\u00e9s politiques devenues membres d\u2019une famille politique apr\u00e8s la fusion du PRD et l\u2019UP, ont \u00e9chang\u00e9 sur divers sujets politiques. Selon l\u2019actuel pr\u00e9sident de l\u2019actuel pr\u00e9sident de l\u2019institution parlementaire, les \u00e9changes se sont d\u00e9roul\u00e9s dans une ambiance conviviale empreinte de fraternit\u00e9.<\/p>\n<p><b>\u00ab Nous nous sommes f\u00e9licit\u00e9s de la convergence de nos visions politiques et avons convenu de nous donner v\u00e9ritablement la main pour soutenir le pr\u00e9sident Patrice Talon et le programme d\u2019action de son gouvernement<\/b>\u00ab , a confi\u00e9 Louis Vlavonou. Selon le pr\u00e9sident Louis Vlavonou, les intrigues et les clivages politiques sont d\u00e9sormais derri\u00e8re eux et il \u00e9tait donc de bon ton qu\u2019ils se rencontre pour analyser et d\u00e9finir ensemble les strat\u00e9gies \u00e0 mettre en oeuvre pour quadriller leur fief respectif pour le rayonnement de leur parti.<\/p>\n<p>Il importe de rappeler que les deux personnalit\u00e9s politiques se sont \u00e9chang\u00e9s il y a quelques ann\u00e9es (au lendemain des l\u00e9gislatives de 2019) des mots durs apr\u00e8s la supr\u00e9matie de l\u2019UP sur l\u2019Ou\u00e9m\u00e9 qui a \u00e9t\u00e9 toujours une chasse gard\u00e9e pour le PRD.<\/p>\n<p><strong>Pour plus d&rsquo;informations et d&rsquo;analyses sur la <a href=\"https:\/\/www.africa-press.net\/benin\">Benin<\/a>, suivez <a href=\"https:\/\/www.africa-press.net\/\">Africa-Press<\/a><\/strong><\/p>\n","protected":false},"excerpt":{"rendered":"<p>Africa-Press &#8211; Benin. Devenus membres d\u2019une m\u00eame formation politique, l\u2019ancien pr\u00e9sident de l\u2019assembl\u00e9e nationale, Me Adrien Houngb\u00e9dji et son successeur, Louis Vlavonou ont \u00e9chang\u00e9 ce dimanche 04 Septembre 2022. Le pr\u00e9sident de l\u2019assembl\u00e9e nationale, Louis Vlavonou s\u2019est rendu le dimanche 4 Septembre 2022 au domicile de son successeur, Me Adrien Houngb\u00e9dji. Les deux personnalit\u00e9s politiques [&hellip;]<\/p>\n","protected":false},"author":82,"featured_media":8611,"comment_status":"open","ping_status":"closed","sticky":false,"template":"","format":"standard","meta":{"footnotes":""},"categories":[11,8,2,10],"tags":[36,50,45],"class_list":["post-8612","post","type-post","status-publish","format-standard","has-post-thumbnail","hentry","category-homepage-french","category-photo","category-politique","category-toutes-les-actualites","tag-africa-press","tag-africa-press-benin","tag-benin"],"yoast_head":"<!-- This site is optimized with the Yoast SEO Premium plugin v26.1 (Yoast SEO v27.0) - https:\/\/yoast.com\/product\/yoast-seo-premium-wordpress\/ -->\n<title>B\u00e9nin: ce que Adrien Houngb\u00e9dji et Louis Vlavonou se sont dits ce dimanche - B\u00e9nin<\/title>\n<meta name=\"description\" content=\"Devenus membres d\u2019une m\u00eame formation politique, l\u2019ancien pr\u00e9sident de l\u2019assembl\u00e9e nationale, Me Adrien Houngb\u00e9dji et son ...\" \/>\n<meta name=\"robots\" content=\"index, follow, max-snippet:-1, max-image-preview:large, max-video-preview:-1\" \/>\n<link rel=\"canonical\" href=\"https:\/\/www.africa-press.net\/benin\/politique\/benin-ce-que-adrien-houngbedji-et-louis-vlavonou-se-sont-dits-ce-dimanche\" \/>\n<meta property=\"og:locale\" content=\"fr_FR\" \/>\n<meta property=\"og:type\" content=\"article\" \/>\n<meta property=\"og:title\" content=\"B\u00e9nin: ce que Adrien Houngb\u00e9dji et Louis Vlavonou se sont dits ce dimanche\" \/>\n<meta property=\"og:description\" content=\"Devenus membres d\u2019une m\u00eame formation politique, l\u2019ancien pr\u00e9sident de l\u2019assembl\u00e9e nationale, Me Adrien Houngb\u00e9dji et son ...\" \/>\n<meta property=\"og:url\" content=\"https:\/\/www.africa-press.net\/benin\/politique\/benin-ce-que-adrien-houngbedji-et-louis-vlavonou-se-sont-dits-ce-dimanche\" \/>\n<meta property=\"og:site_name\" content=\"B\u00e9nin\" \/>\n<meta property=\"article:published_time\" content=\"2022-09-05T19:11:33+00:00\" \/>\n<meta property=\"article:modified_time\" content=\"2022-09-05T19:25:49+00:00\" \/>\n<meta property=\"og:image\" content=\"https:\/\/static.africa-press.net\/benin\/sites\/46\/2022\/09\/postQueueImg_22-63164d1780eac.jpg\" \/>\n\t<meta property=\"og:image:width\" content=\"1736\" \/>\n\t<meta property=\"og:image:height\" content=\"911\" \/>\n\t<meta property=\"og:image:type\" content=\"image\/jpeg\" \/>\n<meta name=\"author\" content=\"cfeditorfr\" \/>\n<meta name=\"twitter:card\" content=\"summary_large_image\" \/>\n<meta name=\"twitter:label1\" content=\"\u00c9crit par\" \/>\n\t<meta name=\"twitter:data1\" content=\"cfeditorfr\" \/>\n\t<meta name=\"twitter:label2\" content=\"Dur\u00e9e de lecture estim\u00e9e\" \/>\n\t<meta name=\"twitter:data2\" content=\"2 minutes\" \/>\n<script type=\"application\/ld+json\" class=\"yoast-schema-graph\">{\"@context\":\"https:\/\/schema.org\",\"@graph\":[{\"@type\":\"Article\",\"@id\":\"https:\/\/www.africa-press.net\/benin\/politique\/benin-ce-que-adrien-houngbedji-et-louis-vlavonou-se-sont-dits-ce-dimanche#article\",\"isPartOf\":{\"@id\":\"https:\/\/www.africa-press.net\/benin\/politique\/benin-ce-que-adrien-houngbedji-et-louis-vlavonou-se-sont-dits-ce-dimanche\"},\"author\":{\"name\":\"cfeditorfr\",\"@id\":\"https:\/\/www.africa-press.net\/benin\/#\/schema\/person\/2b1cf3cd81a31e3cd26889ca66d677f1\"},\"headline\":\"B\u00e9nin: ce que Adrien Houngb\u00e9dji et Louis Vlavonou se sont dits ce dimanche\",\"datePublished\":\"2022-09-05T19:11:33+00:00\",\"dateModified\":\"2022-09-05T19:25:49+00:00\",\"mainEntityOfPage\":{\"@id\":\"https:\/\/www.africa-press.net\/benin\/politique\/benin-ce-que-adrien-houngbedji-et-louis-vlavonou-se-sont-dits-ce-dimanche\"},\"wordCount\":286,\"commentCount\":0,\"image\":{\"@id\":\"https:\/\/www.africa-press.net\/benin\/politique\/benin-ce-que-adrien-houngbedji-et-louis-vlavonou-se-sont-dits-ce-dimanche#primaryimage\"},\"thumbnailUrl\":\"https:\/\/static.africa-press.net\/benin\/sites\/46\/2022\/09\/postQueueImg_22-63164d1780eac.jpg\",\"keywords\":[\"Africa Press\",\"Africa Press-Benin\",\"B\u00e9nin\"],\"articleSection\":[\"homepage-french\",\"Photo\",\"Politique\",\"Toutes les actualit\u00e9s\"],\"inLanguage\":\"fr-FR\",\"potentialAction\":[{\"@type\":\"CommentAction\",\"name\":\"Comment\",\"target\":[\"https:\/\/www.africa-press.net\/benin\/politique\/benin-ce-que-adrien-houngbedji-et-louis-vlavonou-se-sont-dits-ce-dimanche#respond\"]}]},{\"@type\":\"WebPage\",\"@id\":\"https:\/\/www.africa-press.net\/benin\/politique\/benin-ce-que-adrien-houngbedji-et-louis-vlavonou-se-sont-dits-ce-dimanche\",\"url\":\"https:\/\/www.africa-press.net\/benin\/politique\/benin-ce-que-adrien-houngbedji-et-louis-vlavonou-se-sont-dits-ce-dimanche\",\"name\":\"B\u00e9nin: ce que Adrien Houngb\u00e9dji et Louis Vlavonou se sont dits ce dimanche - B\u00e9nin\",\"isPartOf\":{\"@id\":\"https:\/\/www.africa-press.net\/benin\/#website\"},\"primaryImageOfPage\":{\"@id\":\"https:\/\/www.africa-press.net\/benin\/politique\/benin-ce-que-adrien-houngbedji-et-louis-vlavonou-se-sont-dits-ce-dimanche#primaryimage\"},\"image\":{\"@id\":\"https:\/\/www.africa-press.net\/benin\/politique\/benin-ce-que-adrien-houngbedji-et-louis-vlavonou-se-sont-dits-ce-dimanche#primaryimage\"},\"thumbnailUrl\":\"https:\/\/static.africa-press.net\/benin\/sites\/46\/2022\/09\/postQueueImg_22-63164d1780eac.jpg\",\"datePublished\":\"2022-09-05T19:11:33+00:00\",\"dateModified\":\"2022-09-05T19:25:49+00:00\",\"author\":{\"@id\":\"https:\/\/www.africa-press.net\/benin\/#\/schema\/person\/2b1cf3cd81a31e3cd26889ca66d677f1\"},\"description\":\"Devenus membres d\u2019une m\u00eame formation politique, l\u2019ancien pr\u00e9sident de l\u2019assembl\u00e9e nationale, Me Adrien Houngb\u00e9dji et son ...\",\"breadcrumb\":{\"@id\":\"https:\/\/www.africa-press.net\/benin\/politique\/benin-ce-que-adrien-houngbedji-et-louis-vlavonou-se-sont-dits-ce-dimanche#breadcrumb\"},\"inLanguage\":\"fr-FR\",\"potentialAction\":[{\"@type\":\"ReadAction\",\"target\":[\"https:\/\/www.africa-press.net\/benin\/politique\/benin-ce-que-adrien-houngbedji-et-louis-vlavonou-se-sont-dits-ce-dimanche\"]}]},{\"@type\":\"ImageObject\",\"inLanguage\":\"fr-FR\",\"@id\":\"https:\/\/www.africa-press.net\/benin\/politique\/benin-ce-que-adrien-houngbedji-et-louis-vlavonou-se-sont-dits-ce-dimanche#primaryimage\",\"url\":\"https:\/\/static.africa-press.net\/benin\/sites\/46\/2022\/09\/postQueueImg_22-63164d1780eac.jpg\",\"contentUrl\":\"https:\/\/static.africa-press.net\/benin\/sites\/46\/2022\/09\/postQueueImg_22-63164d1780eac.jpg\",\"width\":1736,\"height\":911,\"caption\":\"B\u00e9nin: ce que Adrien Houngb\u00e9dji et Louis Vlavonou se sont dits ce dimanche\"},{\"@type\":\"BreadcrumbList\",\"@id\":\"https:\/\/www.africa-press.net\/benin\/politique\/benin-ce-que-adrien-houngbedji-et-louis-vlavonou-se-sont-dits-ce-dimanche#breadcrumb\",\"itemListElement\":[{\"@type\":\"ListItem\",\"position\":1,\"name\":\"Accueil\",\"item\":\"https:\/\/www.africa-press.net\/benin\/\"},{\"@type\":\"ListItem\",\"position\":2,\"name\":\"B\u00e9nin: ce que Adrien Houngb\u00e9dji et Louis Vlavonou se sont dits ce dimanche\"}]},{\"@type\":\"WebSite\",\"@id\":\"https:\/\/www.africa-press.net\/benin\/#website\",\"url\":\"https:\/\/www.africa-press.net\/benin\/\",\"name\":\"B\u00e9nin\",\"description\":\"Just another Africa News Agency Sites site\",\"potentialAction\":[{\"@type\":\"SearchAction\",\"target\":{\"@type\":\"EntryPoint\",\"urlTemplate\":\"https:\/\/www.africa-press.net\/benin\/?s={search_term_string}\"},\"query-input\":{\"@type\":\"PropertyValueSpecification\",\"valueRequired\":true,\"valueName\":\"search_term_string\"}}],\"inLanguage\":\"fr-FR\"},{\"@type\":\"Person\",\"@id\":\"https:\/\/www.africa-press.net\/benin\/#\/schema\/person\/2b1cf3cd81a31e3cd26889ca66d677f1\",\"name\":\"cfeditorfr\"}]}<\/script>\n<!-- \/ Yoast SEO Premium plugin. -->","yoast_head_json":{"title":"B\u00e9nin: ce que Adrien Houngb\u00e9dji et Louis Vlavonou se sont dits ce dimanche - B\u00e9nin","description":"Devenus membres d\u2019une m\u00eame formation politique, l\u2019ancien pr\u00e9sident de l\u2019assembl\u00e9e nationale, Me Adrien Houngb\u00e9dji et son ...","robots":{"index":"index","follow":"follow","max-snippet":"max-snippet:-1","max-image-preview":"max-image-preview:large","max-video-preview":"max-video-preview:-1"},"canonical":"https:\/\/www.africa-press.net\/benin\/politique\/benin-ce-que-adrien-houngbedji-et-louis-vlavonou-se-sont-dits-ce-dimanche","og_locale":"fr_FR","og_type":"article","og_title":"B\u00e9nin: ce que Adrien Houngb\u00e9dji et Louis Vlavonou se sont dits ce dimanche","og_description":"Devenus membres d\u2019une m\u00eame formation politique, l\u2019ancien pr\u00e9sident de l\u2019assembl\u00e9e nationale, Me Adrien Houngb\u00e9dji et son ...","og_url":"https:\/\/www.africa-press.net\/benin\/politique\/benin-ce-que-adrien-houngbedji-et-louis-vlavonou-se-sont-dits-ce-dimanche","og_site_name":"B\u00e9nin","article_published_time":"2022-09-05T19:11:33+00:00","article_modified_time":"2022-09-05T19:25:49+00:00","og_image":[{"width":1736,"height":911,"url":"https:\/\/static.africa-press.net\/benin\/sites\/46\/2022\/09\/postQueueImg_22-63164d1780eac.jpg","type":"image\/jpeg"}],"author":"cfeditorfr","twitter_card":"summary_large_image","twitter_misc":{"\u00c9crit par":"cfeditorfr","Dur\u00e9e de lecture estim\u00e9e":"2 minutes"},"schema":{"@context":"https:\/\/schema.org","@graph":[{"@type":"Article","@id":"https:\/\/www.africa-press.net\/benin\/politique\/benin-ce-que-adrien-houngbedji-et-louis-vlavonou-se-sont-dits-ce-dimanche#article","isPartOf":{"@id":"https:\/\/www.africa-press.net\/benin\/politique\/benin-ce-que-adrien-houngbedji-et-louis-vlavonou-se-sont-dits-ce-dimanche"},"author":{"name":"cfeditorfr","@id":"https:\/\/www.africa-press.net\/benin\/#\/schema\/person\/2b1cf3cd81a31e3cd26889ca66d677f1"},"headline":"B\u00e9nin: ce que Adrien Houngb\u00e9dji et Louis Vlavonou se sont dits ce dimanche","datePublished":"2022-09-05T19:11:33+00:00","dateModified":"2022-09-05T19:25:49+00:00","mainEntityOfPage":{"@id":"https:\/\/www.africa-press.net\/benin\/politique\/benin-ce-que-adrien-houngbedji-et-louis-vlavonou-se-sont-dits-ce-dimanche"},"wordCount":286,"commentCount":0,"image":{"@id":"https:\/\/www.africa-press.net\/benin\/politique\/benin-ce-que-adrien-houngbedji-et-louis-vlavonou-se-sont-dits-ce-dimanche#primaryimage"},"thumbnailUrl":"https:\/\/static.africa-press.net\/benin\/sites\/46\/2022\/09\/postQueueImg_22-63164d1780eac.jpg","keywords":["Africa Press","Africa Press-Benin","B\u00e9nin"],"articleSection":["homepage-french","Photo","Politique","Toutes les actualit\u00e9s"],"inLanguage":"fr-FR","potentialAction":[{"@type":"CommentAction","name":"Comment","target":["https:\/\/www.africa-press.net\/benin\/politique\/benin-ce-que-adrien-houngbedji-et-louis-vlavonou-se-sont-dits-ce-dimanche#respond"]}]},{"@type":"WebPage","@id":"https:\/\/www.africa-press.net\/benin\/politique\/benin-ce-que-adrien-houngbedji-et-louis-vlavonou-se-sont-dits-ce-dimanche","url":"https:\/\/www.africa-press.net\/benin\/politique\/benin-ce-que-adrien-houngbedji-et-louis-vlavonou-se-sont-dits-ce-dimanche","name":"B\u00e9nin: ce que Adrien Houngb\u00e9dji et Louis Vlavonou se sont dits ce dimanche - B\u00e9nin","isPartOf":{"@id":"https:\/\/www.africa-press.net\/benin\/#website"},"primaryImageOfPage":{"@id":"https:\/\/www.africa-press.net\/benin\/politique\/benin-ce-que-adrien-houngbedji-et-louis-vlavonou-se-sont-dits-ce-dimanche#primaryimage"},"image":{"@id":"https:\/\/www.africa-press.net\/benin\/politique\/benin-ce-que-adrien-houngbedji-et-louis-vlavonou-se-sont-dits-ce-dimanche#primaryimage"},"thumbnailUrl":"https:\/\/static.africa-press.net\/benin\/sites\/46\/2022\/09\/postQueueImg_22-63164d1780eac.jpg","datePublished":"2022-09-05T19:11:33+00:00","dateModified":"2022-09-05T19:25:49+00:00","author":{"@id":"https:\/\/www.africa-press.net\/benin\/#\/schema\/person\/2b1cf3cd81a31e3cd26889ca66d677f1"},"description":"Devenus membres d\u2019une m\u00eame formation politique, l\u2019ancien pr\u00e9sident de l\u2019assembl\u00e9e nationale, Me Adrien Houngb\u00e9dji et son ...","breadcrumb":{"@id":"https:\/\/www.africa-press.net\/benin\/politique\/benin-ce-que-adrien-houngbedji-et-louis-vlavonou-se-sont-dits-ce-dimanche#breadcrumb"},"inLanguage":"fr-FR","potentialAction":[{"@type":"ReadAction","target":["https:\/\/www.africa-press.net\/benin\/politique\/benin-ce-que-adrien-houngbedji-et-louis-vlavonou-se-sont-dits-ce-dimanche"]}]},{"@type":"ImageObject","inLanguage":"fr-FR","@id":"https:\/\/www.africa-press.net\/benin\/politique\/benin-ce-que-adrien-houngbedji-et-louis-vlavonou-se-sont-dits-ce-dimanche#primaryimage","url":"https:\/\/static.africa-press.net\/benin\/sites\/46\/2022\/09\/postQueueImg_22-63164d1780eac.jpg","contentUrl":"https:\/\/static.africa-press.net\/benin\/sites\/46\/2022\/09\/postQueueImg_22-63164d1780eac.jpg","width":1736,"height":911,"caption":"B\u00e9nin: ce que Adrien Houngb\u00e9dji et Louis Vlavonou se sont dits ce dimanche"},{"@type":"BreadcrumbList","@id":"https:\/\/www.africa-press.net\/benin\/politique\/benin-ce-que-adrien-houngbedji-et-louis-vlavonou-se-sont-dits-ce-dimanche#breadcrumb","itemListElement":[{"@type":"ListItem","position":1,"name":"Accueil","item":"https:\/\/www.africa-press.net\/benin\/"},{"@type":"ListItem","position":2,"name":"B\u00e9nin: ce que Adrien Houngb\u00e9dji et Louis Vlavonou se sont dits ce dimanche"}]},{"@type":"WebSite","@id":"https:\/\/www.africa-press.net\/benin\/#website","url":"https:\/\/www.africa-press.net\/benin\/","name":"B\u00e9nin","description":"Just another Africa News Agency Sites site","potentialAction":[{"@type":"SearchAction","target":{"@type":"EntryPoint","urlTemplate":"https:\/\/www.africa-press.net\/benin\/?s={search_term_string}"},"query-input":{"@type":"PropertyValueSpecification","valueRequired":true,"valueName":"search_term_string"}}],"inLanguage":"fr-FR"},{"@type":"Person","@id":"https:\/\/www.africa-press.net\/benin\/#\/schema\/person\/2b1cf3cd81a31e3cd26889ca66d677f1","name":"cfeditorfr"}]}},"_links":{"self":[{"href":"https:\/\/www.africa-press.net\/benin\/wp-json\/wp\/v2\/posts\/8612","targetHints":{"allow":["GET"]}}],"collection":[{"href":"https:\/\/www.africa-press.net\/benin\/wp-json\/wp\/v2\/posts"}],"about":[{"href":"https:\/\/www.africa-press.net\/benin\/wp-json\/wp\/v2\/types\/post"}],"author":[{"embeddable":true,"href":"https:\/\/www.africa-press.net\/benin\/wp-json\/wp\/v2\/users\/82"}],"replies":[{"embeddable":true,"href":"https:\/\/www.africa-press.net\/benin\/wp-json\/wp\/v2\/comments?post=8612"}],"version-history":[{"count":0,"href":"https:\/\/www.africa-press.net\/benin\/wp-json\/wp\/v2\/posts\/8612\/revisions"}],"wp:featuredmedia":[{"embeddable":true,"href":"https:\/\/www.africa-press.net\/benin\/wp-json\/wp\/v2\/media\/8611"}],"wp:attachment":[{"href":"https:\/\/www.africa-press.net\/benin\/wp-json\/wp\/v2\/media?parent=8612"}],"wp:term":[{"taxonomy":"category","embeddable":true,"href":"https:\/\/www.africa-press.net\/benin\/wp-json\/wp\/v2\/categories?post=8612"},{"taxonomy":"post_tag","embeddable":true,"href":"https:\/\/www.africa-press.net\/benin\/wp-json\/wp\/v2\/tags?post=8612"}],"curies":[{"name":"wp","href":"https:\/\/api.w.org\/{rel}","templated":true}]}}