{"id":8615,"date":"2022-09-05T19:11:42","date_gmt":"2022-09-05T19:11:42","guid":{"rendered":"https:\/\/www.africa-press.net\/benin\/politique\/benin-apres-la-tournee-de-prise-de-contact-distel-amoussou-a-fait-son-choix-politique"},"modified":"2022-09-05T19:26:23","modified_gmt":"2022-09-05T19:26:23","slug":"benin-apres-la-tournee-de-prise-de-contact-distel-amoussou-a-fait-son-choix-politique","status":"publish","type":"post","link":"https:\/\/www.africa-press.net\/benin\/politique\/benin-apres-la-tournee-de-prise-de-contact-distel-amoussou-a-fait-son-choix-politique","title":{"rendered":"B\u00e9nin: apr\u00e8s la tourn\u00e9e de prise de contact, Distel Amoussou a fait son choix politique"},"content":{"rendered":"<p><span style=\"color: #ff6600\"><strong>Africa-Press &#8211; Benin. <\/strong><\/span>L\u2019ancien journaliste devenu acteur politique sera face aux professionnels des m\u00e9dias demain mardi 6 Septembre 2022. Cette sortie m\u00e9diatique permettra \u00e0 Distel Amoussou de d\u00e9voiler le parti politique au sein duquel il entend faire ses armes politiques.<\/p>\n<p>Apr\u00e8s sa tourn\u00e9e de prise de contact avec certains leaders politiques, l\u2019ancien journaliste et communicateur Distel Amoussou a fini par op\u00e9rer un choix politique. Le nouvel acteur politique d\u00e9voilera demain mardi le parti politique qui l\u2019accueille en son sein. Ce sera \u00e0 la faveur d\u2019une conf\u00e9rence de presse.<\/p>\n<p>Avant d\u2019en arriver au choix qu\u2019il partagera avec les b\u00e9ninois ce mardi, Distel Amoussou a \u00e9chang\u00e9 avec le chef de fil de l\u2019opposition, l\u2019ancien ministre Paul Hounkp\u00e8, avec le ministre d\u2019Etat Abdoulaye Bio Tchan\u00e9, pr\u00e9sident du parti Bloc R\u00e9publicain, avec le pr\u00e9sident du parti Union Progressiste le Renouveau et avec le pr\u00e9sident du parti force cauris pour le d\u00e9veloppement du B\u00e9nin, Soumanou Tol\u00e9ba.<\/p>\n<p>C\u2019est au tour du th\u00e8me: \u00ab <b>S\u00e9curisation des r\u00e9formes structurelles et fonctionnelles en cours au B\u00e9nin<\/b> \u00bb que Distel Amoussou fera sa d\u00e9claration. Si au cours de son p\u00e9riple, il a \u00e9chang\u00e9 aussi avec des leaders politiques de l\u2019opposition non radicale, il est claire que l\u2019ex journaliste fera son entr\u00e9e dans une formation politique soutenant l\u2019action du pr\u00e9sident Patrice Talon. D\u2019ailleurs, au cours de ses prises de contact, il s\u2019est fait d\u00e9fenseur des r\u00e9formes initi\u00e9es par le pr\u00e9sident de la R\u00e9publique.<\/p>\n<p><strong>Pour plus d&rsquo;informations et d&rsquo;analyses sur la <a href=\"https:\/\/www.africa-press.net\/benin\">Benin<\/a>, suivez <a href=\"https:\/\/www.africa-press.net\/\">Africa-Press<\/a><\/strong><\/p>\n","protected":false},"excerpt":{"rendered":"<p>Africa-Press &#8211; Benin. L\u2019ancien journaliste devenu acteur politique sera face aux professionnels des m\u00e9dias demain mardi 6 Septembre 2022. Cette sortie m\u00e9diatique permettra \u00e0 Distel Amoussou de d\u00e9voiler le parti politique au sein duquel il entend faire ses armes politiques. Apr\u00e8s sa tourn\u00e9e de prise de contact avec certains leaders politiques, l\u2019ancien journaliste et communicateur [&hellip;]<\/p>\n","protected":false},"author":82,"featured_media":8614,"comment_status":"open","ping_status":"closed","sticky":false,"template":"","format":"standard","meta":{"footnotes":""},"categories":[11,2,20,10],"tags":[36,50,45],"class_list":["post-8615","post","type-post","status-publish","format-standard","has-post-thumbnail","hentry","category-homepage-french","category-politique","category-top-nouvelles","category-toutes-les-actualites","tag-africa-press","tag-africa-press-benin","tag-benin"],"yoast_head":"<!-- This site is optimized with the Yoast SEO Premium plugin v26.1 (Yoast SEO v27.0) - https:\/\/yoast.com\/product\/yoast-seo-premium-wordpress\/ -->\n<title>B\u00e9nin: apr\u00e8s la tourn\u00e9e de prise de contact, Distel Amoussou a fait son choix politique - B\u00e9nin<\/title>\n<meta name=\"description\" content=\"L\u2019ancien journaliste devenu acteur politique sera face aux professionnels des m\u00e9dias demain mardi 6 Septembre 2022. Cett ...\" \/>\n<meta name=\"robots\" content=\"index, follow, max-snippet:-1, max-image-preview:large, max-video-preview:-1\" \/>\n<link rel=\"canonical\" href=\"https:\/\/www.africa-press.net\/benin\/politique\/benin-apres-la-tournee-de-prise-de-contact-distel-amoussou-a-fait-son-choix-politique\" \/>\n<meta property=\"og:locale\" content=\"fr_FR\" \/>\n<meta property=\"og:type\" content=\"article\" \/>\n<meta property=\"og:title\" content=\"B\u00e9nin: apr\u00e8s la tourn\u00e9e de prise de contact, Distel Amoussou a fait son choix politique\" \/>\n<meta property=\"og:description\" content=\"L\u2019ancien journaliste devenu acteur politique sera face aux professionnels des m\u00e9dias demain mardi 6 Septembre 2022. Cett ...\" \/>\n<meta property=\"og:url\" content=\"https:\/\/www.africa-press.net\/benin\/politique\/benin-apres-la-tournee-de-prise-de-contact-distel-amoussou-a-fait-son-choix-politique\" \/>\n<meta property=\"og:site_name\" content=\"B\u00e9nin\" \/>\n<meta property=\"article:published_time\" content=\"2022-09-05T19:11:42+00:00\" \/>\n<meta property=\"article:modified_time\" content=\"2022-09-05T19:26:23+00:00\" \/>\n<meta property=\"og:image\" content=\"https:\/\/static.africa-press.net\/benin\/sites\/46\/2022\/09\/postQueueImg_23-63164d42ccc3c.jpg\" \/>\n\t<meta property=\"og:image:width\" content=\"1200\" \/>\n\t<meta property=\"og:image:height\" content=\"949\" \/>\n\t<meta property=\"og:image:type\" content=\"image\/jpeg\" \/>\n<meta name=\"author\" content=\"cfeditorfr\" \/>\n<meta name=\"twitter:card\" content=\"summary_large_image\" \/>\n<meta name=\"twitter:label1\" content=\"\u00c9crit par\" \/>\n\t<meta name=\"twitter:data1\" content=\"cfeditorfr\" \/>\n\t<meta name=\"twitter:label2\" content=\"Dur\u00e9e de lecture estim\u00e9e\" \/>\n\t<meta name=\"twitter:data2\" content=\"2 minutes\" \/>\n<script type=\"application\/ld+json\" class=\"yoast-schema-graph\">{\"@context\":\"https:\/\/schema.org\",\"@graph\":[{\"@type\":\"Article\",\"@id\":\"https:\/\/www.africa-press.net\/benin\/politique\/benin-apres-la-tournee-de-prise-de-contact-distel-amoussou-a-fait-son-choix-politique#article\",\"isPartOf\":{\"@id\":\"https:\/\/www.africa-press.net\/benin\/politique\/benin-apres-la-tournee-de-prise-de-contact-distel-amoussou-a-fait-son-choix-politique\"},\"author\":{\"name\":\"cfeditorfr\",\"@id\":\"https:\/\/www.africa-press.net\/benin\/#\/schema\/person\/2b1cf3cd81a31e3cd26889ca66d677f1\"},\"headline\":\"B\u00e9nin: apr\u00e8s la tourn\u00e9e de prise de contact, Distel Amoussou a fait son choix politique\",\"datePublished\":\"2022-09-05T19:11:42+00:00\",\"dateModified\":\"2022-09-05T19:26:23+00:00\",\"mainEntityOfPage\":{\"@id\":\"https:\/\/www.africa-press.net\/benin\/politique\/benin-apres-la-tournee-de-prise-de-contact-distel-amoussou-a-fait-son-choix-politique\"},\"wordCount\":300,\"commentCount\":0,\"image\":{\"@id\":\"https:\/\/www.africa-press.net\/benin\/politique\/benin-apres-la-tournee-de-prise-de-contact-distel-amoussou-a-fait-son-choix-politique#primaryimage\"},\"thumbnailUrl\":\"https:\/\/static.africa-press.net\/benin\/sites\/46\/2022\/09\/postQueueImg_23-63164d42ccc3c.jpg\",\"keywords\":[\"Africa Press\",\"Africa Press-Benin\",\"B\u00e9nin\"],\"articleSection\":[\"homepage-french\",\"Politique\",\"Top Nouvelles\",\"Toutes les actualit\u00e9s\"],\"inLanguage\":\"fr-FR\",\"potentialAction\":[{\"@type\":\"CommentAction\",\"name\":\"Comment\",\"target\":[\"https:\/\/www.africa-press.net\/benin\/politique\/benin-apres-la-tournee-de-prise-de-contact-distel-amoussou-a-fait-son-choix-politique#respond\"]}]},{\"@type\":\"WebPage\",\"@id\":\"https:\/\/www.africa-press.net\/benin\/politique\/benin-apres-la-tournee-de-prise-de-contact-distel-amoussou-a-fait-son-choix-politique\",\"url\":\"https:\/\/www.africa-press.net\/benin\/politique\/benin-apres-la-tournee-de-prise-de-contact-distel-amoussou-a-fait-son-choix-politique\",\"name\":\"B\u00e9nin: apr\u00e8s la tourn\u00e9e de prise de contact, Distel Amoussou a fait son choix politique - B\u00e9nin\",\"isPartOf\":{\"@id\":\"https:\/\/www.africa-press.net\/benin\/#website\"},\"primaryImageOfPage\":{\"@id\":\"https:\/\/www.africa-press.net\/benin\/politique\/benin-apres-la-tournee-de-prise-de-contact-distel-amoussou-a-fait-son-choix-politique#primaryimage\"},\"image\":{\"@id\":\"https:\/\/www.africa-press.net\/benin\/politique\/benin-apres-la-tournee-de-prise-de-contact-distel-amoussou-a-fait-son-choix-politique#primaryimage\"},\"thumbnailUrl\":\"https:\/\/static.africa-press.net\/benin\/sites\/46\/2022\/09\/postQueueImg_23-63164d42ccc3c.jpg\",\"datePublished\":\"2022-09-05T19:11:42+00:00\",\"dateModified\":\"2022-09-05T19:26:23+00:00\",\"author\":{\"@id\":\"https:\/\/www.africa-press.net\/benin\/#\/schema\/person\/2b1cf3cd81a31e3cd26889ca66d677f1\"},\"description\":\"L\u2019ancien journaliste devenu acteur politique sera face aux professionnels des m\u00e9dias demain mardi 6 Septembre 2022. Cett ...\",\"breadcrumb\":{\"@id\":\"https:\/\/www.africa-press.net\/benin\/politique\/benin-apres-la-tournee-de-prise-de-contact-distel-amoussou-a-fait-son-choix-politique#breadcrumb\"},\"inLanguage\":\"fr-FR\",\"potentialAction\":[{\"@type\":\"ReadAction\",\"target\":[\"https:\/\/www.africa-press.net\/benin\/politique\/benin-apres-la-tournee-de-prise-de-contact-distel-amoussou-a-fait-son-choix-politique\"]}]},{\"@type\":\"ImageObject\",\"inLanguage\":\"fr-FR\",\"@id\":\"https:\/\/www.africa-press.net\/benin\/politique\/benin-apres-la-tournee-de-prise-de-contact-distel-amoussou-a-fait-son-choix-politique#primaryimage\",\"url\":\"https:\/\/static.africa-press.net\/benin\/sites\/46\/2022\/09\/postQueueImg_23-63164d42ccc3c.jpg\",\"contentUrl\":\"https:\/\/static.africa-press.net\/benin\/sites\/46\/2022\/09\/postQueueImg_23-63164d42ccc3c.jpg\",\"width\":1200,\"height\":949,\"caption\":\"B\u00e9nin: apr\u00e8s la tourn\u00e9e de prise de contact, Distel Amoussou a fait son choix politique\"},{\"@type\":\"BreadcrumbList\",\"@id\":\"https:\/\/www.africa-press.net\/benin\/politique\/benin-apres-la-tournee-de-prise-de-contact-distel-amoussou-a-fait-son-choix-politique#breadcrumb\",\"itemListElement\":[{\"@type\":\"ListItem\",\"position\":1,\"name\":\"Accueil\",\"item\":\"https:\/\/www.africa-press.net\/benin\/\"},{\"@type\":\"ListItem\",\"position\":2,\"name\":\"B\u00e9nin: apr\u00e8s la tourn\u00e9e de prise de contact, Distel Amoussou a fait son choix politique\"}]},{\"@type\":\"WebSite\",\"@id\":\"https:\/\/www.africa-press.net\/benin\/#website\",\"url\":\"https:\/\/www.africa-press.net\/benin\/\",\"name\":\"B\u00e9nin\",\"description\":\"Just another Africa News Agency Sites site\",\"potentialAction\":[{\"@type\":\"SearchAction\",\"target\":{\"@type\":\"EntryPoint\",\"urlTemplate\":\"https:\/\/www.africa-press.net\/benin\/?s={search_term_string}\"},\"query-input\":{\"@type\":\"PropertyValueSpecification\",\"valueRequired\":true,\"valueName\":\"search_term_string\"}}],\"inLanguage\":\"fr-FR\"},{\"@type\":\"Person\",\"@id\":\"https:\/\/www.africa-press.net\/benin\/#\/schema\/person\/2b1cf3cd81a31e3cd26889ca66d677f1\",\"name\":\"cfeditorfr\"}]}<\/script>\n<!-- \/ Yoast SEO Premium plugin. -->","yoast_head_json":{"title":"B\u00e9nin: apr\u00e8s la tourn\u00e9e de prise de contact, Distel Amoussou a fait son choix politique - B\u00e9nin","description":"L\u2019ancien journaliste devenu acteur politique sera face aux professionnels des m\u00e9dias demain mardi 6 Septembre 2022. Cett ...","robots":{"index":"index","follow":"follow","max-snippet":"max-snippet:-1","max-image-preview":"max-image-preview:large","max-video-preview":"max-video-preview:-1"},"canonical":"https:\/\/www.africa-press.net\/benin\/politique\/benin-apres-la-tournee-de-prise-de-contact-distel-amoussou-a-fait-son-choix-politique","og_locale":"fr_FR","og_type":"article","og_title":"B\u00e9nin: apr\u00e8s la tourn\u00e9e de prise de contact, Distel Amoussou a fait son choix politique","og_description":"L\u2019ancien journaliste devenu acteur politique sera face aux professionnels des m\u00e9dias demain mardi 6 Septembre 2022. Cett ...","og_url":"https:\/\/www.africa-press.net\/benin\/politique\/benin-apres-la-tournee-de-prise-de-contact-distel-amoussou-a-fait-son-choix-politique","og_site_name":"B\u00e9nin","article_published_time":"2022-09-05T19:11:42+00:00","article_modified_time":"2022-09-05T19:26:23+00:00","og_image":[{"width":1200,"height":949,"url":"https:\/\/static.africa-press.net\/benin\/sites\/46\/2022\/09\/postQueueImg_23-63164d42ccc3c.jpg","type":"image\/jpeg"}],"author":"cfeditorfr","twitter_card":"summary_large_image","twitter_misc":{"\u00c9crit par":"cfeditorfr","Dur\u00e9e de lecture estim\u00e9e":"2 minutes"},"schema":{"@context":"https:\/\/schema.org","@graph":[{"@type":"Article","@id":"https:\/\/www.africa-press.net\/benin\/politique\/benin-apres-la-tournee-de-prise-de-contact-distel-amoussou-a-fait-son-choix-politique#article","isPartOf":{"@id":"https:\/\/www.africa-press.net\/benin\/politique\/benin-apres-la-tournee-de-prise-de-contact-distel-amoussou-a-fait-son-choix-politique"},"author":{"name":"cfeditorfr","@id":"https:\/\/www.africa-press.net\/benin\/#\/schema\/person\/2b1cf3cd81a31e3cd26889ca66d677f1"},"headline":"B\u00e9nin: apr\u00e8s la tourn\u00e9e de prise de contact, Distel Amoussou a fait son choix politique","datePublished":"2022-09-05T19:11:42+00:00","dateModified":"2022-09-05T19:26:23+00:00","mainEntityOfPage":{"@id":"https:\/\/www.africa-press.net\/benin\/politique\/benin-apres-la-tournee-de-prise-de-contact-distel-amoussou-a-fait-son-choix-politique"},"wordCount":300,"commentCount":0,"image":{"@id":"https:\/\/www.africa-press.net\/benin\/politique\/benin-apres-la-tournee-de-prise-de-contact-distel-amoussou-a-fait-son-choix-politique#primaryimage"},"thumbnailUrl":"https:\/\/static.africa-press.net\/benin\/sites\/46\/2022\/09\/postQueueImg_23-63164d42ccc3c.jpg","keywords":["Africa Press","Africa Press-Benin","B\u00e9nin"],"articleSection":["homepage-french","Politique","Top Nouvelles","Toutes les actualit\u00e9s"],"inLanguage":"fr-FR","potentialAction":[{"@type":"CommentAction","name":"Comment","target":["https:\/\/www.africa-press.net\/benin\/politique\/benin-apres-la-tournee-de-prise-de-contact-distel-amoussou-a-fait-son-choix-politique#respond"]}]},{"@type":"WebPage","@id":"https:\/\/www.africa-press.net\/benin\/politique\/benin-apres-la-tournee-de-prise-de-contact-distel-amoussou-a-fait-son-choix-politique","url":"https:\/\/www.africa-press.net\/benin\/politique\/benin-apres-la-tournee-de-prise-de-contact-distel-amoussou-a-fait-son-choix-politique","name":"B\u00e9nin: apr\u00e8s la tourn\u00e9e de prise de contact, Distel Amoussou a fait son choix politique - B\u00e9nin","isPartOf":{"@id":"https:\/\/www.africa-press.net\/benin\/#website"},"primaryImageOfPage":{"@id":"https:\/\/www.africa-press.net\/benin\/politique\/benin-apres-la-tournee-de-prise-de-contact-distel-amoussou-a-fait-son-choix-politique#primaryimage"},"image":{"@id":"https:\/\/www.africa-press.net\/benin\/politique\/benin-apres-la-tournee-de-prise-de-contact-distel-amoussou-a-fait-son-choix-politique#primaryimage"},"thumbnailUrl":"https:\/\/static.africa-press.net\/benin\/sites\/46\/2022\/09\/postQueueImg_23-63164d42ccc3c.jpg","datePublished":"2022-09-05T19:11:42+00:00","dateModified":"2022-09-05T19:26:23+00:00","author":{"@id":"https:\/\/www.africa-press.net\/benin\/#\/schema\/person\/2b1cf3cd81a31e3cd26889ca66d677f1"},"description":"L\u2019ancien journaliste devenu acteur politique sera face aux professionnels des m\u00e9dias demain mardi 6 Septembre 2022. Cett ...","breadcrumb":{"@id":"https:\/\/www.africa-press.net\/benin\/politique\/benin-apres-la-tournee-de-prise-de-contact-distel-amoussou-a-fait-son-choix-politique#breadcrumb"},"inLanguage":"fr-FR","potentialAction":[{"@type":"ReadAction","target":["https:\/\/www.africa-press.net\/benin\/politique\/benin-apres-la-tournee-de-prise-de-contact-distel-amoussou-a-fait-son-choix-politique"]}]},{"@type":"ImageObject","inLanguage":"fr-FR","@id":"https:\/\/www.africa-press.net\/benin\/politique\/benin-apres-la-tournee-de-prise-de-contact-distel-amoussou-a-fait-son-choix-politique#primaryimage","url":"https:\/\/static.africa-press.net\/benin\/sites\/46\/2022\/09\/postQueueImg_23-63164d42ccc3c.jpg","contentUrl":"https:\/\/static.africa-press.net\/benin\/sites\/46\/2022\/09\/postQueueImg_23-63164d42ccc3c.jpg","width":1200,"height":949,"caption":"B\u00e9nin: apr\u00e8s la tourn\u00e9e de prise de contact, Distel Amoussou a fait son choix politique"},{"@type":"BreadcrumbList","@id":"https:\/\/www.africa-press.net\/benin\/politique\/benin-apres-la-tournee-de-prise-de-contact-distel-amoussou-a-fait-son-choix-politique#breadcrumb","itemListElement":[{"@type":"ListItem","position":1,"name":"Accueil","item":"https:\/\/www.africa-press.net\/benin\/"},{"@type":"ListItem","position":2,"name":"B\u00e9nin: apr\u00e8s la tourn\u00e9e de prise de contact, Distel Amoussou a fait son choix politique"}]},{"@type":"WebSite","@id":"https:\/\/www.africa-press.net\/benin\/#website","url":"https:\/\/www.africa-press.net\/benin\/","name":"B\u00e9nin","description":"Just another Africa News Agency Sites site","potentialAction":[{"@type":"SearchAction","target":{"@type":"EntryPoint","urlTemplate":"https:\/\/www.africa-press.net\/benin\/?s={search_term_string}"},"query-input":{"@type":"PropertyValueSpecification","valueRequired":true,"valueName":"search_term_string"}}],"inLanguage":"fr-FR"},{"@type":"Person","@id":"https:\/\/www.africa-press.net\/benin\/#\/schema\/person\/2b1cf3cd81a31e3cd26889ca66d677f1","name":"cfeditorfr"}]}},"_links":{"self":[{"href":"https:\/\/www.africa-press.net\/benin\/wp-json\/wp\/v2\/posts\/8615","targetHints":{"allow":["GET"]}}],"collection":[{"href":"https:\/\/www.africa-press.net\/benin\/wp-json\/wp\/v2\/posts"}],"about":[{"href":"https:\/\/www.africa-press.net\/benin\/wp-json\/wp\/v2\/types\/post"}],"author":[{"embeddable":true,"href":"https:\/\/www.africa-press.net\/benin\/wp-json\/wp\/v2\/users\/82"}],"replies":[{"embeddable":true,"href":"https:\/\/www.africa-press.net\/benin\/wp-json\/wp\/v2\/comments?post=8615"}],"version-history":[{"count":0,"href":"https:\/\/www.africa-press.net\/benin\/wp-json\/wp\/v2\/posts\/8615\/revisions"}],"wp:featuredmedia":[{"embeddable":true,"href":"https:\/\/www.africa-press.net\/benin\/wp-json\/wp\/v2\/media\/8614"}],"wp:attachment":[{"href":"https:\/\/www.africa-press.net\/benin\/wp-json\/wp\/v2\/media?parent=8615"}],"wp:term":[{"taxonomy":"category","embeddable":true,"href":"https:\/\/www.africa-press.net\/benin\/wp-json\/wp\/v2\/categories?post=8615"},{"taxonomy":"post_tag","embeddable":true,"href":"https:\/\/www.africa-press.net\/benin\/wp-json\/wp\/v2\/tags?post=8615"}],"curies":[{"name":"wp","href":"https:\/\/api.w.org\/{rel}","templated":true}]}}