{"id":8621,"date":"2022-09-05T19:12:00","date_gmt":"2022-09-05T19:12:00","guid":{"rendered":"https:\/\/www.africa-press.net\/benin\/politique\/la-fusion-entre-lup-et-le-prd-ne-nous-frustre-guere-jacques-migan"},"modified":"2022-09-05T19:27:36","modified_gmt":"2022-09-05T19:27:36","slug":"la-fusion-entre-lup-et-le-prd-ne-nous-frustre-guere-jacques-migan","status":"publish","type":"post","link":"https:\/\/www.africa-press.net\/benin\/politique\/la-fusion-entre-lup-et-le-prd-ne-nous-frustre-guere-jacques-migan","title":{"rendered":"\u00ab\u00a0La fusion entre l\u2019UP et le PRD ne nous frustre gu\u00e8re\u00a0\u00bb, Jacques Migan"},"content":{"rendered":"<p><span style=\"color: #ff6600\"><strong>Africa-Press &#8211; Benin. <\/strong><\/span>Me Jacques Migan, membre fondateur du parti Bloc R\u00e9publique \u00e9tait ce dimanche 4 Septembre 2022 sur l\u2019\u00e9mission \u00ab Toholi \u00bb de la radio Oc\u00e9an fm. Au micro de cette cha\u00eene de radio, l\u2019ancien b\u00e2tonnier a fait savoir que sa famille politique n\u2019\u00e9prouve aucune animosit\u00e9 face \u00e0 la fusion du PRD et l\u2019UP.<\/p>\n<p>N\u00e9 de la fusion du parti du renouveau d\u00e9mocratique et de l\u2019union progressiste, le parti union progressiste le renouveau a obtenu quelques jours apr\u00e8s sa cr\u00e9ation son r\u00e9c\u00e9piss\u00e9 d\u00e9finitif. Cette c\u00e9l\u00e9rit\u00e9 de la proc\u00e9dure a suscit\u00e9 dans l\u2019opinion quelques commentaires.<\/p>\n<p>Mais sur l\u2019\u00e9mission \u00ab Toholi \u00bb de la radio oc\u00e9an fm, l\u2019ancien b\u00e2tonnier de l\u2019ordre des avocats, Jacques Migan a li\u00e9 la rapidit\u00e9 de la d\u00e9livrance du certificat d\u00e9finitif de l\u2019UP le renouveau par la promptitude dont les responsables de cette formation ont fait montre.<\/p>\n<p>\u00ab Ils n\u2019ont pas tra\u00een\u00e9 les pas comme d\u2019autres le font \u00bb; a indiqu\u00e9 Jacques Migan<\/p>\n<p>Pour l\u2019ancien b\u00e2tonnier, aucun divorce n\u2019est plus possible entre le parti du renouveau d\u00e9mocratique et le parti union progressiste parce que les deux partis ont c\u00e9d\u00e9 chacun leurs logos, leurs si\u00e8ges, pour former un autre parti politique. L\u2019UP et le PRD, pr\u00e9cise-t-il n\u2019existent plus. La fusion est donc consomm\u00e9e pour la vie, indique l\u2019acter politique.<\/p>\n<p><b>Le parti BR n\u2019est g\u00ean\u00e9 de la fusion de l\u2019Up et du PRD<\/b><\/p>\n<p>La cr\u00e9ation du parti union progressiste le renouveau par la fusion du parti du renouveau d\u00e9mocratique et de l\u2019union progressiste n\u2019enl\u00e8ve en rien la chance du parti Bloc R\u00e9publicain de faire mal sur le terrain lors des prochaines \u00e9lections l\u00e9gislatives.<\/p>\n<p>Selon l\u2019ancien b\u00e2tonnier Jacques Migan, le bloc r\u00e9publicain va remporter les l\u00e9gislatives de 2023. A le croire, la fusion entre l\u2019Up et le PRD \u00ab ne les frustre guere \u00bb.<\/p>\n<p>Le parti du ministre d\u2019Etat compte, aux dires de Jacques Migan, sur la jeunesse BR bien form\u00e9e pour la conqu\u00eate des \u00e9lecteurs sur le terrain. C\u2019est cette jeunesse qui va consacrer la victoire du parti cheval blanc cabr\u00e9 au soir du 08 Janvier 2023.<\/p>\n<p><strong>Pour plus d&rsquo;informations et d&rsquo;analyses sur la <a href=\"https:\/\/www.africa-press.net\/benin\">Benin<\/a>, suivez <a href=\"https:\/\/www.africa-press.net\/\">Africa-Press<\/a><\/strong><\/p>\n","protected":false},"excerpt":{"rendered":"<p>Africa-Press &#8211; Benin. Me Jacques Migan, membre fondateur du parti Bloc R\u00e9publique \u00e9tait ce dimanche 4 Septembre 2022 sur l\u2019\u00e9mission \u00ab Toholi \u00bb de la radio Oc\u00e9an fm. Au micro de cette cha\u00eene de radio, l\u2019ancien b\u00e2tonnier a fait savoir que sa famille politique n\u2019\u00e9prouve aucune animosit\u00e9 face \u00e0 la fusion du PRD et l\u2019UP. [&hellip;]<\/p>\n","protected":false},"author":82,"featured_media":8620,"comment_status":"open","ping_status":"closed","sticky":false,"template":"","format":"standard","meta":{"footnotes":""},"categories":[11,2,10],"tags":[36,50,45],"class_list":["post-8621","post","type-post","status-publish","format-standard","has-post-thumbnail","hentry","category-homepage-french","category-politique","category-toutes-les-actualites","tag-africa-press","tag-africa-press-benin","tag-benin"],"yoast_head":"<!-- This site is optimized with the Yoast SEO Premium plugin v26.1 (Yoast SEO v27.0) - https:\/\/yoast.com\/product\/yoast-seo-premium-wordpress\/ -->\n<title>\u00ab\u00a0La fusion entre l\u2019UP et le PRD ne nous frustre gu\u00e8re\u00a0\u00bb, Jacques Migan - B\u00e9nin<\/title>\n<meta name=\"description\" content=\"Me Jacques Migan, membre fondateur du parti Bloc R\u00e9publique \u00e9tait ce dimanche 4 Septembre 2022 sur l\u2019\u00e9mission \u00ab Toholi \u00bb ...\" \/>\n<meta name=\"robots\" content=\"index, follow, max-snippet:-1, max-image-preview:large, max-video-preview:-1\" \/>\n<link rel=\"canonical\" href=\"https:\/\/www.africa-press.net\/benin\/politique\/la-fusion-entre-lup-et-le-prd-ne-nous-frustre-guere-jacques-migan\" \/>\n<meta property=\"og:locale\" content=\"fr_FR\" \/>\n<meta property=\"og:type\" content=\"article\" \/>\n<meta property=\"og:title\" content=\"\u00ab\u00a0La fusion entre l\u2019UP et le PRD ne nous frustre gu\u00e8re\u00a0\u00bb, Jacques Migan\" \/>\n<meta property=\"og:description\" content=\"Me Jacques Migan, membre fondateur du parti Bloc R\u00e9publique \u00e9tait ce dimanche 4 Septembre 2022 sur l\u2019\u00e9mission \u00ab Toholi \u00bb ...\" \/>\n<meta property=\"og:url\" content=\"https:\/\/www.africa-press.net\/benin\/politique\/la-fusion-entre-lup-et-le-prd-ne-nous-frustre-guere-jacques-migan\" \/>\n<meta property=\"og:site_name\" content=\"B\u00e9nin\" \/>\n<meta property=\"article:published_time\" content=\"2022-09-05T19:12:00+00:00\" \/>\n<meta property=\"article:modified_time\" content=\"2022-09-05T19:27:36+00:00\" \/>\n<meta property=\"og:image\" content=\"https:\/\/static.africa-press.net\/benin\/sites\/46\/2022\/09\/postQueueImg_25-63164d8ad9a38.jpg\" \/>\n\t<meta property=\"og:image:width\" content=\"1266\" \/>\n\t<meta property=\"og:image:height\" content=\"561\" \/>\n\t<meta property=\"og:image:type\" content=\"image\/jpeg\" \/>\n<meta name=\"author\" content=\"cfeditorfr\" \/>\n<meta name=\"twitter:card\" content=\"summary_large_image\" \/>\n<meta name=\"twitter:label1\" content=\"\u00c9crit par\" \/>\n\t<meta name=\"twitter:data1\" content=\"cfeditorfr\" \/>\n\t<meta name=\"twitter:label2\" content=\"Dur\u00e9e de lecture estim\u00e9e\" \/>\n\t<meta name=\"twitter:data2\" content=\"2 minutes\" \/>\n<script type=\"application\/ld+json\" class=\"yoast-schema-graph\">{\"@context\":\"https:\/\/schema.org\",\"@graph\":[{\"@type\":\"Article\",\"@id\":\"https:\/\/www.africa-press.net\/benin\/politique\/la-fusion-entre-lup-et-le-prd-ne-nous-frustre-guere-jacques-migan#article\",\"isPartOf\":{\"@id\":\"https:\/\/www.africa-press.net\/benin\/politique\/la-fusion-entre-lup-et-le-prd-ne-nous-frustre-guere-jacques-migan\"},\"author\":{\"name\":\"cfeditorfr\",\"@id\":\"https:\/\/www.africa-press.net\/benin\/#\/schema\/person\/2b1cf3cd81a31e3cd26889ca66d677f1\"},\"headline\":\"\u00ab\u00a0La fusion entre l\u2019UP et le PRD ne nous frustre gu\u00e8re\u00a0\u00bb, Jacques Migan\",\"datePublished\":\"2022-09-05T19:12:00+00:00\",\"dateModified\":\"2022-09-05T19:27:36+00:00\",\"mainEntityOfPage\":{\"@id\":\"https:\/\/www.africa-press.net\/benin\/politique\/la-fusion-entre-lup-et-le-prd-ne-nous-frustre-guere-jacques-migan\"},\"wordCount\":411,\"commentCount\":0,\"image\":{\"@id\":\"https:\/\/www.africa-press.net\/benin\/politique\/la-fusion-entre-lup-et-le-prd-ne-nous-frustre-guere-jacques-migan#primaryimage\"},\"thumbnailUrl\":\"https:\/\/static.africa-press.net\/benin\/sites\/46\/2022\/09\/postQueueImg_25-63164d8ad9a38.jpg\",\"keywords\":[\"Africa Press\",\"Africa Press-Benin\",\"B\u00e9nin\"],\"articleSection\":[\"homepage-french\",\"Politique\",\"Toutes les actualit\u00e9s\"],\"inLanguage\":\"fr-FR\",\"potentialAction\":[{\"@type\":\"CommentAction\",\"name\":\"Comment\",\"target\":[\"https:\/\/www.africa-press.net\/benin\/politique\/la-fusion-entre-lup-et-le-prd-ne-nous-frustre-guere-jacques-migan#respond\"]}]},{\"@type\":\"WebPage\",\"@id\":\"https:\/\/www.africa-press.net\/benin\/politique\/la-fusion-entre-lup-et-le-prd-ne-nous-frustre-guere-jacques-migan\",\"url\":\"https:\/\/www.africa-press.net\/benin\/politique\/la-fusion-entre-lup-et-le-prd-ne-nous-frustre-guere-jacques-migan\",\"name\":\"\u00ab\u00a0La fusion entre l\u2019UP et le PRD ne nous frustre gu\u00e8re\u00a0\u00bb, Jacques Migan - B\u00e9nin\",\"isPartOf\":{\"@id\":\"https:\/\/www.africa-press.net\/benin\/#website\"},\"primaryImageOfPage\":{\"@id\":\"https:\/\/www.africa-press.net\/benin\/politique\/la-fusion-entre-lup-et-le-prd-ne-nous-frustre-guere-jacques-migan#primaryimage\"},\"image\":{\"@id\":\"https:\/\/www.africa-press.net\/benin\/politique\/la-fusion-entre-lup-et-le-prd-ne-nous-frustre-guere-jacques-migan#primaryimage\"},\"thumbnailUrl\":\"https:\/\/static.africa-press.net\/benin\/sites\/46\/2022\/09\/postQueueImg_25-63164d8ad9a38.jpg\",\"datePublished\":\"2022-09-05T19:12:00+00:00\",\"dateModified\":\"2022-09-05T19:27:36+00:00\",\"author\":{\"@id\":\"https:\/\/www.africa-press.net\/benin\/#\/schema\/person\/2b1cf3cd81a31e3cd26889ca66d677f1\"},\"description\":\"Me Jacques Migan, membre fondateur du parti Bloc R\u00e9publique \u00e9tait ce dimanche 4 Septembre 2022 sur l\u2019\u00e9mission \u00ab Toholi \u00bb ...\",\"breadcrumb\":{\"@id\":\"https:\/\/www.africa-press.net\/benin\/politique\/la-fusion-entre-lup-et-le-prd-ne-nous-frustre-guere-jacques-migan#breadcrumb\"},\"inLanguage\":\"fr-FR\",\"potentialAction\":[{\"@type\":\"ReadAction\",\"target\":[\"https:\/\/www.africa-press.net\/benin\/politique\/la-fusion-entre-lup-et-le-prd-ne-nous-frustre-guere-jacques-migan\"]}]},{\"@type\":\"ImageObject\",\"inLanguage\":\"fr-FR\",\"@id\":\"https:\/\/www.africa-press.net\/benin\/politique\/la-fusion-entre-lup-et-le-prd-ne-nous-frustre-guere-jacques-migan#primaryimage\",\"url\":\"https:\/\/static.africa-press.net\/benin\/sites\/46\/2022\/09\/postQueueImg_25-63164d8ad9a38.jpg\",\"contentUrl\":\"https:\/\/static.africa-press.net\/benin\/sites\/46\/2022\/09\/postQueueImg_25-63164d8ad9a38.jpg\",\"width\":1266,\"height\":561,\"caption\":\"\u00ab\u00a0La fusion entre l\u2019UP et le PRD ne nous frustre gu\u00e8re\u00a0\u00bb, Jacques Migan\"},{\"@type\":\"BreadcrumbList\",\"@id\":\"https:\/\/www.africa-press.net\/benin\/politique\/la-fusion-entre-lup-et-le-prd-ne-nous-frustre-guere-jacques-migan#breadcrumb\",\"itemListElement\":[{\"@type\":\"ListItem\",\"position\":1,\"name\":\"Accueil\",\"item\":\"https:\/\/www.africa-press.net\/benin\/\"},{\"@type\":\"ListItem\",\"position\":2,\"name\":\"\u00ab\u00a0La fusion entre l\u2019UP et le PRD ne nous frustre gu\u00e8re\u00a0\u00bb, Jacques Migan\"}]},{\"@type\":\"WebSite\",\"@id\":\"https:\/\/www.africa-press.net\/benin\/#website\",\"url\":\"https:\/\/www.africa-press.net\/benin\/\",\"name\":\"B\u00e9nin\",\"description\":\"Just another Africa News Agency Sites site\",\"potentialAction\":[{\"@type\":\"SearchAction\",\"target\":{\"@type\":\"EntryPoint\",\"urlTemplate\":\"https:\/\/www.africa-press.net\/benin\/?s={search_term_string}\"},\"query-input\":{\"@type\":\"PropertyValueSpecification\",\"valueRequired\":true,\"valueName\":\"search_term_string\"}}],\"inLanguage\":\"fr-FR\"},{\"@type\":\"Person\",\"@id\":\"https:\/\/www.africa-press.net\/benin\/#\/schema\/person\/2b1cf3cd81a31e3cd26889ca66d677f1\",\"name\":\"cfeditorfr\"}]}<\/script>\n<!-- \/ Yoast SEO Premium plugin. -->","yoast_head_json":{"title":"\u00ab\u00a0La fusion entre l\u2019UP et le PRD ne nous frustre gu\u00e8re\u00a0\u00bb, Jacques Migan - B\u00e9nin","description":"Me Jacques Migan, membre fondateur du parti Bloc R\u00e9publique \u00e9tait ce dimanche 4 Septembre 2022 sur l\u2019\u00e9mission \u00ab Toholi \u00bb ...","robots":{"index":"index","follow":"follow","max-snippet":"max-snippet:-1","max-image-preview":"max-image-preview:large","max-video-preview":"max-video-preview:-1"},"canonical":"https:\/\/www.africa-press.net\/benin\/politique\/la-fusion-entre-lup-et-le-prd-ne-nous-frustre-guere-jacques-migan","og_locale":"fr_FR","og_type":"article","og_title":"\u00ab\u00a0La fusion entre l\u2019UP et le PRD ne nous frustre gu\u00e8re\u00a0\u00bb, Jacques Migan","og_description":"Me Jacques Migan, membre fondateur du parti Bloc R\u00e9publique \u00e9tait ce dimanche 4 Septembre 2022 sur l\u2019\u00e9mission \u00ab Toholi \u00bb ...","og_url":"https:\/\/www.africa-press.net\/benin\/politique\/la-fusion-entre-lup-et-le-prd-ne-nous-frustre-guere-jacques-migan","og_site_name":"B\u00e9nin","article_published_time":"2022-09-05T19:12:00+00:00","article_modified_time":"2022-09-05T19:27:36+00:00","og_image":[{"width":1266,"height":561,"url":"https:\/\/static.africa-press.net\/benin\/sites\/46\/2022\/09\/postQueueImg_25-63164d8ad9a38.jpg","type":"image\/jpeg"}],"author":"cfeditorfr","twitter_card":"summary_large_image","twitter_misc":{"\u00c9crit par":"cfeditorfr","Dur\u00e9e de lecture estim\u00e9e":"2 minutes"},"schema":{"@context":"https:\/\/schema.org","@graph":[{"@type":"Article","@id":"https:\/\/www.africa-press.net\/benin\/politique\/la-fusion-entre-lup-et-le-prd-ne-nous-frustre-guere-jacques-migan#article","isPartOf":{"@id":"https:\/\/www.africa-press.net\/benin\/politique\/la-fusion-entre-lup-et-le-prd-ne-nous-frustre-guere-jacques-migan"},"author":{"name":"cfeditorfr","@id":"https:\/\/www.africa-press.net\/benin\/#\/schema\/person\/2b1cf3cd81a31e3cd26889ca66d677f1"},"headline":"\u00ab\u00a0La fusion entre l\u2019UP et le PRD ne nous frustre gu\u00e8re\u00a0\u00bb, Jacques Migan","datePublished":"2022-09-05T19:12:00+00:00","dateModified":"2022-09-05T19:27:36+00:00","mainEntityOfPage":{"@id":"https:\/\/www.africa-press.net\/benin\/politique\/la-fusion-entre-lup-et-le-prd-ne-nous-frustre-guere-jacques-migan"},"wordCount":411,"commentCount":0,"image":{"@id":"https:\/\/www.africa-press.net\/benin\/politique\/la-fusion-entre-lup-et-le-prd-ne-nous-frustre-guere-jacques-migan#primaryimage"},"thumbnailUrl":"https:\/\/static.africa-press.net\/benin\/sites\/46\/2022\/09\/postQueueImg_25-63164d8ad9a38.jpg","keywords":["Africa Press","Africa Press-Benin","B\u00e9nin"],"articleSection":["homepage-french","Politique","Toutes les actualit\u00e9s"],"inLanguage":"fr-FR","potentialAction":[{"@type":"CommentAction","name":"Comment","target":["https:\/\/www.africa-press.net\/benin\/politique\/la-fusion-entre-lup-et-le-prd-ne-nous-frustre-guere-jacques-migan#respond"]}]},{"@type":"WebPage","@id":"https:\/\/www.africa-press.net\/benin\/politique\/la-fusion-entre-lup-et-le-prd-ne-nous-frustre-guere-jacques-migan","url":"https:\/\/www.africa-press.net\/benin\/politique\/la-fusion-entre-lup-et-le-prd-ne-nous-frustre-guere-jacques-migan","name":"\u00ab\u00a0La fusion entre l\u2019UP et le PRD ne nous frustre gu\u00e8re\u00a0\u00bb, Jacques Migan - B\u00e9nin","isPartOf":{"@id":"https:\/\/www.africa-press.net\/benin\/#website"},"primaryImageOfPage":{"@id":"https:\/\/www.africa-press.net\/benin\/politique\/la-fusion-entre-lup-et-le-prd-ne-nous-frustre-guere-jacques-migan#primaryimage"},"image":{"@id":"https:\/\/www.africa-press.net\/benin\/politique\/la-fusion-entre-lup-et-le-prd-ne-nous-frustre-guere-jacques-migan#primaryimage"},"thumbnailUrl":"https:\/\/static.africa-press.net\/benin\/sites\/46\/2022\/09\/postQueueImg_25-63164d8ad9a38.jpg","datePublished":"2022-09-05T19:12:00+00:00","dateModified":"2022-09-05T19:27:36+00:00","author":{"@id":"https:\/\/www.africa-press.net\/benin\/#\/schema\/person\/2b1cf3cd81a31e3cd26889ca66d677f1"},"description":"Me Jacques Migan, membre fondateur du parti Bloc R\u00e9publique \u00e9tait ce dimanche 4 Septembre 2022 sur l\u2019\u00e9mission \u00ab Toholi \u00bb ...","breadcrumb":{"@id":"https:\/\/www.africa-press.net\/benin\/politique\/la-fusion-entre-lup-et-le-prd-ne-nous-frustre-guere-jacques-migan#breadcrumb"},"inLanguage":"fr-FR","potentialAction":[{"@type":"ReadAction","target":["https:\/\/www.africa-press.net\/benin\/politique\/la-fusion-entre-lup-et-le-prd-ne-nous-frustre-guere-jacques-migan"]}]},{"@type":"ImageObject","inLanguage":"fr-FR","@id":"https:\/\/www.africa-press.net\/benin\/politique\/la-fusion-entre-lup-et-le-prd-ne-nous-frustre-guere-jacques-migan#primaryimage","url":"https:\/\/static.africa-press.net\/benin\/sites\/46\/2022\/09\/postQueueImg_25-63164d8ad9a38.jpg","contentUrl":"https:\/\/static.africa-press.net\/benin\/sites\/46\/2022\/09\/postQueueImg_25-63164d8ad9a38.jpg","width":1266,"height":561,"caption":"\u00ab\u00a0La fusion entre l\u2019UP et le PRD ne nous frustre gu\u00e8re\u00a0\u00bb, Jacques Migan"},{"@type":"BreadcrumbList","@id":"https:\/\/www.africa-press.net\/benin\/politique\/la-fusion-entre-lup-et-le-prd-ne-nous-frustre-guere-jacques-migan#breadcrumb","itemListElement":[{"@type":"ListItem","position":1,"name":"Accueil","item":"https:\/\/www.africa-press.net\/benin\/"},{"@type":"ListItem","position":2,"name":"\u00ab\u00a0La fusion entre l\u2019UP et le PRD ne nous frustre gu\u00e8re\u00a0\u00bb, Jacques Migan"}]},{"@type":"WebSite","@id":"https:\/\/www.africa-press.net\/benin\/#website","url":"https:\/\/www.africa-press.net\/benin\/","name":"B\u00e9nin","description":"Just another Africa News Agency Sites site","potentialAction":[{"@type":"SearchAction","target":{"@type":"EntryPoint","urlTemplate":"https:\/\/www.africa-press.net\/benin\/?s={search_term_string}"},"query-input":{"@type":"PropertyValueSpecification","valueRequired":true,"valueName":"search_term_string"}}],"inLanguage":"fr-FR"},{"@type":"Person","@id":"https:\/\/www.africa-press.net\/benin\/#\/schema\/person\/2b1cf3cd81a31e3cd26889ca66d677f1","name":"cfeditorfr"}]}},"_links":{"self":[{"href":"https:\/\/www.africa-press.net\/benin\/wp-json\/wp\/v2\/posts\/8621","targetHints":{"allow":["GET"]}}],"collection":[{"href":"https:\/\/www.africa-press.net\/benin\/wp-json\/wp\/v2\/posts"}],"about":[{"href":"https:\/\/www.africa-press.net\/benin\/wp-json\/wp\/v2\/types\/post"}],"author":[{"embeddable":true,"href":"https:\/\/www.africa-press.net\/benin\/wp-json\/wp\/v2\/users\/82"}],"replies":[{"embeddable":true,"href":"https:\/\/www.africa-press.net\/benin\/wp-json\/wp\/v2\/comments?post=8621"}],"version-history":[{"count":0,"href":"https:\/\/www.africa-press.net\/benin\/wp-json\/wp\/v2\/posts\/8621\/revisions"}],"wp:featuredmedia":[{"embeddable":true,"href":"https:\/\/www.africa-press.net\/benin\/wp-json\/wp\/v2\/media\/8620"}],"wp:attachment":[{"href":"https:\/\/www.africa-press.net\/benin\/wp-json\/wp\/v2\/media?parent=8621"}],"wp:term":[{"taxonomy":"category","embeddable":true,"href":"https:\/\/www.africa-press.net\/benin\/wp-json\/wp\/v2\/categories?post=8621"},{"taxonomy":"post_tag","embeddable":true,"href":"https:\/\/www.africa-press.net\/benin\/wp-json\/wp\/v2\/tags?post=8621"}],"curies":[{"name":"wp","href":"https:\/\/api.w.org\/{rel}","templated":true}]}}