{"id":8624,"date":"2022-09-05T19:12:13","date_gmt":"2022-09-05T19:12:13","guid":{"rendered":"https:\/\/www.africa-press.net\/benin\/politique\/je-me-retire-de-toute-organisation-politique-dite-de-lopposition-maxime-houedjissin"},"modified":"2022-09-05T19:28:17","modified_gmt":"2022-09-05T19:28:17","slug":"je-me-retire-de-toute-organisation-politique-dite-de-lopposition-maxime-houedjissin","status":"publish","type":"post","link":"https:\/\/www.africa-press.net\/benin\/politique\/je-me-retire-de-toute-organisation-politique-dite-de-lopposition-maxime-houedjissin","title":{"rendered":"\u00ab\u00a0Je me retire de toute organisation politique dite de l\u2019opposition\u00a0\u00bb, Maxime Hou\u00e9djissin"},"content":{"rendered":"<p><span style=\"color: #ff6600\"><strong>Africa-Press &#8211; Benin. <\/strong><\/span>L\u2019ancien questeur de l\u2019assembl\u00e9e nationale et ex directeur de l\u2019ARCHA tourne dos \u00e0 toutes les organisations de l\u2019opposition au r\u00e9gime de la rupture. L\u2019illisibilit\u00e9 des strat\u00e9gies de l\u2019opposition a conduit \u00e0 cette d\u00e9cision.<\/p>\n<p>Ancien cadre du parti de la renaissance du B\u00e9nin et ancien questeur de l\u2019assembl\u00e9e nationale, Maxime Hou\u00e9djissin ne compte plus faire route avec l\u2019opposition au r\u00e9gime du pr\u00e9sident Patrice Talon. L\u2019acteur politique l\u2019a confi\u00e9 \u00e0 un organe de la place quelques jours apr\u00e8s avoir dress\u00e9 le laurier .au r\u00e9gime de la rupture pour ses r\u00e9alisations.<\/p>\n<p>Le d\u00e9sormais ex opposant au r\u00e9gime de la rupture d\u00e9nonce une opposition sans vision claire et sans strat\u00e9gie lisible. Selon l\u2019ex directeur g\u00e9n\u00e9ral de l\u2019Agence de R\u00e9habilitation de la Cit\u00e9 Historique d\u2019Abomey (<b>ARCHA<\/b>) pense que l\u2019opposition au pouvoir en place manque d\u2019objectivit\u00e9, de discipline et de coh\u00e9sion. Il d\u00e9cide alors de se retirer de toutes les activit\u00e9s de l\u2019opposition.<\/p>\n<p>\u00ab Je me retire de toute organisation politique dite de l\u2019opposition \u00bb, a affirm\u00e9 Maxime Hou\u00e9djissin selon des propos rapport\u00e9s par \u00ab l\u2019Investigateur \u00bb.<\/p>\n<p>Pour anticiper sur les critiques, Maxime Hou\u00e9djissin rassure l\u2019opinion sur le fait que sa d\u00e9cision n\u2019est pas int\u00e9ress\u00e9e. \u00bb Je ne suis candidat \u00e0 rien, mais je parlerai de mon pays. Si c\u2019est bon, je dirai que c\u2019est bon. Si c\u2019est mauvais, je dirai que c\u2019est mauvais. Je ne suis pas dans le besoin de me faire \u00e9lire et je ne suis pas dans le besoin de me faire nommer. \u00ab , a-t-il indiqu\u00e9.<\/p>\n<p>Il faut rappeler que le 1er Ao\u00fbt dernier, Maxime Hou\u00e9djissin avait d\u00e9j\u00e0 annonc\u00e9 le signale en f\u00e9licitant le pr\u00e9sident de la R\u00e9publique pour la transformation du pays. Pour ce fils d\u2019Abomey, si quelqu\u2019un fait bien, il faut avoir le courage de le dire.<\/p>\n<p><strong>Pour plus d&rsquo;informations et d&rsquo;analyses sur la <a href=\"https:\/\/www.africa-press.net\/benin\">Benin<\/a>, suivez <a href=\"https:\/\/www.africa-press.net\/\">Africa-Press<\/a><\/strong><\/p>\n","protected":false},"excerpt":{"rendered":"<p>Africa-Press &#8211; Benin. L\u2019ancien questeur de l\u2019assembl\u00e9e nationale et ex directeur de l\u2019ARCHA tourne dos \u00e0 toutes les organisations de l\u2019opposition au r\u00e9gime de la rupture. L\u2019illisibilit\u00e9 des strat\u00e9gies de l\u2019opposition a conduit \u00e0 cette d\u00e9cision. Ancien cadre du parti de la renaissance du B\u00e9nin et ancien questeur de l\u2019assembl\u00e9e nationale, Maxime Hou\u00e9djissin ne compte [&hellip;]<\/p>\n","protected":false},"author":82,"featured_media":8623,"comment_status":"open","ping_status":"closed","sticky":false,"template":"","format":"standard","meta":{"footnotes":""},"categories":[11,2,20,10],"tags":[36,50,45],"class_list":["post-8624","post","type-post","status-publish","format-standard","has-post-thumbnail","hentry","category-homepage-french","category-politique","category-top-nouvelles","category-toutes-les-actualites","tag-africa-press","tag-africa-press-benin","tag-benin"],"yoast_head":"<!-- This site is optimized with the Yoast SEO Premium plugin v26.1 (Yoast SEO v27.0) - https:\/\/yoast.com\/product\/yoast-seo-premium-wordpress\/ -->\n<title>\u00ab\u00a0Je me retire de toute organisation politique dite de l\u2019opposition\u00a0\u00bb, Maxime Hou\u00e9djissin - B\u00e9nin<\/title>\n<meta name=\"description\" content=\"L\u2019ancien questeur de l\u2019assembl\u00e9e nationale et ex directeur de l\u2019ARCHA tourne dos \u00e0 toutes les organisations de l\u2019opposit ...\" \/>\n<meta name=\"robots\" content=\"index, follow, max-snippet:-1, max-image-preview:large, max-video-preview:-1\" \/>\n<link rel=\"canonical\" href=\"https:\/\/www.africa-press.net\/benin\/politique\/je-me-retire-de-toute-organisation-politique-dite-de-lopposition-maxime-houedjissin\" \/>\n<meta property=\"og:locale\" content=\"fr_FR\" \/>\n<meta property=\"og:type\" content=\"article\" \/>\n<meta property=\"og:title\" content=\"\u00ab\u00a0Je me retire de toute organisation politique dite de l\u2019opposition\u00a0\u00bb, Maxime Hou\u00e9djissin\" \/>\n<meta property=\"og:description\" content=\"L\u2019ancien questeur de l\u2019assembl\u00e9e nationale et ex directeur de l\u2019ARCHA tourne dos \u00e0 toutes les organisations de l\u2019opposit ...\" \/>\n<meta property=\"og:url\" content=\"https:\/\/www.africa-press.net\/benin\/politique\/je-me-retire-de-toute-organisation-politique-dite-de-lopposition-maxime-houedjissin\" \/>\n<meta property=\"og:site_name\" content=\"B\u00e9nin\" \/>\n<meta property=\"article:published_time\" content=\"2022-09-05T19:12:13+00:00\" \/>\n<meta property=\"article:modified_time\" content=\"2022-09-05T19:28:17+00:00\" \/>\n<meta property=\"og:image\" content=\"https:\/\/static.africa-press.net\/benin\/sites\/46\/2022\/09\/postQueueImg_26-63164daf59e90.jpg\" \/>\n\t<meta property=\"og:image:width\" content=\"1200\" \/>\n\t<meta property=\"og:image:height\" content=\"675\" \/>\n\t<meta property=\"og:image:type\" content=\"image\/jpeg\" \/>\n<meta name=\"author\" content=\"cfeditorfr\" \/>\n<meta name=\"twitter:card\" content=\"summary_large_image\" \/>\n<meta name=\"twitter:label1\" content=\"\u00c9crit par\" \/>\n\t<meta name=\"twitter:data1\" content=\"cfeditorfr\" \/>\n\t<meta name=\"twitter:label2\" content=\"Dur\u00e9e de lecture estim\u00e9e\" \/>\n\t<meta name=\"twitter:data2\" content=\"2 minutes\" \/>\n<script type=\"application\/ld+json\" class=\"yoast-schema-graph\">{\"@context\":\"https:\/\/schema.org\",\"@graph\":[{\"@type\":\"Article\",\"@id\":\"https:\/\/www.africa-press.net\/benin\/politique\/je-me-retire-de-toute-organisation-politique-dite-de-lopposition-maxime-houedjissin#article\",\"isPartOf\":{\"@id\":\"https:\/\/www.africa-press.net\/benin\/politique\/je-me-retire-de-toute-organisation-politique-dite-de-lopposition-maxime-houedjissin\"},\"author\":{\"name\":\"cfeditorfr\",\"@id\":\"https:\/\/www.africa-press.net\/benin\/#\/schema\/person\/2b1cf3cd81a31e3cd26889ca66d677f1\"},\"headline\":\"\u00ab\u00a0Je me retire de toute organisation politique dite de l\u2019opposition\u00a0\u00bb, Maxime Hou\u00e9djissin\",\"datePublished\":\"2022-09-05T19:12:13+00:00\",\"dateModified\":\"2022-09-05T19:28:17+00:00\",\"mainEntityOfPage\":{\"@id\":\"https:\/\/www.africa-press.net\/benin\/politique\/je-me-retire-de-toute-organisation-politique-dite-de-lopposition-maxime-houedjissin\"},\"wordCount\":366,\"commentCount\":0,\"image\":{\"@id\":\"https:\/\/www.africa-press.net\/benin\/politique\/je-me-retire-de-toute-organisation-politique-dite-de-lopposition-maxime-houedjissin#primaryimage\"},\"thumbnailUrl\":\"https:\/\/static.africa-press.net\/benin\/sites\/46\/2022\/09\/postQueueImg_26-63164daf59e90.jpg\",\"keywords\":[\"Africa Press\",\"Africa Press-Benin\",\"B\u00e9nin\"],\"articleSection\":[\"homepage-french\",\"Politique\",\"Top Nouvelles\",\"Toutes les actualit\u00e9s\"],\"inLanguage\":\"fr-FR\",\"potentialAction\":[{\"@type\":\"CommentAction\",\"name\":\"Comment\",\"target\":[\"https:\/\/www.africa-press.net\/benin\/politique\/je-me-retire-de-toute-organisation-politique-dite-de-lopposition-maxime-houedjissin#respond\"]}]},{\"@type\":\"WebPage\",\"@id\":\"https:\/\/www.africa-press.net\/benin\/politique\/je-me-retire-de-toute-organisation-politique-dite-de-lopposition-maxime-houedjissin\",\"url\":\"https:\/\/www.africa-press.net\/benin\/politique\/je-me-retire-de-toute-organisation-politique-dite-de-lopposition-maxime-houedjissin\",\"name\":\"\u00ab\u00a0Je me retire de toute organisation politique dite de l\u2019opposition\u00a0\u00bb, Maxime Hou\u00e9djissin - B\u00e9nin\",\"isPartOf\":{\"@id\":\"https:\/\/www.africa-press.net\/benin\/#website\"},\"primaryImageOfPage\":{\"@id\":\"https:\/\/www.africa-press.net\/benin\/politique\/je-me-retire-de-toute-organisation-politique-dite-de-lopposition-maxime-houedjissin#primaryimage\"},\"image\":{\"@id\":\"https:\/\/www.africa-press.net\/benin\/politique\/je-me-retire-de-toute-organisation-politique-dite-de-lopposition-maxime-houedjissin#primaryimage\"},\"thumbnailUrl\":\"https:\/\/static.africa-press.net\/benin\/sites\/46\/2022\/09\/postQueueImg_26-63164daf59e90.jpg\",\"datePublished\":\"2022-09-05T19:12:13+00:00\",\"dateModified\":\"2022-09-05T19:28:17+00:00\",\"author\":{\"@id\":\"https:\/\/www.africa-press.net\/benin\/#\/schema\/person\/2b1cf3cd81a31e3cd26889ca66d677f1\"},\"description\":\"L\u2019ancien questeur de l\u2019assembl\u00e9e nationale et ex directeur de l\u2019ARCHA tourne dos \u00e0 toutes les organisations de l\u2019opposit ...\",\"breadcrumb\":{\"@id\":\"https:\/\/www.africa-press.net\/benin\/politique\/je-me-retire-de-toute-organisation-politique-dite-de-lopposition-maxime-houedjissin#breadcrumb\"},\"inLanguage\":\"fr-FR\",\"potentialAction\":[{\"@type\":\"ReadAction\",\"target\":[\"https:\/\/www.africa-press.net\/benin\/politique\/je-me-retire-de-toute-organisation-politique-dite-de-lopposition-maxime-houedjissin\"]}]},{\"@type\":\"ImageObject\",\"inLanguage\":\"fr-FR\",\"@id\":\"https:\/\/www.africa-press.net\/benin\/politique\/je-me-retire-de-toute-organisation-politique-dite-de-lopposition-maxime-houedjissin#primaryimage\",\"url\":\"https:\/\/static.africa-press.net\/benin\/sites\/46\/2022\/09\/postQueueImg_26-63164daf59e90.jpg\",\"contentUrl\":\"https:\/\/static.africa-press.net\/benin\/sites\/46\/2022\/09\/postQueueImg_26-63164daf59e90.jpg\",\"width\":1200,\"height\":675,\"caption\":\"\u00ab\u00a0Je me retire de toute organisation politique dite de l\u2019opposition\u00a0\u00bb, Maxime Hou\u00e9djissin\"},{\"@type\":\"BreadcrumbList\",\"@id\":\"https:\/\/www.africa-press.net\/benin\/politique\/je-me-retire-de-toute-organisation-politique-dite-de-lopposition-maxime-houedjissin#breadcrumb\",\"itemListElement\":[{\"@type\":\"ListItem\",\"position\":1,\"name\":\"Accueil\",\"item\":\"https:\/\/www.africa-press.net\/benin\/\"},{\"@type\":\"ListItem\",\"position\":2,\"name\":\"\u00ab\u00a0Je me retire de toute organisation politique dite de l\u2019opposition\u00a0\u00bb, Maxime Hou\u00e9djissin\"}]},{\"@type\":\"WebSite\",\"@id\":\"https:\/\/www.africa-press.net\/benin\/#website\",\"url\":\"https:\/\/www.africa-press.net\/benin\/\",\"name\":\"B\u00e9nin\",\"description\":\"Just another Africa News Agency Sites site\",\"potentialAction\":[{\"@type\":\"SearchAction\",\"target\":{\"@type\":\"EntryPoint\",\"urlTemplate\":\"https:\/\/www.africa-press.net\/benin\/?s={search_term_string}\"},\"query-input\":{\"@type\":\"PropertyValueSpecification\",\"valueRequired\":true,\"valueName\":\"search_term_string\"}}],\"inLanguage\":\"fr-FR\"},{\"@type\":\"Person\",\"@id\":\"https:\/\/www.africa-press.net\/benin\/#\/schema\/person\/2b1cf3cd81a31e3cd26889ca66d677f1\",\"name\":\"cfeditorfr\"}]}<\/script>\n<!-- \/ Yoast SEO Premium plugin. -->","yoast_head_json":{"title":"\u00ab\u00a0Je me retire de toute organisation politique dite de l\u2019opposition\u00a0\u00bb, Maxime Hou\u00e9djissin - B\u00e9nin","description":"L\u2019ancien questeur de l\u2019assembl\u00e9e nationale et ex directeur de l\u2019ARCHA tourne dos \u00e0 toutes les organisations de l\u2019opposit ...","robots":{"index":"index","follow":"follow","max-snippet":"max-snippet:-1","max-image-preview":"max-image-preview:large","max-video-preview":"max-video-preview:-1"},"canonical":"https:\/\/www.africa-press.net\/benin\/politique\/je-me-retire-de-toute-organisation-politique-dite-de-lopposition-maxime-houedjissin","og_locale":"fr_FR","og_type":"article","og_title":"\u00ab\u00a0Je me retire de toute organisation politique dite de l\u2019opposition\u00a0\u00bb, Maxime Hou\u00e9djissin","og_description":"L\u2019ancien questeur de l\u2019assembl\u00e9e nationale et ex directeur de l\u2019ARCHA tourne dos \u00e0 toutes les organisations de l\u2019opposit ...","og_url":"https:\/\/www.africa-press.net\/benin\/politique\/je-me-retire-de-toute-organisation-politique-dite-de-lopposition-maxime-houedjissin","og_site_name":"B\u00e9nin","article_published_time":"2022-09-05T19:12:13+00:00","article_modified_time":"2022-09-05T19:28:17+00:00","og_image":[{"width":1200,"height":675,"url":"https:\/\/static.africa-press.net\/benin\/sites\/46\/2022\/09\/postQueueImg_26-63164daf59e90.jpg","type":"image\/jpeg"}],"author":"cfeditorfr","twitter_card":"summary_large_image","twitter_misc":{"\u00c9crit par":"cfeditorfr","Dur\u00e9e de lecture estim\u00e9e":"2 minutes"},"schema":{"@context":"https:\/\/schema.org","@graph":[{"@type":"Article","@id":"https:\/\/www.africa-press.net\/benin\/politique\/je-me-retire-de-toute-organisation-politique-dite-de-lopposition-maxime-houedjissin#article","isPartOf":{"@id":"https:\/\/www.africa-press.net\/benin\/politique\/je-me-retire-de-toute-organisation-politique-dite-de-lopposition-maxime-houedjissin"},"author":{"name":"cfeditorfr","@id":"https:\/\/www.africa-press.net\/benin\/#\/schema\/person\/2b1cf3cd81a31e3cd26889ca66d677f1"},"headline":"\u00ab\u00a0Je me retire de toute organisation politique dite de l\u2019opposition\u00a0\u00bb, Maxime Hou\u00e9djissin","datePublished":"2022-09-05T19:12:13+00:00","dateModified":"2022-09-05T19:28:17+00:00","mainEntityOfPage":{"@id":"https:\/\/www.africa-press.net\/benin\/politique\/je-me-retire-de-toute-organisation-politique-dite-de-lopposition-maxime-houedjissin"},"wordCount":366,"commentCount":0,"image":{"@id":"https:\/\/www.africa-press.net\/benin\/politique\/je-me-retire-de-toute-organisation-politique-dite-de-lopposition-maxime-houedjissin#primaryimage"},"thumbnailUrl":"https:\/\/static.africa-press.net\/benin\/sites\/46\/2022\/09\/postQueueImg_26-63164daf59e90.jpg","keywords":["Africa Press","Africa Press-Benin","B\u00e9nin"],"articleSection":["homepage-french","Politique","Top Nouvelles","Toutes les actualit\u00e9s"],"inLanguage":"fr-FR","potentialAction":[{"@type":"CommentAction","name":"Comment","target":["https:\/\/www.africa-press.net\/benin\/politique\/je-me-retire-de-toute-organisation-politique-dite-de-lopposition-maxime-houedjissin#respond"]}]},{"@type":"WebPage","@id":"https:\/\/www.africa-press.net\/benin\/politique\/je-me-retire-de-toute-organisation-politique-dite-de-lopposition-maxime-houedjissin","url":"https:\/\/www.africa-press.net\/benin\/politique\/je-me-retire-de-toute-organisation-politique-dite-de-lopposition-maxime-houedjissin","name":"\u00ab\u00a0Je me retire de toute organisation politique dite de l\u2019opposition\u00a0\u00bb, Maxime Hou\u00e9djissin - B\u00e9nin","isPartOf":{"@id":"https:\/\/www.africa-press.net\/benin\/#website"},"primaryImageOfPage":{"@id":"https:\/\/www.africa-press.net\/benin\/politique\/je-me-retire-de-toute-organisation-politique-dite-de-lopposition-maxime-houedjissin#primaryimage"},"image":{"@id":"https:\/\/www.africa-press.net\/benin\/politique\/je-me-retire-de-toute-organisation-politique-dite-de-lopposition-maxime-houedjissin#primaryimage"},"thumbnailUrl":"https:\/\/static.africa-press.net\/benin\/sites\/46\/2022\/09\/postQueueImg_26-63164daf59e90.jpg","datePublished":"2022-09-05T19:12:13+00:00","dateModified":"2022-09-05T19:28:17+00:00","author":{"@id":"https:\/\/www.africa-press.net\/benin\/#\/schema\/person\/2b1cf3cd81a31e3cd26889ca66d677f1"},"description":"L\u2019ancien questeur de l\u2019assembl\u00e9e nationale et ex directeur de l\u2019ARCHA tourne dos \u00e0 toutes les organisations de l\u2019opposit ...","breadcrumb":{"@id":"https:\/\/www.africa-press.net\/benin\/politique\/je-me-retire-de-toute-organisation-politique-dite-de-lopposition-maxime-houedjissin#breadcrumb"},"inLanguage":"fr-FR","potentialAction":[{"@type":"ReadAction","target":["https:\/\/www.africa-press.net\/benin\/politique\/je-me-retire-de-toute-organisation-politique-dite-de-lopposition-maxime-houedjissin"]}]},{"@type":"ImageObject","inLanguage":"fr-FR","@id":"https:\/\/www.africa-press.net\/benin\/politique\/je-me-retire-de-toute-organisation-politique-dite-de-lopposition-maxime-houedjissin#primaryimage","url":"https:\/\/static.africa-press.net\/benin\/sites\/46\/2022\/09\/postQueueImg_26-63164daf59e90.jpg","contentUrl":"https:\/\/static.africa-press.net\/benin\/sites\/46\/2022\/09\/postQueueImg_26-63164daf59e90.jpg","width":1200,"height":675,"caption":"\u00ab\u00a0Je me retire de toute organisation politique dite de l\u2019opposition\u00a0\u00bb, Maxime Hou\u00e9djissin"},{"@type":"BreadcrumbList","@id":"https:\/\/www.africa-press.net\/benin\/politique\/je-me-retire-de-toute-organisation-politique-dite-de-lopposition-maxime-houedjissin#breadcrumb","itemListElement":[{"@type":"ListItem","position":1,"name":"Accueil","item":"https:\/\/www.africa-press.net\/benin\/"},{"@type":"ListItem","position":2,"name":"\u00ab\u00a0Je me retire de toute organisation politique dite de l\u2019opposition\u00a0\u00bb, Maxime Hou\u00e9djissin"}]},{"@type":"WebSite","@id":"https:\/\/www.africa-press.net\/benin\/#website","url":"https:\/\/www.africa-press.net\/benin\/","name":"B\u00e9nin","description":"Just another Africa News Agency Sites site","potentialAction":[{"@type":"SearchAction","target":{"@type":"EntryPoint","urlTemplate":"https:\/\/www.africa-press.net\/benin\/?s={search_term_string}"},"query-input":{"@type":"PropertyValueSpecification","valueRequired":true,"valueName":"search_term_string"}}],"inLanguage":"fr-FR"},{"@type":"Person","@id":"https:\/\/www.africa-press.net\/benin\/#\/schema\/person\/2b1cf3cd81a31e3cd26889ca66d677f1","name":"cfeditorfr"}]}},"_links":{"self":[{"href":"https:\/\/www.africa-press.net\/benin\/wp-json\/wp\/v2\/posts\/8624","targetHints":{"allow":["GET"]}}],"collection":[{"href":"https:\/\/www.africa-press.net\/benin\/wp-json\/wp\/v2\/posts"}],"about":[{"href":"https:\/\/www.africa-press.net\/benin\/wp-json\/wp\/v2\/types\/post"}],"author":[{"embeddable":true,"href":"https:\/\/www.africa-press.net\/benin\/wp-json\/wp\/v2\/users\/82"}],"replies":[{"embeddable":true,"href":"https:\/\/www.africa-press.net\/benin\/wp-json\/wp\/v2\/comments?post=8624"}],"version-history":[{"count":0,"href":"https:\/\/www.africa-press.net\/benin\/wp-json\/wp\/v2\/posts\/8624\/revisions"}],"wp:featuredmedia":[{"embeddable":true,"href":"https:\/\/www.africa-press.net\/benin\/wp-json\/wp\/v2\/media\/8623"}],"wp:attachment":[{"href":"https:\/\/www.africa-press.net\/benin\/wp-json\/wp\/v2\/media?parent=8624"}],"wp:term":[{"taxonomy":"category","embeddable":true,"href":"https:\/\/www.africa-press.net\/benin\/wp-json\/wp\/v2\/categories?post=8624"},{"taxonomy":"post_tag","embeddable":true,"href":"https:\/\/www.africa-press.net\/benin\/wp-json\/wp\/v2\/tags?post=8624"}],"curies":[{"name":"wp","href":"https:\/\/api.w.org\/{rel}","templated":true}]}}