{"id":8648,"date":"2022-09-06T16:19:01","date_gmt":"2022-09-06T16:19:01","guid":{"rendered":"https:\/\/www.africa-press.net\/benin\/politique\/up-le-renouveau-aristide-talon-mobilise-les-militants-de-la-diaspora"},"modified":"2022-09-06T16:34:46","modified_gmt":"2022-09-06T16:34:46","slug":"up-le-renouveau-aristide-talon-mobilise-les-militants-de-la-diaspora","status":"publish","type":"post","link":"https:\/\/www.africa-press.net\/benin\/politique\/up-le-renouveau-aristide-talon-mobilise-les-militants-de-la-diaspora","title":{"rendered":"UP le Renouveau: Aristide Talon mobilise les militants de la diaspora"},"content":{"rendered":"<p><span style=\"color: #ff6600\"><strong>Africa-Press &#8211; Benin. <\/strong><\/span>Le Coordonnateur de la Diaspora de l\u2019ex-parti UP a \u00e9chang\u00e9 avec les militants ce samedi 03 septembre 2022. Cette rencontre, selon Aristide Talon, entre dans le cadre d\u2019une tourn\u00e9e d\u2019explication dans la diaspora.<\/p>\n<p>Les militants de l\u2019ex-UP de Lyon ont une explication plus approfondie des derniers changements intervenus au sein de leur parti. Au cours d\u2019une rencontre tenue ce samedi avec le Coordonnateur Aristide Talon, ils ont eu droit \u00e0 un expos\u00e9 sur le processus de d\u00e9signation de Joseph Djogb\u00e9nou \u00e0 la t\u00eate du parti. La fusion entre l\u2019UP et le PRD ayant abouti \u00e0 la cr\u00e9ation de l\u2019PU le Renouveau, \u00e9tait \u00e9galement au menu des \u00e9changes.<\/p>\n<p>Selon Aristide Talon, l\u2019objectif de cette descente est de faire comprendre aux militants que le parti a chang\u00e9, qu\u2019il s\u2019est \u00e9largi pour pr\u00e9senter une autre offre politique. Dans la m\u00eame veine, la Secr\u00e9taire g\u00e9n\u00e9ral de la section France de l\u2019ex-parti UP, pense d\u00e9j\u00e0 aux \u00e9lections l\u00e9gislatives \u00e0 venir. Elle a compris que, m\u00eame si les B\u00e9ninois de la diaspora ne vont pas voter, ils peuvent travailler pour la victoire du parti au pays.<\/p>\n<p><b>\u00ab Nous allons nous organiser sur le terrain selon les indications qu\u2019on va recevoir du Directoire. D\u00e9sormais, on est plus UP. On est UP le Renouveau avec tout ce que \u00e7a implique. Donc d\u00e9sormais, nous devons travailler la main dans la main avec nos camarades de l\u2019ex-PRD \u00bb<\/b>, a indiqu\u00e9 Martine Gnabod\u00e9.<\/p>\n<p><strong>Pour plus d&rsquo;informations et d&rsquo;analyses sur la <a href=\"https:\/\/www.africa-press.net\/benin\">Benin<\/a>, suivez <a href=\"https:\/\/www.africa-press.net\/\">Africa-Press<\/a><\/strong><\/p>\n","protected":false},"excerpt":{"rendered":"<p>Africa-Press &#8211; Benin. Le Coordonnateur de la Diaspora de l\u2019ex-parti UP a \u00e9chang\u00e9 avec les militants ce samedi 03 septembre 2022. Cette rencontre, selon Aristide Talon, entre dans le cadre d\u2019une tourn\u00e9e d\u2019explication dans la diaspora. Les militants de l\u2019ex-UP de Lyon ont une explication plus approfondie des derniers changements intervenus au sein de leur [&hellip;]<\/p>\n","protected":false},"author":82,"featured_media":8647,"comment_status":"open","ping_status":"closed","sticky":false,"template":"","format":"standard","meta":{"footnotes":""},"categories":[11,2,10],"tags":[36,50,45],"class_list":["post-8648","post","type-post","status-publish","format-standard","has-post-thumbnail","hentry","category-homepage-french","category-politique","category-toutes-les-actualites","tag-africa-press","tag-africa-press-benin","tag-benin"],"yoast_head":"<!-- This site is optimized with the Yoast SEO Premium plugin v26.1 (Yoast SEO v27.0) - https:\/\/yoast.com\/product\/yoast-seo-premium-wordpress\/ -->\n<title>UP le Renouveau: Aristide Talon mobilise les militants de la diaspora - B\u00e9nin<\/title>\n<meta name=\"description\" content=\"Le Coordonnateur de la Diaspora de l\u2019ex-parti UP a \u00e9chang\u00e9 avec les militants ce samedi 03 septembre 2022. Cette rencont ...\" \/>\n<meta name=\"robots\" content=\"index, follow, max-snippet:-1, max-image-preview:large, max-video-preview:-1\" \/>\n<link rel=\"canonical\" href=\"https:\/\/www.africa-press.net\/benin\/politique\/up-le-renouveau-aristide-talon-mobilise-les-militants-de-la-diaspora\" \/>\n<meta property=\"og:locale\" content=\"fr_FR\" \/>\n<meta property=\"og:type\" content=\"article\" \/>\n<meta property=\"og:title\" content=\"UP le Renouveau: Aristide Talon mobilise les militants de la diaspora\" \/>\n<meta property=\"og:description\" content=\"Le Coordonnateur de la Diaspora de l\u2019ex-parti UP a \u00e9chang\u00e9 avec les militants ce samedi 03 septembre 2022. Cette rencont ...\" \/>\n<meta property=\"og:url\" content=\"https:\/\/www.africa-press.net\/benin\/politique\/up-le-renouveau-aristide-talon-mobilise-les-militants-de-la-diaspora\" \/>\n<meta property=\"og:site_name\" content=\"B\u00e9nin\" \/>\n<meta property=\"article:published_time\" content=\"2022-09-06T16:19:01+00:00\" \/>\n<meta property=\"article:modified_time\" content=\"2022-09-06T16:34:46+00:00\" \/>\n<meta property=\"og:image\" content=\"https:\/\/static.africa-press.net\/benin\/sites\/46\/2022\/09\/postQueueImg_19-6317768a359ce.jpg\" \/>\n\t<meta property=\"og:image:width\" content=\"1200\" \/>\n\t<meta property=\"og:image:height\" content=\"795\" \/>\n\t<meta property=\"og:image:type\" content=\"image\/jpeg\" \/>\n<meta name=\"author\" content=\"cfeditorfr\" \/>\n<meta name=\"twitter:card\" content=\"summary_large_image\" \/>\n<meta name=\"twitter:label1\" content=\"\u00c9crit par\" \/>\n\t<meta name=\"twitter:data1\" content=\"cfeditorfr\" \/>\n\t<meta name=\"twitter:label2\" content=\"Dur\u00e9e de lecture estim\u00e9e\" \/>\n\t<meta name=\"twitter:data2\" content=\"2 minutes\" \/>\n<script type=\"application\/ld+json\" class=\"yoast-schema-graph\">{\"@context\":\"https:\/\/schema.org\",\"@graph\":[{\"@type\":\"Article\",\"@id\":\"https:\/\/www.africa-press.net\/benin\/politique\/up-le-renouveau-aristide-talon-mobilise-les-militants-de-la-diaspora#article\",\"isPartOf\":{\"@id\":\"https:\/\/www.africa-press.net\/benin\/politique\/up-le-renouveau-aristide-talon-mobilise-les-militants-de-la-diaspora\"},\"author\":{\"name\":\"cfeditorfr\",\"@id\":\"https:\/\/www.africa-press.net\/benin\/#\/schema\/person\/2b1cf3cd81a31e3cd26889ca66d677f1\"},\"headline\":\"UP le Renouveau: Aristide Talon mobilise les militants de la diaspora\",\"datePublished\":\"2022-09-06T16:19:01+00:00\",\"dateModified\":\"2022-09-06T16:34:46+00:00\",\"mainEntityOfPage\":{\"@id\":\"https:\/\/www.africa-press.net\/benin\/politique\/up-le-renouveau-aristide-talon-mobilise-les-militants-de-la-diaspora\"},\"wordCount\":279,\"commentCount\":0,\"image\":{\"@id\":\"https:\/\/www.africa-press.net\/benin\/politique\/up-le-renouveau-aristide-talon-mobilise-les-militants-de-la-diaspora#primaryimage\"},\"thumbnailUrl\":\"https:\/\/static.africa-press.net\/benin\/sites\/46\/2022\/09\/postQueueImg_19-6317768a359ce.jpg\",\"keywords\":[\"Africa Press\",\"Africa Press-Benin\",\"B\u00e9nin\"],\"articleSection\":[\"homepage-french\",\"Politique\",\"Toutes les actualit\u00e9s\"],\"inLanguage\":\"fr-FR\",\"potentialAction\":[{\"@type\":\"CommentAction\",\"name\":\"Comment\",\"target\":[\"https:\/\/www.africa-press.net\/benin\/politique\/up-le-renouveau-aristide-talon-mobilise-les-militants-de-la-diaspora#respond\"]}]},{\"@type\":\"WebPage\",\"@id\":\"https:\/\/www.africa-press.net\/benin\/politique\/up-le-renouveau-aristide-talon-mobilise-les-militants-de-la-diaspora\",\"url\":\"https:\/\/www.africa-press.net\/benin\/politique\/up-le-renouveau-aristide-talon-mobilise-les-militants-de-la-diaspora\",\"name\":\"UP le Renouveau: Aristide Talon mobilise les militants de la diaspora - B\u00e9nin\",\"isPartOf\":{\"@id\":\"https:\/\/www.africa-press.net\/benin\/#website\"},\"primaryImageOfPage\":{\"@id\":\"https:\/\/www.africa-press.net\/benin\/politique\/up-le-renouveau-aristide-talon-mobilise-les-militants-de-la-diaspora#primaryimage\"},\"image\":{\"@id\":\"https:\/\/www.africa-press.net\/benin\/politique\/up-le-renouveau-aristide-talon-mobilise-les-militants-de-la-diaspora#primaryimage\"},\"thumbnailUrl\":\"https:\/\/static.africa-press.net\/benin\/sites\/46\/2022\/09\/postQueueImg_19-6317768a359ce.jpg\",\"datePublished\":\"2022-09-06T16:19:01+00:00\",\"dateModified\":\"2022-09-06T16:34:46+00:00\",\"author\":{\"@id\":\"https:\/\/www.africa-press.net\/benin\/#\/schema\/person\/2b1cf3cd81a31e3cd26889ca66d677f1\"},\"description\":\"Le Coordonnateur de la Diaspora de l\u2019ex-parti UP a \u00e9chang\u00e9 avec les militants ce samedi 03 septembre 2022. Cette rencont ...\",\"breadcrumb\":{\"@id\":\"https:\/\/www.africa-press.net\/benin\/politique\/up-le-renouveau-aristide-talon-mobilise-les-militants-de-la-diaspora#breadcrumb\"},\"inLanguage\":\"fr-FR\",\"potentialAction\":[{\"@type\":\"ReadAction\",\"target\":[\"https:\/\/www.africa-press.net\/benin\/politique\/up-le-renouveau-aristide-talon-mobilise-les-militants-de-la-diaspora\"]}]},{\"@type\":\"ImageObject\",\"inLanguage\":\"fr-FR\",\"@id\":\"https:\/\/www.africa-press.net\/benin\/politique\/up-le-renouveau-aristide-talon-mobilise-les-militants-de-la-diaspora#primaryimage\",\"url\":\"https:\/\/static.africa-press.net\/benin\/sites\/46\/2022\/09\/postQueueImg_19-6317768a359ce.jpg\",\"contentUrl\":\"https:\/\/static.africa-press.net\/benin\/sites\/46\/2022\/09\/postQueueImg_19-6317768a359ce.jpg\",\"width\":1200,\"height\":795,\"caption\":\"UP le Renouveau: Aristide Talon mobilise les militants de la diaspora\"},{\"@type\":\"BreadcrumbList\",\"@id\":\"https:\/\/www.africa-press.net\/benin\/politique\/up-le-renouveau-aristide-talon-mobilise-les-militants-de-la-diaspora#breadcrumb\",\"itemListElement\":[{\"@type\":\"ListItem\",\"position\":1,\"name\":\"Accueil\",\"item\":\"https:\/\/www.africa-press.net\/benin\/\"},{\"@type\":\"ListItem\",\"position\":2,\"name\":\"UP le Renouveau: Aristide Talon mobilise les militants de la diaspora\"}]},{\"@type\":\"WebSite\",\"@id\":\"https:\/\/www.africa-press.net\/benin\/#website\",\"url\":\"https:\/\/www.africa-press.net\/benin\/\",\"name\":\"B\u00e9nin\",\"description\":\"Just another Africa News Agency Sites site\",\"potentialAction\":[{\"@type\":\"SearchAction\",\"target\":{\"@type\":\"EntryPoint\",\"urlTemplate\":\"https:\/\/www.africa-press.net\/benin\/?s={search_term_string}\"},\"query-input\":{\"@type\":\"PropertyValueSpecification\",\"valueRequired\":true,\"valueName\":\"search_term_string\"}}],\"inLanguage\":\"fr-FR\"},{\"@type\":\"Person\",\"@id\":\"https:\/\/www.africa-press.net\/benin\/#\/schema\/person\/2b1cf3cd81a31e3cd26889ca66d677f1\",\"name\":\"cfeditorfr\"}]}<\/script>\n<!-- \/ Yoast SEO Premium plugin. -->","yoast_head_json":{"title":"UP le Renouveau: Aristide Talon mobilise les militants de la diaspora - B\u00e9nin","description":"Le Coordonnateur de la Diaspora de l\u2019ex-parti UP a \u00e9chang\u00e9 avec les militants ce samedi 03 septembre 2022. Cette rencont ...","robots":{"index":"index","follow":"follow","max-snippet":"max-snippet:-1","max-image-preview":"max-image-preview:large","max-video-preview":"max-video-preview:-1"},"canonical":"https:\/\/www.africa-press.net\/benin\/politique\/up-le-renouveau-aristide-talon-mobilise-les-militants-de-la-diaspora","og_locale":"fr_FR","og_type":"article","og_title":"UP le Renouveau: Aristide Talon mobilise les militants de la diaspora","og_description":"Le Coordonnateur de la Diaspora de l\u2019ex-parti UP a \u00e9chang\u00e9 avec les militants ce samedi 03 septembre 2022. Cette rencont ...","og_url":"https:\/\/www.africa-press.net\/benin\/politique\/up-le-renouveau-aristide-talon-mobilise-les-militants-de-la-diaspora","og_site_name":"B\u00e9nin","article_published_time":"2022-09-06T16:19:01+00:00","article_modified_time":"2022-09-06T16:34:46+00:00","og_image":[{"width":1200,"height":795,"url":"https:\/\/static.africa-press.net\/benin\/sites\/46\/2022\/09\/postQueueImg_19-6317768a359ce.jpg","type":"image\/jpeg"}],"author":"cfeditorfr","twitter_card":"summary_large_image","twitter_misc":{"\u00c9crit par":"cfeditorfr","Dur\u00e9e de lecture estim\u00e9e":"2 minutes"},"schema":{"@context":"https:\/\/schema.org","@graph":[{"@type":"Article","@id":"https:\/\/www.africa-press.net\/benin\/politique\/up-le-renouveau-aristide-talon-mobilise-les-militants-de-la-diaspora#article","isPartOf":{"@id":"https:\/\/www.africa-press.net\/benin\/politique\/up-le-renouveau-aristide-talon-mobilise-les-militants-de-la-diaspora"},"author":{"name":"cfeditorfr","@id":"https:\/\/www.africa-press.net\/benin\/#\/schema\/person\/2b1cf3cd81a31e3cd26889ca66d677f1"},"headline":"UP le Renouveau: Aristide Talon mobilise les militants de la diaspora","datePublished":"2022-09-06T16:19:01+00:00","dateModified":"2022-09-06T16:34:46+00:00","mainEntityOfPage":{"@id":"https:\/\/www.africa-press.net\/benin\/politique\/up-le-renouveau-aristide-talon-mobilise-les-militants-de-la-diaspora"},"wordCount":279,"commentCount":0,"image":{"@id":"https:\/\/www.africa-press.net\/benin\/politique\/up-le-renouveau-aristide-talon-mobilise-les-militants-de-la-diaspora#primaryimage"},"thumbnailUrl":"https:\/\/static.africa-press.net\/benin\/sites\/46\/2022\/09\/postQueueImg_19-6317768a359ce.jpg","keywords":["Africa Press","Africa Press-Benin","B\u00e9nin"],"articleSection":["homepage-french","Politique","Toutes les actualit\u00e9s"],"inLanguage":"fr-FR","potentialAction":[{"@type":"CommentAction","name":"Comment","target":["https:\/\/www.africa-press.net\/benin\/politique\/up-le-renouveau-aristide-talon-mobilise-les-militants-de-la-diaspora#respond"]}]},{"@type":"WebPage","@id":"https:\/\/www.africa-press.net\/benin\/politique\/up-le-renouveau-aristide-talon-mobilise-les-militants-de-la-diaspora","url":"https:\/\/www.africa-press.net\/benin\/politique\/up-le-renouveau-aristide-talon-mobilise-les-militants-de-la-diaspora","name":"UP le Renouveau: Aristide Talon mobilise les militants de la diaspora - B\u00e9nin","isPartOf":{"@id":"https:\/\/www.africa-press.net\/benin\/#website"},"primaryImageOfPage":{"@id":"https:\/\/www.africa-press.net\/benin\/politique\/up-le-renouveau-aristide-talon-mobilise-les-militants-de-la-diaspora#primaryimage"},"image":{"@id":"https:\/\/www.africa-press.net\/benin\/politique\/up-le-renouveau-aristide-talon-mobilise-les-militants-de-la-diaspora#primaryimage"},"thumbnailUrl":"https:\/\/static.africa-press.net\/benin\/sites\/46\/2022\/09\/postQueueImg_19-6317768a359ce.jpg","datePublished":"2022-09-06T16:19:01+00:00","dateModified":"2022-09-06T16:34:46+00:00","author":{"@id":"https:\/\/www.africa-press.net\/benin\/#\/schema\/person\/2b1cf3cd81a31e3cd26889ca66d677f1"},"description":"Le Coordonnateur de la Diaspora de l\u2019ex-parti UP a \u00e9chang\u00e9 avec les militants ce samedi 03 septembre 2022. Cette rencont ...","breadcrumb":{"@id":"https:\/\/www.africa-press.net\/benin\/politique\/up-le-renouveau-aristide-talon-mobilise-les-militants-de-la-diaspora#breadcrumb"},"inLanguage":"fr-FR","potentialAction":[{"@type":"ReadAction","target":["https:\/\/www.africa-press.net\/benin\/politique\/up-le-renouveau-aristide-talon-mobilise-les-militants-de-la-diaspora"]}]},{"@type":"ImageObject","inLanguage":"fr-FR","@id":"https:\/\/www.africa-press.net\/benin\/politique\/up-le-renouveau-aristide-talon-mobilise-les-militants-de-la-diaspora#primaryimage","url":"https:\/\/static.africa-press.net\/benin\/sites\/46\/2022\/09\/postQueueImg_19-6317768a359ce.jpg","contentUrl":"https:\/\/static.africa-press.net\/benin\/sites\/46\/2022\/09\/postQueueImg_19-6317768a359ce.jpg","width":1200,"height":795,"caption":"UP le Renouveau: Aristide Talon mobilise les militants de la diaspora"},{"@type":"BreadcrumbList","@id":"https:\/\/www.africa-press.net\/benin\/politique\/up-le-renouveau-aristide-talon-mobilise-les-militants-de-la-diaspora#breadcrumb","itemListElement":[{"@type":"ListItem","position":1,"name":"Accueil","item":"https:\/\/www.africa-press.net\/benin\/"},{"@type":"ListItem","position":2,"name":"UP le Renouveau: Aristide Talon mobilise les militants de la diaspora"}]},{"@type":"WebSite","@id":"https:\/\/www.africa-press.net\/benin\/#website","url":"https:\/\/www.africa-press.net\/benin\/","name":"B\u00e9nin","description":"Just another Africa News Agency Sites site","potentialAction":[{"@type":"SearchAction","target":{"@type":"EntryPoint","urlTemplate":"https:\/\/www.africa-press.net\/benin\/?s={search_term_string}"},"query-input":{"@type":"PropertyValueSpecification","valueRequired":true,"valueName":"search_term_string"}}],"inLanguage":"fr-FR"},{"@type":"Person","@id":"https:\/\/www.africa-press.net\/benin\/#\/schema\/person\/2b1cf3cd81a31e3cd26889ca66d677f1","name":"cfeditorfr"}]}},"_links":{"self":[{"href":"https:\/\/www.africa-press.net\/benin\/wp-json\/wp\/v2\/posts\/8648","targetHints":{"allow":["GET"]}}],"collection":[{"href":"https:\/\/www.africa-press.net\/benin\/wp-json\/wp\/v2\/posts"}],"about":[{"href":"https:\/\/www.africa-press.net\/benin\/wp-json\/wp\/v2\/types\/post"}],"author":[{"embeddable":true,"href":"https:\/\/www.africa-press.net\/benin\/wp-json\/wp\/v2\/users\/82"}],"replies":[{"embeddable":true,"href":"https:\/\/www.africa-press.net\/benin\/wp-json\/wp\/v2\/comments?post=8648"}],"version-history":[{"count":0,"href":"https:\/\/www.africa-press.net\/benin\/wp-json\/wp\/v2\/posts\/8648\/revisions"}],"wp:featuredmedia":[{"embeddable":true,"href":"https:\/\/www.africa-press.net\/benin\/wp-json\/wp\/v2\/media\/8647"}],"wp:attachment":[{"href":"https:\/\/www.africa-press.net\/benin\/wp-json\/wp\/v2\/media?parent=8648"}],"wp:term":[{"taxonomy":"category","embeddable":true,"href":"https:\/\/www.africa-press.net\/benin\/wp-json\/wp\/v2\/categories?post=8648"},{"taxonomy":"post_tag","embeddable":true,"href":"https:\/\/www.africa-press.net\/benin\/wp-json\/wp\/v2\/tags?post=8648"}],"curies":[{"name":"wp","href":"https:\/\/api.w.org\/{rel}","templated":true}]}}