{"id":8657,"date":"2022-09-06T16:19:23","date_gmt":"2022-09-06T16:19:23","guid":{"rendered":"https:\/\/www.africa-press.net\/benin\/politique\/je-viens-au-br-pour-rester-mon-moi-que-jimposerai-et-qui-sera-respecte-distel-amoussou"},"modified":"2022-09-06T16:36:54","modified_gmt":"2022-09-06T16:36:54","slug":"je-viens-au-br-pour-rester-mon-moi-que-jimposerai-et-qui-sera-respecte-distel-amoussou","status":"publish","type":"post","link":"https:\/\/www.africa-press.net\/benin\/politique\/je-viens-au-br-pour-rester-mon-moi-que-jimposerai-et-qui-sera-respecte-distel-amoussou","title":{"rendered":"\u201cJe viens au BR pour rester mon moi, que j\u2019imposerai et qui sera respect\u00e9\u201d, Distel Amoussou"},"content":{"rendered":"<p><span style=\"color: #ff6600\"><strong>Africa-Press &#8211; Benin. <\/strong><\/span>L\u2019ancien journaliste et communicateur Distel Amoussou a d\u00e9voil\u00e9 son appartenance politique. C\u2019est dans la matin\u00e9e de ce mardi 6 Septembre 2022 lors d\u2019une d\u00e9claration m\u00e9diatique.<\/p>\n<p>Distel Amoussou commence officiellement une carri\u00e8re politique. C\u2019est le parti Bloc R\u00e9publicain du ministre d\u2019Etat charg\u00e9 de la coordination de l\u2019action gouvernementale, Abdoulaye Bio Tchan\u00e9, que l\u2019ancien journaliste a choisi pour faire ses armes.<\/p>\n<p>Ce choix a \u00e9t\u00e9 op\u00e9r\u00e9 suite \u00e0 une s\u00e9rie de prises de contact avec des leaders politiques aussi bien de l\u2019opposition que de la mouvance. Quelques jours en effet apr\u00e8s l\u2019annonce de son entr\u00e9e en politique, Distel Amoussou a eu \u00e0 \u00e9changer avec le parti Bloc R\u00e9publicain, le pr\u00e9sident du parti union progressiste le renouveau, le pr\u00e9sident du parti force cauris pour le d\u00e9veloppement du B\u00e9nin, le chef de fil de l\u2019opposition.<\/p>\n<p>C\u2019est au terme de ces \u00e9changes, que le journaliste devenu acteur politique a d\u00e9voil\u00e9 ce mardi au cours d\u2019une d\u00e9claration m\u00e9diatique, le parti de son choix. Distel Amoussou est donc officiellement membre du parti Bloc R\u00e9publicain. Au cours de sa d\u00e9claration, il a fait savoir qu\u2019il a choisi cette famille politique parce que c\u2019est l\u00e0 qu\u2019il saura d\u00e9velopper ces id\u00e9es et se faire respecter.<\/p>\n<p>\u00ab <b>Je viens au Bloc R\u00e9publicain pour rester mon moi que j\u2019imposerai et qui sera respect\u00e9<\/b>\u201d, a-t-il affirm\u00e9 dans sa d\u00e9claration selon des propos recueillis par \u00ab Les 4 V\u00e9rit\u00e9s \u00bb.<\/p>\n<p>Le parti cheval blanc cabr\u00e9 vient ainsi d\u2019avoir un nouveau militant, un homme bien connu dans le milieu des m\u00e9dias et un activiste des r\u00e9seaux sociaux bien percutant.<\/p>\n<p><strong>Pour plus d&rsquo;informations et d&rsquo;analyses sur la <a href=\"https:\/\/www.africa-press.net\/benin\">Benin<\/a>, suivez <a href=\"https:\/\/www.africa-press.net\/\">Africa-Press<\/a><\/strong><\/p>\n","protected":false},"excerpt":{"rendered":"<p>Africa-Press &#8211; Benin. L\u2019ancien journaliste et communicateur Distel Amoussou a d\u00e9voil\u00e9 son appartenance politique. C\u2019est dans la matin\u00e9e de ce mardi 6 Septembre 2022 lors d\u2019une d\u00e9claration m\u00e9diatique. Distel Amoussou commence officiellement une carri\u00e8re politique. C\u2019est le parti Bloc R\u00e9publicain du ministre d\u2019Etat charg\u00e9 de la coordination de l\u2019action gouvernementale, Abdoulaye Bio Tchan\u00e9, que l\u2019ancien [&hellip;]<\/p>\n","protected":false},"author":82,"featured_media":8656,"comment_status":"open","ping_status":"closed","sticky":false,"template":"","format":"standard","meta":{"footnotes":""},"categories":[11,2,10],"tags":[36,50,45],"class_list":["post-8657","post","type-post","status-publish","format-standard","has-post-thumbnail","hentry","category-homepage-french","category-politique","category-toutes-les-actualites","tag-africa-press","tag-africa-press-benin","tag-benin"],"yoast_head":"<!-- This site is optimized with the Yoast SEO Premium plugin v26.1 (Yoast SEO v27.0) - https:\/\/yoast.com\/product\/yoast-seo-premium-wordpress\/ -->\n<title>\u201cJe viens au BR pour rester mon moi, que j\u2019imposerai et qui sera respect\u00e9\u201d, Distel Amoussou - B\u00e9nin<\/title>\n<meta name=\"description\" content=\"L\u2019ancien journaliste et communicateur Distel Amoussou a d\u00e9voil\u00e9 son appartenance politique. C\u2019est dans la matin\u00e9e de ce ...\" \/>\n<meta name=\"robots\" content=\"index, follow, max-snippet:-1, max-image-preview:large, max-video-preview:-1\" \/>\n<link rel=\"canonical\" href=\"https:\/\/www.africa-press.net\/benin\/politique\/je-viens-au-br-pour-rester-mon-moi-que-jimposerai-et-qui-sera-respecte-distel-amoussou\" \/>\n<meta property=\"og:locale\" content=\"fr_FR\" \/>\n<meta property=\"og:type\" content=\"article\" \/>\n<meta property=\"og:title\" content=\"\u201cJe viens au BR pour rester mon moi, que j\u2019imposerai et qui sera respect\u00e9\u201d, Distel Amoussou\" \/>\n<meta property=\"og:description\" content=\"L\u2019ancien journaliste et communicateur Distel Amoussou a d\u00e9voil\u00e9 son appartenance politique. C\u2019est dans la matin\u00e9e de ce ...\" \/>\n<meta property=\"og:url\" content=\"https:\/\/www.africa-press.net\/benin\/politique\/je-viens-au-br-pour-rester-mon-moi-que-jimposerai-et-qui-sera-respecte-distel-amoussou\" \/>\n<meta property=\"og:site_name\" content=\"B\u00e9nin\" \/>\n<meta property=\"article:published_time\" content=\"2022-09-06T16:19:23+00:00\" \/>\n<meta property=\"article:modified_time\" content=\"2022-09-06T16:36:54+00:00\" \/>\n<meta property=\"og:image\" content=\"https:\/\/static.africa-press.net\/benin\/sites\/46\/2022\/09\/postQueueImg_22-631776ffecd97.jpg\" \/>\n\t<meta property=\"og:image:width\" content=\"1200\" \/>\n\t<meta property=\"og:image:height\" content=\"949\" \/>\n\t<meta property=\"og:image:type\" content=\"image\/jpeg\" \/>\n<meta name=\"author\" content=\"cfeditorfr\" \/>\n<meta name=\"twitter:card\" content=\"summary_large_image\" \/>\n<meta name=\"twitter:label1\" content=\"\u00c9crit par\" \/>\n\t<meta name=\"twitter:data1\" content=\"cfeditorfr\" \/>\n\t<meta name=\"twitter:label2\" content=\"Dur\u00e9e de lecture estim\u00e9e\" \/>\n\t<meta name=\"twitter:data2\" content=\"2 minutes\" \/>\n<script type=\"application\/ld+json\" class=\"yoast-schema-graph\">{\"@context\":\"https:\/\/schema.org\",\"@graph\":[{\"@type\":\"Article\",\"@id\":\"https:\/\/www.africa-press.net\/benin\/politique\/je-viens-au-br-pour-rester-mon-moi-que-jimposerai-et-qui-sera-respecte-distel-amoussou#article\",\"isPartOf\":{\"@id\":\"https:\/\/www.africa-press.net\/benin\/politique\/je-viens-au-br-pour-rester-mon-moi-que-jimposerai-et-qui-sera-respecte-distel-amoussou\"},\"author\":{\"name\":\"cfeditorfr\",\"@id\":\"https:\/\/www.africa-press.net\/benin\/#\/schema\/person\/2b1cf3cd81a31e3cd26889ca66d677f1\"},\"headline\":\"\u201cJe viens au BR pour rester mon moi, que j\u2019imposerai et qui sera respect\u00e9\u201d, Distel Amoussou\",\"datePublished\":\"2022-09-06T16:19:23+00:00\",\"dateModified\":\"2022-09-06T16:36:54+00:00\",\"mainEntityOfPage\":{\"@id\":\"https:\/\/www.africa-press.net\/benin\/politique\/je-viens-au-br-pour-rester-mon-moi-que-jimposerai-et-qui-sera-respecte-distel-amoussou\"},\"wordCount\":323,\"commentCount\":0,\"image\":{\"@id\":\"https:\/\/www.africa-press.net\/benin\/politique\/je-viens-au-br-pour-rester-mon-moi-que-jimposerai-et-qui-sera-respecte-distel-amoussou#primaryimage\"},\"thumbnailUrl\":\"https:\/\/static.africa-press.net\/benin\/sites\/46\/2022\/09\/postQueueImg_22-631776ffecd97.jpg\",\"keywords\":[\"Africa Press\",\"Africa Press-Benin\",\"B\u00e9nin\"],\"articleSection\":[\"homepage-french\",\"Politique\",\"Toutes les actualit\u00e9s\"],\"inLanguage\":\"fr-FR\",\"potentialAction\":[{\"@type\":\"CommentAction\",\"name\":\"Comment\",\"target\":[\"https:\/\/www.africa-press.net\/benin\/politique\/je-viens-au-br-pour-rester-mon-moi-que-jimposerai-et-qui-sera-respecte-distel-amoussou#respond\"]}]},{\"@type\":\"WebPage\",\"@id\":\"https:\/\/www.africa-press.net\/benin\/politique\/je-viens-au-br-pour-rester-mon-moi-que-jimposerai-et-qui-sera-respecte-distel-amoussou\",\"url\":\"https:\/\/www.africa-press.net\/benin\/politique\/je-viens-au-br-pour-rester-mon-moi-que-jimposerai-et-qui-sera-respecte-distel-amoussou\",\"name\":\"\u201cJe viens au BR pour rester mon moi, que j\u2019imposerai et qui sera respect\u00e9\u201d, Distel Amoussou - B\u00e9nin\",\"isPartOf\":{\"@id\":\"https:\/\/www.africa-press.net\/benin\/#website\"},\"primaryImageOfPage\":{\"@id\":\"https:\/\/www.africa-press.net\/benin\/politique\/je-viens-au-br-pour-rester-mon-moi-que-jimposerai-et-qui-sera-respecte-distel-amoussou#primaryimage\"},\"image\":{\"@id\":\"https:\/\/www.africa-press.net\/benin\/politique\/je-viens-au-br-pour-rester-mon-moi-que-jimposerai-et-qui-sera-respecte-distel-amoussou#primaryimage\"},\"thumbnailUrl\":\"https:\/\/static.africa-press.net\/benin\/sites\/46\/2022\/09\/postQueueImg_22-631776ffecd97.jpg\",\"datePublished\":\"2022-09-06T16:19:23+00:00\",\"dateModified\":\"2022-09-06T16:36:54+00:00\",\"author\":{\"@id\":\"https:\/\/www.africa-press.net\/benin\/#\/schema\/person\/2b1cf3cd81a31e3cd26889ca66d677f1\"},\"description\":\"L\u2019ancien journaliste et communicateur Distel Amoussou a d\u00e9voil\u00e9 son appartenance politique. C\u2019est dans la matin\u00e9e de ce ...\",\"breadcrumb\":{\"@id\":\"https:\/\/www.africa-press.net\/benin\/politique\/je-viens-au-br-pour-rester-mon-moi-que-jimposerai-et-qui-sera-respecte-distel-amoussou#breadcrumb\"},\"inLanguage\":\"fr-FR\",\"potentialAction\":[{\"@type\":\"ReadAction\",\"target\":[\"https:\/\/www.africa-press.net\/benin\/politique\/je-viens-au-br-pour-rester-mon-moi-que-jimposerai-et-qui-sera-respecte-distel-amoussou\"]}]},{\"@type\":\"ImageObject\",\"inLanguage\":\"fr-FR\",\"@id\":\"https:\/\/www.africa-press.net\/benin\/politique\/je-viens-au-br-pour-rester-mon-moi-que-jimposerai-et-qui-sera-respecte-distel-amoussou#primaryimage\",\"url\":\"https:\/\/static.africa-press.net\/benin\/sites\/46\/2022\/09\/postQueueImg_22-631776ffecd97.jpg\",\"contentUrl\":\"https:\/\/static.africa-press.net\/benin\/sites\/46\/2022\/09\/postQueueImg_22-631776ffecd97.jpg\",\"width\":1200,\"height\":949,\"caption\":\"\u201cJe viens au BR pour rester mon moi, que j\u2019imposerai et qui sera respect\u00e9\u201d, Distel Amoussou\"},{\"@type\":\"BreadcrumbList\",\"@id\":\"https:\/\/www.africa-press.net\/benin\/politique\/je-viens-au-br-pour-rester-mon-moi-que-jimposerai-et-qui-sera-respecte-distel-amoussou#breadcrumb\",\"itemListElement\":[{\"@type\":\"ListItem\",\"position\":1,\"name\":\"Accueil\",\"item\":\"https:\/\/www.africa-press.net\/benin\/\"},{\"@type\":\"ListItem\",\"position\":2,\"name\":\"\u201cJe viens au BR pour rester mon moi, que j\u2019imposerai et qui sera respect\u00e9\u201d, Distel Amoussou\"}]},{\"@type\":\"WebSite\",\"@id\":\"https:\/\/www.africa-press.net\/benin\/#website\",\"url\":\"https:\/\/www.africa-press.net\/benin\/\",\"name\":\"B\u00e9nin\",\"description\":\"Just another Africa News Agency Sites site\",\"potentialAction\":[{\"@type\":\"SearchAction\",\"target\":{\"@type\":\"EntryPoint\",\"urlTemplate\":\"https:\/\/www.africa-press.net\/benin\/?s={search_term_string}\"},\"query-input\":{\"@type\":\"PropertyValueSpecification\",\"valueRequired\":true,\"valueName\":\"search_term_string\"}}],\"inLanguage\":\"fr-FR\"},{\"@type\":\"Person\",\"@id\":\"https:\/\/www.africa-press.net\/benin\/#\/schema\/person\/2b1cf3cd81a31e3cd26889ca66d677f1\",\"name\":\"cfeditorfr\"}]}<\/script>\n<!-- \/ Yoast SEO Premium plugin. -->","yoast_head_json":{"title":"\u201cJe viens au BR pour rester mon moi, que j\u2019imposerai et qui sera respect\u00e9\u201d, Distel Amoussou - B\u00e9nin","description":"L\u2019ancien journaliste et communicateur Distel Amoussou a d\u00e9voil\u00e9 son appartenance politique. C\u2019est dans la matin\u00e9e de ce ...","robots":{"index":"index","follow":"follow","max-snippet":"max-snippet:-1","max-image-preview":"max-image-preview:large","max-video-preview":"max-video-preview:-1"},"canonical":"https:\/\/www.africa-press.net\/benin\/politique\/je-viens-au-br-pour-rester-mon-moi-que-jimposerai-et-qui-sera-respecte-distel-amoussou","og_locale":"fr_FR","og_type":"article","og_title":"\u201cJe viens au BR pour rester mon moi, que j\u2019imposerai et qui sera respect\u00e9\u201d, Distel Amoussou","og_description":"L\u2019ancien journaliste et communicateur Distel Amoussou a d\u00e9voil\u00e9 son appartenance politique. C\u2019est dans la matin\u00e9e de ce ...","og_url":"https:\/\/www.africa-press.net\/benin\/politique\/je-viens-au-br-pour-rester-mon-moi-que-jimposerai-et-qui-sera-respecte-distel-amoussou","og_site_name":"B\u00e9nin","article_published_time":"2022-09-06T16:19:23+00:00","article_modified_time":"2022-09-06T16:36:54+00:00","og_image":[{"width":1200,"height":949,"url":"https:\/\/static.africa-press.net\/benin\/sites\/46\/2022\/09\/postQueueImg_22-631776ffecd97.jpg","type":"image\/jpeg"}],"author":"cfeditorfr","twitter_card":"summary_large_image","twitter_misc":{"\u00c9crit par":"cfeditorfr","Dur\u00e9e de lecture estim\u00e9e":"2 minutes"},"schema":{"@context":"https:\/\/schema.org","@graph":[{"@type":"Article","@id":"https:\/\/www.africa-press.net\/benin\/politique\/je-viens-au-br-pour-rester-mon-moi-que-jimposerai-et-qui-sera-respecte-distel-amoussou#article","isPartOf":{"@id":"https:\/\/www.africa-press.net\/benin\/politique\/je-viens-au-br-pour-rester-mon-moi-que-jimposerai-et-qui-sera-respecte-distel-amoussou"},"author":{"name":"cfeditorfr","@id":"https:\/\/www.africa-press.net\/benin\/#\/schema\/person\/2b1cf3cd81a31e3cd26889ca66d677f1"},"headline":"\u201cJe viens au BR pour rester mon moi, que j\u2019imposerai et qui sera respect\u00e9\u201d, Distel Amoussou","datePublished":"2022-09-06T16:19:23+00:00","dateModified":"2022-09-06T16:36:54+00:00","mainEntityOfPage":{"@id":"https:\/\/www.africa-press.net\/benin\/politique\/je-viens-au-br-pour-rester-mon-moi-que-jimposerai-et-qui-sera-respecte-distel-amoussou"},"wordCount":323,"commentCount":0,"image":{"@id":"https:\/\/www.africa-press.net\/benin\/politique\/je-viens-au-br-pour-rester-mon-moi-que-jimposerai-et-qui-sera-respecte-distel-amoussou#primaryimage"},"thumbnailUrl":"https:\/\/static.africa-press.net\/benin\/sites\/46\/2022\/09\/postQueueImg_22-631776ffecd97.jpg","keywords":["Africa Press","Africa Press-Benin","B\u00e9nin"],"articleSection":["homepage-french","Politique","Toutes les actualit\u00e9s"],"inLanguage":"fr-FR","potentialAction":[{"@type":"CommentAction","name":"Comment","target":["https:\/\/www.africa-press.net\/benin\/politique\/je-viens-au-br-pour-rester-mon-moi-que-jimposerai-et-qui-sera-respecte-distel-amoussou#respond"]}]},{"@type":"WebPage","@id":"https:\/\/www.africa-press.net\/benin\/politique\/je-viens-au-br-pour-rester-mon-moi-que-jimposerai-et-qui-sera-respecte-distel-amoussou","url":"https:\/\/www.africa-press.net\/benin\/politique\/je-viens-au-br-pour-rester-mon-moi-que-jimposerai-et-qui-sera-respecte-distel-amoussou","name":"\u201cJe viens au BR pour rester mon moi, que j\u2019imposerai et qui sera respect\u00e9\u201d, Distel Amoussou - B\u00e9nin","isPartOf":{"@id":"https:\/\/www.africa-press.net\/benin\/#website"},"primaryImageOfPage":{"@id":"https:\/\/www.africa-press.net\/benin\/politique\/je-viens-au-br-pour-rester-mon-moi-que-jimposerai-et-qui-sera-respecte-distel-amoussou#primaryimage"},"image":{"@id":"https:\/\/www.africa-press.net\/benin\/politique\/je-viens-au-br-pour-rester-mon-moi-que-jimposerai-et-qui-sera-respecte-distel-amoussou#primaryimage"},"thumbnailUrl":"https:\/\/static.africa-press.net\/benin\/sites\/46\/2022\/09\/postQueueImg_22-631776ffecd97.jpg","datePublished":"2022-09-06T16:19:23+00:00","dateModified":"2022-09-06T16:36:54+00:00","author":{"@id":"https:\/\/www.africa-press.net\/benin\/#\/schema\/person\/2b1cf3cd81a31e3cd26889ca66d677f1"},"description":"L\u2019ancien journaliste et communicateur Distel Amoussou a d\u00e9voil\u00e9 son appartenance politique. C\u2019est dans la matin\u00e9e de ce ...","breadcrumb":{"@id":"https:\/\/www.africa-press.net\/benin\/politique\/je-viens-au-br-pour-rester-mon-moi-que-jimposerai-et-qui-sera-respecte-distel-amoussou#breadcrumb"},"inLanguage":"fr-FR","potentialAction":[{"@type":"ReadAction","target":["https:\/\/www.africa-press.net\/benin\/politique\/je-viens-au-br-pour-rester-mon-moi-que-jimposerai-et-qui-sera-respecte-distel-amoussou"]}]},{"@type":"ImageObject","inLanguage":"fr-FR","@id":"https:\/\/www.africa-press.net\/benin\/politique\/je-viens-au-br-pour-rester-mon-moi-que-jimposerai-et-qui-sera-respecte-distel-amoussou#primaryimage","url":"https:\/\/static.africa-press.net\/benin\/sites\/46\/2022\/09\/postQueueImg_22-631776ffecd97.jpg","contentUrl":"https:\/\/static.africa-press.net\/benin\/sites\/46\/2022\/09\/postQueueImg_22-631776ffecd97.jpg","width":1200,"height":949,"caption":"\u201cJe viens au BR pour rester mon moi, que j\u2019imposerai et qui sera respect\u00e9\u201d, Distel Amoussou"},{"@type":"BreadcrumbList","@id":"https:\/\/www.africa-press.net\/benin\/politique\/je-viens-au-br-pour-rester-mon-moi-que-jimposerai-et-qui-sera-respecte-distel-amoussou#breadcrumb","itemListElement":[{"@type":"ListItem","position":1,"name":"Accueil","item":"https:\/\/www.africa-press.net\/benin\/"},{"@type":"ListItem","position":2,"name":"\u201cJe viens au BR pour rester mon moi, que j\u2019imposerai et qui sera respect\u00e9\u201d, Distel Amoussou"}]},{"@type":"WebSite","@id":"https:\/\/www.africa-press.net\/benin\/#website","url":"https:\/\/www.africa-press.net\/benin\/","name":"B\u00e9nin","description":"Just another Africa News Agency Sites site","potentialAction":[{"@type":"SearchAction","target":{"@type":"EntryPoint","urlTemplate":"https:\/\/www.africa-press.net\/benin\/?s={search_term_string}"},"query-input":{"@type":"PropertyValueSpecification","valueRequired":true,"valueName":"search_term_string"}}],"inLanguage":"fr-FR"},{"@type":"Person","@id":"https:\/\/www.africa-press.net\/benin\/#\/schema\/person\/2b1cf3cd81a31e3cd26889ca66d677f1","name":"cfeditorfr"}]}},"_links":{"self":[{"href":"https:\/\/www.africa-press.net\/benin\/wp-json\/wp\/v2\/posts\/8657","targetHints":{"allow":["GET"]}}],"collection":[{"href":"https:\/\/www.africa-press.net\/benin\/wp-json\/wp\/v2\/posts"}],"about":[{"href":"https:\/\/www.africa-press.net\/benin\/wp-json\/wp\/v2\/types\/post"}],"author":[{"embeddable":true,"href":"https:\/\/www.africa-press.net\/benin\/wp-json\/wp\/v2\/users\/82"}],"replies":[{"embeddable":true,"href":"https:\/\/www.africa-press.net\/benin\/wp-json\/wp\/v2\/comments?post=8657"}],"version-history":[{"count":0,"href":"https:\/\/www.africa-press.net\/benin\/wp-json\/wp\/v2\/posts\/8657\/revisions"}],"wp:featuredmedia":[{"embeddable":true,"href":"https:\/\/www.africa-press.net\/benin\/wp-json\/wp\/v2\/media\/8656"}],"wp:attachment":[{"href":"https:\/\/www.africa-press.net\/benin\/wp-json\/wp\/v2\/media?parent=8657"}],"wp:term":[{"taxonomy":"category","embeddable":true,"href":"https:\/\/www.africa-press.net\/benin\/wp-json\/wp\/v2\/categories?post=8657"},{"taxonomy":"post_tag","embeddable":true,"href":"https:\/\/www.africa-press.net\/benin\/wp-json\/wp\/v2\/tags?post=8657"}],"curies":[{"name":"wp","href":"https:\/\/api.w.org\/{rel}","templated":true}]}}