{"id":8660,"date":"2022-09-06T16:19:30","date_gmt":"2022-09-06T16:19:30","guid":{"rendered":"https:\/\/www.africa-press.net\/benin\/politique\/dossier-200-personnes-non-relogees-a-xwlacodji-la-reaction-du-gouvernement"},"modified":"2022-09-06T16:37:39","modified_gmt":"2022-09-06T16:37:39","slug":"dossier-200-personnes-non-relogees-a-xwlacodji-la-reaction-du-gouvernement","status":"publish","type":"post","link":"https:\/\/www.africa-press.net\/benin\/toutes-les-actualites\/dossier-200-personnes-non-relogees-a-xwlacodji-la-reaction-du-gouvernement","title":{"rendered":"Dossier 200 personnes non relog\u00e9es \u00e0 Xwlacodji: la r\u00e9action du gouvernement"},"content":{"rendered":"<p><span style=\"color: #ff6600\"><strong>Africa-Press &#8211; Benin. <\/strong><\/span>Le gouvernement du pr\u00e9sident Patrice Talon a finalement r\u00e9agi sur le dossier des 200 personnes d\u00e9log\u00e9es \u00e0 Xwlacodji et qui ne seraient pas prises en compte lors du relogement.<\/p>\n<p>Quelque temps apr\u00e8s la lib\u00e9ration de Ganhi et le relogement des populations d\u00e9guerpies sur un autre site \u00e0 Djeffa, il se susurre que toutes les personnes d\u00e9guerpies n\u2019ont pas \u00e9t\u00e9 relog\u00e9es. Dans une publication r\u00e9cente, un m\u00e9dia local a donn\u00e9 force \u00e0 cette rumeur.<\/p>\n<p>Plus d\u2019un mois apr\u00e8s la pol\u00e9mique sur les personnes suppos\u00e9es laiss\u00e9es en rade, le gouvernement, par le biais du minist\u00e8re du cadre de vie et du d\u00e9veloppement durable, est mont\u00e9 au cr\u00e9neau pour apporter des clarifications.<\/p>\n<p>A travers un communiqu\u00e9, le ministre Jos\u00e9 Didier Tonato a fait savoir que les suppos\u00e9es 200 personnes qui ne seraient pas recas\u00e9es ne sont pas des oubli\u00e9s du relogement et que toutes les familles sinistr\u00e9es, r\u00e9pertori\u00e9es, ont eu un accompagnement de l\u2019Etat. Elles ont \u00e9t\u00e9 toutes install\u00e9es sur le site de Djeffa.<\/p>\n<p>Pour le gouvernement, l\u2019information selon laquelle 200 personnes ne seraient pas prises en compte est une manipulation de l\u2019opinion. Le gouvernement en veut pour preuve l\u2019exemple donn\u00e9 par le principal acteur de ces fausses informations. Selon ce dernier en effet, dame Abla Tomgnan qui serait morte parce que non prise en compte dans le processus de relogement serait encore bien vivante.<\/p>\n<p>\u00ab <b>Elle vit sur le site de Djeffa pr\u00e9cis\u00e9ment sur la parcelle attribu\u00e9e \u00e0 son p\u00e8re Tomgnan Codjo au lot 04-01 parcelle K \u2013 Djeffa)<\/b>\u00ab , a mentionn\u00e9 le ministre dans son communiqu\u00e9<\/p>\n<p>Ainsi, pour le gouvernement, les suppos\u00e9es 200 personnes laiss\u00e9es en rade ne font pas partie des populations lors de l\u2019op\u00e9ration de recensement. En tout \u00e9tat de cause, le gouvernement en appelle \u00e0 la responsabilit\u00e9 des int\u00e9ress\u00e9s et les invite \u00e0 cesser de r\u00e9pandre des all\u00e9gations mensong\u00e8res dont ils pourront \u00eatre appel\u00e9s \u00e0 r\u00e9pondre.<\/p>\n<p>Le communiqu\u00e9 du gouvernement\u2026<\/p>\n<p><strong>Pour plus d&rsquo;informations et d&rsquo;analyses sur la <a href=\"https:\/\/www.africa-press.net\/benin\">Benin<\/a>, suivez <a href=\"https:\/\/www.africa-press.net\/\">Africa-Press<\/a><\/strong><\/p>\n","protected":false},"excerpt":{"rendered":"<p>Africa-Press &#8211; Benin. Le gouvernement du pr\u00e9sident Patrice Talon a finalement r\u00e9agi sur le dossier des 200 personnes d\u00e9log\u00e9es \u00e0 Xwlacodji et qui ne seraient pas prises en compte lors du relogement. Quelque temps apr\u00e8s la lib\u00e9ration de Ganhi et le relogement des populations d\u00e9guerpies sur un autre site \u00e0 Djeffa, il se susurre que [&hellip;]<\/p>\n","protected":false},"author":82,"featured_media":8659,"comment_status":"open","ping_status":"closed","sticky":false,"template":"","format":"standard","meta":{"footnotes":""},"categories":[21,11,10],"tags":[36,50,45],"class_list":["post-8660","post","type-post","status-publish","format-standard","has-post-thumbnail","hentry","category-communaute","category-homepage-french","category-toutes-les-actualites","tag-africa-press","tag-africa-press-benin","tag-benin"],"yoast_head":"<!-- This site is optimized with the Yoast SEO Premium plugin v26.1 (Yoast SEO v27.0) - https:\/\/yoast.com\/product\/yoast-seo-premium-wordpress\/ -->\n<title>Dossier 200 personnes non relog\u00e9es \u00e0 Xwlacodji: la r\u00e9action du gouvernement - B\u00e9nin<\/title>\n<meta name=\"description\" content=\"Le gouvernement du pr\u00e9sident Patrice Talon a finalement r\u00e9agi sur le dossier des 200 personnes d\u00e9log\u00e9es \u00e0 Xwlacodji et q ...\" \/>\n<meta name=\"robots\" content=\"index, follow, max-snippet:-1, max-image-preview:large, max-video-preview:-1\" \/>\n<link rel=\"canonical\" href=\"https:\/\/www.africa-press.net\/benin\/toutes-les-actualites\/dossier-200-personnes-non-relogees-a-xwlacodji-la-reaction-du-gouvernement\" \/>\n<meta property=\"og:locale\" content=\"fr_FR\" \/>\n<meta property=\"og:type\" content=\"article\" \/>\n<meta property=\"og:title\" content=\"Dossier 200 personnes non relog\u00e9es \u00e0 Xwlacodji: la r\u00e9action du gouvernement\" \/>\n<meta property=\"og:description\" content=\"Le gouvernement du pr\u00e9sident Patrice Talon a finalement r\u00e9agi sur le dossier des 200 personnes d\u00e9log\u00e9es \u00e0 Xwlacodji et q ...\" \/>\n<meta property=\"og:url\" content=\"https:\/\/www.africa-press.net\/benin\/toutes-les-actualites\/dossier-200-personnes-non-relogees-a-xwlacodji-la-reaction-du-gouvernement\" \/>\n<meta property=\"og:site_name\" content=\"B\u00e9nin\" \/>\n<meta property=\"article:published_time\" content=\"2022-09-06T16:19:30+00:00\" \/>\n<meta property=\"article:modified_time\" content=\"2022-09-06T16:37:39+00:00\" \/>\n<meta property=\"og:image\" content=\"https:\/\/static.africa-press.net\/benin\/sites\/46\/2022\/09\/postQueueImg_23-6317772d61631.jpg\" \/>\n\t<meta property=\"og:image:width\" content=\"1728\" \/>\n\t<meta property=\"og:image:height\" content=\"1151\" \/>\n\t<meta property=\"og:image:type\" content=\"image\/jpeg\" \/>\n<meta name=\"author\" content=\"cfeditorfr\" \/>\n<meta name=\"twitter:card\" content=\"summary_large_image\" \/>\n<meta name=\"twitter:label1\" content=\"\u00c9crit par\" \/>\n\t<meta name=\"twitter:data1\" content=\"cfeditorfr\" \/>\n\t<meta name=\"twitter:label2\" content=\"Dur\u00e9e de lecture estim\u00e9e\" \/>\n\t<meta name=\"twitter:data2\" content=\"2 minutes\" \/>\n<script type=\"application\/ld+json\" class=\"yoast-schema-graph\">{\"@context\":\"https:\/\/schema.org\",\"@graph\":[{\"@type\":\"Article\",\"@id\":\"https:\/\/www.africa-press.net\/benin\/toutes-les-actualites\/dossier-200-personnes-non-relogees-a-xwlacodji-la-reaction-du-gouvernement#article\",\"isPartOf\":{\"@id\":\"https:\/\/www.africa-press.net\/benin\/toutes-les-actualites\/dossier-200-personnes-non-relogees-a-xwlacodji-la-reaction-du-gouvernement\"},\"author\":{\"name\":\"cfeditorfr\",\"@id\":\"https:\/\/www.africa-press.net\/benin\/#\/schema\/person\/2b1cf3cd81a31e3cd26889ca66d677f1\"},\"headline\":\"Dossier 200 personnes non relog\u00e9es \u00e0 Xwlacodji: la r\u00e9action du gouvernement\",\"datePublished\":\"2022-09-06T16:19:30+00:00\",\"dateModified\":\"2022-09-06T16:37:39+00:00\",\"mainEntityOfPage\":{\"@id\":\"https:\/\/www.africa-press.net\/benin\/toutes-les-actualites\/dossier-200-personnes-non-relogees-a-xwlacodji-la-reaction-du-gouvernement\"},\"wordCount\":370,\"commentCount\":0,\"image\":{\"@id\":\"https:\/\/www.africa-press.net\/benin\/toutes-les-actualites\/dossier-200-personnes-non-relogees-a-xwlacodji-la-reaction-du-gouvernement#primaryimage\"},\"thumbnailUrl\":\"https:\/\/static.africa-press.net\/benin\/sites\/46\/2022\/09\/postQueueImg_23-6317772d61631.jpg\",\"keywords\":[\"Africa Press\",\"Africa Press-Benin\",\"B\u00e9nin\"],\"articleSection\":[\"Communaut\u00e9\",\"homepage-french\",\"Toutes les actualit\u00e9s\"],\"inLanguage\":\"fr-FR\",\"potentialAction\":[{\"@type\":\"CommentAction\",\"name\":\"Comment\",\"target\":[\"https:\/\/www.africa-press.net\/benin\/toutes-les-actualites\/dossier-200-personnes-non-relogees-a-xwlacodji-la-reaction-du-gouvernement#respond\"]}]},{\"@type\":\"WebPage\",\"@id\":\"https:\/\/www.africa-press.net\/benin\/toutes-les-actualites\/dossier-200-personnes-non-relogees-a-xwlacodji-la-reaction-du-gouvernement\",\"url\":\"https:\/\/www.africa-press.net\/benin\/toutes-les-actualites\/dossier-200-personnes-non-relogees-a-xwlacodji-la-reaction-du-gouvernement\",\"name\":\"Dossier 200 personnes non relog\u00e9es \u00e0 Xwlacodji: la r\u00e9action du gouvernement - B\u00e9nin\",\"isPartOf\":{\"@id\":\"https:\/\/www.africa-press.net\/benin\/#website\"},\"primaryImageOfPage\":{\"@id\":\"https:\/\/www.africa-press.net\/benin\/toutes-les-actualites\/dossier-200-personnes-non-relogees-a-xwlacodji-la-reaction-du-gouvernement#primaryimage\"},\"image\":{\"@id\":\"https:\/\/www.africa-press.net\/benin\/toutes-les-actualites\/dossier-200-personnes-non-relogees-a-xwlacodji-la-reaction-du-gouvernement#primaryimage\"},\"thumbnailUrl\":\"https:\/\/static.africa-press.net\/benin\/sites\/46\/2022\/09\/postQueueImg_23-6317772d61631.jpg\",\"datePublished\":\"2022-09-06T16:19:30+00:00\",\"dateModified\":\"2022-09-06T16:37:39+00:00\",\"author\":{\"@id\":\"https:\/\/www.africa-press.net\/benin\/#\/schema\/person\/2b1cf3cd81a31e3cd26889ca66d677f1\"},\"description\":\"Le gouvernement du pr\u00e9sident Patrice Talon a finalement r\u00e9agi sur le dossier des 200 personnes d\u00e9log\u00e9es \u00e0 Xwlacodji et q ...\",\"breadcrumb\":{\"@id\":\"https:\/\/www.africa-press.net\/benin\/toutes-les-actualites\/dossier-200-personnes-non-relogees-a-xwlacodji-la-reaction-du-gouvernement#breadcrumb\"},\"inLanguage\":\"fr-FR\",\"potentialAction\":[{\"@type\":\"ReadAction\",\"target\":[\"https:\/\/www.africa-press.net\/benin\/toutes-les-actualites\/dossier-200-personnes-non-relogees-a-xwlacodji-la-reaction-du-gouvernement\"]}]},{\"@type\":\"ImageObject\",\"inLanguage\":\"fr-FR\",\"@id\":\"https:\/\/www.africa-press.net\/benin\/toutes-les-actualites\/dossier-200-personnes-non-relogees-a-xwlacodji-la-reaction-du-gouvernement#primaryimage\",\"url\":\"https:\/\/static.africa-press.net\/benin\/sites\/46\/2022\/09\/postQueueImg_23-6317772d61631.jpg\",\"contentUrl\":\"https:\/\/static.africa-press.net\/benin\/sites\/46\/2022\/09\/postQueueImg_23-6317772d61631.jpg\",\"width\":1728,\"height\":1151,\"caption\":\"Dossier 200 personnes non relog\u00e9es \u00e0 Xwlacodji: la r\u00e9action du gouvernement\"},{\"@type\":\"BreadcrumbList\",\"@id\":\"https:\/\/www.africa-press.net\/benin\/toutes-les-actualites\/dossier-200-personnes-non-relogees-a-xwlacodji-la-reaction-du-gouvernement#breadcrumb\",\"itemListElement\":[{\"@type\":\"ListItem\",\"position\":1,\"name\":\"Accueil\",\"item\":\"https:\/\/www.africa-press.net\/benin\/\"},{\"@type\":\"ListItem\",\"position\":2,\"name\":\"Dossier 200 personnes non relog\u00e9es \u00e0 Xwlacodji: la r\u00e9action du gouvernement\"}]},{\"@type\":\"WebSite\",\"@id\":\"https:\/\/www.africa-press.net\/benin\/#website\",\"url\":\"https:\/\/www.africa-press.net\/benin\/\",\"name\":\"B\u00e9nin\",\"description\":\"Just another Africa News Agency Sites site\",\"potentialAction\":[{\"@type\":\"SearchAction\",\"target\":{\"@type\":\"EntryPoint\",\"urlTemplate\":\"https:\/\/www.africa-press.net\/benin\/?s={search_term_string}\"},\"query-input\":{\"@type\":\"PropertyValueSpecification\",\"valueRequired\":true,\"valueName\":\"search_term_string\"}}],\"inLanguage\":\"fr-FR\"},{\"@type\":\"Person\",\"@id\":\"https:\/\/www.africa-press.net\/benin\/#\/schema\/person\/2b1cf3cd81a31e3cd26889ca66d677f1\",\"name\":\"cfeditorfr\"}]}<\/script>\n<!-- \/ Yoast SEO Premium plugin. -->","yoast_head_json":{"title":"Dossier 200 personnes non relog\u00e9es \u00e0 Xwlacodji: la r\u00e9action du gouvernement - B\u00e9nin","description":"Le gouvernement du pr\u00e9sident Patrice Talon a finalement r\u00e9agi sur le dossier des 200 personnes d\u00e9log\u00e9es \u00e0 Xwlacodji et q ...","robots":{"index":"index","follow":"follow","max-snippet":"max-snippet:-1","max-image-preview":"max-image-preview:large","max-video-preview":"max-video-preview:-1"},"canonical":"https:\/\/www.africa-press.net\/benin\/toutes-les-actualites\/dossier-200-personnes-non-relogees-a-xwlacodji-la-reaction-du-gouvernement","og_locale":"fr_FR","og_type":"article","og_title":"Dossier 200 personnes non relog\u00e9es \u00e0 Xwlacodji: la r\u00e9action du gouvernement","og_description":"Le gouvernement du pr\u00e9sident Patrice Talon a finalement r\u00e9agi sur le dossier des 200 personnes d\u00e9log\u00e9es \u00e0 Xwlacodji et q ...","og_url":"https:\/\/www.africa-press.net\/benin\/toutes-les-actualites\/dossier-200-personnes-non-relogees-a-xwlacodji-la-reaction-du-gouvernement","og_site_name":"B\u00e9nin","article_published_time":"2022-09-06T16:19:30+00:00","article_modified_time":"2022-09-06T16:37:39+00:00","og_image":[{"width":1728,"height":1151,"url":"https:\/\/static.africa-press.net\/benin\/sites\/46\/2022\/09\/postQueueImg_23-6317772d61631.jpg","type":"image\/jpeg"}],"author":"cfeditorfr","twitter_card":"summary_large_image","twitter_misc":{"\u00c9crit par":"cfeditorfr","Dur\u00e9e de lecture estim\u00e9e":"2 minutes"},"schema":{"@context":"https:\/\/schema.org","@graph":[{"@type":"Article","@id":"https:\/\/www.africa-press.net\/benin\/toutes-les-actualites\/dossier-200-personnes-non-relogees-a-xwlacodji-la-reaction-du-gouvernement#article","isPartOf":{"@id":"https:\/\/www.africa-press.net\/benin\/toutes-les-actualites\/dossier-200-personnes-non-relogees-a-xwlacodji-la-reaction-du-gouvernement"},"author":{"name":"cfeditorfr","@id":"https:\/\/www.africa-press.net\/benin\/#\/schema\/person\/2b1cf3cd81a31e3cd26889ca66d677f1"},"headline":"Dossier 200 personnes non relog\u00e9es \u00e0 Xwlacodji: la r\u00e9action du gouvernement","datePublished":"2022-09-06T16:19:30+00:00","dateModified":"2022-09-06T16:37:39+00:00","mainEntityOfPage":{"@id":"https:\/\/www.africa-press.net\/benin\/toutes-les-actualites\/dossier-200-personnes-non-relogees-a-xwlacodji-la-reaction-du-gouvernement"},"wordCount":370,"commentCount":0,"image":{"@id":"https:\/\/www.africa-press.net\/benin\/toutes-les-actualites\/dossier-200-personnes-non-relogees-a-xwlacodji-la-reaction-du-gouvernement#primaryimage"},"thumbnailUrl":"https:\/\/static.africa-press.net\/benin\/sites\/46\/2022\/09\/postQueueImg_23-6317772d61631.jpg","keywords":["Africa Press","Africa Press-Benin","B\u00e9nin"],"articleSection":["Communaut\u00e9","homepage-french","Toutes les actualit\u00e9s"],"inLanguage":"fr-FR","potentialAction":[{"@type":"CommentAction","name":"Comment","target":["https:\/\/www.africa-press.net\/benin\/toutes-les-actualites\/dossier-200-personnes-non-relogees-a-xwlacodji-la-reaction-du-gouvernement#respond"]}]},{"@type":"WebPage","@id":"https:\/\/www.africa-press.net\/benin\/toutes-les-actualites\/dossier-200-personnes-non-relogees-a-xwlacodji-la-reaction-du-gouvernement","url":"https:\/\/www.africa-press.net\/benin\/toutes-les-actualites\/dossier-200-personnes-non-relogees-a-xwlacodji-la-reaction-du-gouvernement","name":"Dossier 200 personnes non relog\u00e9es \u00e0 Xwlacodji: la r\u00e9action du gouvernement - B\u00e9nin","isPartOf":{"@id":"https:\/\/www.africa-press.net\/benin\/#website"},"primaryImageOfPage":{"@id":"https:\/\/www.africa-press.net\/benin\/toutes-les-actualites\/dossier-200-personnes-non-relogees-a-xwlacodji-la-reaction-du-gouvernement#primaryimage"},"image":{"@id":"https:\/\/www.africa-press.net\/benin\/toutes-les-actualites\/dossier-200-personnes-non-relogees-a-xwlacodji-la-reaction-du-gouvernement#primaryimage"},"thumbnailUrl":"https:\/\/static.africa-press.net\/benin\/sites\/46\/2022\/09\/postQueueImg_23-6317772d61631.jpg","datePublished":"2022-09-06T16:19:30+00:00","dateModified":"2022-09-06T16:37:39+00:00","author":{"@id":"https:\/\/www.africa-press.net\/benin\/#\/schema\/person\/2b1cf3cd81a31e3cd26889ca66d677f1"},"description":"Le gouvernement du pr\u00e9sident Patrice Talon a finalement r\u00e9agi sur le dossier des 200 personnes d\u00e9log\u00e9es \u00e0 Xwlacodji et q ...","breadcrumb":{"@id":"https:\/\/www.africa-press.net\/benin\/toutes-les-actualites\/dossier-200-personnes-non-relogees-a-xwlacodji-la-reaction-du-gouvernement#breadcrumb"},"inLanguage":"fr-FR","potentialAction":[{"@type":"ReadAction","target":["https:\/\/www.africa-press.net\/benin\/toutes-les-actualites\/dossier-200-personnes-non-relogees-a-xwlacodji-la-reaction-du-gouvernement"]}]},{"@type":"ImageObject","inLanguage":"fr-FR","@id":"https:\/\/www.africa-press.net\/benin\/toutes-les-actualites\/dossier-200-personnes-non-relogees-a-xwlacodji-la-reaction-du-gouvernement#primaryimage","url":"https:\/\/static.africa-press.net\/benin\/sites\/46\/2022\/09\/postQueueImg_23-6317772d61631.jpg","contentUrl":"https:\/\/static.africa-press.net\/benin\/sites\/46\/2022\/09\/postQueueImg_23-6317772d61631.jpg","width":1728,"height":1151,"caption":"Dossier 200 personnes non relog\u00e9es \u00e0 Xwlacodji: la r\u00e9action du gouvernement"},{"@type":"BreadcrumbList","@id":"https:\/\/www.africa-press.net\/benin\/toutes-les-actualites\/dossier-200-personnes-non-relogees-a-xwlacodji-la-reaction-du-gouvernement#breadcrumb","itemListElement":[{"@type":"ListItem","position":1,"name":"Accueil","item":"https:\/\/www.africa-press.net\/benin\/"},{"@type":"ListItem","position":2,"name":"Dossier 200 personnes non relog\u00e9es \u00e0 Xwlacodji: la r\u00e9action du gouvernement"}]},{"@type":"WebSite","@id":"https:\/\/www.africa-press.net\/benin\/#website","url":"https:\/\/www.africa-press.net\/benin\/","name":"B\u00e9nin","description":"Just another Africa News Agency Sites site","potentialAction":[{"@type":"SearchAction","target":{"@type":"EntryPoint","urlTemplate":"https:\/\/www.africa-press.net\/benin\/?s={search_term_string}"},"query-input":{"@type":"PropertyValueSpecification","valueRequired":true,"valueName":"search_term_string"}}],"inLanguage":"fr-FR"},{"@type":"Person","@id":"https:\/\/www.africa-press.net\/benin\/#\/schema\/person\/2b1cf3cd81a31e3cd26889ca66d677f1","name":"cfeditorfr"}]}},"_links":{"self":[{"href":"https:\/\/www.africa-press.net\/benin\/wp-json\/wp\/v2\/posts\/8660","targetHints":{"allow":["GET"]}}],"collection":[{"href":"https:\/\/www.africa-press.net\/benin\/wp-json\/wp\/v2\/posts"}],"about":[{"href":"https:\/\/www.africa-press.net\/benin\/wp-json\/wp\/v2\/types\/post"}],"author":[{"embeddable":true,"href":"https:\/\/www.africa-press.net\/benin\/wp-json\/wp\/v2\/users\/82"}],"replies":[{"embeddable":true,"href":"https:\/\/www.africa-press.net\/benin\/wp-json\/wp\/v2\/comments?post=8660"}],"version-history":[{"count":0,"href":"https:\/\/www.africa-press.net\/benin\/wp-json\/wp\/v2\/posts\/8660\/revisions"}],"wp:featuredmedia":[{"embeddable":true,"href":"https:\/\/www.africa-press.net\/benin\/wp-json\/wp\/v2\/media\/8659"}],"wp:attachment":[{"href":"https:\/\/www.africa-press.net\/benin\/wp-json\/wp\/v2\/media?parent=8660"}],"wp:term":[{"taxonomy":"category","embeddable":true,"href":"https:\/\/www.africa-press.net\/benin\/wp-json\/wp\/v2\/categories?post=8660"},{"taxonomy":"post_tag","embeddable":true,"href":"https:\/\/www.africa-press.net\/benin\/wp-json\/wp\/v2\/tags?post=8660"}],"curies":[{"name":"wp","href":"https:\/\/api.w.org\/{rel}","templated":true}]}}